{"id":132071,"date":"2026-09-02T20:28:40","date_gmt":"2026-09-03T02:28:40","guid":{"rendered":"https:\/\/quehacerpolitico.mx\/?p=132071"},"modified":"2026-09-02T21:52:49","modified_gmt":"2026-09-03T03:52:49","slug":"el-quehacer-politico-a-traves-de-la-opinion-del-lic-eden-lozano-meza-desde-la-canara-alta-la-proxima-semana-se-realizara-el-analisis-tematico-del-segundo-informe-de-gobierno-higinio-martinez","status":"publish","type":"post","link":"https:\/\/quehacerpolitico.mx\/?p=132071","title":{"rendered":"El Quehacer Pol\u00edtico a trav\u00e9s de la opini\u00f3n del Lic Eden Lozano Meza desde la C\u00e1mara Alta\/\/\/La pr\u00f3xima semana se realizar\u00e1 el an\u00e1lisis tem\u00e1tico del Segundo Informe de Gobierno: Higinio Mart\u00ednez"},"content":{"rendered":"\n<p class=\"wp-block-paragraph\">Por Lic Eden Lozano Meza<\/p>\n\n\n\n<p class=\"wp-block-paragraph\"><strong><em>Detalla que tambi\u00e9n se definir\u00e1 los funcionarios que asistir\u00e1n con motivo de la Glosa del documento<\/em><\/strong><\/p>\n\n\n\n<p class=\"wp-block-paragraph\">El presidente del Senado de la Rep\u00fablica, Higinio Mart\u00ednez Miranda, inform\u00f3 que la pr\u00f3xima semana se realizar\u00e1 el an\u00e1lisis tem\u00e1tico del Segundo Informe de Gobierno de la presidenta Claudia Sheinbaum Pardo.<\/p>\n\n\n\n<p class=\"wp-block-paragraph\">Posteriormente se definir\u00e1 qu\u00e9 funcionarios asistir\u00e1n al Pleno o a las comisiones de la C\u00e1mara de Senadores con motivo de la Glosa del Informe.<\/p>\n\n\n\n<p class=\"wp-block-paragraph\">En entrevista con medios de comunicaci\u00f3n, al concluir la sesi\u00f3n plenaria de este mi\u00e9rcoles, el senador refiri\u00f3 que este asunto lo revisar\u00e1n los \u00f3rganos de direcci\u00f3n del Senado de la Rep\u00fablica.<\/p>\n\n\n\n<figure class=\"wp-block-image size-large\"><img loading=\"lazy\" decoding=\"async\" width=\"1024\" height=\"669\" src=\"https:\/\/quehacerpolitico.mx\/wp-content\/uploads\/2026\/09\/image-1024x669.jpeg\" alt=\"\" class=\"wp-image-132072\" srcset=\"https:\/\/quehacerpolitico.mx\/wp-content\/uploads\/2026\/09\/image-1024x669.jpeg 1024w, https:\/\/quehacerpolitico.mx\/wp-content\/uploads\/2026\/09\/image-300x196.jpeg 300w, https:\/\/quehacerpolitico.mx\/wp-content\/uploads\/2026\/09\/image-768x501.jpeg 768w, https:\/\/quehacerpolitico.mx\/wp-content\/uploads\/2026\/09\/image.jpeg 1170w\" sizes=\"auto, (max-width: 1024px) 100vw, 1024px\" \/><figcaption class=\"wp-element-caption\">Screenshot<\/figcaption><\/figure>\n\n\n\n<p class=\"wp-block-paragraph\">\u201cPrimero ser\u00e1 el an\u00e1lisis tem\u00e1tico la pr\u00f3xima semana, y de ah\u00ed en fuera veremos qui\u00e9n viene al Pleno, qui\u00e9n viene a comisiones o qui\u00e9n, de los principales funcionarios, viene a la Junta de Coordinaci\u00f3n Pol\u00edtica; pero eso ya lo estamos trabajando la Mesa Directiva y la Junta de Coordinaci\u00f3n Pol\u00edtica\u201d, aclar\u00f3.<\/p>\n\n\n\n<p class=\"wp-block-paragraph\">El acuerdo de la Junta de Coordinaci\u00f3n Pol\u00edtica, encabezada por Ignacio Mier Velazco, aprobado por la Asamblea en la sesi\u00f3n plenaria de este mi\u00e9rcoles, precisa que el pr\u00f3ximo 8 de septiembre el Pleno analizar\u00e1 las materias de Pol\u00edtica Interior y de Pol\u00edtica Econ\u00f3mica del Segundo Informe de Gobierno; el 9 de septiembre se analizar\u00e1n, tambi\u00e9n en el Pleno, las materias de Pol\u00edtica Social y Pol\u00edtica Exterior.<\/p>\n\n\n\n<p class=\"wp-block-paragraph\">El senador Mart\u00ednez Miranda reconoci\u00f3 que la Sesi\u00f3n de Congreso General, celebrada ayer en el Palacio Legislativo de San L\u00e1zaro, fue una demostraci\u00f3n de la capacidad de los legisladores para escuchar los planteamientos de todos los partidos.<\/p>\n\n\n\n<p class=\"wp-block-paragraph\">\u201cEstaba observando y vi c\u00f3mo nunca una atenci\u00f3n de pr\u00e1cticamente todas y todos los legisladores a las intervenciones\u201d, agreg\u00f3, e insisti\u00f3 en que esa actitud por parte de senadores y diputados fue un ejemplo de lo que deber\u00eda practicarse en el Congreso de la Uni\u00f3n.<\/p>\n\n\n\n<p class=\"wp-block-paragraph\">Habr\u00e1 una ganancia \u201csi hacemos eso y le dedicamos m\u00e1s tiempo al quehacer legislativo, a la fabricaci\u00f3n de leyes o modificaci\u00f3n de leyes y marco constitucional\u201d, enfatiz\u00f3 Mart\u00ednez Miranda.<\/p>\n","protected":false},"excerpt":{"rendered":"<p>Por Lic Eden Lozano Meza Detalla que tambi\u00e9n se definir\u00e1 los funcionarios que asistir\u00e1n con&#8230;<\/p>\n","protected":false},"author":2,"featured_media":131930,"comment_status":"open","ping_status":"open","sticky":false,"template":"","format":"standard","meta":{"footnotes":""},"categories":[280,2],"tags":[],"class_list":["post-132071","post","type-post","status-publish","format-standard","has-post-thumbnail","hentry","category-nacionales","category-noticias"],"yoast_head":"<!-- This site is optimized with the Yoast SEO plugin v27.9 - https:\/\/yoast.com\/product\/yoast-seo-wordpress\/ -->\n<title>El Quehacer Pol\u00edtico a trav\u00e9s de la opini\u00f3n del Lic Eden Lozano Meza desde la C\u00e1mara Alta\/\/\/La pr\u00f3xima semana se realizar\u00e1 el an\u00e1lisis tem\u00e1tico del Segundo Informe de Gobierno: Higinio Mart\u00ednez -<\/title>\n<meta name=\"robots\" content=\"index, follow, max-snippet:-1, max-image-preview:large, max-video-preview:-1\" \/>\n<link rel=\"canonical\" href=\"https:\/\/quehacerpolitico.mx\/?p=132071\" \/>\n<meta property=\"og:locale\" content=\"es_MX\" \/>\n<meta property=\"og:type\" content=\"article\" \/>\n<meta property=\"og:title\" content=\"El Quehacer Pol\u00edtico a trav\u00e9s de la opini\u00f3n del Lic Eden Lozano Meza desde la C\u00e1mara Alta\/\/\/La pr\u00f3xima semana se realizar\u00e1 el an\u00e1lisis tem\u00e1tico del Segundo Informe de Gobierno: Higinio Mart\u00ednez -\" \/>\n<meta property=\"og:description\" content=\"Por Lic Eden Lozano Meza Detalla que tambi\u00e9n se definir\u00e1 los funcionarios que asistir\u00e1n con...\" \/>\n<meta property=\"og:url\" content=\"https:\/\/quehacerpolitico.mx\/?p=132071\" \/>\n<meta property=\"article:published_time\" content=\"2026-09-03T02:28:40+00:00\" \/>\n<meta property=\"article:modified_time\" content=\"2026-09-03T03:52:49+00:00\" \/>\n<meta property=\"og:image\" content=\"https:\/\/quehacerpolitico.mx\/wp-content\/uploads\/2026\/08\/4b0cab15-6cd1-46ce-9a6f-4c9e79d53038.jpeg\" \/>\n\t<meta property=\"og:image:width\" content=\"963\" \/>\n\t<meta property=\"og:image:height\" content=\"493\" \/>\n\t<meta property=\"og:image:type\" content=\"image\/jpeg\" \/>\n<meta name=\"author\" content=\"Redacci\u00f3n QP\" \/>\n<meta name=\"twitter:card\" content=\"summary_large_image\" \/>\n<meta name=\"twitter:label1\" content=\"Escrito por\" \/>\n\t<meta name=\"twitter:data1\" content=\"Redacci\u00f3n QP\" \/>\n\t<meta name=\"twitter:label2\" content=\"Tiempo de lectura\" \/>\n\t<meta name=\"twitter:data2\" content=\"2 minutos\" \/>\n<script type=\"application\/ld+json\" class=\"yoast-schema-graph\">{\"@context\":\"https:\\\/\\\/schema.org\",\"@graph\":[{\"@type\":\"Article\",\"@id\":\"https:\\\/\\\/quehacerpolitico.mx\\\/?p=132071#article\",\"isPartOf\":{\"@id\":\"https:\\\/\\\/quehacerpolitico.mx\\\/?p=132071\"},\"author\":{\"name\":\"Redacci\u00f3n QP\",\"@id\":\"https:\\\/\\\/quehacerpolitico.mx\\\/#\\\/schema\\\/person\\\/496d8ad2d1d3f8036101dca7ee39e585\"},\"headline\":\"El Quehacer Pol\u00edtico a trav\u00e9s de la opini\u00f3n del Lic Eden Lozano Meza desde la C\u00e1mara Alta\\\/\\\/\\\/La pr\u00f3xima semana se realizar\u00e1 el an\u00e1lisis tem\u00e1tico del Segundo Informe de Gobierno: Higinio Mart\u00ednez\",\"datePublished\":\"2026-09-03T02:28:40+00:00\",\"dateModified\":\"2026-09-03T03:52:49+00:00\",\"mainEntityOfPage\":{\"@id\":\"https:\\\/\\\/quehacerpolitico.mx\\\/?p=132071\"},\"wordCount\":424,\"commentCount\":0,\"image\":{\"@id\":\"https:\\\/\\\/quehacerpolitico.mx\\\/?p=132071#primaryimage\"},\"thumbnailUrl\":\"https:\\\/\\\/quehacerpolitico.mx\\\/wp-content\\\/uploads\\\/2026\\\/08\\\/4b0cab15-6cd1-46ce-9a6f-4c9e79d53038.jpeg\",\"articleSection\":[\"Nacionales\",\"Noticias\"],\"inLanguage\":\"es\",\"potentialAction\":[{\"@type\":\"CommentAction\",\"name\":\"Comment\",\"target\":[\"https:\\\/\\\/quehacerpolitico.mx\\\/?p=132071#respond\"]}]},{\"@type\":\"WebPage\",\"@id\":\"https:\\\/\\\/quehacerpolitico.mx\\\/?p=132071\",\"url\":\"https:\\\/\\\/quehacerpolitico.mx\\\/?p=132071\",\"name\":\"El Quehacer Pol\u00edtico a trav\u00e9s de la opini\u00f3n del Lic Eden Lozano Meza desde la C\u00e1mara Alta\\\/\\\/\\\/La pr\u00f3xima semana se realizar\u00e1 el an\u00e1lisis tem\u00e1tico del Segundo Informe de Gobierno: Higinio Mart\u00ednez -\",\"isPartOf\":{\"@id\":\"https:\\\/\\\/quehacerpolitico.mx\\\/#website\"},\"primaryImageOfPage\":{\"@id\":\"https:\\\/\\\/quehacerpolitico.mx\\\/?p=132071#primaryimage\"},\"image\":{\"@id\":\"https:\\\/\\\/quehacerpolitico.mx\\\/?p=132071#primaryimage\"},\"thumbnailUrl\":\"https:\\\/\\\/quehacerpolitico.mx\\\/wp-content\\\/uploads\\\/2026\\\/08\\\/4b0cab15-6cd1-46ce-9a6f-4c9e79d53038.jpeg\",\"datePublished\":\"2026-09-03T02:28:40+00:00\",\"dateModified\":\"2026-09-03T03:52:49+00:00\",\"author\":{\"@id\":\"https:\\\/\\\/quehacerpolitico.mx\\\/#\\\/schema\\\/person\\\/496d8ad2d1d3f8036101dca7ee39e585\"},\"breadcrumb\":{\"@id\":\"https:\\\/\\\/quehacerpolitico.mx\\\/?p=132071#breadcrumb\"},\"inLanguage\":\"es\",\"potentialAction\":[{\"@type\":\"ReadAction\",\"target\":[\"https:\\\/\\\/quehacerpolitico.mx\\\/?p=132071\"]}]},{\"@type\":\"ImageObject\",\"inLanguage\":\"es\",\"@id\":\"https:\\\/\\\/quehacerpolitico.mx\\\/?p=132071#primaryimage\",\"url\":\"https:\\\/\\\/quehacerpolitico.mx\\\/wp-content\\\/uploads\\\/2026\\\/08\\\/4b0cab15-6cd1-46ce-9a6f-4c9e79d53038.jpeg\",\"contentUrl\":\"https:\\\/\\\/quehacerpolitico.mx\\\/wp-content\\\/uploads\\\/2026\\\/08\\\/4b0cab15-6cd1-46ce-9a6f-4c9e79d53038.jpeg\",\"width\":963,\"height\":493},{\"@type\":\"BreadcrumbList\",\"@id\":\"https:\\\/\\\/quehacerpolitico.mx\\\/?p=132071#breadcrumb\",\"itemListElement\":[{\"@type\":\"ListItem\",\"position\":1,\"name\":\"Inicio\",\"item\":\"https:\\\/\\\/quehacerpolitico.mx\\\/\"},{\"@type\":\"ListItem\",\"position\":2,\"name\":\"El Quehacer Pol\u00edtico a trav\u00e9s de la opini\u00f3n del Lic Eden Lozano Meza desde la C\u00e1mara Alta\\\/\\\/\\\/La pr\u00f3xima semana se realizar\u00e1 el an\u00e1lisis tem\u00e1tico del Segundo Informe de Gobierno: Higinio Mart\u00ednez\"}]},{\"@type\":\"WebSite\",\"@id\":\"https:\\\/\\\/quehacerpolitico.mx\\\/#website\",\"url\":\"https:\\\/\\\/quehacerpolitico.mx\\\/\",\"name\":\"\",\"description\":\"\",\"potentialAction\":[{\"@type\":\"SearchAction\",\"target\":{\"@type\":\"EntryPoint\",\"urlTemplate\":\"https:\\\/\\\/quehacerpolitico.mx\\\/?s={search_term_string}\"},\"query-input\":{\"@type\":\"PropertyValueSpecification\",\"valueRequired\":true,\"valueName\":\"search_term_string\"}}],\"inLanguage\":\"es\"},{\"@type\":\"Person\",\"@id\":\"https:\\\/\\\/quehacerpolitico.mx\\\/#\\\/schema\\\/person\\\/496d8ad2d1d3f8036101dca7ee39e585\",\"name\":\"Redacci\u00f3n QP\",\"image\":{\"@type\":\"ImageObject\",\"inLanguage\":\"es\",\"@id\":\"https:\\\/\\\/secure.gravatar.com\\\/avatar\\\/c7164ed6fdec453195284ad24a5ae5b6e1eed2b848477fa2a4787ba9adf39a41?s=96&d=mm&r=g\",\"url\":\"https:\\\/\\\/secure.gravatar.com\\\/avatar\\\/c7164ed6fdec453195284ad24a5ae5b6e1eed2b848477fa2a4787ba9adf39a41?s=96&d=mm&r=g\",\"contentUrl\":\"https:\\\/\\\/secure.gravatar.com\\\/avatar\\\/c7164ed6fdec453195284ad24a5ae5b6e1eed2b848477fa2a4787ba9adf39a41?s=96&d=mm&r=g\",\"caption\":\"Redacci\u00f3n QP\"},\"url\":\"https:\\\/\\\/quehacerpolitico.mx\\\/?author=2\"}]}<\/script>\n<!-- \/ Yoast SEO plugin. -->","yoast_head_json":{"title":"El Quehacer Pol\u00edtico a trav\u00e9s de la opini\u00f3n del Lic Eden Lozano Meza desde la C\u00e1mara Alta\/\/\/La pr\u00f3xima semana se realizar\u00e1 el an\u00e1lisis tem\u00e1tico del Segundo Informe de Gobierno: Higinio Mart\u00ednez -","robots":{"index":"index","follow":"follow","max-snippet":"max-snippet:-1","max-image-preview":"max-image-preview:large","max-video-preview":"max-video-preview:-1"},"canonical":"https:\/\/quehacerpolitico.mx\/?p=132071","og_locale":"es_MX","og_type":"article","og_title":"El Quehacer Pol\u00edtico a trav\u00e9s de la opini\u00f3n del Lic Eden Lozano Meza desde la C\u00e1mara Alta\/\/\/La pr\u00f3xima semana se realizar\u00e1 el an\u00e1lisis tem\u00e1tico del Segundo Informe de Gobierno: Higinio Mart\u00ednez -","og_description":"Por Lic Eden Lozano Meza Detalla que tambi\u00e9n se definir\u00e1 los funcionarios que asistir\u00e1n con...","og_url":"https:\/\/quehacerpolitico.mx\/?p=132071","article_published_time":"2026-09-03T02:28:40+00:00","article_modified_time":"2026-09-03T03:52:49+00:00","og_image":[{"width":963,"height":493,"url":"https:\/\/quehacerpolitico.mx\/wp-content\/uploads\/2026\/08\/4b0cab15-6cd1-46ce-9a6f-4c9e79d53038.jpeg","type":"image\/jpeg"}],"author":"Redacci\u00f3n QP","twitter_card":"summary_large_image","twitter_misc":{"Escrito por":"Redacci\u00f3n QP","Tiempo de lectura":"2 minutos"},"schema":{"@context":"https:\/\/schema.org","@graph":[{"@type":"Article","@id":"https:\/\/quehacerpolitico.mx\/?p=132071#article","isPartOf":{"@id":"https:\/\/quehacerpolitico.mx\/?p=132071"},"author":{"name":"Redacci\u00f3n QP","@id":"https:\/\/quehacerpolitico.mx\/#\/schema\/person\/496d8ad2d1d3f8036101dca7ee39e585"},"headline":"El Quehacer Pol\u00edtico a trav\u00e9s de la opini\u00f3n del Lic Eden Lozano Meza desde la C\u00e1mara Alta\/\/\/La pr\u00f3xima semana se realizar\u00e1 el an\u00e1lisis tem\u00e1tico del Segundo Informe de Gobierno: Higinio Mart\u00ednez","datePublished":"2026-09-03T02:28:40+00:00","dateModified":"2026-09-03T03:52:49+00:00","mainEntityOfPage":{"@id":"https:\/\/quehacerpolitico.mx\/?p=132071"},"wordCount":424,"commentCount":0,"image":{"@id":"https:\/\/quehacerpolitico.mx\/?p=132071#primaryimage"},"thumbnailUrl":"https:\/\/quehacerpolitico.mx\/wp-content\/uploads\/2026\/08\/4b0cab15-6cd1-46ce-9a6f-4c9e79d53038.jpeg","articleSection":["Nacionales","Noticias"],"inLanguage":"es","potentialAction":[{"@type":"CommentAction","name":"Comment","target":["https:\/\/quehacerpolitico.mx\/?p=132071#respond"]}]},{"@type":"WebPage","@id":"https:\/\/quehacerpolitico.mx\/?p=132071","url":"https:\/\/quehacerpolitico.mx\/?p=132071","name":"El Quehacer Pol\u00edtico a trav\u00e9s de la opini\u00f3n del Lic Eden Lozano Meza desde la C\u00e1mara Alta\/\/\/La pr\u00f3xima semana se realizar\u00e1 el an\u00e1lisis tem\u00e1tico del Segundo Informe de Gobierno: Higinio Mart\u00ednez -","isPartOf":{"@id":"https:\/\/quehacerpolitico.mx\/#website"},"primaryImageOfPage":{"@id":"https:\/\/quehacerpolitico.mx\/?p=132071#primaryimage"},"image":{"@id":"https:\/\/quehacerpolitico.mx\/?p=132071#primaryimage"},"thumbnailUrl":"https:\/\/quehacerpolitico.mx\/wp-content\/uploads\/2026\/08\/4b0cab15-6cd1-46ce-9a6f-4c9e79d53038.jpeg","datePublished":"2026-09-03T02:28:40+00:00","dateModified":"2026-09-03T03:52:49+00:00","author":{"@id":"https:\/\/quehacerpolitico.mx\/#\/schema\/person\/496d8ad2d1d3f8036101dca7ee39e585"},"breadcrumb":{"@id":"https:\/\/quehacerpolitico.mx\/?p=132071#breadcrumb"},"inLanguage":"es","potentialAction":[{"@type":"ReadAction","target":["https:\/\/quehacerpolitico.mx\/?p=132071"]}]},{"@type":"ImageObject","inLanguage":"es","@id":"https:\/\/quehacerpolitico.mx\/?p=132071#primaryimage","url":"https:\/\/quehacerpolitico.mx\/wp-content\/uploads\/2026\/08\/4b0cab15-6cd1-46ce-9a6f-4c9e79d53038.jpeg","contentUrl":"https:\/\/quehacerpolitico.mx\/wp-content\/uploads\/2026\/08\/4b0cab15-6cd1-46ce-9a6f-4c9e79d53038.jpeg","width":963,"height":493},{"@type":"BreadcrumbList","@id":"https:\/\/quehacerpolitico.mx\/?p=132071#breadcrumb","itemListElement":[{"@type":"ListItem","position":1,"name":"Inicio","item":"https:\/\/quehacerpolitico.mx\/"},{"@type":"ListItem","position":2,"name":"El Quehacer Pol\u00edtico a trav\u00e9s de la opini\u00f3n del Lic Eden Lozano Meza desde la C\u00e1mara Alta\/\/\/La pr\u00f3xima semana se realizar\u00e1 el an\u00e1lisis tem\u00e1tico del Segundo Informe de Gobierno: Higinio Mart\u00ednez"}]},{"@type":"WebSite","@id":"https:\/\/quehacerpolitico.mx\/#website","url":"https:\/\/quehacerpolitico.mx\/","name":"","description":"","potentialAction":[{"@type":"SearchAction","target":{"@type":"EntryPoint","urlTemplate":"https:\/\/quehacerpolitico.mx\/?s={search_term_string}"},"query-input":{"@type":"PropertyValueSpecification","valueRequired":true,"valueName":"search_term_string"}}],"inLanguage":"es"},{"@type":"Person","@id":"https:\/\/quehacerpolitico.mx\/#\/schema\/person\/496d8ad2d1d3f8036101dca7ee39e585","name":"Redacci\u00f3n QP","image":{"@type":"ImageObject","inLanguage":"es","@id":"https:\/\/secure.gravatar.com\/avatar\/c7164ed6fdec453195284ad24a5ae5b6e1eed2b848477fa2a4787ba9adf39a41?s=96&d=mm&r=g","url":"https:\/\/secure.gravatar.com\/avatar\/c7164ed6fdec453195284ad24a5ae5b6e1eed2b848477fa2a4787ba9adf39a41?s=96&d=mm&r=g","contentUrl":"https:\/\/secure.gravatar.com\/avatar\/c7164ed6fdec453195284ad24a5ae5b6e1eed2b848477fa2a4787ba9adf39a41?s=96&d=mm&r=g","caption":"Redacci\u00f3n QP"},"url":"https:\/\/quehacerpolitico.mx\/?author=2"}]}},"featured_image_urls":{"full":["https:\/\/quehacerpolitico.mx\/wp-content\/uploads\/2026\/08\/4b0cab15-6cd1-46ce-9a6f-4c9e79d53038.jpeg",963,493,false],"thumbnail":["https:\/\/quehacerpolitico.mx\/wp-content\/uploads\/2026\/08\/4b0cab15-6cd1-46ce-9a6f-4c9e79d53038-150x150.jpeg",150,150,true],"medium":["https:\/\/quehacerpolitico.mx\/wp-content\/uploads\/2026\/08\/4b0cab15-6cd1-46ce-9a6f-4c9e79d53038-300x154.jpeg",300,154,true],"medium_large":["https:\/\/quehacerpolitico.mx\/wp-content\/uploads\/2026\/08\/4b0cab15-6cd1-46ce-9a6f-4c9e79d53038-768x393.jpeg",640,328,true],"large":["https:\/\/quehacerpolitico.mx\/wp-content\/uploads\/2026\/08\/4b0cab15-6cd1-46ce-9a6f-4c9e79d53038.jpeg",640,328,false],"1536x1536":["https:\/\/quehacerpolitico.mx\/wp-content\/uploads\/2026\/08\/4b0cab15-6cd1-46ce-9a6f-4c9e79d53038.jpeg",963,493,false],"2048x2048":["https:\/\/quehacerpolitico.mx\/wp-content\/uploads\/2026\/08\/4b0cab15-6cd1-46ce-9a6f-4c9e79d53038.jpeg",963,493,false],"covernews-featured":["https:\/\/quehacerpolitico.mx\/wp-content\/uploads\/2026\/08\/4b0cab15-6cd1-46ce-9a6f-4c9e79d53038.jpeg",963,493,false],"covernews-medium":["https:\/\/quehacerpolitico.mx\/wp-content\/uploads\/2026\/08\/4b0cab15-6cd1-46ce-9a6f-4c9e79d53038-540x340.jpeg",540,340,true]},"author_info":{"display_name":"Redacci\u00f3n QP","author_link":"https:\/\/quehacerpolitico.mx\/?author=2"},"category_info":"<a href=\"https:\/\/quehacerpolitico.mx\/?cat=280\" rel=\"category\">Nacionales<\/a> <a href=\"https:\/\/quehacerpolitico.mx\/?cat=2\" rel=\"category\">Noticias<\/a>","tag_info":"Noticias","comment_count":"0","_links":{"self":[{"href":"https:\/\/quehacerpolitico.mx\/index.php?rest_route=\/wp\/v2\/posts\/132071","targetHints":{"allow":["GET"]}}],"collection":[{"href":"https:\/\/quehacerpolitico.mx\/index.php?rest_route=\/wp\/v2\/posts"}],"about":[{"href":"https:\/\/quehacerpolitico.mx\/index.php?rest_route=\/wp\/v2\/types\/post"}],"author":[{"embeddable":true,"href":"https:\/\/quehacerpolitico.mx\/index.php?rest_route=\/wp\/v2\/users\/2"}],"replies":[{"embeddable":true,"href":"https:\/\/quehacerpolitico.mx\/index.php?rest_route=%2Fwp%2Fv2%2Fcomments&post=132071"}],"version-history":[{"count":2,"href":"https:\/\/quehacerpolitico.mx\/index.php?rest_route=\/wp\/v2\/posts\/132071\/revisions"}],"predecessor-version":[{"id":132083,"href":"https:\/\/quehacerpolitico.mx\/index.php?rest_route=\/wp\/v2\/posts\/132071\/revisions\/132083"}],"wp:featuredmedia":[{"embeddable":true,"href":"https:\/\/quehacerpolitico.mx\/index.php?rest_route=\/wp\/v2\/media\/131930"}],"wp:attachment":[{"href":"https:\/\/quehacerpolitico.mx\/index.php?rest_route=%2Fwp%2Fv2%2Fmedia&parent=132071"}],"wp:term":[{"taxonomy":"category","embeddable":true,"href":"https:\/\/quehacerpolitico.mx\/index.php?rest_route=%2Fwp%2Fv2%2Fcategories&post=132071"},{"taxonomy":"post_tag","embeddable":true,"href":"https:\/\/quehacerpolitico.mx\/index.php?rest_route=%2Fwp%2Fv2%2Ftags&post=132071"}],"curies":[{"name":"wp","href":"https:\/\/api.w.org\/{rel}","templated":true}]}}