{"id":132063,"date":"2026-09-02T08:40:38","date_gmt":"2026-09-02T14:40:38","guid":{"rendered":"https:\/\/quehacerpolitico.mx\/?p=132063"},"modified":"2026-09-02T08:40:41","modified_gmt":"2026-09-02T14:40:41","slug":"el-quehacer-politico-a-traves-jose-alberto-prado-angeles-el-2do-informe-de-la-maroma","status":"publish","type":"post","link":"https:\/\/quehacerpolitico.mx\/?p=132063","title":{"rendered":"El Quehacer Pol\u00edtico a trav\u00e9s\/\/\/Jose Alberto Prado Angeles\/\/\/El 2do informe de la maroma"},"content":{"rendered":"\n<p class=\"wp-block-paragraph\">Por Jos\u00e9 Alberto Prado Angeles<\/p>\n\n\n\n<p class=\"wp-block-paragraph\">Director General y Editor <\/p>\n\n\n\n<p class=\"wp-block-paragraph\">Tal y como lo pronosticamos el lunes -en este espacio-, la presidente Claudia Sheinbaum no habl\u00f3&nbsp;en su segundo informe de gobierno rendido ayer en Palacio Nacional, sobre del huachicol fiscal y de c\u00f3mo se involucran en las indagatorias los \u201cdistinguidos\u201d morenistas Andr\u00e9s Manuel \u201cAndy\u201d L\u00f3pez Beltr\u00e1n y de Ad\u00e1n Augusto L\u00f3pez Hern\u00e1ndez; tampoco nos habl\u00f3 de los 2.5 millones de pesos que pierde la aerol\u00ednea Mexicana; no hizo menci\u00f3n de que la refiner\u00eda Dos Bocas opera al 41 por ciento de su capacidad y con muchos problemas; que Petr\u00f3leos Mexicanos (PEMEX) registra p\u00e9rdidas de casi 46 mil millones de pesos en el primer semestre de este a\u00f1o y ni tampoco nos dijo que va a pasar con la lista de investigados y con petici\u00f3n de extradici\u00f3n a los Estados Unidos, en la que se incluye el \u201crebelde\u201d Rub\u00e9n Rocha Mora.<\/p>\n\n\n\n<p class=\"wp-block-paragraph\">Ah, pero de Tren Maya, que en el primer semestre de este a\u00f1o ya lleva m\u00e1s de 14 mil millones de pesos en gastos y p\u00e9rdidas, Claudia Sheinbaum defendi\u00f3 y presumi\u00f3 el proyecto, al advertir \u201c&#8230; a todos aquellos que auguran que no funciona, que el Tren Maya ha transportado 2.5 millones de pasajeros y evoluciona conforme a lo planeado\u201d.<\/p>\n\n\n\n<p class=\"wp-block-paragraph\">El resto del informe presidencial, fue un cat\u00e1logo o compendio de las ma\u00f1aneras del \u00faltimo a\u00f1o, repitiendo los temas de que \u201c&#8230;la soberan\u00eda no se entrega\u201d, en un claro mensaje a Washington; que hay notables avances en el tema de seguridad -que es palpable-; rechaz\u00f3 el desabasto en los hospitales oncol\u00f3gicos; presumi\u00f3 la estabilidad econ\u00f3mica, a pesar de las aplicaci\u00f3n de aranceles de parte de nuestros vecinos y eso s\u00ed, pidi\u00f3 a sus servidores p\u00fablicos comportarse con sencillez y humildad -ante los notables ejemplos que nos han mostrado algunos de ellos en los \u00faltimos meses-, adem\u00e1s de advertirles que deben mantenerse alejados de las excentricidades, lujos y gastos innecesarios.<\/p>\n\n\n\n<p class=\"wp-block-paragraph\">Y sobre los obvios \u201cjaloneos\u201d al interior del Movimiento de Regeneraci\u00f3n Nacional (Morena) -que \u201csaltan como chapulines\u201d todos los d\u00edas-, la mandataria dijo, \u201c&#8230; que nadie se equivoque, aqu\u00ed no hay divisiones, aqu\u00ed no hay rompimientos\u201d, agregando su estribillo de bandera, cuando levant\u00f3 la voz y estableci\u00f3, \u201cLo \u00fanico que hay es la defensa del pueblo de M\u00e9xico y su dignidad\u201d. Y yo me pregunto, \u00bfqu\u00e9 tiene que ver los pleitos entre morenistas \u201ccon el pueblo de M\u00e9xico y su dignidad\u201d? Puro, \u201cbla, bla, bla\u201d.<\/p>\n\n\n\n<p class=\"wp-block-paragraph\">As\u00ed el Quehacer Pol\u00edtico Desde 1980, 46 a\u00f1os inquiriendo en la pol\u00edtica de M\u00e9xico, cuestionando, exponiendo, revelando y razonando.Es cuanto.<\/p>\n","protected":false},"excerpt":{"rendered":"<p>Por Jos\u00e9 Alberto Prado Angeles Director General y Editor Tal y como lo pronosticamos el&#8230;<\/p>\n","protected":false},"author":2,"featured_media":131576,"comment_status":"open","ping_status":"open","sticky":false,"template":"","format":"standard","meta":{"footnotes":""},"categories":[280,2],"tags":[],"class_list":["post-132063","post","type-post","status-publish","format-standard","has-post-thumbnail","hentry","category-nacionales","category-noticias"],"yoast_head":"<!-- This site is optimized with the Yoast SEO plugin v27.9 - https:\/\/yoast.com\/product\/yoast-seo-wordpress\/ -->\n<title>El Quehacer Pol\u00edtico a trav\u00e9s\/\/\/Jose Alberto Prado Angeles\/\/\/El 2do informe de la maroma -<\/title>\n<meta name=\"robots\" content=\"index, follow, max-snippet:-1, max-image-preview:large, max-video-preview:-1\" \/>\n<link rel=\"canonical\" href=\"https:\/\/quehacerpolitico.mx\/?p=132063\" \/>\n<meta property=\"og:locale\" content=\"es_MX\" \/>\n<meta property=\"og:type\" content=\"article\" \/>\n<meta property=\"og:title\" content=\"El Quehacer Pol\u00edtico a trav\u00e9s\/\/\/Jose Alberto Prado Angeles\/\/\/El 2do informe de la maroma -\" \/>\n<meta property=\"og:description\" content=\"Por Jos\u00e9 Alberto Prado Angeles Director General y Editor Tal y como lo pronosticamos el...\" \/>\n<meta property=\"og:url\" content=\"https:\/\/quehacerpolitico.mx\/?p=132063\" \/>\n<meta property=\"article:published_time\" content=\"2026-09-02T14:40:38+00:00\" \/>\n<meta property=\"article:modified_time\" content=\"2026-09-02T14:40:41+00:00\" \/>\n<meta property=\"og:image\" content=\"https:\/\/quehacerpolitico.mx\/wp-content\/uploads\/2026\/08\/921e0283-24ae-4908-b1ab-fa3ea0d47174.jpeg\" \/>\n\t<meta property=\"og:image:width\" content=\"963\" \/>\n\t<meta property=\"og:image:height\" content=\"493\" \/>\n\t<meta property=\"og:image:type\" content=\"image\/jpeg\" \/>\n<meta name=\"author\" content=\"Redacci\u00f3n QP\" \/>\n<meta name=\"twitter:card\" content=\"summary_large_image\" \/>\n<meta name=\"twitter:label1\" content=\"Escrito por\" \/>\n\t<meta name=\"twitter:data1\" content=\"Redacci\u00f3n QP\" \/>\n\t<meta name=\"twitter:label2\" content=\"Tiempo de lectura\" \/>\n\t<meta name=\"twitter:data2\" content=\"3 minutos\" \/>\n<script type=\"application\/ld+json\" class=\"yoast-schema-graph\">{\"@context\":\"https:\\\/\\\/schema.org\",\"@graph\":[{\"@type\":\"Article\",\"@id\":\"https:\\\/\\\/quehacerpolitico.mx\\\/?p=132063#article\",\"isPartOf\":{\"@id\":\"https:\\\/\\\/quehacerpolitico.mx\\\/?p=132063\"},\"author\":{\"name\":\"Redacci\u00f3n QP\",\"@id\":\"https:\\\/\\\/quehacerpolitico.mx\\\/#\\\/schema\\\/person\\\/496d8ad2d1d3f8036101dca7ee39e585\"},\"headline\":\"El Quehacer Pol\u00edtico a trav\u00e9s\\\/\\\/\\\/Jose Alberto Prado Angeles\\\/\\\/\\\/El 2do informe de la maroma\",\"datePublished\":\"2026-09-02T14:40:38+00:00\",\"dateModified\":\"2026-09-02T14:40:41+00:00\",\"mainEntityOfPage\":{\"@id\":\"https:\\\/\\\/quehacerpolitico.mx\\\/?p=132063\"},\"wordCount\":470,\"commentCount\":0,\"image\":{\"@id\":\"https:\\\/\\\/quehacerpolitico.mx\\\/?p=132063#primaryimage\"},\"thumbnailUrl\":\"https:\\\/\\\/quehacerpolitico.mx\\\/wp-content\\\/uploads\\\/2026\\\/08\\\/921e0283-24ae-4908-b1ab-fa3ea0d47174.jpeg\",\"articleSection\":[\"Nacionales\",\"Noticias\"],\"inLanguage\":\"es\",\"potentialAction\":[{\"@type\":\"CommentAction\",\"name\":\"Comment\",\"target\":[\"https:\\\/\\\/quehacerpolitico.mx\\\/?p=132063#respond\"]}]},{\"@type\":\"WebPage\",\"@id\":\"https:\\\/\\\/quehacerpolitico.mx\\\/?p=132063\",\"url\":\"https:\\\/\\\/quehacerpolitico.mx\\\/?p=132063\",\"name\":\"El Quehacer Pol\u00edtico a trav\u00e9s\\\/\\\/\\\/Jose Alberto Prado Angeles\\\/\\\/\\\/El 2do informe de la maroma -\",\"isPartOf\":{\"@id\":\"https:\\\/\\\/quehacerpolitico.mx\\\/#website\"},\"primaryImageOfPage\":{\"@id\":\"https:\\\/\\\/quehacerpolitico.mx\\\/?p=132063#primaryimage\"},\"image\":{\"@id\":\"https:\\\/\\\/quehacerpolitico.mx\\\/?p=132063#primaryimage\"},\"thumbnailUrl\":\"https:\\\/\\\/quehacerpolitico.mx\\\/wp-content\\\/uploads\\\/2026\\\/08\\\/921e0283-24ae-4908-b1ab-fa3ea0d47174.jpeg\",\"datePublished\":\"2026-09-02T14:40:38+00:00\",\"dateModified\":\"2026-09-02T14:40:41+00:00\",\"author\":{\"@id\":\"https:\\\/\\\/quehacerpolitico.mx\\\/#\\\/schema\\\/person\\\/496d8ad2d1d3f8036101dca7ee39e585\"},\"breadcrumb\":{\"@id\":\"https:\\\/\\\/quehacerpolitico.mx\\\/?p=132063#breadcrumb\"},\"inLanguage\":\"es\",\"potentialAction\":[{\"@type\":\"ReadAction\",\"target\":[\"https:\\\/\\\/quehacerpolitico.mx\\\/?p=132063\"]}]},{\"@type\":\"ImageObject\",\"inLanguage\":\"es\",\"@id\":\"https:\\\/\\\/quehacerpolitico.mx\\\/?p=132063#primaryimage\",\"url\":\"https:\\\/\\\/quehacerpolitico.mx\\\/wp-content\\\/uploads\\\/2026\\\/08\\\/921e0283-24ae-4908-b1ab-fa3ea0d47174.jpeg\",\"contentUrl\":\"https:\\\/\\\/quehacerpolitico.mx\\\/wp-content\\\/uploads\\\/2026\\\/08\\\/921e0283-24ae-4908-b1ab-fa3ea0d47174.jpeg\",\"width\":963,\"height\":493},{\"@type\":\"BreadcrumbList\",\"@id\":\"https:\\\/\\\/quehacerpolitico.mx\\\/?p=132063#breadcrumb\",\"itemListElement\":[{\"@type\":\"ListItem\",\"position\":1,\"name\":\"Inicio\",\"item\":\"https:\\\/\\\/quehacerpolitico.mx\\\/\"},{\"@type\":\"ListItem\",\"position\":2,\"name\":\"El Quehacer Pol\u00edtico a trav\u00e9s\\\/\\\/\\\/Jose Alberto Prado Angeles\\\/\\\/\\\/El 2do informe de la maroma\"}]},{\"@type\":\"WebSite\",\"@id\":\"https:\\\/\\\/quehacerpolitico.mx\\\/#website\",\"url\":\"https:\\\/\\\/quehacerpolitico.mx\\\/\",\"name\":\"\",\"description\":\"\",\"potentialAction\":[{\"@type\":\"SearchAction\",\"target\":{\"@type\":\"EntryPoint\",\"urlTemplate\":\"https:\\\/\\\/quehacerpolitico.mx\\\/?s={search_term_string}\"},\"query-input\":{\"@type\":\"PropertyValueSpecification\",\"valueRequired\":true,\"valueName\":\"search_term_string\"}}],\"inLanguage\":\"es\"},{\"@type\":\"Person\",\"@id\":\"https:\\\/\\\/quehacerpolitico.mx\\\/#\\\/schema\\\/person\\\/496d8ad2d1d3f8036101dca7ee39e585\",\"name\":\"Redacci\u00f3n QP\",\"image\":{\"@type\":\"ImageObject\",\"inLanguage\":\"es\",\"@id\":\"https:\\\/\\\/secure.gravatar.com\\\/avatar\\\/c7164ed6fdec453195284ad24a5ae5b6e1eed2b848477fa2a4787ba9adf39a41?s=96&d=mm&r=g\",\"url\":\"https:\\\/\\\/secure.gravatar.com\\\/avatar\\\/c7164ed6fdec453195284ad24a5ae5b6e1eed2b848477fa2a4787ba9adf39a41?s=96&d=mm&r=g\",\"contentUrl\":\"https:\\\/\\\/secure.gravatar.com\\\/avatar\\\/c7164ed6fdec453195284ad24a5ae5b6e1eed2b848477fa2a4787ba9adf39a41?s=96&d=mm&r=g\",\"caption\":\"Redacci\u00f3n QP\"},\"url\":\"https:\\\/\\\/quehacerpolitico.mx\\\/?author=2\"}]}<\/script>\n<!-- \/ Yoast SEO plugin. -->","yoast_head_json":{"title":"El Quehacer Pol\u00edtico a trav\u00e9s\/\/\/Jose Alberto Prado Angeles\/\/\/El 2do informe de la maroma -","robots":{"index":"index","follow":"follow","max-snippet":"max-snippet:-1","max-image-preview":"max-image-preview:large","max-video-preview":"max-video-preview:-1"},"canonical":"https:\/\/quehacerpolitico.mx\/?p=132063","og_locale":"es_MX","og_type":"article","og_title":"El Quehacer Pol\u00edtico a trav\u00e9s\/\/\/Jose Alberto Prado Angeles\/\/\/El 2do informe de la maroma -","og_description":"Por Jos\u00e9 Alberto Prado Angeles Director General y Editor Tal y como lo pronosticamos el...","og_url":"https:\/\/quehacerpolitico.mx\/?p=132063","article_published_time":"2026-09-02T14:40:38+00:00","article_modified_time":"2026-09-02T14:40:41+00:00","og_image":[{"width":963,"height":493,"url":"https:\/\/quehacerpolitico.mx\/wp-content\/uploads\/2026\/08\/921e0283-24ae-4908-b1ab-fa3ea0d47174.jpeg","type":"image\/jpeg"}],"author":"Redacci\u00f3n QP","twitter_card":"summary_large_image","twitter_misc":{"Escrito por":"Redacci\u00f3n QP","Tiempo de lectura":"3 minutos"},"schema":{"@context":"https:\/\/schema.org","@graph":[{"@type":"Article","@id":"https:\/\/quehacerpolitico.mx\/?p=132063#article","isPartOf":{"@id":"https:\/\/quehacerpolitico.mx\/?p=132063"},"author":{"name":"Redacci\u00f3n QP","@id":"https:\/\/quehacerpolitico.mx\/#\/schema\/person\/496d8ad2d1d3f8036101dca7ee39e585"},"headline":"El Quehacer Pol\u00edtico a trav\u00e9s\/\/\/Jose Alberto Prado Angeles\/\/\/El 2do informe de la maroma","datePublished":"2026-09-02T14:40:38+00:00","dateModified":"2026-09-02T14:40:41+00:00","mainEntityOfPage":{"@id":"https:\/\/quehacerpolitico.mx\/?p=132063"},"wordCount":470,"commentCount":0,"image":{"@id":"https:\/\/quehacerpolitico.mx\/?p=132063#primaryimage"},"thumbnailUrl":"https:\/\/quehacerpolitico.mx\/wp-content\/uploads\/2026\/08\/921e0283-24ae-4908-b1ab-fa3ea0d47174.jpeg","articleSection":["Nacionales","Noticias"],"inLanguage":"es","potentialAction":[{"@type":"CommentAction","name":"Comment","target":["https:\/\/quehacerpolitico.mx\/?p=132063#respond"]}]},{"@type":"WebPage","@id":"https:\/\/quehacerpolitico.mx\/?p=132063","url":"https:\/\/quehacerpolitico.mx\/?p=132063","name":"El Quehacer Pol\u00edtico a trav\u00e9s\/\/\/Jose Alberto Prado Angeles\/\/\/El 2do informe de la maroma -","isPartOf":{"@id":"https:\/\/quehacerpolitico.mx\/#website"},"primaryImageOfPage":{"@id":"https:\/\/quehacerpolitico.mx\/?p=132063#primaryimage"},"image":{"@id":"https:\/\/quehacerpolitico.mx\/?p=132063#primaryimage"},"thumbnailUrl":"https:\/\/quehacerpolitico.mx\/wp-content\/uploads\/2026\/08\/921e0283-24ae-4908-b1ab-fa3ea0d47174.jpeg","datePublished":"2026-09-02T14:40:38+00:00","dateModified":"2026-09-02T14:40:41+00:00","author":{"@id":"https:\/\/quehacerpolitico.mx\/#\/schema\/person\/496d8ad2d1d3f8036101dca7ee39e585"},"breadcrumb":{"@id":"https:\/\/quehacerpolitico.mx\/?p=132063#breadcrumb"},"inLanguage":"es","potentialAction":[{"@type":"ReadAction","target":["https:\/\/quehacerpolitico.mx\/?p=132063"]}]},{"@type":"ImageObject","inLanguage":"es","@id":"https:\/\/quehacerpolitico.mx\/?p=132063#primaryimage","url":"https:\/\/quehacerpolitico.mx\/wp-content\/uploads\/2026\/08\/921e0283-24ae-4908-b1ab-fa3ea0d47174.jpeg","contentUrl":"https:\/\/quehacerpolitico.mx\/wp-content\/uploads\/2026\/08\/921e0283-24ae-4908-b1ab-fa3ea0d47174.jpeg","width":963,"height":493},{"@type":"BreadcrumbList","@id":"https:\/\/quehacerpolitico.mx\/?p=132063#breadcrumb","itemListElement":[{"@type":"ListItem","position":1,"name":"Inicio","item":"https:\/\/quehacerpolitico.mx\/"},{"@type":"ListItem","position":2,"name":"El Quehacer Pol\u00edtico a trav\u00e9s\/\/\/Jose Alberto Prado Angeles\/\/\/El 2do informe de la maroma"}]},{"@type":"WebSite","@id":"https:\/\/quehacerpolitico.mx\/#website","url":"https:\/\/quehacerpolitico.mx\/","name":"","description":"","potentialAction":[{"@type":"SearchAction","target":{"@type":"EntryPoint","urlTemplate":"https:\/\/quehacerpolitico.mx\/?s={search_term_string}"},"query-input":{"@type":"PropertyValueSpecification","valueRequired":true,"valueName":"search_term_string"}}],"inLanguage":"es"},{"@type":"Person","@id":"https:\/\/quehacerpolitico.mx\/#\/schema\/person\/496d8ad2d1d3f8036101dca7ee39e585","name":"Redacci\u00f3n QP","image":{"@type":"ImageObject","inLanguage":"es","@id":"https:\/\/secure.gravatar.com\/avatar\/c7164ed6fdec453195284ad24a5ae5b6e1eed2b848477fa2a4787ba9adf39a41?s=96&d=mm&r=g","url":"https:\/\/secure.gravatar.com\/avatar\/c7164ed6fdec453195284ad24a5ae5b6e1eed2b848477fa2a4787ba9adf39a41?s=96&d=mm&r=g","contentUrl":"https:\/\/secure.gravatar.com\/avatar\/c7164ed6fdec453195284ad24a5ae5b6e1eed2b848477fa2a4787ba9adf39a41?s=96&d=mm&r=g","caption":"Redacci\u00f3n QP"},"url":"https:\/\/quehacerpolitico.mx\/?author=2"}]}},"featured_image_urls":{"full":["https:\/\/quehacerpolitico.mx\/wp-content\/uploads\/2026\/08\/921e0283-24ae-4908-b1ab-fa3ea0d47174.jpeg",963,493,false],"thumbnail":["https:\/\/quehacerpolitico.mx\/wp-content\/uploads\/2026\/08\/921e0283-24ae-4908-b1ab-fa3ea0d47174-150x150.jpeg",150,150,true],"medium":["https:\/\/quehacerpolitico.mx\/wp-content\/uploads\/2026\/08\/921e0283-24ae-4908-b1ab-fa3ea0d47174-300x154.jpeg",300,154,true],"medium_large":["https:\/\/quehacerpolitico.mx\/wp-content\/uploads\/2026\/08\/921e0283-24ae-4908-b1ab-fa3ea0d47174-768x393.jpeg",640,328,true],"large":["https:\/\/quehacerpolitico.mx\/wp-content\/uploads\/2026\/08\/921e0283-24ae-4908-b1ab-fa3ea0d47174.jpeg",640,328,false],"1536x1536":["https:\/\/quehacerpolitico.mx\/wp-content\/uploads\/2026\/08\/921e0283-24ae-4908-b1ab-fa3ea0d47174.jpeg",963,493,false],"2048x2048":["https:\/\/quehacerpolitico.mx\/wp-content\/uploads\/2026\/08\/921e0283-24ae-4908-b1ab-fa3ea0d47174.jpeg",963,493,false],"covernews-featured":["https:\/\/quehacerpolitico.mx\/wp-content\/uploads\/2026\/08\/921e0283-24ae-4908-b1ab-fa3ea0d47174.jpeg",963,493,false],"covernews-medium":["https:\/\/quehacerpolitico.mx\/wp-content\/uploads\/2026\/08\/921e0283-24ae-4908-b1ab-fa3ea0d47174-540x340.jpeg",540,340,true]},"author_info":{"display_name":"Redacci\u00f3n QP","author_link":"https:\/\/quehacerpolitico.mx\/?author=2"},"category_info":"<a href=\"https:\/\/quehacerpolitico.mx\/?cat=280\" rel=\"category\">Nacionales<\/a> <a href=\"https:\/\/quehacerpolitico.mx\/?cat=2\" rel=\"category\">Noticias<\/a>","tag_info":"Noticias","comment_count":"0","_links":{"self":[{"href":"https:\/\/quehacerpolitico.mx\/index.php?rest_route=\/wp\/v2\/posts\/132063","targetHints":{"allow":["GET"]}}],"collection":[{"href":"https:\/\/quehacerpolitico.mx\/index.php?rest_route=\/wp\/v2\/posts"}],"about":[{"href":"https:\/\/quehacerpolitico.mx\/index.php?rest_route=\/wp\/v2\/types\/post"}],"author":[{"embeddable":true,"href":"https:\/\/quehacerpolitico.mx\/index.php?rest_route=\/wp\/v2\/users\/2"}],"replies":[{"embeddable":true,"href":"https:\/\/quehacerpolitico.mx\/index.php?rest_route=%2Fwp%2Fv2%2Fcomments&post=132063"}],"version-history":[{"count":1,"href":"https:\/\/quehacerpolitico.mx\/index.php?rest_route=\/wp\/v2\/posts\/132063\/revisions"}],"predecessor-version":[{"id":132064,"href":"https:\/\/quehacerpolitico.mx\/index.php?rest_route=\/wp\/v2\/posts\/132063\/revisions\/132064"}],"wp:featuredmedia":[{"embeddable":true,"href":"https:\/\/quehacerpolitico.mx\/index.php?rest_route=\/wp\/v2\/media\/131576"}],"wp:attachment":[{"href":"https:\/\/quehacerpolitico.mx\/index.php?rest_route=%2Fwp%2Fv2%2Fmedia&parent=132063"}],"wp:term":[{"taxonomy":"category","embeddable":true,"href":"https:\/\/quehacerpolitico.mx\/index.php?rest_route=%2Fwp%2Fv2%2Fcategories&post=132063"},{"taxonomy":"post_tag","embeddable":true,"href":"https:\/\/quehacerpolitico.mx\/index.php?rest_route=%2Fwp%2Fv2%2Ftags&post=132063"}],"curies":[{"name":"wp","href":"https:\/\/api.w.org\/{rel}","templated":true}]}}