{"id":132057,"date":"2026-09-01T16:49:23","date_gmt":"2026-09-01T22:49:23","guid":{"rendered":"https:\/\/quehacerpolitico.mx\/?p=132057"},"modified":"2026-09-01T16:49:26","modified_gmt":"2026-09-01T22:49:26","slug":"gracias-a-dos-bocas-hemos-enfrentado-la-crisis-de-combustibles-sheinbaum-afirma-que-las-obras-de-la-4t-si-funcionan","status":"publish","type":"post","link":"https:\/\/quehacerpolitico.mx\/?p=132057","title":{"rendered":"&#8220;Gracias a Dos Bocas hemos enfrentado la crisis de combustibles&#8221;: Sheinbaum afirma que las obras de la 4T s\u00ed funcionan\u00a0"},"content":{"rendered":"\n<p class=\"wp-block-paragraph\">Por Redacci\u00f3n QP<\/p>\n\n\n\n<p class=\"wp-block-paragraph\">La mandataria asegur\u00f3 que en la refiner\u00eda y el ferrocarril de pasajeros tienen buenos resultados, aunque no ahond\u00f3 en detalles sobre su producci\u00f3n y transporte<\/p>\n\n\n\n<p class=\"wp-block-paragraph\"><strong>Sheinbaum<\/strong>&nbsp;defendi\u00f3 este martes durante su segundo informe de gobierno las obras que comenzaron a construirse con&nbsp;<strong>Andr\u00e9s Manuel L\u00f3pez Obrador.&nbsp;<\/strong><\/p>\n\n\n\n<p class=\"wp-block-paragraph\">Desde Palacio Nacional, la mandataria asegur\u00f3 que proyectos como la refiner\u00eda &#8220;Olmeca&#8221;, en&nbsp;<strong>Dos Bocas, Tabasco, y el Tren Maya<\/strong>&nbsp;se encuentran en operaciones.<\/p>\n\n\n\n<p class=\"wp-block-paragraph\">&#8220;Hoy se demuestra que gracias a la misma \u2014la&nbsp;refiner\u00eda Dos Bocas\u2014 hemos podido enfrentar el aumento en el precio de los combustibles y&nbsp;<strong>el desabasto que afecta a la gran mayor\u00eda&nbsp;<\/strong>de los pa\u00edses del mundo&#8221;, dijo a los presentes.<\/p>\n\n\n\n<figure class=\"wp-block-embed is-type-rich is-provider-x wp-block-embed-x\"><div class=\"wp-block-embed__wrapper\">\n<blockquote class=\"twitter-tweet\" data-width=\"550\" data-dnt=\"true\"><p lang=\"es\" dir=\"ltr\">La presidenta Sheinbaum presume la refiner\u00eda de Dos Bocas <br><br>La misma que fue dise\u00f1ada para procesar 340 mil barriles diarios, pero que opera por debajo de dicho l\u00edmite <br><br>Sin mencionar los incendios, fugas y emergencia en la obra insignia de AMLO <a href=\"https:\/\/t.co\/SFxggAXIaS\">pic.twitter.com\/SFxggAXIaS<\/a><\/p>&mdash; Manuel Lopez San Martin (@MLopezSanMartin) <a href=\"https:\/\/x.com\/MLopezSanMartin\/status\/2094846984175706457?ref_src=twsrc%5Etfw\">September 1, 2026<\/a><\/blockquote><script async src=\"https:\/\/platform.x.com\/widgets.js\" charset=\"utf-8\"><\/script>\n<\/div><\/figure>\n\n\n\n<p class=\"wp-block-paragraph\">La mandataria destac\u00f3 que su gobierno est\u00e1&nbsp;<strong>construyendo dos&nbsp;coquizadoras<\/strong> para producir m\u00e1s gasolinas y diesel en los municipios de Tula, Hidalgo,&nbsp;y Salinas Cruz, Oaxaca.<\/p>\n\n\n\n<p class=\"wp-block-paragraph\">Sheinbum afirm\u00f3, moentos antes,&nbsp;que el precio de la gasolina regular ni el di\u00e9sel ha aumentado gracias a los incentivos de los combustibles, lo que ha permitido frenar la inflaci\u00f3n.<\/p>\n\n\n\n<p class=\"wp-block-paragraph\">Detall\u00f3 que actualmente&nbsp;<strong>Pemex produce 1.77 millones de barriles diarios<\/strong>&nbsp;(mbd) y casi 5 mil pies c\u00fabicos diarios de gas natural; se refinan m\u00e1s de 1.5 mbd.&nbsp;<\/p>\n\n\n\n<p class=\"wp-block-paragraph\">Por otra parte, la presidenta tambi\u00e9n asegur\u00f3 su administraci\u00f3n tambi\u00e9n mantiene a&nbsp;<strong>recuperaci\u00f3n del ferrocarril de pasajeros<\/strong>&nbsp;y destac\u00f3 que el Tren Maya ha transportado a m\u00e1s de dos millones de pasajeros, aunque<strong>&nbsp;no detall\u00f3 el periodo en el que se alcanz\u00f3 esta cifra.<\/strong><\/p>\n\n\n\n<figure class=\"wp-block-embed is-type-rich is-provider-twitter wp-block-embed-twitter\"><div class=\"wp-block-embed__wrapper\">\n<blockquote class=\"twitter-tweet\" data-width=\"550\" data-dnt=\"true\"><p lang=\"es\" dir=\"ltr\">Critica la presidenta Sheinbaum a quienes \u201cauguran\u201d que el Tren Maya no funciona <br><br>Pero apenas ayer la obra insignia de la 4T volvi\u00f3 a fallar <br><br>Un problema mec\u00e1nico cerca de San Francisco de Campeche oblig\u00f3 a desalojar a pasajeros y trasladarlos en autobuses\u2026 <a href=\"https:\/\/t.co\/G5Yh8SMLOy\">pic.twitter.com\/G5Yh8SMLOy<\/a><\/p>&mdash; Manuel Lopez San Martin (@MLopezSanMartin) <a href=\"https:\/\/x.com\/MLopezSanMartin\/status\/2094849250379149824?ref_src=twsrc%5Etfw\">September 1, 2026<\/a><\/blockquote><script async src=\"https:\/\/platform.x.com\/widgets.js\" charset=\"utf-8\"><\/script>\n<\/div><\/figure>\n\n\n\n<p class=\"wp-block-paragraph\">&#8220;Aprovecho para informarles a todos aquellos que auguran que no funciona&nbsp;que el Tren Maya ha transportado 2.5 millones de pasajeros y evoluciona conforme a lo planeado&#8221;, a\u00f1adi\u00f3.&nbsp;&nbsp;<\/p>\n\n\n\n<p class=\"wp-block-paragraph\">Igualmente, destac\u00f3 que inaugur\u00f3&nbsp;el&nbsp;<strong>Tren<\/strong>&nbsp;<strong>Insurgente<\/strong>&nbsp;de Santa Fe a Observatorio, el cual ha transportado a m\u00e1s de 25 millones de pasajeros y el<strong>tren Felipe \u00c1ngeles<\/strong>&nbsp;en su tramo lecher\u00eda AIFA que moviliza a&nbsp;tres&nbsp;millones de habitantes.<\/p>\n","protected":false},"excerpt":{"rendered":"<p>Por Redacci\u00f3n QP La mandataria asegur\u00f3 que en la refiner\u00eda y el ferrocarril de pasajeros&#8230;<\/p>\n","protected":false},"author":2,"featured_media":132058,"comment_status":"open","ping_status":"open","sticky":false,"template":"","format":"standard","meta":{"footnotes":""},"categories":[280,2],"tags":[],"class_list":["post-132057","post","type-post","status-publish","format-standard","has-post-thumbnail","hentry","category-nacionales","category-noticias"],"yoast_head":"<!-- This site is optimized with the Yoast SEO plugin v27.9 - https:\/\/yoast.com\/product\/yoast-seo-wordpress\/ -->\n<title>&quot;Gracias a Dos Bocas hemos enfrentado la crisis de combustibles&quot;: Sheinbaum afirma que las obras de la 4T s\u00ed funcionan\u00a0 -<\/title>\n<meta name=\"robots\" content=\"index, follow, max-snippet:-1, max-image-preview:large, max-video-preview:-1\" \/>\n<link rel=\"canonical\" href=\"https:\/\/quehacerpolitico.mx\/?p=132057\" \/>\n<meta property=\"og:locale\" content=\"es_MX\" \/>\n<meta property=\"og:type\" content=\"article\" \/>\n<meta property=\"og:title\" content=\"&quot;Gracias a Dos Bocas hemos enfrentado la crisis de combustibles&quot;: Sheinbaum afirma que las obras de la 4T s\u00ed funcionan\u00a0 -\" \/>\n<meta property=\"og:description\" content=\"Por Redacci\u00f3n QP La mandataria asegur\u00f3 que en la refiner\u00eda y el ferrocarril de pasajeros...\" \/>\n<meta property=\"og:url\" content=\"https:\/\/quehacerpolitico.mx\/?p=132057\" \/>\n<meta property=\"article:published_time\" content=\"2026-09-01T22:49:23+00:00\" \/>\n<meta property=\"article:modified_time\" content=\"2026-09-01T22:49:26+00:00\" \/>\n<meta property=\"og:image\" content=\"https:\/\/quehacerpolitico.mx\/wp-content\/uploads\/2026\/09\/IMG_9847.jpeg\" \/>\n\t<meta property=\"og:image:width\" content=\"1170\" \/>\n\t<meta property=\"og:image:height\" content=\"639\" \/>\n\t<meta property=\"og:image:type\" content=\"image\/jpeg\" \/>\n<meta name=\"author\" content=\"Redacci\u00f3n QP\" \/>\n<meta name=\"twitter:card\" content=\"summary_large_image\" \/>\n<meta name=\"twitter:label1\" content=\"Escrito por\" \/>\n\t<meta name=\"twitter:data1\" content=\"Redacci\u00f3n QP\" \/>\n\t<meta name=\"twitter:label2\" content=\"Tiempo de lectura\" \/>\n\t<meta name=\"twitter:data2\" content=\"2 minutos\" \/>\n<script type=\"application\/ld+json\" class=\"yoast-schema-graph\">{\"@context\":\"https:\\\/\\\/schema.org\",\"@graph\":[{\"@type\":\"Article\",\"@id\":\"https:\\\/\\\/quehacerpolitico.mx\\\/?p=132057#article\",\"isPartOf\":{\"@id\":\"https:\\\/\\\/quehacerpolitico.mx\\\/?p=132057\"},\"author\":{\"name\":\"Redacci\u00f3n QP\",\"@id\":\"https:\\\/\\\/quehacerpolitico.mx\\\/#\\\/schema\\\/person\\\/496d8ad2d1d3f8036101dca7ee39e585\"},\"headline\":\"&#8220;Gracias a Dos Bocas hemos enfrentado la crisis de combustibles&#8221;: Sheinbaum afirma que las obras de la 4T s\u00ed funcionan\u00a0\",\"datePublished\":\"2026-09-01T22:49:23+00:00\",\"dateModified\":\"2026-09-01T22:49:26+00:00\",\"mainEntityOfPage\":{\"@id\":\"https:\\\/\\\/quehacerpolitico.mx\\\/?p=132057\"},\"wordCount\":385,\"commentCount\":0,\"image\":{\"@id\":\"https:\\\/\\\/quehacerpolitico.mx\\\/?p=132057#primaryimage\"},\"thumbnailUrl\":\"https:\\\/\\\/quehacerpolitico.mx\\\/wp-content\\\/uploads\\\/2026\\\/09\\\/IMG_9847.jpeg\",\"articleSection\":[\"Nacionales\",\"Noticias\"],\"inLanguage\":\"es\",\"potentialAction\":[{\"@type\":\"CommentAction\",\"name\":\"Comment\",\"target\":[\"https:\\\/\\\/quehacerpolitico.mx\\\/?p=132057#respond\"]}]},{\"@type\":\"WebPage\",\"@id\":\"https:\\\/\\\/quehacerpolitico.mx\\\/?p=132057\",\"url\":\"https:\\\/\\\/quehacerpolitico.mx\\\/?p=132057\",\"name\":\"\\\"Gracias a Dos Bocas hemos enfrentado la crisis de combustibles\\\": Sheinbaum afirma que las obras de la 4T s\u00ed funcionan\u00a0 -\",\"isPartOf\":{\"@id\":\"https:\\\/\\\/quehacerpolitico.mx\\\/#website\"},\"primaryImageOfPage\":{\"@id\":\"https:\\\/\\\/quehacerpolitico.mx\\\/?p=132057#primaryimage\"},\"image\":{\"@id\":\"https:\\\/\\\/quehacerpolitico.mx\\\/?p=132057#primaryimage\"},\"thumbnailUrl\":\"https:\\\/\\\/quehacerpolitico.mx\\\/wp-content\\\/uploads\\\/2026\\\/09\\\/IMG_9847.jpeg\",\"datePublished\":\"2026-09-01T22:49:23+00:00\",\"dateModified\":\"2026-09-01T22:49:26+00:00\",\"author\":{\"@id\":\"https:\\\/\\\/quehacerpolitico.mx\\\/#\\\/schema\\\/person\\\/496d8ad2d1d3f8036101dca7ee39e585\"},\"breadcrumb\":{\"@id\":\"https:\\\/\\\/quehacerpolitico.mx\\\/?p=132057#breadcrumb\"},\"inLanguage\":\"es\",\"potentialAction\":[{\"@type\":\"ReadAction\",\"target\":[\"https:\\\/\\\/quehacerpolitico.mx\\\/?p=132057\"]}]},{\"@type\":\"ImageObject\",\"inLanguage\":\"es\",\"@id\":\"https:\\\/\\\/quehacerpolitico.mx\\\/?p=132057#primaryimage\",\"url\":\"https:\\\/\\\/quehacerpolitico.mx\\\/wp-content\\\/uploads\\\/2026\\\/09\\\/IMG_9847.jpeg\",\"contentUrl\":\"https:\\\/\\\/quehacerpolitico.mx\\\/wp-content\\\/uploads\\\/2026\\\/09\\\/IMG_9847.jpeg\",\"width\":1170,\"height\":639,\"caption\":\"Screenshot\"},{\"@type\":\"BreadcrumbList\",\"@id\":\"https:\\\/\\\/quehacerpolitico.mx\\\/?p=132057#breadcrumb\",\"itemListElement\":[{\"@type\":\"ListItem\",\"position\":1,\"name\":\"Inicio\",\"item\":\"https:\\\/\\\/quehacerpolitico.mx\\\/\"},{\"@type\":\"ListItem\",\"position\":2,\"name\":\"&#8220;Gracias a Dos Bocas hemos enfrentado la crisis de combustibles&#8221;: Sheinbaum afirma que las obras de la 4T s\u00ed funcionan\u00a0\"}]},{\"@type\":\"WebSite\",\"@id\":\"https:\\\/\\\/quehacerpolitico.mx\\\/#website\",\"url\":\"https:\\\/\\\/quehacerpolitico.mx\\\/\",\"name\":\"\",\"description\":\"\",\"potentialAction\":[{\"@type\":\"SearchAction\",\"target\":{\"@type\":\"EntryPoint\",\"urlTemplate\":\"https:\\\/\\\/quehacerpolitico.mx\\\/?s={search_term_string}\"},\"query-input\":{\"@type\":\"PropertyValueSpecification\",\"valueRequired\":true,\"valueName\":\"search_term_string\"}}],\"inLanguage\":\"es\"},{\"@type\":\"Person\",\"@id\":\"https:\\\/\\\/quehacerpolitico.mx\\\/#\\\/schema\\\/person\\\/496d8ad2d1d3f8036101dca7ee39e585\",\"name\":\"Redacci\u00f3n QP\",\"image\":{\"@type\":\"ImageObject\",\"inLanguage\":\"es\",\"@id\":\"https:\\\/\\\/secure.gravatar.com\\\/avatar\\\/c7164ed6fdec453195284ad24a5ae5b6e1eed2b848477fa2a4787ba9adf39a41?s=96&d=mm&r=g\",\"url\":\"https:\\\/\\\/secure.gravatar.com\\\/avatar\\\/c7164ed6fdec453195284ad24a5ae5b6e1eed2b848477fa2a4787ba9adf39a41?s=96&d=mm&r=g\",\"contentUrl\":\"https:\\\/\\\/secure.gravatar.com\\\/avatar\\\/c7164ed6fdec453195284ad24a5ae5b6e1eed2b848477fa2a4787ba9adf39a41?s=96&d=mm&r=g\",\"caption\":\"Redacci\u00f3n QP\"},\"url\":\"https:\\\/\\\/quehacerpolitico.mx\\\/?author=2\"}]}<\/script>\n<!-- \/ Yoast SEO plugin. -->","yoast_head_json":{"title":"\"Gracias a Dos Bocas hemos enfrentado la crisis de combustibles\": Sheinbaum afirma que las obras de la 4T s\u00ed funcionan\u00a0 -","robots":{"index":"index","follow":"follow","max-snippet":"max-snippet:-1","max-image-preview":"max-image-preview:large","max-video-preview":"max-video-preview:-1"},"canonical":"https:\/\/quehacerpolitico.mx\/?p=132057","og_locale":"es_MX","og_type":"article","og_title":"\"Gracias a Dos Bocas hemos enfrentado la crisis de combustibles\": Sheinbaum afirma que las obras de la 4T s\u00ed funcionan\u00a0 -","og_description":"Por Redacci\u00f3n QP La mandataria asegur\u00f3 que en la refiner\u00eda y el ferrocarril de pasajeros...","og_url":"https:\/\/quehacerpolitico.mx\/?p=132057","article_published_time":"2026-09-01T22:49:23+00:00","article_modified_time":"2026-09-01T22:49:26+00:00","og_image":[{"width":1170,"height":639,"url":"https:\/\/quehacerpolitico.mx\/wp-content\/uploads\/2026\/09\/IMG_9847.jpeg","type":"image\/jpeg"}],"author":"Redacci\u00f3n QP","twitter_card":"summary_large_image","twitter_misc":{"Escrito por":"Redacci\u00f3n QP","Tiempo de lectura":"2 minutos"},"schema":{"@context":"https:\/\/schema.org","@graph":[{"@type":"Article","@id":"https:\/\/quehacerpolitico.mx\/?p=132057#article","isPartOf":{"@id":"https:\/\/quehacerpolitico.mx\/?p=132057"},"author":{"name":"Redacci\u00f3n QP","@id":"https:\/\/quehacerpolitico.mx\/#\/schema\/person\/496d8ad2d1d3f8036101dca7ee39e585"},"headline":"&#8220;Gracias a Dos Bocas hemos enfrentado la crisis de combustibles&#8221;: Sheinbaum afirma que las obras de la 4T s\u00ed funcionan\u00a0","datePublished":"2026-09-01T22:49:23+00:00","dateModified":"2026-09-01T22:49:26+00:00","mainEntityOfPage":{"@id":"https:\/\/quehacerpolitico.mx\/?p=132057"},"wordCount":385,"commentCount":0,"image":{"@id":"https:\/\/quehacerpolitico.mx\/?p=132057#primaryimage"},"thumbnailUrl":"https:\/\/quehacerpolitico.mx\/wp-content\/uploads\/2026\/09\/IMG_9847.jpeg","articleSection":["Nacionales","Noticias"],"inLanguage":"es","potentialAction":[{"@type":"CommentAction","name":"Comment","target":["https:\/\/quehacerpolitico.mx\/?p=132057#respond"]}]},{"@type":"WebPage","@id":"https:\/\/quehacerpolitico.mx\/?p=132057","url":"https:\/\/quehacerpolitico.mx\/?p=132057","name":"\"Gracias a Dos Bocas hemos enfrentado la crisis de combustibles\": Sheinbaum afirma que las obras de la 4T s\u00ed funcionan\u00a0 -","isPartOf":{"@id":"https:\/\/quehacerpolitico.mx\/#website"},"primaryImageOfPage":{"@id":"https:\/\/quehacerpolitico.mx\/?p=132057#primaryimage"},"image":{"@id":"https:\/\/quehacerpolitico.mx\/?p=132057#primaryimage"},"thumbnailUrl":"https:\/\/quehacerpolitico.mx\/wp-content\/uploads\/2026\/09\/IMG_9847.jpeg","datePublished":"2026-09-01T22:49:23+00:00","dateModified":"2026-09-01T22:49:26+00:00","author":{"@id":"https:\/\/quehacerpolitico.mx\/#\/schema\/person\/496d8ad2d1d3f8036101dca7ee39e585"},"breadcrumb":{"@id":"https:\/\/quehacerpolitico.mx\/?p=132057#breadcrumb"},"inLanguage":"es","potentialAction":[{"@type":"ReadAction","target":["https:\/\/quehacerpolitico.mx\/?p=132057"]}]},{"@type":"ImageObject","inLanguage":"es","@id":"https:\/\/quehacerpolitico.mx\/?p=132057#primaryimage","url":"https:\/\/quehacerpolitico.mx\/wp-content\/uploads\/2026\/09\/IMG_9847.jpeg","contentUrl":"https:\/\/quehacerpolitico.mx\/wp-content\/uploads\/2026\/09\/IMG_9847.jpeg","width":1170,"height":639,"caption":"Screenshot"},{"@type":"BreadcrumbList","@id":"https:\/\/quehacerpolitico.mx\/?p=132057#breadcrumb","itemListElement":[{"@type":"ListItem","position":1,"name":"Inicio","item":"https:\/\/quehacerpolitico.mx\/"},{"@type":"ListItem","position":2,"name":"&#8220;Gracias a Dos Bocas hemos enfrentado la crisis de combustibles&#8221;: Sheinbaum afirma que las obras de la 4T s\u00ed funcionan\u00a0"}]},{"@type":"WebSite","@id":"https:\/\/quehacerpolitico.mx\/#website","url":"https:\/\/quehacerpolitico.mx\/","name":"","description":"","potentialAction":[{"@type":"SearchAction","target":{"@type":"EntryPoint","urlTemplate":"https:\/\/quehacerpolitico.mx\/?s={search_term_string}"},"query-input":{"@type":"PropertyValueSpecification","valueRequired":true,"valueName":"search_term_string"}}],"inLanguage":"es"},{"@type":"Person","@id":"https:\/\/quehacerpolitico.mx\/#\/schema\/person\/496d8ad2d1d3f8036101dca7ee39e585","name":"Redacci\u00f3n QP","image":{"@type":"ImageObject","inLanguage":"es","@id":"https:\/\/secure.gravatar.com\/avatar\/c7164ed6fdec453195284ad24a5ae5b6e1eed2b848477fa2a4787ba9adf39a41?s=96&d=mm&r=g","url":"https:\/\/secure.gravatar.com\/avatar\/c7164ed6fdec453195284ad24a5ae5b6e1eed2b848477fa2a4787ba9adf39a41?s=96&d=mm&r=g","contentUrl":"https:\/\/secure.gravatar.com\/avatar\/c7164ed6fdec453195284ad24a5ae5b6e1eed2b848477fa2a4787ba9adf39a41?s=96&d=mm&r=g","caption":"Redacci\u00f3n QP"},"url":"https:\/\/quehacerpolitico.mx\/?author=2"}]}},"featured_image_urls":{"full":["https:\/\/quehacerpolitico.mx\/wp-content\/uploads\/2026\/09\/IMG_9847.jpeg",1170,639,false],"thumbnail":["https:\/\/quehacerpolitico.mx\/wp-content\/uploads\/2026\/09\/IMG_9847-150x150.jpeg",150,150,true],"medium":["https:\/\/quehacerpolitico.mx\/wp-content\/uploads\/2026\/09\/IMG_9847-300x164.jpeg",300,164,true],"medium_large":["https:\/\/quehacerpolitico.mx\/wp-content\/uploads\/2026\/09\/IMG_9847-768x419.jpeg",640,349,true],"large":["https:\/\/quehacerpolitico.mx\/wp-content\/uploads\/2026\/09\/IMG_9847-1024x559.jpeg",640,349,true],"1536x1536":["https:\/\/quehacerpolitico.mx\/wp-content\/uploads\/2026\/09\/IMG_9847.jpeg",1170,639,false],"2048x2048":["https:\/\/quehacerpolitico.mx\/wp-content\/uploads\/2026\/09\/IMG_9847.jpeg",1170,639,false],"covernews-featured":["https:\/\/quehacerpolitico.mx\/wp-content\/uploads\/2026\/09\/IMG_9847-1024x559.jpeg",1024,559,true],"covernews-medium":["https:\/\/quehacerpolitico.mx\/wp-content\/uploads\/2026\/09\/IMG_9847-540x340.jpeg",540,340,true]},"author_info":{"display_name":"Redacci\u00f3n QP","author_link":"https:\/\/quehacerpolitico.mx\/?author=2"},"category_info":"<a href=\"https:\/\/quehacerpolitico.mx\/?cat=280\" rel=\"category\">Nacionales<\/a> <a href=\"https:\/\/quehacerpolitico.mx\/?cat=2\" rel=\"category\">Noticias<\/a>","tag_info":"Noticias","comment_count":"0","_links":{"self":[{"href":"https:\/\/quehacerpolitico.mx\/index.php?rest_route=\/wp\/v2\/posts\/132057","targetHints":{"allow":["GET"]}}],"collection":[{"href":"https:\/\/quehacerpolitico.mx\/index.php?rest_route=\/wp\/v2\/posts"}],"about":[{"href":"https:\/\/quehacerpolitico.mx\/index.php?rest_route=\/wp\/v2\/types\/post"}],"author":[{"embeddable":true,"href":"https:\/\/quehacerpolitico.mx\/index.php?rest_route=\/wp\/v2\/users\/2"}],"replies":[{"embeddable":true,"href":"https:\/\/quehacerpolitico.mx\/index.php?rest_route=%2Fwp%2Fv2%2Fcomments&post=132057"}],"version-history":[{"count":1,"href":"https:\/\/quehacerpolitico.mx\/index.php?rest_route=\/wp\/v2\/posts\/132057\/revisions"}],"predecessor-version":[{"id":132059,"href":"https:\/\/quehacerpolitico.mx\/index.php?rest_route=\/wp\/v2\/posts\/132057\/revisions\/132059"}],"wp:featuredmedia":[{"embeddable":true,"href":"https:\/\/quehacerpolitico.mx\/index.php?rest_route=\/wp\/v2\/media\/132058"}],"wp:attachment":[{"href":"https:\/\/quehacerpolitico.mx\/index.php?rest_route=%2Fwp%2Fv2%2Fmedia&parent=132057"}],"wp:term":[{"taxonomy":"category","embeddable":true,"href":"https:\/\/quehacerpolitico.mx\/index.php?rest_route=%2Fwp%2Fv2%2Fcategories&post=132057"},{"taxonomy":"post_tag","embeddable":true,"href":"https:\/\/quehacerpolitico.mx\/index.php?rest_route=%2Fwp%2Fv2%2Ftags&post=132057"}],"curies":[{"name":"wp","href":"https:\/\/api.w.org\/{rel}","templated":true}]}}