{"id":132054,"date":"2026-09-01T16:16:12","date_gmt":"2026-09-01T22:16:12","guid":{"rendered":"https:\/\/quehacerpolitico.mx\/?p=132054"},"modified":"2026-09-01T16:16:14","modified_gmt":"2026-09-01T22:16:14","slug":"aqui-no-hay-divisiones-ni-rompimientos-sheinbaum-niega-tensiones-internas-en-su-gobierno","status":"publish","type":"post","link":"https:\/\/quehacerpolitico.mx\/?p=132054","title":{"rendered":"\u201cAqu\u00ed no hay divisiones ni rompimientos\u201d: Sheinbaum niega tensiones internas en su gobierno\u00a0"},"content":{"rendered":"\n<p class=\"wp-block-paragraph\">Por Redacci\u00f3n QP<\/p>\n\n\n\n<p class=\"wp-block-paragraph\">La mandataria afirm\u00f3 que su movimiento se mantiene unido en defensa de pueblo y en el centro se encuentran la igualdad, justicia y bienestar<\/p>\n\n\n\n<p class=\"wp-block-paragraph\">La presidenta<strong>&nbsp;Claudia Sheinbaum&nbsp;<\/strong>neg\u00f3 este martes tensiones al interior de su gobierno en medio de casos como el&nbsp;<strong>Rub\u00e9n Rocha Moya, el &#8220;hauchicol&#8221; fiscal,&nbsp;Andy L\u00f3pez Beltr\u00e1n y los se\u00f1alamientos de Estados Unidos.&nbsp;<\/strong><\/p>\n\n\n\n<p class=\"wp-block-paragraph\">En su segundo informe de gobierno, la mandataria afirm\u00f3 que<strong>\u00a0el movimiento se mantiene unido<\/strong>\u00a0en defensa del pueblo y de &#8220;su dignidad&#8221;.<\/p>\n\n\n\n<p class=\"wp-block-paragraph\">&#8220;Somos parte del proyecto de la Cuarta Transformaci\u00f3n de la vida p\u00fablica,<strong>\u00a0que nadie se equivoque, aqu\u00ed no hay divisiones,<\/strong>\u00a0aqu\u00ed no hay rompimientos&#8221;, dijo la mandataria.<\/p>\n\n\n\n<figure class=\"wp-block-embed is-type-rich is-provider-x wp-block-embed-x\"><div class=\"wp-block-embed__wrapper\">\n<blockquote class=\"twitter-tweet\" data-width=\"550\" data-dnt=\"true\"><p lang=\"es\" dir=\"ltr\">\u201cQue nadie se equivoque: aqu\u00ed no hay divisiones, aqu\u00ed no hay rompimientos\u201d<br><br>Sheinbaum insiste en el discurso de la soberan\u00eda, presume unidad y cierra filas desde Palacio Nacional <a href=\"https:\/\/t.co\/0me3euPl5k\">pic.twitter.com\/0me3euPl5k<\/a><\/p>&mdash; Manuel Lopez San Martin (@MLopezSanMartin) <a href=\"https:\/\/x.com\/MLopezSanMartin\/status\/2094855954907250988?ref_src=twsrc%5Etfw\">September 1, 2026<\/a><\/blockquote><script async src=\"https:\/\/platform.x.com\/widgets.js\" charset=\"utf-8\"><\/script>\n<\/div><\/figure>\n\n\n\n<p class=\"wp-block-paragraph\">Sheinbaum asegur\u00f3 que su proyecto mantiene en el centro la igualdad, justicia y bienestar, adem\u00e1s de que se\u00f1al\u00f3 que defender\u00e1 la soberan\u00eda del territorio.<\/p>\n\n\n\n<p class=\"wp-block-paragraph\">La mandataria afirm\u00f3 que su gobierno tiene la responsabilidad de asumir el camino de la honradez y de estar al servicio del pueblo.<\/p>\n\n\n\n<p class=\"wp-block-paragraph\">Asimismo, afirm\u00f3 que el trabajo de su gabinete en los \u00fatlimos dos a\u00f1os es una muestra de &#8220;la&nbsp;fraternidad sin condiciones, que es un sello que nos caracteriza y del que nos sentimos sumamente orgullosos&#8221;.&nbsp;<\/p>\n\n\n\n<p class=\"wp-block-paragraph\">Las declaraciones de la mandataria se dan en medio de las&nbsp;<strong>presiones internas dentro de su gobierno Morena&nbsp;<\/strong>despu\u00e9s de que la&nbsp;Fiscal\u00eda del Distrito Sur de Nueva York acus\u00f3 al gobernador con licencia,&nbsp;<strong>Rub\u00e9n Rocha Moya,&nbsp;<\/strong>y a otros nueve funcionarios activos y retirados de colaborar con el&nbsp;C\u00e1rtel de Sinaloa<strong>.<\/strong><\/p>\n\n\n\n<p class=\"wp-block-paragraph\">En un primer momento la presidenta&nbsp;<strong>sali\u00f3 en defensa de&nbsp;Rocha Moya<\/strong>,&nbsp;pero meses despu\u00e9s surgi\u00f3 un&nbsp;<strong>distanciamiento<\/strong>&nbsp;luego de que el pol\u00edtico decidi\u00f3 retornar a su cargo, lo que desat\u00f3 una pol\u00e9mica que golpe\u00f3 al partido.&nbsp;<\/p>\n\n\n\n<p class=\"wp-block-paragraph\">Las elecciones que se celebrar\u00e1n el pr\u00f3ximo a\u00f1o tambi\u00e9n han<strong>&nbsp;tensado el interior de Morena<\/strong>&nbsp;en medio de la competencia y f<strong>alta de transparencia&nbsp;<\/strong>para presentar de manera anticipada a sus candidatos.&nbsp;&nbsp;<\/p>\n\n\n\n<p class=\"wp-block-paragraph\">Adicionalmente, el retiro de la visa estadounidense a&nbsp;<strong>Andy<\/strong>&nbsp;<strong>L\u00f3pez<\/strong><strong>Beltr\u00e1n<\/strong>,&nbsp;hijo del expresidente L\u00f3pez Obrador, la llev\u00f3 a respaldarlo y a&nbsp;armar una narrativa de defensa al negar investigaciones en su contra en M\u00e9xico mientras que se se\u00f1ala que est\u00e1 mencionado en la carpeta sobre la<strong>&nbsp;red de &#8220;huachicol&#8221; fiscal&nbsp;<\/strong>en la Marina.&nbsp;<\/p>\n","protected":false},"excerpt":{"rendered":"<p>Por Redacci\u00f3n QP La mandataria afirm\u00f3 que su movimiento se mantiene unido en defensa de&#8230;<\/p>\n","protected":false},"author":2,"featured_media":132055,"comment_status":"open","ping_status":"open","sticky":false,"template":"","format":"standard","meta":{"footnotes":""},"categories":[280,2],"tags":[],"class_list":["post-132054","post","type-post","status-publish","format-standard","has-post-thumbnail","hentry","category-nacionales","category-noticias"],"yoast_head":"<!-- This site is optimized with the Yoast SEO plugin v27.9 - https:\/\/yoast.com\/product\/yoast-seo-wordpress\/ -->\n<title>\u201cAqu\u00ed no hay divisiones ni rompimientos\u201d: Sheinbaum niega tensiones internas en su gobierno\u00a0 -<\/title>\n<meta name=\"robots\" content=\"index, follow, max-snippet:-1, max-image-preview:large, max-video-preview:-1\" \/>\n<link rel=\"canonical\" href=\"https:\/\/quehacerpolitico.mx\/?p=132054\" \/>\n<meta property=\"og:locale\" content=\"es_MX\" \/>\n<meta property=\"og:type\" content=\"article\" \/>\n<meta property=\"og:title\" content=\"\u201cAqu\u00ed no hay divisiones ni rompimientos\u201d: Sheinbaum niega tensiones internas en su gobierno\u00a0 -\" \/>\n<meta property=\"og:description\" content=\"Por Redacci\u00f3n QP La mandataria afirm\u00f3 que su movimiento se mantiene unido en defensa de...\" \/>\n<meta property=\"og:url\" content=\"https:\/\/quehacerpolitico.mx\/?p=132054\" \/>\n<meta property=\"article:published_time\" content=\"2026-09-01T22:16:12+00:00\" \/>\n<meta property=\"article:modified_time\" content=\"2026-09-01T22:16:14+00:00\" \/>\n<meta property=\"og:image\" content=\"https:\/\/quehacerpolitico.mx\/wp-content\/uploads\/2026\/09\/IMG_9844.jpeg\" \/>\n\t<meta property=\"og:image:width\" content=\"1170\" \/>\n\t<meta property=\"og:image:height\" content=\"637\" \/>\n\t<meta property=\"og:image:type\" content=\"image\/jpeg\" \/>\n<meta name=\"author\" content=\"Redacci\u00f3n QP\" \/>\n<meta name=\"twitter:card\" content=\"summary_large_image\" \/>\n<meta name=\"twitter:label1\" content=\"Escrito por\" \/>\n\t<meta name=\"twitter:data1\" content=\"Redacci\u00f3n QP\" \/>\n\t<meta name=\"twitter:label2\" content=\"Tiempo de lectura\" \/>\n\t<meta name=\"twitter:data2\" content=\"2 minutos\" \/>\n<script type=\"application\/ld+json\" class=\"yoast-schema-graph\">{\"@context\":\"https:\\\/\\\/schema.org\",\"@graph\":[{\"@type\":\"Article\",\"@id\":\"https:\\\/\\\/quehacerpolitico.mx\\\/?p=132054#article\",\"isPartOf\":{\"@id\":\"https:\\\/\\\/quehacerpolitico.mx\\\/?p=132054\"},\"author\":{\"name\":\"Redacci\u00f3n QP\",\"@id\":\"https:\\\/\\\/quehacerpolitico.mx\\\/#\\\/schema\\\/person\\\/496d8ad2d1d3f8036101dca7ee39e585\"},\"headline\":\"\u201cAqu\u00ed no hay divisiones ni rompimientos\u201d: Sheinbaum niega tensiones internas en su gobierno\u00a0\",\"datePublished\":\"2026-09-01T22:16:12+00:00\",\"dateModified\":\"2026-09-01T22:16:14+00:00\",\"mainEntityOfPage\":{\"@id\":\"https:\\\/\\\/quehacerpolitico.mx\\\/?p=132054\"},\"wordCount\":445,\"commentCount\":0,\"image\":{\"@id\":\"https:\\\/\\\/quehacerpolitico.mx\\\/?p=132054#primaryimage\"},\"thumbnailUrl\":\"https:\\\/\\\/quehacerpolitico.mx\\\/wp-content\\\/uploads\\\/2026\\\/09\\\/IMG_9844.jpeg\",\"articleSection\":[\"Nacionales\",\"Noticias\"],\"inLanguage\":\"es\",\"potentialAction\":[{\"@type\":\"CommentAction\",\"name\":\"Comment\",\"target\":[\"https:\\\/\\\/quehacerpolitico.mx\\\/?p=132054#respond\"]}]},{\"@type\":\"WebPage\",\"@id\":\"https:\\\/\\\/quehacerpolitico.mx\\\/?p=132054\",\"url\":\"https:\\\/\\\/quehacerpolitico.mx\\\/?p=132054\",\"name\":\"\u201cAqu\u00ed no hay divisiones ni rompimientos\u201d: Sheinbaum niega tensiones internas en su gobierno\u00a0 -\",\"isPartOf\":{\"@id\":\"https:\\\/\\\/quehacerpolitico.mx\\\/#website\"},\"primaryImageOfPage\":{\"@id\":\"https:\\\/\\\/quehacerpolitico.mx\\\/?p=132054#primaryimage\"},\"image\":{\"@id\":\"https:\\\/\\\/quehacerpolitico.mx\\\/?p=132054#primaryimage\"},\"thumbnailUrl\":\"https:\\\/\\\/quehacerpolitico.mx\\\/wp-content\\\/uploads\\\/2026\\\/09\\\/IMG_9844.jpeg\",\"datePublished\":\"2026-09-01T22:16:12+00:00\",\"dateModified\":\"2026-09-01T22:16:14+00:00\",\"author\":{\"@id\":\"https:\\\/\\\/quehacerpolitico.mx\\\/#\\\/schema\\\/person\\\/496d8ad2d1d3f8036101dca7ee39e585\"},\"breadcrumb\":{\"@id\":\"https:\\\/\\\/quehacerpolitico.mx\\\/?p=132054#breadcrumb\"},\"inLanguage\":\"es\",\"potentialAction\":[{\"@type\":\"ReadAction\",\"target\":[\"https:\\\/\\\/quehacerpolitico.mx\\\/?p=132054\"]}]},{\"@type\":\"ImageObject\",\"inLanguage\":\"es\",\"@id\":\"https:\\\/\\\/quehacerpolitico.mx\\\/?p=132054#primaryimage\",\"url\":\"https:\\\/\\\/quehacerpolitico.mx\\\/wp-content\\\/uploads\\\/2026\\\/09\\\/IMG_9844.jpeg\",\"contentUrl\":\"https:\\\/\\\/quehacerpolitico.mx\\\/wp-content\\\/uploads\\\/2026\\\/09\\\/IMG_9844.jpeg\",\"width\":1170,\"height\":637,\"caption\":\"Screenshot\"},{\"@type\":\"BreadcrumbList\",\"@id\":\"https:\\\/\\\/quehacerpolitico.mx\\\/?p=132054#breadcrumb\",\"itemListElement\":[{\"@type\":\"ListItem\",\"position\":1,\"name\":\"Inicio\",\"item\":\"https:\\\/\\\/quehacerpolitico.mx\\\/\"},{\"@type\":\"ListItem\",\"position\":2,\"name\":\"\u201cAqu\u00ed no hay divisiones ni rompimientos\u201d: Sheinbaum niega tensiones internas en su gobierno\u00a0\"}]},{\"@type\":\"WebSite\",\"@id\":\"https:\\\/\\\/quehacerpolitico.mx\\\/#website\",\"url\":\"https:\\\/\\\/quehacerpolitico.mx\\\/\",\"name\":\"\",\"description\":\"\",\"potentialAction\":[{\"@type\":\"SearchAction\",\"target\":{\"@type\":\"EntryPoint\",\"urlTemplate\":\"https:\\\/\\\/quehacerpolitico.mx\\\/?s={search_term_string}\"},\"query-input\":{\"@type\":\"PropertyValueSpecification\",\"valueRequired\":true,\"valueName\":\"search_term_string\"}}],\"inLanguage\":\"es\"},{\"@type\":\"Person\",\"@id\":\"https:\\\/\\\/quehacerpolitico.mx\\\/#\\\/schema\\\/person\\\/496d8ad2d1d3f8036101dca7ee39e585\",\"name\":\"Redacci\u00f3n QP\",\"image\":{\"@type\":\"ImageObject\",\"inLanguage\":\"es\",\"@id\":\"https:\\\/\\\/secure.gravatar.com\\\/avatar\\\/c7164ed6fdec453195284ad24a5ae5b6e1eed2b848477fa2a4787ba9adf39a41?s=96&d=mm&r=g\",\"url\":\"https:\\\/\\\/secure.gravatar.com\\\/avatar\\\/c7164ed6fdec453195284ad24a5ae5b6e1eed2b848477fa2a4787ba9adf39a41?s=96&d=mm&r=g\",\"contentUrl\":\"https:\\\/\\\/secure.gravatar.com\\\/avatar\\\/c7164ed6fdec453195284ad24a5ae5b6e1eed2b848477fa2a4787ba9adf39a41?s=96&d=mm&r=g\",\"caption\":\"Redacci\u00f3n QP\"},\"url\":\"https:\\\/\\\/quehacerpolitico.mx\\\/?author=2\"}]}<\/script>\n<!-- \/ Yoast SEO plugin. -->","yoast_head_json":{"title":"\u201cAqu\u00ed no hay divisiones ni rompimientos\u201d: Sheinbaum niega tensiones internas en su gobierno\u00a0 -","robots":{"index":"index","follow":"follow","max-snippet":"max-snippet:-1","max-image-preview":"max-image-preview:large","max-video-preview":"max-video-preview:-1"},"canonical":"https:\/\/quehacerpolitico.mx\/?p=132054","og_locale":"es_MX","og_type":"article","og_title":"\u201cAqu\u00ed no hay divisiones ni rompimientos\u201d: Sheinbaum niega tensiones internas en su gobierno\u00a0 -","og_description":"Por Redacci\u00f3n QP La mandataria afirm\u00f3 que su movimiento se mantiene unido en defensa de...","og_url":"https:\/\/quehacerpolitico.mx\/?p=132054","article_published_time":"2026-09-01T22:16:12+00:00","article_modified_time":"2026-09-01T22:16:14+00:00","og_image":[{"width":1170,"height":637,"url":"https:\/\/quehacerpolitico.mx\/wp-content\/uploads\/2026\/09\/IMG_9844.jpeg","type":"image\/jpeg"}],"author":"Redacci\u00f3n QP","twitter_card":"summary_large_image","twitter_misc":{"Escrito por":"Redacci\u00f3n QP","Tiempo de lectura":"2 minutos"},"schema":{"@context":"https:\/\/schema.org","@graph":[{"@type":"Article","@id":"https:\/\/quehacerpolitico.mx\/?p=132054#article","isPartOf":{"@id":"https:\/\/quehacerpolitico.mx\/?p=132054"},"author":{"name":"Redacci\u00f3n QP","@id":"https:\/\/quehacerpolitico.mx\/#\/schema\/person\/496d8ad2d1d3f8036101dca7ee39e585"},"headline":"\u201cAqu\u00ed no hay divisiones ni rompimientos\u201d: Sheinbaum niega tensiones internas en su gobierno\u00a0","datePublished":"2026-09-01T22:16:12+00:00","dateModified":"2026-09-01T22:16:14+00:00","mainEntityOfPage":{"@id":"https:\/\/quehacerpolitico.mx\/?p=132054"},"wordCount":445,"commentCount":0,"image":{"@id":"https:\/\/quehacerpolitico.mx\/?p=132054#primaryimage"},"thumbnailUrl":"https:\/\/quehacerpolitico.mx\/wp-content\/uploads\/2026\/09\/IMG_9844.jpeg","articleSection":["Nacionales","Noticias"],"inLanguage":"es","potentialAction":[{"@type":"CommentAction","name":"Comment","target":["https:\/\/quehacerpolitico.mx\/?p=132054#respond"]}]},{"@type":"WebPage","@id":"https:\/\/quehacerpolitico.mx\/?p=132054","url":"https:\/\/quehacerpolitico.mx\/?p=132054","name":"\u201cAqu\u00ed no hay divisiones ni rompimientos\u201d: Sheinbaum niega tensiones internas en su gobierno\u00a0 -","isPartOf":{"@id":"https:\/\/quehacerpolitico.mx\/#website"},"primaryImageOfPage":{"@id":"https:\/\/quehacerpolitico.mx\/?p=132054#primaryimage"},"image":{"@id":"https:\/\/quehacerpolitico.mx\/?p=132054#primaryimage"},"thumbnailUrl":"https:\/\/quehacerpolitico.mx\/wp-content\/uploads\/2026\/09\/IMG_9844.jpeg","datePublished":"2026-09-01T22:16:12+00:00","dateModified":"2026-09-01T22:16:14+00:00","author":{"@id":"https:\/\/quehacerpolitico.mx\/#\/schema\/person\/496d8ad2d1d3f8036101dca7ee39e585"},"breadcrumb":{"@id":"https:\/\/quehacerpolitico.mx\/?p=132054#breadcrumb"},"inLanguage":"es","potentialAction":[{"@type":"ReadAction","target":["https:\/\/quehacerpolitico.mx\/?p=132054"]}]},{"@type":"ImageObject","inLanguage":"es","@id":"https:\/\/quehacerpolitico.mx\/?p=132054#primaryimage","url":"https:\/\/quehacerpolitico.mx\/wp-content\/uploads\/2026\/09\/IMG_9844.jpeg","contentUrl":"https:\/\/quehacerpolitico.mx\/wp-content\/uploads\/2026\/09\/IMG_9844.jpeg","width":1170,"height":637,"caption":"Screenshot"},{"@type":"BreadcrumbList","@id":"https:\/\/quehacerpolitico.mx\/?p=132054#breadcrumb","itemListElement":[{"@type":"ListItem","position":1,"name":"Inicio","item":"https:\/\/quehacerpolitico.mx\/"},{"@type":"ListItem","position":2,"name":"\u201cAqu\u00ed no hay divisiones ni rompimientos\u201d: Sheinbaum niega tensiones internas en su gobierno\u00a0"}]},{"@type":"WebSite","@id":"https:\/\/quehacerpolitico.mx\/#website","url":"https:\/\/quehacerpolitico.mx\/","name":"","description":"","potentialAction":[{"@type":"SearchAction","target":{"@type":"EntryPoint","urlTemplate":"https:\/\/quehacerpolitico.mx\/?s={search_term_string}"},"query-input":{"@type":"PropertyValueSpecification","valueRequired":true,"valueName":"search_term_string"}}],"inLanguage":"es"},{"@type":"Person","@id":"https:\/\/quehacerpolitico.mx\/#\/schema\/person\/496d8ad2d1d3f8036101dca7ee39e585","name":"Redacci\u00f3n QP","image":{"@type":"ImageObject","inLanguage":"es","@id":"https:\/\/secure.gravatar.com\/avatar\/c7164ed6fdec453195284ad24a5ae5b6e1eed2b848477fa2a4787ba9adf39a41?s=96&d=mm&r=g","url":"https:\/\/secure.gravatar.com\/avatar\/c7164ed6fdec453195284ad24a5ae5b6e1eed2b848477fa2a4787ba9adf39a41?s=96&d=mm&r=g","contentUrl":"https:\/\/secure.gravatar.com\/avatar\/c7164ed6fdec453195284ad24a5ae5b6e1eed2b848477fa2a4787ba9adf39a41?s=96&d=mm&r=g","caption":"Redacci\u00f3n QP"},"url":"https:\/\/quehacerpolitico.mx\/?author=2"}]}},"featured_image_urls":{"full":["https:\/\/quehacerpolitico.mx\/wp-content\/uploads\/2026\/09\/IMG_9844.jpeg",1170,637,false],"thumbnail":["https:\/\/quehacerpolitico.mx\/wp-content\/uploads\/2026\/09\/IMG_9844-150x150.jpeg",150,150,true],"medium":["https:\/\/quehacerpolitico.mx\/wp-content\/uploads\/2026\/09\/IMG_9844-300x163.jpeg",300,163,true],"medium_large":["https:\/\/quehacerpolitico.mx\/wp-content\/uploads\/2026\/09\/IMG_9844-768x418.jpeg",640,348,true],"large":["https:\/\/quehacerpolitico.mx\/wp-content\/uploads\/2026\/09\/IMG_9844-1024x558.jpeg",640,349,true],"1536x1536":["https:\/\/quehacerpolitico.mx\/wp-content\/uploads\/2026\/09\/IMG_9844.jpeg",1170,637,false],"2048x2048":["https:\/\/quehacerpolitico.mx\/wp-content\/uploads\/2026\/09\/IMG_9844.jpeg",1170,637,false],"covernews-featured":["https:\/\/quehacerpolitico.mx\/wp-content\/uploads\/2026\/09\/IMG_9844-1024x558.jpeg",1024,558,true],"covernews-medium":["https:\/\/quehacerpolitico.mx\/wp-content\/uploads\/2026\/09\/IMG_9844-540x340.jpeg",540,340,true]},"author_info":{"display_name":"Redacci\u00f3n QP","author_link":"https:\/\/quehacerpolitico.mx\/?author=2"},"category_info":"<a href=\"https:\/\/quehacerpolitico.mx\/?cat=280\" rel=\"category\">Nacionales<\/a> <a href=\"https:\/\/quehacerpolitico.mx\/?cat=2\" rel=\"category\">Noticias<\/a>","tag_info":"Noticias","comment_count":"0","_links":{"self":[{"href":"https:\/\/quehacerpolitico.mx\/index.php?rest_route=\/wp\/v2\/posts\/132054","targetHints":{"allow":["GET"]}}],"collection":[{"href":"https:\/\/quehacerpolitico.mx\/index.php?rest_route=\/wp\/v2\/posts"}],"about":[{"href":"https:\/\/quehacerpolitico.mx\/index.php?rest_route=\/wp\/v2\/types\/post"}],"author":[{"embeddable":true,"href":"https:\/\/quehacerpolitico.mx\/index.php?rest_route=\/wp\/v2\/users\/2"}],"replies":[{"embeddable":true,"href":"https:\/\/quehacerpolitico.mx\/index.php?rest_route=%2Fwp%2Fv2%2Fcomments&post=132054"}],"version-history":[{"count":1,"href":"https:\/\/quehacerpolitico.mx\/index.php?rest_route=\/wp\/v2\/posts\/132054\/revisions"}],"predecessor-version":[{"id":132056,"href":"https:\/\/quehacerpolitico.mx\/index.php?rest_route=\/wp\/v2\/posts\/132054\/revisions\/132056"}],"wp:featuredmedia":[{"embeddable":true,"href":"https:\/\/quehacerpolitico.mx\/index.php?rest_route=\/wp\/v2\/media\/132055"}],"wp:attachment":[{"href":"https:\/\/quehacerpolitico.mx\/index.php?rest_route=%2Fwp%2Fv2%2Fmedia&parent=132054"}],"wp:term":[{"taxonomy":"category","embeddable":true,"href":"https:\/\/quehacerpolitico.mx\/index.php?rest_route=%2Fwp%2Fv2%2Fcategories&post=132054"},{"taxonomy":"post_tag","embeddable":true,"href":"https:\/\/quehacerpolitico.mx\/index.php?rest_route=%2Fwp%2Fv2%2Ftags&post=132054"}],"curies":[{"name":"wp","href":"https:\/\/api.w.org\/{rel}","templated":true}]}}