{"id":132051,"date":"2026-09-01T15:11:15","date_gmt":"2026-09-01T21:11:15","guid":{"rendered":"https:\/\/quehacerpolitico.mx\/?p=132051"},"modified":"2026-09-01T15:11:17","modified_gmt":"2026-09-01T21:11:17","slug":"hemos-cuidado-cada-peso-sheinbaum-afirma-que-su-gobierno-no-ha-comprado-lujos-ni-tiene-gastos-innecesarios","status":"publish","type":"post","link":"https:\/\/quehacerpolitico.mx\/?p=132051","title":{"rendered":"&#8220;Hemos cuidado cada peso&#8221;: Sheinbaum afirma que su gobierno no ha comprado lujos ni tiene gastos innecesarios"},"content":{"rendered":"\n<p class=\"wp-block-paragraph\">Por Redacci\u00f3n QP<\/p>\n\n\n\n<p class=\"wp-block-paragraph\">La mandataria afirm\u00f3 que su administraci\u00f3n ha seguido los principios de honradez y austeridad republicana, por lo que los recursos los ha destinado al pueblo<\/p>\n\n\n\n<p class=\"wp-block-paragraph\">La presidenta&nbsp;<strong>Claudia Sheinbaum&nbsp;<\/strong>neg\u00f3 este martes que su gobierno destine los recursos p\u00fablicos a lujos o cosas innecesarias durante la presentaci\u00f3n de su segundo informe desde&nbsp;<strong>Palacio Nacional.<\/strong><\/p>\n\n\n\n<p class=\"wp-block-paragraph\">La mandataria comenz\u00f3 hablando de los principios de su gobierno, en donde destac\u00f3&nbsp;<strong>la &#8220;honradez y la austeridad republicana&#8221;&nbsp;<\/strong>y afirm\u00f3 que los recursos p\u00fablicos se han destinado al pueblo.<\/p>\n\n\n\n<figure class=\"wp-block-embed is-type-rich is-provider-x wp-block-embed-x\"><div class=\"wp-block-embed__wrapper\">\n<blockquote class=\"twitter-tweet\" data-width=\"550\" data-dnt=\"true\"><p lang=\"es\" dir=\"ltr\">\ud83d\udd34 \u201cEstamos transformando la vida p\u00fablica del pa\u00eds\u201d, afirm\u00f3 Claudia Sheinbaum al comparecer ante el pueblo de M\u00e9xico.<br><br>Asegur\u00f3 que su gobierno se ha ejercido con honradez y bajo los principios de austeridad republicana.<a href=\"https:\/\/x.com\/hashtag\/2InformeDeGobierno?src=hash&amp;ref_src=twsrc%5Etfw\">#2InformeDeGobierno<\/a> <a href=\"https:\/\/t.co\/m0rqTpcHxg\">pic.twitter.com\/m0rqTpcHxg<\/a><\/p>&mdash; Azucena Uresti (@azucenau) <a href=\"https:\/\/x.com\/azucenau\/status\/2094836167644520792?ref_src=twsrc%5Etfw\">September 1, 2026<\/a><\/blockquote><script async src=\"https:\/\/platform.x.com\/widgets.js\" charset=\"utf-8\"><\/script>\n<\/div><\/figure>\n\n\n\n<p class=\"wp-block-paragraph\">&#8220;\u2014Antes\u2014 se utilizaban los recursos p\u00fablicos para<strong>&nbsp;excentricidades y lujos&nbsp;<\/strong>y se gobernaba para unos pocos (&#8230;) Durante estos 23 meses hemos cuidado cada peso. No hemos comprado veh\u00edculos de lujo ni destinado recursos p\u00fablicos a gastos innecesarios&#8221;, declar\u00f3.<\/p>\n\n\n\n<p class=\"wp-block-paragraph\">Cabe recordar que el&nbsp;<strong>Poder Judicial de la Federaci\u00f3n&nbsp;<\/strong>compr\u00f3<strong>&nbsp;nueve veh\u00edculos para los nuevos ministros&nbsp;<\/strong>cuatro meses despu\u00e9s de que iniciarn sus actividades en 2025, justificando que lo hizo por razones de seguridad y protecci\u00f3n personal; en ese entonces la presidenta pidi\u00f3 una explicaci\u00f3n. D\u00edas despu\u00e9s anunicaron que har\u00edan la&nbsp;<strong>devoluci\u00f3n de las camionetas.<\/strong><\/p>\n\n\n\n<figure class=\"wp-block-embed is-type-rich is-provider-x wp-block-embed-x\"><div class=\"wp-block-embed__wrapper\">\n<blockquote class=\"twitter-tweet\" data-width=\"550\" data-dnt=\"true\"><p lang=\"es\" dir=\"ltr\">\ud83d\udd34 La presidenta Claudia Sheinbaum destac\u00f3 que su gobierno no ha adquirido veh\u00edculos de lujo ni destinado recursos a gastos innecesarios.<br><br>Se\u00f1al\u00f3 que el gasto corriente se redujo en 200 mil millones de pesos respecto a 2024, mientras se mejoraron salarios de trabajadores p\u00fablicos\u2026 <a href=\"https:\/\/t.co\/AFokK7zDvk\">pic.twitter.com\/AFokK7zDvk<\/a><\/p>&mdash; Azucena Uresti (@azucenau) <a href=\"https:\/\/x.com\/azucenau\/status\/2094836537816998038?ref_src=twsrc%5Etfw\">September 1, 2026<\/a><\/blockquote><script async src=\"https:\/\/platform.x.com\/widgets.js\" charset=\"utf-8\"><\/script>\n<\/div><\/figure>\n\n\n\n<p class=\"wp-block-paragraph\">Sheinbaum asegur\u00f3 que la austeridad se ha mantenido en su administraci\u00f3n y en sus primeros dos a\u00f1os&nbsp;<strong>disminuy\u00f3 el gasto coriente&nbsp;<\/strong>en 200 mil millones de pesos, lo que ha permitido mejorar las condiciones de los servidores p\u00fablicos con bajos saliarios y aumentar la remuneraci\u00f3n de los maestros un 10% en 2025 y un 26% y 9% en 2026.&nbsp;<\/p>\n\n\n\n<p class=\"wp-block-paragraph\">Asimismo, destac\u00f3 que los ingresos del gobierno federal alcanzaron una<strong>&nbsp;cifra hist\u00f3rica<\/strong>&nbsp;de 6 billones 46 mil mdp, un aumento de 487 mil mdp respecto a 2024.&nbsp;<\/p>\n\n\n\n<h2 class=\"wp-block-heading\">Sheinbaum presume lorgos econ\u00f3micos<\/h2>\n\n\n\n<p class=\"wp-block-paragraph\">La presidenta destac\u00f3 que durante su administraci\u00f3n<strong>&nbsp;<\/strong>el<strong>&nbsp;salario m\u00ednimo<\/strong><strong>mensual<\/strong>&nbsp;pas\u00f3 de 2 mil 800 pesos en 2018 a 9 mil 282 pesos en 2026, un incremento de 54%.&nbsp;Por su parte, el salario medio alcanz\u00f3 un m\u00e1ximo hist\u00f3rico de 20 mil 212 pesos.&nbsp;<\/p>\n\n\n\n<p class=\"wp-block-paragraph\">Tambi\u00e9n afirm\u00f3 que la&nbsp;inversi\u00f3n extranjera directa durante el primer semestre de 2026 lleg\u00f3 a los 35 mil mdd, un incremento del 12% respecto al mismo periodo del 2024, mientras que el&nbsp;<strong>producto interno bruto<\/strong>&nbsp;(PIB) creci\u00f3 1.4%.&nbsp;&nbsp;<\/p>\n\n\n\n<p class=\"wp-block-paragraph\">&#8220;La inflaci\u00f3n va a la baja gracias incentivos de los&nbsp;<strong>combustibles<\/strong>&nbsp;y a los acuerdos para contrarrestar la inflaci\u00f3n y la carest\u00eda entre el sector privado, social y el gobierno&#8221;, a\u00f1adi\u00f3.&nbsp;<\/p>\n\n\n\n<p class=\"wp-block-paragraph\">En la ceremonia estuvieron presentes su gabinete, mandos militares, los presidentes reci\u00e9n designados del Senado y la C\u00e1mara de Diputados, as\u00ed como los ministros de la Suprema Corte de Justicia de la Naci\u00f3n, gobernadores y empresarios.<\/p>\n","protected":false},"excerpt":{"rendered":"<p>Por Redacci\u00f3n QP La mandataria afirm\u00f3 que su administraci\u00f3n ha seguido los principios de honradez&#8230;<\/p>\n","protected":false},"author":2,"featured_media":132052,"comment_status":"open","ping_status":"open","sticky":false,"template":"","format":"standard","meta":{"footnotes":""},"categories":[280,2],"tags":[],"class_list":["post-132051","post","type-post","status-publish","format-standard","has-post-thumbnail","hentry","category-nacionales","category-noticias"],"yoast_head":"<!-- This site is optimized with the Yoast SEO plugin v27.9 - https:\/\/yoast.com\/product\/yoast-seo-wordpress\/ -->\n<title>&quot;Hemos cuidado cada peso&quot;: Sheinbaum afirma que su gobierno no ha comprado lujos ni tiene gastos innecesarios -<\/title>\n<meta name=\"robots\" content=\"index, follow, max-snippet:-1, max-image-preview:large, max-video-preview:-1\" \/>\n<link rel=\"canonical\" href=\"https:\/\/quehacerpolitico.mx\/?p=132051\" \/>\n<meta property=\"og:locale\" content=\"es_MX\" \/>\n<meta property=\"og:type\" content=\"article\" \/>\n<meta property=\"og:title\" content=\"&quot;Hemos cuidado cada peso&quot;: Sheinbaum afirma que su gobierno no ha comprado lujos ni tiene gastos innecesarios -\" \/>\n<meta property=\"og:description\" content=\"Por Redacci\u00f3n QP La mandataria afirm\u00f3 que su administraci\u00f3n ha seguido los principios de honradez...\" \/>\n<meta property=\"og:url\" content=\"https:\/\/quehacerpolitico.mx\/?p=132051\" \/>\n<meta property=\"article:published_time\" content=\"2026-09-01T21:11:15+00:00\" \/>\n<meta property=\"article:modified_time\" content=\"2026-09-01T21:11:17+00:00\" \/>\n<meta property=\"og:image\" content=\"https:\/\/quehacerpolitico.mx\/wp-content\/uploads\/2026\/09\/IMG_9839.jpeg\" \/>\n\t<meta property=\"og:image:width\" content=\"1170\" \/>\n\t<meta property=\"og:image:height\" content=\"646\" \/>\n\t<meta property=\"og:image:type\" content=\"image\/jpeg\" \/>\n<meta name=\"author\" content=\"Redacci\u00f3n QP\" \/>\n<meta name=\"twitter:card\" content=\"summary_large_image\" \/>\n<meta name=\"twitter:label1\" content=\"Escrito por\" \/>\n\t<meta name=\"twitter:data1\" content=\"Redacci\u00f3n QP\" \/>\n\t<meta name=\"twitter:label2\" content=\"Tiempo de lectura\" \/>\n\t<meta name=\"twitter:data2\" content=\"3 minutos\" \/>\n<script type=\"application\/ld+json\" class=\"yoast-schema-graph\">{\"@context\":\"https:\\\/\\\/schema.org\",\"@graph\":[{\"@type\":\"Article\",\"@id\":\"https:\\\/\\\/quehacerpolitico.mx\\\/?p=132051#article\",\"isPartOf\":{\"@id\":\"https:\\\/\\\/quehacerpolitico.mx\\\/?p=132051\"},\"author\":{\"name\":\"Redacci\u00f3n QP\",\"@id\":\"https:\\\/\\\/quehacerpolitico.mx\\\/#\\\/schema\\\/person\\\/496d8ad2d1d3f8036101dca7ee39e585\"},\"headline\":\"&#8220;Hemos cuidado cada peso&#8221;: Sheinbaum afirma que su gobierno no ha comprado lujos ni tiene gastos innecesarios\",\"datePublished\":\"2026-09-01T21:11:15+00:00\",\"dateModified\":\"2026-09-01T21:11:17+00:00\",\"mainEntityOfPage\":{\"@id\":\"https:\\\/\\\/quehacerpolitico.mx\\\/?p=132051\"},\"wordCount\":490,\"commentCount\":0,\"image\":{\"@id\":\"https:\\\/\\\/quehacerpolitico.mx\\\/?p=132051#primaryimage\"},\"thumbnailUrl\":\"https:\\\/\\\/quehacerpolitico.mx\\\/wp-content\\\/uploads\\\/2026\\\/09\\\/IMG_9839.jpeg\",\"articleSection\":[\"Nacionales\",\"Noticias\"],\"inLanguage\":\"es\",\"potentialAction\":[{\"@type\":\"CommentAction\",\"name\":\"Comment\",\"target\":[\"https:\\\/\\\/quehacerpolitico.mx\\\/?p=132051#respond\"]}]},{\"@type\":\"WebPage\",\"@id\":\"https:\\\/\\\/quehacerpolitico.mx\\\/?p=132051\",\"url\":\"https:\\\/\\\/quehacerpolitico.mx\\\/?p=132051\",\"name\":\"\\\"Hemos cuidado cada peso\\\": Sheinbaum afirma que su gobierno no ha comprado lujos ni tiene gastos innecesarios -\",\"isPartOf\":{\"@id\":\"https:\\\/\\\/quehacerpolitico.mx\\\/#website\"},\"primaryImageOfPage\":{\"@id\":\"https:\\\/\\\/quehacerpolitico.mx\\\/?p=132051#primaryimage\"},\"image\":{\"@id\":\"https:\\\/\\\/quehacerpolitico.mx\\\/?p=132051#primaryimage\"},\"thumbnailUrl\":\"https:\\\/\\\/quehacerpolitico.mx\\\/wp-content\\\/uploads\\\/2026\\\/09\\\/IMG_9839.jpeg\",\"datePublished\":\"2026-09-01T21:11:15+00:00\",\"dateModified\":\"2026-09-01T21:11:17+00:00\",\"author\":{\"@id\":\"https:\\\/\\\/quehacerpolitico.mx\\\/#\\\/schema\\\/person\\\/496d8ad2d1d3f8036101dca7ee39e585\"},\"breadcrumb\":{\"@id\":\"https:\\\/\\\/quehacerpolitico.mx\\\/?p=132051#breadcrumb\"},\"inLanguage\":\"es\",\"potentialAction\":[{\"@type\":\"ReadAction\",\"target\":[\"https:\\\/\\\/quehacerpolitico.mx\\\/?p=132051\"]}]},{\"@type\":\"ImageObject\",\"inLanguage\":\"es\",\"@id\":\"https:\\\/\\\/quehacerpolitico.mx\\\/?p=132051#primaryimage\",\"url\":\"https:\\\/\\\/quehacerpolitico.mx\\\/wp-content\\\/uploads\\\/2026\\\/09\\\/IMG_9839.jpeg\",\"contentUrl\":\"https:\\\/\\\/quehacerpolitico.mx\\\/wp-content\\\/uploads\\\/2026\\\/09\\\/IMG_9839.jpeg\",\"width\":1170,\"height\":646,\"caption\":\"Screenshot\"},{\"@type\":\"BreadcrumbList\",\"@id\":\"https:\\\/\\\/quehacerpolitico.mx\\\/?p=132051#breadcrumb\",\"itemListElement\":[{\"@type\":\"ListItem\",\"position\":1,\"name\":\"Inicio\",\"item\":\"https:\\\/\\\/quehacerpolitico.mx\\\/\"},{\"@type\":\"ListItem\",\"position\":2,\"name\":\"&#8220;Hemos cuidado cada peso&#8221;: Sheinbaum afirma que su gobierno no ha comprado lujos ni tiene gastos innecesarios\"}]},{\"@type\":\"WebSite\",\"@id\":\"https:\\\/\\\/quehacerpolitico.mx\\\/#website\",\"url\":\"https:\\\/\\\/quehacerpolitico.mx\\\/\",\"name\":\"\",\"description\":\"\",\"potentialAction\":[{\"@type\":\"SearchAction\",\"target\":{\"@type\":\"EntryPoint\",\"urlTemplate\":\"https:\\\/\\\/quehacerpolitico.mx\\\/?s={search_term_string}\"},\"query-input\":{\"@type\":\"PropertyValueSpecification\",\"valueRequired\":true,\"valueName\":\"search_term_string\"}}],\"inLanguage\":\"es\"},{\"@type\":\"Person\",\"@id\":\"https:\\\/\\\/quehacerpolitico.mx\\\/#\\\/schema\\\/person\\\/496d8ad2d1d3f8036101dca7ee39e585\",\"name\":\"Redacci\u00f3n QP\",\"image\":{\"@type\":\"ImageObject\",\"inLanguage\":\"es\",\"@id\":\"https:\\\/\\\/secure.gravatar.com\\\/avatar\\\/c7164ed6fdec453195284ad24a5ae5b6e1eed2b848477fa2a4787ba9adf39a41?s=96&d=mm&r=g\",\"url\":\"https:\\\/\\\/secure.gravatar.com\\\/avatar\\\/c7164ed6fdec453195284ad24a5ae5b6e1eed2b848477fa2a4787ba9adf39a41?s=96&d=mm&r=g\",\"contentUrl\":\"https:\\\/\\\/secure.gravatar.com\\\/avatar\\\/c7164ed6fdec453195284ad24a5ae5b6e1eed2b848477fa2a4787ba9adf39a41?s=96&d=mm&r=g\",\"caption\":\"Redacci\u00f3n QP\"},\"url\":\"https:\\\/\\\/quehacerpolitico.mx\\\/?author=2\"}]}<\/script>\n<!-- \/ Yoast SEO plugin. -->","yoast_head_json":{"title":"\"Hemos cuidado cada peso\": Sheinbaum afirma que su gobierno no ha comprado lujos ni tiene gastos innecesarios -","robots":{"index":"index","follow":"follow","max-snippet":"max-snippet:-1","max-image-preview":"max-image-preview:large","max-video-preview":"max-video-preview:-1"},"canonical":"https:\/\/quehacerpolitico.mx\/?p=132051","og_locale":"es_MX","og_type":"article","og_title":"\"Hemos cuidado cada peso\": Sheinbaum afirma que su gobierno no ha comprado lujos ni tiene gastos innecesarios -","og_description":"Por Redacci\u00f3n QP La mandataria afirm\u00f3 que su administraci\u00f3n ha seguido los principios de honradez...","og_url":"https:\/\/quehacerpolitico.mx\/?p=132051","article_published_time":"2026-09-01T21:11:15+00:00","article_modified_time":"2026-09-01T21:11:17+00:00","og_image":[{"width":1170,"height":646,"url":"https:\/\/quehacerpolitico.mx\/wp-content\/uploads\/2026\/09\/IMG_9839.jpeg","type":"image\/jpeg"}],"author":"Redacci\u00f3n QP","twitter_card":"summary_large_image","twitter_misc":{"Escrito por":"Redacci\u00f3n QP","Tiempo de lectura":"3 minutos"},"schema":{"@context":"https:\/\/schema.org","@graph":[{"@type":"Article","@id":"https:\/\/quehacerpolitico.mx\/?p=132051#article","isPartOf":{"@id":"https:\/\/quehacerpolitico.mx\/?p=132051"},"author":{"name":"Redacci\u00f3n QP","@id":"https:\/\/quehacerpolitico.mx\/#\/schema\/person\/496d8ad2d1d3f8036101dca7ee39e585"},"headline":"&#8220;Hemos cuidado cada peso&#8221;: Sheinbaum afirma que su gobierno no ha comprado lujos ni tiene gastos innecesarios","datePublished":"2026-09-01T21:11:15+00:00","dateModified":"2026-09-01T21:11:17+00:00","mainEntityOfPage":{"@id":"https:\/\/quehacerpolitico.mx\/?p=132051"},"wordCount":490,"commentCount":0,"image":{"@id":"https:\/\/quehacerpolitico.mx\/?p=132051#primaryimage"},"thumbnailUrl":"https:\/\/quehacerpolitico.mx\/wp-content\/uploads\/2026\/09\/IMG_9839.jpeg","articleSection":["Nacionales","Noticias"],"inLanguage":"es","potentialAction":[{"@type":"CommentAction","name":"Comment","target":["https:\/\/quehacerpolitico.mx\/?p=132051#respond"]}]},{"@type":"WebPage","@id":"https:\/\/quehacerpolitico.mx\/?p=132051","url":"https:\/\/quehacerpolitico.mx\/?p=132051","name":"\"Hemos cuidado cada peso\": Sheinbaum afirma que su gobierno no ha comprado lujos ni tiene gastos innecesarios -","isPartOf":{"@id":"https:\/\/quehacerpolitico.mx\/#website"},"primaryImageOfPage":{"@id":"https:\/\/quehacerpolitico.mx\/?p=132051#primaryimage"},"image":{"@id":"https:\/\/quehacerpolitico.mx\/?p=132051#primaryimage"},"thumbnailUrl":"https:\/\/quehacerpolitico.mx\/wp-content\/uploads\/2026\/09\/IMG_9839.jpeg","datePublished":"2026-09-01T21:11:15+00:00","dateModified":"2026-09-01T21:11:17+00:00","author":{"@id":"https:\/\/quehacerpolitico.mx\/#\/schema\/person\/496d8ad2d1d3f8036101dca7ee39e585"},"breadcrumb":{"@id":"https:\/\/quehacerpolitico.mx\/?p=132051#breadcrumb"},"inLanguage":"es","potentialAction":[{"@type":"ReadAction","target":["https:\/\/quehacerpolitico.mx\/?p=132051"]}]},{"@type":"ImageObject","inLanguage":"es","@id":"https:\/\/quehacerpolitico.mx\/?p=132051#primaryimage","url":"https:\/\/quehacerpolitico.mx\/wp-content\/uploads\/2026\/09\/IMG_9839.jpeg","contentUrl":"https:\/\/quehacerpolitico.mx\/wp-content\/uploads\/2026\/09\/IMG_9839.jpeg","width":1170,"height":646,"caption":"Screenshot"},{"@type":"BreadcrumbList","@id":"https:\/\/quehacerpolitico.mx\/?p=132051#breadcrumb","itemListElement":[{"@type":"ListItem","position":1,"name":"Inicio","item":"https:\/\/quehacerpolitico.mx\/"},{"@type":"ListItem","position":2,"name":"&#8220;Hemos cuidado cada peso&#8221;: Sheinbaum afirma que su gobierno no ha comprado lujos ni tiene gastos innecesarios"}]},{"@type":"WebSite","@id":"https:\/\/quehacerpolitico.mx\/#website","url":"https:\/\/quehacerpolitico.mx\/","name":"","description":"","potentialAction":[{"@type":"SearchAction","target":{"@type":"EntryPoint","urlTemplate":"https:\/\/quehacerpolitico.mx\/?s={search_term_string}"},"query-input":{"@type":"PropertyValueSpecification","valueRequired":true,"valueName":"search_term_string"}}],"inLanguage":"es"},{"@type":"Person","@id":"https:\/\/quehacerpolitico.mx\/#\/schema\/person\/496d8ad2d1d3f8036101dca7ee39e585","name":"Redacci\u00f3n QP","image":{"@type":"ImageObject","inLanguage":"es","@id":"https:\/\/secure.gravatar.com\/avatar\/c7164ed6fdec453195284ad24a5ae5b6e1eed2b848477fa2a4787ba9adf39a41?s=96&d=mm&r=g","url":"https:\/\/secure.gravatar.com\/avatar\/c7164ed6fdec453195284ad24a5ae5b6e1eed2b848477fa2a4787ba9adf39a41?s=96&d=mm&r=g","contentUrl":"https:\/\/secure.gravatar.com\/avatar\/c7164ed6fdec453195284ad24a5ae5b6e1eed2b848477fa2a4787ba9adf39a41?s=96&d=mm&r=g","caption":"Redacci\u00f3n QP"},"url":"https:\/\/quehacerpolitico.mx\/?author=2"}]}},"featured_image_urls":{"full":["https:\/\/quehacerpolitico.mx\/wp-content\/uploads\/2026\/09\/IMG_9839.jpeg",1170,646,false],"thumbnail":["https:\/\/quehacerpolitico.mx\/wp-content\/uploads\/2026\/09\/IMG_9839-150x150.jpeg",150,150,true],"medium":["https:\/\/quehacerpolitico.mx\/wp-content\/uploads\/2026\/09\/IMG_9839-300x166.jpeg",300,166,true],"medium_large":["https:\/\/quehacerpolitico.mx\/wp-content\/uploads\/2026\/09\/IMG_9839-768x424.jpeg",640,353,true],"large":["https:\/\/quehacerpolitico.mx\/wp-content\/uploads\/2026\/09\/IMG_9839-1024x565.jpeg",640,353,true],"1536x1536":["https:\/\/quehacerpolitico.mx\/wp-content\/uploads\/2026\/09\/IMG_9839.jpeg",1170,646,false],"2048x2048":["https:\/\/quehacerpolitico.mx\/wp-content\/uploads\/2026\/09\/IMG_9839.jpeg",1170,646,false],"covernews-featured":["https:\/\/quehacerpolitico.mx\/wp-content\/uploads\/2026\/09\/IMG_9839-1024x565.jpeg",1024,565,true],"covernews-medium":["https:\/\/quehacerpolitico.mx\/wp-content\/uploads\/2026\/09\/IMG_9839-540x340.jpeg",540,340,true]},"author_info":{"display_name":"Redacci\u00f3n QP","author_link":"https:\/\/quehacerpolitico.mx\/?author=2"},"category_info":"<a href=\"https:\/\/quehacerpolitico.mx\/?cat=280\" rel=\"category\">Nacionales<\/a> <a href=\"https:\/\/quehacerpolitico.mx\/?cat=2\" rel=\"category\">Noticias<\/a>","tag_info":"Noticias","comment_count":"0","_links":{"self":[{"href":"https:\/\/quehacerpolitico.mx\/index.php?rest_route=\/wp\/v2\/posts\/132051","targetHints":{"allow":["GET"]}}],"collection":[{"href":"https:\/\/quehacerpolitico.mx\/index.php?rest_route=\/wp\/v2\/posts"}],"about":[{"href":"https:\/\/quehacerpolitico.mx\/index.php?rest_route=\/wp\/v2\/types\/post"}],"author":[{"embeddable":true,"href":"https:\/\/quehacerpolitico.mx\/index.php?rest_route=\/wp\/v2\/users\/2"}],"replies":[{"embeddable":true,"href":"https:\/\/quehacerpolitico.mx\/index.php?rest_route=%2Fwp%2Fv2%2Fcomments&post=132051"}],"version-history":[{"count":1,"href":"https:\/\/quehacerpolitico.mx\/index.php?rest_route=\/wp\/v2\/posts\/132051\/revisions"}],"predecessor-version":[{"id":132053,"href":"https:\/\/quehacerpolitico.mx\/index.php?rest_route=\/wp\/v2\/posts\/132051\/revisions\/132053"}],"wp:featuredmedia":[{"embeddable":true,"href":"https:\/\/quehacerpolitico.mx\/index.php?rest_route=\/wp\/v2\/media\/132052"}],"wp:attachment":[{"href":"https:\/\/quehacerpolitico.mx\/index.php?rest_route=%2Fwp%2Fv2%2Fmedia&parent=132051"}],"wp:term":[{"taxonomy":"category","embeddable":true,"href":"https:\/\/quehacerpolitico.mx\/index.php?rest_route=%2Fwp%2Fv2%2Fcategories&post=132051"},{"taxonomy":"post_tag","embeddable":true,"href":"https:\/\/quehacerpolitico.mx\/index.php?rest_route=%2Fwp%2Fv2%2Ftags&post=132051"}],"curies":[{"name":"wp","href":"https:\/\/api.w.org\/{rel}","templated":true}]}}