{"id":132045,"date":"2026-09-01T09:54:47","date_gmt":"2026-09-01T15:54:47","guid":{"rendered":"https:\/\/quehacerpolitico.mx\/?p=132045"},"modified":"2026-09-01T09:54:49","modified_gmt":"2026-09-01T15:54:49","slug":"el-quehacer-politico-a-traves-de-la-opinion-de-iliana-berenice-duran-espinosa-y-su-vision-morena-frente-al-espejo-el-fin-de-la-luna-de-miel","status":"publish","type":"post","link":"https:\/\/quehacerpolitico.mx\/?p=132045","title":{"rendered":"El Quehacer Pol\u00edtico a trav\u00e9s de la opini\u00f3n de Iliana Berenice Dur\u00e1n Espinosa y su Visi\u00f3n\/\/\/MORENA FRENTE AL ESPEJO &#8211; El fin de la luna de miel"},"content":{"rendered":"\n<p class=\"wp-block-paragraph\">Por Iliana Berenice Dur\u00e1n Espinosa <\/p>\n\n\n\n<p class=\"wp-block-paragraph\">Lo que hoy vive Morena no es una crisis pasajera. Es la primera crisis existencial del obradorismo sin L\u00f3pez Obrador en Palacio.<br>En solo dos a\u00f1os, el movimiento que arras\u00f3 en 2024 pas\u00f3 de la unidad monol\u00edtica a una guerra abierta en tres frentes simult\u00e1neos: el judicial, el moral y el interno. Y en el centro de los tres est\u00e1n los mismos nombres: Andy L\u00f3pez Beltr\u00e1n y Ad\u00e1n Augusto L\u00f3pez Hern\u00e1ndez.<br>1. El caso Andy: del heredero al investigado<br>Andr\u00e9s Manuel L\u00f3pez Beltr\u00e1n, &#8220;Andy&#8221;, fue construido como el guardi\u00e1n del legado. Como secretario de Organizaci\u00f3n de Morena controlaba candidaturas, padr\u00f3n y estructura territorial.<br>Hoy ese capital se derrumb\u00f3. Renunci\u00f3 a la secretar\u00eda en mayo para buscar una diputaci\u00f3n federal por Tabasco, arropado por Ad\u00e1n Augusto y Ricardo Monreal, en lo que muchos vieron como un intento de conseguir fuero. \ufffc<br>\u00bfPor qu\u00e9? El apellido L\u00f3pez Beltr\u00e1n aparece en dos expedientes que crecieron en paralelo:<br>a) El huachicol fiscal: La red de importaci\u00f3n ilegal de combustible vinculada a Sergio Carmona, &#8220;El Rey del Huachicol&#8221;. La investigaci\u00f3n que el gobierno de Estados Unidos sigue, seg\u00fan reportes, contra tres morenistas por presuntos v\u00ednculos con Carmona incluye a Ad\u00e1n Augusto, a Andy y a Jos\u00e9 Ram\u00f3n G\u00f3mez Leal. \ufffc<br>b) El clan del Tren Maya y Petrogesa: El PRI present\u00f3 denuncia penal acusando directamente a un presunto clan encabezado por Andy de coordinar cobros en la construcci\u00f3n del Tren Maya y temas de huachicol fiscal. A esto se suma el se\u00f1alamiento contra el empresario Miguel S\u00e1nchez Zumaya, due\u00f1o de Petrogesa, que de no tener historial como contratista federal pas\u00f3 a recibir adjudicaciones directas de PEMEX y que se jacta de su cercan\u00eda con Andy y con el grupo de Ad\u00e1n Augusto. \ufffc<br>Andy lo niega todo y acusa que es una campa\u00f1a iniciada desde la reforma energ\u00e9tica de Pe\u00f1a Nieto. Pero el da\u00f1o est\u00e1 hecho. Como titul\u00f3 El Universal: Ad\u00e1n, Monreal y Andy quedaron borrados. De figuras estelares de la 4T a la par del triunfo de Sheinbaum, a activos t\u00f3xicos en dos a\u00f1os. \ufffc<br>Y la alerta m\u00e1xima: seg\u00fan la columna de Raymundo Riva Palacio, EU ya revoc\u00f3 la visa a Ad\u00e1n Augusto por investigaci\u00f3n de huachicol, y en Palacio Nacional temen que la indagatoria alcance a Andy. \ufffc<br>2. El caso Ad\u00e1n Augusto: La Barredora<br>Si lo de Andy es el frente moral, lo de Ad\u00e1n Augusto es el frente penal.<br>Su ex secretario de Seguridad en Tabasco, Hern\u00e1n Berm\u00fadez Requena, alias &#8220;Comandante H&#8221;, est\u00e1 detenido acusado de encabezar La Barredora, c\u00e9lula dedicada a extorsi\u00f3n, narcotr\u00e1fico y huachicol, vinculada al CJNG. Fue detenido en Paraguay en septiembre de 2025. \ufffc<br>Ad\u00e1n Augusto dice estar tranquilo y sin preocupaciones, y la FGR ha dicho que por ahora no ha sido citado a declarar. El fiscal de Tabasco tambi\u00e9n afirm\u00f3 que no ser\u00e1 llamado. \ufffc<br>Pero los n\u00fameros no ayudan: durante su gubernatura el huachicol en Tabasco se dispar\u00f3 167%, en paralelo al crecimiento de La Barredora, creada en 2019 cuando Berm\u00fadez fue nombrado director de la Polic\u00eda de Investigaci\u00f3n por el propio Ad\u00e1n Augusto. Testigos hoy declaran que Berm\u00fadez enviaba 40 mdp en avionetas a empresarios cercanos. \ufffc<br>La pregunta que flota en San L\u00e1zaro y en el Senado no es jur\u00eddica, es pol\u00edtica: \u00bfc\u00f3mo un secretario de Gobernaci\u00f3n, el hombre m\u00e1s informado del gabinete, no sab\u00eda lo que hac\u00eda su secretario de Seguridad y amigo de a\u00f1os?<br>3. Duros vs Claudistas: La fractura real<br>Aqu\u00ed es donde el huachicoleo deja de ser nota roja y se vuelve lucha por el poder.<br>Morena siempre tuvo dos almas. Hoy tienen nombre:<br>Los Duros u Obradoristas puros: Gobernadores, operadores territoriales, el grupo Tabasco. Ad\u00e1n Augusto, Monreal, Andy. Defienden el control del partido, la movilizaci\u00f3n dura y el legado sin matices. Un an\u00e1lisis interno lo reconoce: los gobernadores est\u00e1n del lado de los duros. La mitad juegan con Ad\u00e1n Augusto. \ufffc<br>Los Claudistas o Moderados: El equipo de Claudia Sheinbaum, encabezado en operaci\u00f3n pol\u00edtica por Rabindranath Salazar, Garc\u00eda Harfuch y el gabinete cient\u00edfico. Tienen el apoyo presidencial y de una parte del Senado, pero menos estructura territorial. \ufffc<br>La Reforma Electoral fue la primera batalla. Monreal dijo que deb\u00eda ser de consenso con la oposici\u00f3n, Sheinbaum pidi\u00f3 cerrar filas, la alianza con PT y Verde estuvo a punto de romperse por esta reforma. Sheinbaum niega fractura y dice que la 4T va para largo, pero los datos la contradicen: mientras su aprobaci\u00f3n personal se mantiene, Morena perdi\u00f3 12 puntos en intenci\u00f3n de voto en 12 meses. \ufffc<br>Los duros acusan a los claudistas de traicionar el obradorismo. Los claudistas acusan a los duros de ser el lastre de corrupci\u00f3n que puede hundir al gobierno.<br>4. \u00bfQu\u00e9 se pronostica?<br>No hay ruptura inmediata, pero s\u00ed tres escenarios hacia 2027:<br>Escenario 1 &#8211; La purga controlada (el m\u00e1s probable para Sheinbaum): Sheinbaum deja que la FGR y EU hagan su trabajo, sacrifica a Ad\u00e1n Augusto de la coordinaci\u00f3n del Senado y a\u00edsla a Andy en Tabasco. Gana autoridad moral, pero pierde operadores para 2027. Es lo que ya empez\u00f3: &#8220;borrarlos&#8221;.<br>Escenario 2 &#8211; El pacto de impunidad: Morena cierra filas a la fuerza, protege a Ad\u00e1n y a Andy para no dar la raz\u00f3n a la oposici\u00f3n. Mantiene estructura, pero le entrega a la oposici\u00f3n la bandera de la corrupci\u00f3n y acelera la ca\u00edda de la marca Morena frente a la marca Sheinbaum.<br>Escenario 3 &#8211; La escisi\u00f3n: Si la investigaci\u00f3n de EU escala a acusaciones formales de huachicol fiscal y La Barredora toca directamente a Andy, los duros rompen y forman un polo obradorista puro que compita contra el claudismo en 2027 y 2030.<br>Morena lleg\u00f3 al poder prometiendo no ser como los otros. Hoy el huachicol fiscal, La Barredora y los apellidos Tabasco le est\u00e1n poniendo el espejo m\u00e1s inc\u00f3modo: el de parecerse exactamente a lo que jur\u00f3 destruir.<br>La presidenta tiene el respaldo popular. Lo que ya no tiene es tiempo para fingir que no ve la grieta.<\/p>\n\n\n\n<p class=\"wp-block-paragraph\">As\u00ed el Quehacer Pol\u00edtico Desde 1980, 46 a\u00f1os inquiriendo en la pol\u00edtica de M\u00e9xico, cuestionando, exponiendo, revelando y razonando desde Mi Visi\u00f3n.Es cuanto.<\/p>\n","protected":false},"excerpt":{"rendered":"<p>Por Iliana Berenice Dur\u00e1n Espinosa Lo que hoy vive Morena no es una crisis pasajera&#8230;.<\/p>\n","protected":false},"author":2,"featured_media":131583,"comment_status":"open","ping_status":"open","sticky":false,"template":"","format":"standard","meta":{"footnotes":""},"categories":[280,2],"tags":[],"class_list":["post-132045","post","type-post","status-publish","format-standard","has-post-thumbnail","hentry","category-nacionales","category-noticias"],"yoast_head":"<!-- This site is optimized with the Yoast SEO plugin v27.9 - https:\/\/yoast.com\/product\/yoast-seo-wordpress\/ -->\n<title>El Quehacer Pol\u00edtico a trav\u00e9s de la opini\u00f3n de Iliana Berenice Dur\u00e1n Espinosa y su Visi\u00f3n\/\/\/MORENA FRENTE AL ESPEJO - El fin de la luna de miel -<\/title>\n<meta name=\"robots\" content=\"index, follow, max-snippet:-1, max-image-preview:large, max-video-preview:-1\" \/>\n<link rel=\"canonical\" href=\"https:\/\/quehacerpolitico.mx\/?p=132045\" \/>\n<meta property=\"og:locale\" content=\"es_MX\" \/>\n<meta property=\"og:type\" content=\"article\" \/>\n<meta property=\"og:title\" content=\"El Quehacer Pol\u00edtico a trav\u00e9s de la opini\u00f3n de Iliana Berenice Dur\u00e1n Espinosa y su Visi\u00f3n\/\/\/MORENA FRENTE AL ESPEJO - El fin de la luna de miel -\" \/>\n<meta property=\"og:description\" content=\"Por Iliana Berenice Dur\u00e1n Espinosa Lo que hoy vive Morena no es una crisis pasajera....\" \/>\n<meta property=\"og:url\" content=\"https:\/\/quehacerpolitico.mx\/?p=132045\" \/>\n<meta property=\"article:published_time\" content=\"2026-09-01T15:54:47+00:00\" \/>\n<meta property=\"article:modified_time\" content=\"2026-09-01T15:54:49+00:00\" \/>\n<meta property=\"og:image\" content=\"https:\/\/quehacerpolitico.mx\/wp-content\/uploads\/2026\/08\/0f4ff76e-f5dc-4c12-b138-0097e76f1ee2.jpeg\" \/>\n\t<meta property=\"og:image:width\" content=\"963\" \/>\n\t<meta property=\"og:image:height\" content=\"493\" \/>\n\t<meta property=\"og:image:type\" content=\"image\/jpeg\" \/>\n<meta name=\"author\" content=\"Redacci\u00f3n QP\" \/>\n<meta name=\"twitter:card\" content=\"summary_large_image\" \/>\n<meta name=\"twitter:label1\" content=\"Escrito por\" \/>\n\t<meta name=\"twitter:data1\" content=\"Redacci\u00f3n QP\" \/>\n\t<meta name=\"twitter:label2\" content=\"Tiempo de lectura\" \/>\n\t<meta name=\"twitter:data2\" content=\"5 minutos\" \/>\n<script type=\"application\/ld+json\" class=\"yoast-schema-graph\">{\"@context\":\"https:\\\/\\\/schema.org\",\"@graph\":[{\"@type\":\"Article\",\"@id\":\"https:\\\/\\\/quehacerpolitico.mx\\\/?p=132045#article\",\"isPartOf\":{\"@id\":\"https:\\\/\\\/quehacerpolitico.mx\\\/?p=132045\"},\"author\":{\"name\":\"Redacci\u00f3n QP\",\"@id\":\"https:\\\/\\\/quehacerpolitico.mx\\\/#\\\/schema\\\/person\\\/496d8ad2d1d3f8036101dca7ee39e585\"},\"headline\":\"El Quehacer Pol\u00edtico a trav\u00e9s de la opini\u00f3n de Iliana Berenice Dur\u00e1n Espinosa y su Visi\u00f3n\\\/\\\/\\\/MORENA FRENTE AL ESPEJO &#8211; El fin de la luna de miel\",\"datePublished\":\"2026-09-01T15:54:47+00:00\",\"dateModified\":\"2026-09-01T15:54:49+00:00\",\"mainEntityOfPage\":{\"@id\":\"https:\\\/\\\/quehacerpolitico.mx\\\/?p=132045\"},\"wordCount\":1125,\"commentCount\":0,\"image\":{\"@id\":\"https:\\\/\\\/quehacerpolitico.mx\\\/?p=132045#primaryimage\"},\"thumbnailUrl\":\"https:\\\/\\\/quehacerpolitico.mx\\\/wp-content\\\/uploads\\\/2026\\\/08\\\/0f4ff76e-f5dc-4c12-b138-0097e76f1ee2.jpeg\",\"articleSection\":[\"Nacionales\",\"Noticias\"],\"inLanguage\":\"es\",\"potentialAction\":[{\"@type\":\"CommentAction\",\"name\":\"Comment\",\"target\":[\"https:\\\/\\\/quehacerpolitico.mx\\\/?p=132045#respond\"]}]},{\"@type\":\"WebPage\",\"@id\":\"https:\\\/\\\/quehacerpolitico.mx\\\/?p=132045\",\"url\":\"https:\\\/\\\/quehacerpolitico.mx\\\/?p=132045\",\"name\":\"El Quehacer Pol\u00edtico a trav\u00e9s de la opini\u00f3n de Iliana Berenice Dur\u00e1n Espinosa y su Visi\u00f3n\\\/\\\/\\\/MORENA FRENTE AL ESPEJO - El fin de la luna de miel -\",\"isPartOf\":{\"@id\":\"https:\\\/\\\/quehacerpolitico.mx\\\/#website\"},\"primaryImageOfPage\":{\"@id\":\"https:\\\/\\\/quehacerpolitico.mx\\\/?p=132045#primaryimage\"},\"image\":{\"@id\":\"https:\\\/\\\/quehacerpolitico.mx\\\/?p=132045#primaryimage\"},\"thumbnailUrl\":\"https:\\\/\\\/quehacerpolitico.mx\\\/wp-content\\\/uploads\\\/2026\\\/08\\\/0f4ff76e-f5dc-4c12-b138-0097e76f1ee2.jpeg\",\"datePublished\":\"2026-09-01T15:54:47+00:00\",\"dateModified\":\"2026-09-01T15:54:49+00:00\",\"author\":{\"@id\":\"https:\\\/\\\/quehacerpolitico.mx\\\/#\\\/schema\\\/person\\\/496d8ad2d1d3f8036101dca7ee39e585\"},\"breadcrumb\":{\"@id\":\"https:\\\/\\\/quehacerpolitico.mx\\\/?p=132045#breadcrumb\"},\"inLanguage\":\"es\",\"potentialAction\":[{\"@type\":\"ReadAction\",\"target\":[\"https:\\\/\\\/quehacerpolitico.mx\\\/?p=132045\"]}]},{\"@type\":\"ImageObject\",\"inLanguage\":\"es\",\"@id\":\"https:\\\/\\\/quehacerpolitico.mx\\\/?p=132045#primaryimage\",\"url\":\"https:\\\/\\\/quehacerpolitico.mx\\\/wp-content\\\/uploads\\\/2026\\\/08\\\/0f4ff76e-f5dc-4c12-b138-0097e76f1ee2.jpeg\",\"contentUrl\":\"https:\\\/\\\/quehacerpolitico.mx\\\/wp-content\\\/uploads\\\/2026\\\/08\\\/0f4ff76e-f5dc-4c12-b138-0097e76f1ee2.jpeg\",\"width\":963,\"height\":493},{\"@type\":\"BreadcrumbList\",\"@id\":\"https:\\\/\\\/quehacerpolitico.mx\\\/?p=132045#breadcrumb\",\"itemListElement\":[{\"@type\":\"ListItem\",\"position\":1,\"name\":\"Inicio\",\"item\":\"https:\\\/\\\/quehacerpolitico.mx\\\/\"},{\"@type\":\"ListItem\",\"position\":2,\"name\":\"El Quehacer Pol\u00edtico a trav\u00e9s de la opini\u00f3n de Iliana Berenice Dur\u00e1n Espinosa y su Visi\u00f3n\\\/\\\/\\\/MORENA FRENTE AL ESPEJO &#8211; El fin de la luna de miel\"}]},{\"@type\":\"WebSite\",\"@id\":\"https:\\\/\\\/quehacerpolitico.mx\\\/#website\",\"url\":\"https:\\\/\\\/quehacerpolitico.mx\\\/\",\"name\":\"\",\"description\":\"\",\"potentialAction\":[{\"@type\":\"SearchAction\",\"target\":{\"@type\":\"EntryPoint\",\"urlTemplate\":\"https:\\\/\\\/quehacerpolitico.mx\\\/?s={search_term_string}\"},\"query-input\":{\"@type\":\"PropertyValueSpecification\",\"valueRequired\":true,\"valueName\":\"search_term_string\"}}],\"inLanguage\":\"es\"},{\"@type\":\"Person\",\"@id\":\"https:\\\/\\\/quehacerpolitico.mx\\\/#\\\/schema\\\/person\\\/496d8ad2d1d3f8036101dca7ee39e585\",\"name\":\"Redacci\u00f3n QP\",\"image\":{\"@type\":\"ImageObject\",\"inLanguage\":\"es\",\"@id\":\"https:\\\/\\\/secure.gravatar.com\\\/avatar\\\/c7164ed6fdec453195284ad24a5ae5b6e1eed2b848477fa2a4787ba9adf39a41?s=96&d=mm&r=g\",\"url\":\"https:\\\/\\\/secure.gravatar.com\\\/avatar\\\/c7164ed6fdec453195284ad24a5ae5b6e1eed2b848477fa2a4787ba9adf39a41?s=96&d=mm&r=g\",\"contentUrl\":\"https:\\\/\\\/secure.gravatar.com\\\/avatar\\\/c7164ed6fdec453195284ad24a5ae5b6e1eed2b848477fa2a4787ba9adf39a41?s=96&d=mm&r=g\",\"caption\":\"Redacci\u00f3n QP\"},\"url\":\"https:\\\/\\\/quehacerpolitico.mx\\\/?author=2\"}]}<\/script>\n<!-- \/ Yoast SEO plugin. -->","yoast_head_json":{"title":"El Quehacer Pol\u00edtico a trav\u00e9s de la opini\u00f3n de Iliana Berenice Dur\u00e1n Espinosa y su Visi\u00f3n\/\/\/MORENA FRENTE AL ESPEJO - El fin de la luna de miel -","robots":{"index":"index","follow":"follow","max-snippet":"max-snippet:-1","max-image-preview":"max-image-preview:large","max-video-preview":"max-video-preview:-1"},"canonical":"https:\/\/quehacerpolitico.mx\/?p=132045","og_locale":"es_MX","og_type":"article","og_title":"El Quehacer Pol\u00edtico a trav\u00e9s de la opini\u00f3n de Iliana Berenice Dur\u00e1n Espinosa y su Visi\u00f3n\/\/\/MORENA FRENTE AL ESPEJO - El fin de la luna de miel -","og_description":"Por Iliana Berenice Dur\u00e1n Espinosa Lo que hoy vive Morena no es una crisis pasajera....","og_url":"https:\/\/quehacerpolitico.mx\/?p=132045","article_published_time":"2026-09-01T15:54:47+00:00","article_modified_time":"2026-09-01T15:54:49+00:00","og_image":[{"width":963,"height":493,"url":"https:\/\/quehacerpolitico.mx\/wp-content\/uploads\/2026\/08\/0f4ff76e-f5dc-4c12-b138-0097e76f1ee2.jpeg","type":"image\/jpeg"}],"author":"Redacci\u00f3n QP","twitter_card":"summary_large_image","twitter_misc":{"Escrito por":"Redacci\u00f3n QP","Tiempo de lectura":"5 minutos"},"schema":{"@context":"https:\/\/schema.org","@graph":[{"@type":"Article","@id":"https:\/\/quehacerpolitico.mx\/?p=132045#article","isPartOf":{"@id":"https:\/\/quehacerpolitico.mx\/?p=132045"},"author":{"name":"Redacci\u00f3n QP","@id":"https:\/\/quehacerpolitico.mx\/#\/schema\/person\/496d8ad2d1d3f8036101dca7ee39e585"},"headline":"El Quehacer Pol\u00edtico a trav\u00e9s de la opini\u00f3n de Iliana Berenice Dur\u00e1n Espinosa y su Visi\u00f3n\/\/\/MORENA FRENTE AL ESPEJO &#8211; El fin de la luna de miel","datePublished":"2026-09-01T15:54:47+00:00","dateModified":"2026-09-01T15:54:49+00:00","mainEntityOfPage":{"@id":"https:\/\/quehacerpolitico.mx\/?p=132045"},"wordCount":1125,"commentCount":0,"image":{"@id":"https:\/\/quehacerpolitico.mx\/?p=132045#primaryimage"},"thumbnailUrl":"https:\/\/quehacerpolitico.mx\/wp-content\/uploads\/2026\/08\/0f4ff76e-f5dc-4c12-b138-0097e76f1ee2.jpeg","articleSection":["Nacionales","Noticias"],"inLanguage":"es","potentialAction":[{"@type":"CommentAction","name":"Comment","target":["https:\/\/quehacerpolitico.mx\/?p=132045#respond"]}]},{"@type":"WebPage","@id":"https:\/\/quehacerpolitico.mx\/?p=132045","url":"https:\/\/quehacerpolitico.mx\/?p=132045","name":"El Quehacer Pol\u00edtico a trav\u00e9s de la opini\u00f3n de Iliana Berenice Dur\u00e1n Espinosa y su Visi\u00f3n\/\/\/MORENA FRENTE AL ESPEJO - El fin de la luna de miel -","isPartOf":{"@id":"https:\/\/quehacerpolitico.mx\/#website"},"primaryImageOfPage":{"@id":"https:\/\/quehacerpolitico.mx\/?p=132045#primaryimage"},"image":{"@id":"https:\/\/quehacerpolitico.mx\/?p=132045#primaryimage"},"thumbnailUrl":"https:\/\/quehacerpolitico.mx\/wp-content\/uploads\/2026\/08\/0f4ff76e-f5dc-4c12-b138-0097e76f1ee2.jpeg","datePublished":"2026-09-01T15:54:47+00:00","dateModified":"2026-09-01T15:54:49+00:00","author":{"@id":"https:\/\/quehacerpolitico.mx\/#\/schema\/person\/496d8ad2d1d3f8036101dca7ee39e585"},"breadcrumb":{"@id":"https:\/\/quehacerpolitico.mx\/?p=132045#breadcrumb"},"inLanguage":"es","potentialAction":[{"@type":"ReadAction","target":["https:\/\/quehacerpolitico.mx\/?p=132045"]}]},{"@type":"ImageObject","inLanguage":"es","@id":"https:\/\/quehacerpolitico.mx\/?p=132045#primaryimage","url":"https:\/\/quehacerpolitico.mx\/wp-content\/uploads\/2026\/08\/0f4ff76e-f5dc-4c12-b138-0097e76f1ee2.jpeg","contentUrl":"https:\/\/quehacerpolitico.mx\/wp-content\/uploads\/2026\/08\/0f4ff76e-f5dc-4c12-b138-0097e76f1ee2.jpeg","width":963,"height":493},{"@type":"BreadcrumbList","@id":"https:\/\/quehacerpolitico.mx\/?p=132045#breadcrumb","itemListElement":[{"@type":"ListItem","position":1,"name":"Inicio","item":"https:\/\/quehacerpolitico.mx\/"},{"@type":"ListItem","position":2,"name":"El Quehacer Pol\u00edtico a trav\u00e9s de la opini\u00f3n de Iliana Berenice Dur\u00e1n Espinosa y su Visi\u00f3n\/\/\/MORENA FRENTE AL ESPEJO &#8211; El fin de la luna de miel"}]},{"@type":"WebSite","@id":"https:\/\/quehacerpolitico.mx\/#website","url":"https:\/\/quehacerpolitico.mx\/","name":"","description":"","potentialAction":[{"@type":"SearchAction","target":{"@type":"EntryPoint","urlTemplate":"https:\/\/quehacerpolitico.mx\/?s={search_term_string}"},"query-input":{"@type":"PropertyValueSpecification","valueRequired":true,"valueName":"search_term_string"}}],"inLanguage":"es"},{"@type":"Person","@id":"https:\/\/quehacerpolitico.mx\/#\/schema\/person\/496d8ad2d1d3f8036101dca7ee39e585","name":"Redacci\u00f3n QP","image":{"@type":"ImageObject","inLanguage":"es","@id":"https:\/\/secure.gravatar.com\/avatar\/c7164ed6fdec453195284ad24a5ae5b6e1eed2b848477fa2a4787ba9adf39a41?s=96&d=mm&r=g","url":"https:\/\/secure.gravatar.com\/avatar\/c7164ed6fdec453195284ad24a5ae5b6e1eed2b848477fa2a4787ba9adf39a41?s=96&d=mm&r=g","contentUrl":"https:\/\/secure.gravatar.com\/avatar\/c7164ed6fdec453195284ad24a5ae5b6e1eed2b848477fa2a4787ba9adf39a41?s=96&d=mm&r=g","caption":"Redacci\u00f3n QP"},"url":"https:\/\/quehacerpolitico.mx\/?author=2"}]}},"featured_image_urls":{"full":["https:\/\/quehacerpolitico.mx\/wp-content\/uploads\/2026\/08\/0f4ff76e-f5dc-4c12-b138-0097e76f1ee2.jpeg",963,493,false],"thumbnail":["https:\/\/quehacerpolitico.mx\/wp-content\/uploads\/2026\/08\/0f4ff76e-f5dc-4c12-b138-0097e76f1ee2-150x150.jpeg",150,150,true],"medium":["https:\/\/quehacerpolitico.mx\/wp-content\/uploads\/2026\/08\/0f4ff76e-f5dc-4c12-b138-0097e76f1ee2-300x154.jpeg",300,154,true],"medium_large":["https:\/\/quehacerpolitico.mx\/wp-content\/uploads\/2026\/08\/0f4ff76e-f5dc-4c12-b138-0097e76f1ee2-768x393.jpeg",640,328,true],"large":["https:\/\/quehacerpolitico.mx\/wp-content\/uploads\/2026\/08\/0f4ff76e-f5dc-4c12-b138-0097e76f1ee2.jpeg",640,328,false],"1536x1536":["https:\/\/quehacerpolitico.mx\/wp-content\/uploads\/2026\/08\/0f4ff76e-f5dc-4c12-b138-0097e76f1ee2.jpeg",963,493,false],"2048x2048":["https:\/\/quehacerpolitico.mx\/wp-content\/uploads\/2026\/08\/0f4ff76e-f5dc-4c12-b138-0097e76f1ee2.jpeg",963,493,false],"covernews-featured":["https:\/\/quehacerpolitico.mx\/wp-content\/uploads\/2026\/08\/0f4ff76e-f5dc-4c12-b138-0097e76f1ee2.jpeg",963,493,false],"covernews-medium":["https:\/\/quehacerpolitico.mx\/wp-content\/uploads\/2026\/08\/0f4ff76e-f5dc-4c12-b138-0097e76f1ee2-540x340.jpeg",540,340,true]},"author_info":{"display_name":"Redacci\u00f3n QP","author_link":"https:\/\/quehacerpolitico.mx\/?author=2"},"category_info":"<a href=\"https:\/\/quehacerpolitico.mx\/?cat=280\" rel=\"category\">Nacionales<\/a> <a href=\"https:\/\/quehacerpolitico.mx\/?cat=2\" rel=\"category\">Noticias<\/a>","tag_info":"Noticias","comment_count":"0","_links":{"self":[{"href":"https:\/\/quehacerpolitico.mx\/index.php?rest_route=\/wp\/v2\/posts\/132045","targetHints":{"allow":["GET"]}}],"collection":[{"href":"https:\/\/quehacerpolitico.mx\/index.php?rest_route=\/wp\/v2\/posts"}],"about":[{"href":"https:\/\/quehacerpolitico.mx\/index.php?rest_route=\/wp\/v2\/types\/post"}],"author":[{"embeddable":true,"href":"https:\/\/quehacerpolitico.mx\/index.php?rest_route=\/wp\/v2\/users\/2"}],"replies":[{"embeddable":true,"href":"https:\/\/quehacerpolitico.mx\/index.php?rest_route=%2Fwp%2Fv2%2Fcomments&post=132045"}],"version-history":[{"count":1,"href":"https:\/\/quehacerpolitico.mx\/index.php?rest_route=\/wp\/v2\/posts\/132045\/revisions"}],"predecessor-version":[{"id":132046,"href":"https:\/\/quehacerpolitico.mx\/index.php?rest_route=\/wp\/v2\/posts\/132045\/revisions\/132046"}],"wp:featuredmedia":[{"embeddable":true,"href":"https:\/\/quehacerpolitico.mx\/index.php?rest_route=\/wp\/v2\/media\/131583"}],"wp:attachment":[{"href":"https:\/\/quehacerpolitico.mx\/index.php?rest_route=%2Fwp%2Fv2%2Fmedia&parent=132045"}],"wp:term":[{"taxonomy":"category","embeddable":true,"href":"https:\/\/quehacerpolitico.mx\/index.php?rest_route=%2Fwp%2Fv2%2Fcategories&post=132045"},{"taxonomy":"post_tag","embeddable":true,"href":"https:\/\/quehacerpolitico.mx\/index.php?rest_route=%2Fwp%2Fv2%2Ftags&post=132045"}],"curies":[{"name":"wp","href":"https:\/\/api.w.org\/{rel}","templated":true}]}}