{"id":132039,"date":"2026-09-01T09:12:56","date_gmt":"2026-09-01T15:12:56","guid":{"rendered":"https:\/\/quehacerpolitico.mx\/?p=132039"},"modified":"2026-09-01T09:13:44","modified_gmt":"2026-09-01T15:13:44","slug":"el-quehacer-politico-a-traves-de-la-opinion-del-lic-juan-carlos-montalvo-hernandez-y-la-silla-vacia-la-silla-vacia-parte-iv","status":"publish","type":"post","link":"https:\/\/quehacerpolitico.mx\/?p=132039","title":{"rendered":"El Quehacer Pol\u00edtico a trav\u00e9s de la opini\u00f3n del Lic Juan Carlos Montalvo Hern\u00e1ndez y la Silla Vac\u00eda\/\/\/LA SILLA VAC\u00cdA \u2014 PARTE IV\u00a0"},"content":{"rendered":"\n<p class=\"wp-block-paragraph\">Por Lic Juan Carlos Montalvo Hern\u00e1ndez <\/p>\n\n\n\n<p class=\"wp-block-paragraph\"><strong>\u201cEl Estado Normalizado: cuando el vac\u00edo se convierte en sistema\u201d<\/strong><\/p>\n\n\n\n<p class=\"wp-block-paragraph\"><strong><em>La silla del poder sigue ah\u00ed. La vemos, la escuchamos, la sentimos. Pero lo que ya casi no vemos \u2014porque se ha vuelto paisaje\u2014 es el vac\u00edo que la rodea.<\/em><\/strong><\/p>\n\n\n\n<p class=\"wp-block-paragraph\">En esta cuarta entrega de&nbsp;<strong>LA SILLA VAC\u00cdA<\/strong>, llegamos al punto m\u00e1s delicado del diagn\u00f3stico: la falta de profesionalizaci\u00f3n ya no es una falla, ni una omisi\u00f3n, ni una consecuencia. Ahora es un sistema. Un modelo operativo. Una forma de gobernar.<\/p>\n\n\n\n<p class=\"wp-block-paragraph\">El vac\u00edo dej\u00f3 de ser accidente. El vac\u00edo se volvi\u00f3 estructura.<\/p>\n\n\n\n<p class=\"wp-block-paragraph\"><strong>I. La administraci\u00f3n p\u00fablica como escenario, no como instituci\u00f3n<\/strong><\/p>\n\n\n\n<p class=\"wp-block-paragraph\">La administraci\u00f3n federal ya no funciona como cuerpo t\u00e9cnico. Funciona como escenario pol\u00edtico.<\/p>\n\n\n\n<p class=\"wp-block-paragraph\">Las dependencias no operan para ejecutar pol\u00edticas p\u00fablicas, sino para sostener narrativas. Las \u00e1reas t\u00e9cnicas no producen soluciones, sino discursos. Los especialistas no dise\u00f1an estrategias, porque ya no est\u00e1n ah\u00ed.<\/p>\n\n\n\n<p class=\"wp-block-paragraph\">La administraci\u00f3n p\u00fablica dej\u00f3 de ser administraci\u00f3n. Ahora es utiler\u00eda.<\/p>\n\n\n\n<p class=\"wp-block-paragraph\"><strong>II. La normalizaci\u00f3n del vac\u00edo: el peligro silencioso<\/strong><\/p>\n\n\n\n<p class=\"wp-block-paragraph\">El problema ya no es que falten profesionales. El problema es que ya nadie los espera.<\/p>\n\n\n\n<p class=\"wp-block-paragraph\">La ausencia de cuadros t\u00e9cnicos dej\u00f3 de ser una anomal\u00eda y se convirti\u00f3 en rutina. La improvisaci\u00f3n dej\u00f3 de ser emergencia y se volvi\u00f3 m\u00e9todo. La ineficiencia dej\u00f3 de ser alarma y se volvi\u00f3 costumbre.<\/p>\n\n\n\n<p class=\"wp-block-paragraph\"><strong><em>El vac\u00edo institucional se normaliz\u00f3. Y cuando el vac\u00edo se normaliza, el Estado deja de ser Estado.<\/em><\/strong><\/p>\n\n\n\n<p class=\"wp-block-paragraph\"><strong>III. La t\u00e9cnica desplazada por la conveniencia<\/strong><\/p>\n\n\n\n<p class=\"wp-block-paragraph\">Diversos analistas y medios han se\u00f1alado que, en contextos donde el poder busca preservar control pol\u00edtico, la t\u00e9cnica suele ser desplazada por la conveniencia.<\/p>\n\n\n\n<p class=\"wp-block-paragraph\">No afirmamos escenarios futuros. No proyectamos resultados. Solo describimos un fen\u00f3meno ampliamente documentado: cuando la conveniencia pol\u00edtica se vuelve criterio rector, la profesionalizaci\u00f3n se percibe como obst\u00e1culo, la evidencia como estorbo, la planeaci\u00f3n como amenaza.<\/p>\n\n\n\n<p class=\"wp-block-paragraph\">El pa\u00eds queda atrapado en un modelo donde la t\u00e9cnica estorba y la improvisaci\u00f3n conviene.<\/p>\n\n\n\n<p class=\"wp-block-paragraph\"><strong>IV. El costo estructural: un Estado que ya no puede corregirse<\/strong><\/p>\n\n\n\n<p class=\"wp-block-paragraph\">Un Estado sin profesionales no solo falla. Un Estado sin profesionales no puede corregirse.<\/p>\n\n\n\n<p class=\"wp-block-paragraph\">Sin especialistas:<\/p>\n\n\n\n<p class=\"wp-block-paragraph\">\u2022&nbsp;no hay diagn\u00f3sticos,<\/p>\n\n\n\n<p class=\"wp-block-paragraph\">\u2022&nbsp;no hay modelos,<\/p>\n\n\n\n<p class=\"wp-block-paragraph\">\u2022&nbsp;no hay evaluaciones,<\/p>\n\n\n\n<p class=\"wp-block-paragraph\">\u2022&nbsp;no hay continuidad,<\/p>\n\n\n\n<p class=\"wp-block-paragraph\">\u2022&nbsp;no hay memoria institucional.<\/p>\n\n\n\n<p class=\"wp-block-paragraph\">El Estado pierde la capacidad de aprender de sus errores. Y cuando un Estado no aprende, repite. Y cuando repite, se hunde.<\/p>\n\n\n\n<p class=\"wp-block-paragraph\"><strong>V. La silla ocupada, el Estado ausente<\/strong><\/p>\n\n\n\n<p class=\"wp-block-paragraph\">La silla del poder sigue ocupada. Pero el aparato t\u00e9cnico que deber\u00eda sostenerla est\u00e1 ausente. La estructura que deber\u00eda acompa\u00f1arla est\u00e1 debilitada. La administraci\u00f3n que deber\u00eda respaldarla est\u00e1 vac\u00eda.<\/p>\n\n\n\n<p class=\"wp-block-paragraph\"><strong>La silla est\u00e1 ah\u00ed. El Estado, no.<\/strong><\/p>\n\n\n\n<p class=\"wp-block-paragraph\"><strong>VI. La pregunta que abre la Parte V<\/strong><\/p>\n\n\n\n<p class=\"wp-block-paragraph\">Si el vac\u00edo ya no es accidente, si la improvisaci\u00f3n ya no es emergencia, si la falta de profesionales ya no es anomal\u00eda, si la administraci\u00f3n p\u00fablica ya no es instituci\u00f3n\u2026<\/p>\n\n\n\n<p class=\"wp-block-paragraph\">Entonces la pregunta que nos prepara para la siguiente entrega es esta:<\/p>\n\n\n\n<p class=\"wp-block-paragraph\"><strong>\u00bfQu\u00e9 ocurre cuando el vac\u00edo deja de ser un problema y se convierte en la forma oficial de gobernar?<\/strong><\/p>\n","protected":false},"excerpt":{"rendered":"<p>Por Lic Juan Carlos Montalvo Hern\u00e1ndez \u201cEl Estado Normalizado: cuando el vac\u00edo se convierte en&#8230;<\/p>\n","protected":false},"author":2,"featured_media":132040,"comment_status":"open","ping_status":"open","sticky":false,"template":"","format":"standard","meta":{"footnotes":""},"categories":[280,2],"tags":[],"class_list":["post-132039","post","type-post","status-publish","format-standard","has-post-thumbnail","hentry","category-nacionales","category-noticias"],"yoast_head":"<!-- This site is optimized with the Yoast SEO plugin v27.9 - https:\/\/yoast.com\/product\/yoast-seo-wordpress\/ -->\n<title>El Quehacer Pol\u00edtico a trav\u00e9s de la opini\u00f3n del Lic Juan Carlos Montalvo Hern\u00e1ndez y la Silla Vac\u00eda\/\/\/LA SILLA VAC\u00cdA \u2014 PARTE IV\u00a0 -<\/title>\n<meta name=\"robots\" content=\"index, follow, max-snippet:-1, max-image-preview:large, max-video-preview:-1\" \/>\n<link rel=\"canonical\" href=\"https:\/\/quehacerpolitico.mx\/?p=132039\" \/>\n<meta property=\"og:locale\" content=\"es_MX\" \/>\n<meta property=\"og:type\" content=\"article\" \/>\n<meta property=\"og:title\" content=\"El Quehacer Pol\u00edtico a trav\u00e9s de la opini\u00f3n del Lic Juan Carlos Montalvo Hern\u00e1ndez y la Silla Vac\u00eda\/\/\/LA SILLA VAC\u00cdA \u2014 PARTE IV\u00a0 -\" \/>\n<meta property=\"og:description\" content=\"Por Lic Juan Carlos Montalvo Hern\u00e1ndez \u201cEl Estado Normalizado: cuando el vac\u00edo se convierte en...\" \/>\n<meta property=\"og:url\" content=\"https:\/\/quehacerpolitico.mx\/?p=132039\" \/>\n<meta property=\"article:published_time\" content=\"2026-09-01T15:12:56+00:00\" \/>\n<meta property=\"article:modified_time\" content=\"2026-09-01T15:13:44+00:00\" \/>\n<meta property=\"og:image\" content=\"https:\/\/quehacerpolitico.mx\/wp-content\/uploads\/2026\/09\/08616bde-2752-4692-b64a-933ff218c155.jpeg\" \/>\n\t<meta property=\"og:image:width\" content=\"963\" \/>\n\t<meta property=\"og:image:height\" content=\"493\" \/>\n\t<meta property=\"og:image:type\" content=\"image\/jpeg\" \/>\n<meta name=\"author\" content=\"Redacci\u00f3n QP\" \/>\n<meta name=\"twitter:card\" content=\"summary_large_image\" \/>\n<meta name=\"twitter:label1\" content=\"Escrito por\" \/>\n\t<meta name=\"twitter:data1\" content=\"Redacci\u00f3n QP\" \/>\n\t<meta name=\"twitter:label2\" content=\"Tiempo de lectura\" \/>\n\t<meta name=\"twitter:data2\" content=\"3 minutos\" \/>\n<script type=\"application\/ld+json\" class=\"yoast-schema-graph\">{\"@context\":\"https:\\\/\\\/schema.org\",\"@graph\":[{\"@type\":\"Article\",\"@id\":\"https:\\\/\\\/quehacerpolitico.mx\\\/?p=132039#article\",\"isPartOf\":{\"@id\":\"https:\\\/\\\/quehacerpolitico.mx\\\/?p=132039\"},\"author\":{\"name\":\"Redacci\u00f3n QP\",\"@id\":\"https:\\\/\\\/quehacerpolitico.mx\\\/#\\\/schema\\\/person\\\/496d8ad2d1d3f8036101dca7ee39e585\"},\"headline\":\"El Quehacer Pol\u00edtico a trav\u00e9s de la opini\u00f3n del Lic Juan Carlos Montalvo Hern\u00e1ndez y la Silla Vac\u00eda\\\/\\\/\\\/LA SILLA VAC\u00cdA \u2014 PARTE IV\u00a0\",\"datePublished\":\"2026-09-01T15:12:56+00:00\",\"dateModified\":\"2026-09-01T15:13:44+00:00\",\"mainEntityOfPage\":{\"@id\":\"https:\\\/\\\/quehacerpolitico.mx\\\/?p=132039\"},\"wordCount\":590,\"commentCount\":0,\"image\":{\"@id\":\"https:\\\/\\\/quehacerpolitico.mx\\\/?p=132039#primaryimage\"},\"thumbnailUrl\":\"https:\\\/\\\/quehacerpolitico.mx\\\/wp-content\\\/uploads\\\/2026\\\/09\\\/08616bde-2752-4692-b64a-933ff218c155.jpeg\",\"articleSection\":[\"Nacionales\",\"Noticias\"],\"inLanguage\":\"es\",\"potentialAction\":[{\"@type\":\"CommentAction\",\"name\":\"Comment\",\"target\":[\"https:\\\/\\\/quehacerpolitico.mx\\\/?p=132039#respond\"]}]},{\"@type\":\"WebPage\",\"@id\":\"https:\\\/\\\/quehacerpolitico.mx\\\/?p=132039\",\"url\":\"https:\\\/\\\/quehacerpolitico.mx\\\/?p=132039\",\"name\":\"El Quehacer Pol\u00edtico a trav\u00e9s de la opini\u00f3n del Lic Juan Carlos Montalvo Hern\u00e1ndez y la Silla Vac\u00eda\\\/\\\/\\\/LA SILLA VAC\u00cdA \u2014 PARTE IV\u00a0 -\",\"isPartOf\":{\"@id\":\"https:\\\/\\\/quehacerpolitico.mx\\\/#website\"},\"primaryImageOfPage\":{\"@id\":\"https:\\\/\\\/quehacerpolitico.mx\\\/?p=132039#primaryimage\"},\"image\":{\"@id\":\"https:\\\/\\\/quehacerpolitico.mx\\\/?p=132039#primaryimage\"},\"thumbnailUrl\":\"https:\\\/\\\/quehacerpolitico.mx\\\/wp-content\\\/uploads\\\/2026\\\/09\\\/08616bde-2752-4692-b64a-933ff218c155.jpeg\",\"datePublished\":\"2026-09-01T15:12:56+00:00\",\"dateModified\":\"2026-09-01T15:13:44+00:00\",\"author\":{\"@id\":\"https:\\\/\\\/quehacerpolitico.mx\\\/#\\\/schema\\\/person\\\/496d8ad2d1d3f8036101dca7ee39e585\"},\"breadcrumb\":{\"@id\":\"https:\\\/\\\/quehacerpolitico.mx\\\/?p=132039#breadcrumb\"},\"inLanguage\":\"es\",\"potentialAction\":[{\"@type\":\"ReadAction\",\"target\":[\"https:\\\/\\\/quehacerpolitico.mx\\\/?p=132039\"]}]},{\"@type\":\"ImageObject\",\"inLanguage\":\"es\",\"@id\":\"https:\\\/\\\/quehacerpolitico.mx\\\/?p=132039#primaryimage\",\"url\":\"https:\\\/\\\/quehacerpolitico.mx\\\/wp-content\\\/uploads\\\/2026\\\/09\\\/08616bde-2752-4692-b64a-933ff218c155.jpeg\",\"contentUrl\":\"https:\\\/\\\/quehacerpolitico.mx\\\/wp-content\\\/uploads\\\/2026\\\/09\\\/08616bde-2752-4692-b64a-933ff218c155.jpeg\",\"width\":963,\"height\":493},{\"@type\":\"BreadcrumbList\",\"@id\":\"https:\\\/\\\/quehacerpolitico.mx\\\/?p=132039#breadcrumb\",\"itemListElement\":[{\"@type\":\"ListItem\",\"position\":1,\"name\":\"Inicio\",\"item\":\"https:\\\/\\\/quehacerpolitico.mx\\\/\"},{\"@type\":\"ListItem\",\"position\":2,\"name\":\"El Quehacer Pol\u00edtico a trav\u00e9s de la opini\u00f3n del Lic Juan Carlos Montalvo Hern\u00e1ndez y la Silla Vac\u00eda\\\/\\\/\\\/LA SILLA VAC\u00cdA \u2014 PARTE IV\u00a0\"}]},{\"@type\":\"WebSite\",\"@id\":\"https:\\\/\\\/quehacerpolitico.mx\\\/#website\",\"url\":\"https:\\\/\\\/quehacerpolitico.mx\\\/\",\"name\":\"\",\"description\":\"\",\"potentialAction\":[{\"@type\":\"SearchAction\",\"target\":{\"@type\":\"EntryPoint\",\"urlTemplate\":\"https:\\\/\\\/quehacerpolitico.mx\\\/?s={search_term_string}\"},\"query-input\":{\"@type\":\"PropertyValueSpecification\",\"valueRequired\":true,\"valueName\":\"search_term_string\"}}],\"inLanguage\":\"es\"},{\"@type\":\"Person\",\"@id\":\"https:\\\/\\\/quehacerpolitico.mx\\\/#\\\/schema\\\/person\\\/496d8ad2d1d3f8036101dca7ee39e585\",\"name\":\"Redacci\u00f3n QP\",\"image\":{\"@type\":\"ImageObject\",\"inLanguage\":\"es\",\"@id\":\"https:\\\/\\\/secure.gravatar.com\\\/avatar\\\/c7164ed6fdec453195284ad24a5ae5b6e1eed2b848477fa2a4787ba9adf39a41?s=96&d=mm&r=g\",\"url\":\"https:\\\/\\\/secure.gravatar.com\\\/avatar\\\/c7164ed6fdec453195284ad24a5ae5b6e1eed2b848477fa2a4787ba9adf39a41?s=96&d=mm&r=g\",\"contentUrl\":\"https:\\\/\\\/secure.gravatar.com\\\/avatar\\\/c7164ed6fdec453195284ad24a5ae5b6e1eed2b848477fa2a4787ba9adf39a41?s=96&d=mm&r=g\",\"caption\":\"Redacci\u00f3n QP\"},\"url\":\"https:\\\/\\\/quehacerpolitico.mx\\\/?author=2\"}]}<\/script>\n<!-- \/ Yoast SEO plugin. -->","yoast_head_json":{"title":"El Quehacer Pol\u00edtico a trav\u00e9s de la opini\u00f3n del Lic Juan Carlos Montalvo Hern\u00e1ndez y la Silla Vac\u00eda\/\/\/LA SILLA VAC\u00cdA \u2014 PARTE IV\u00a0 -","robots":{"index":"index","follow":"follow","max-snippet":"max-snippet:-1","max-image-preview":"max-image-preview:large","max-video-preview":"max-video-preview:-1"},"canonical":"https:\/\/quehacerpolitico.mx\/?p=132039","og_locale":"es_MX","og_type":"article","og_title":"El Quehacer Pol\u00edtico a trav\u00e9s de la opini\u00f3n del Lic Juan Carlos Montalvo Hern\u00e1ndez y la Silla Vac\u00eda\/\/\/LA SILLA VAC\u00cdA \u2014 PARTE IV\u00a0 -","og_description":"Por Lic Juan Carlos Montalvo Hern\u00e1ndez \u201cEl Estado Normalizado: cuando el vac\u00edo se convierte en...","og_url":"https:\/\/quehacerpolitico.mx\/?p=132039","article_published_time":"2026-09-01T15:12:56+00:00","article_modified_time":"2026-09-01T15:13:44+00:00","og_image":[{"width":963,"height":493,"url":"https:\/\/quehacerpolitico.mx\/wp-content\/uploads\/2026\/09\/08616bde-2752-4692-b64a-933ff218c155.jpeg","type":"image\/jpeg"}],"author":"Redacci\u00f3n QP","twitter_card":"summary_large_image","twitter_misc":{"Escrito por":"Redacci\u00f3n QP","Tiempo de lectura":"3 minutos"},"schema":{"@context":"https:\/\/schema.org","@graph":[{"@type":"Article","@id":"https:\/\/quehacerpolitico.mx\/?p=132039#article","isPartOf":{"@id":"https:\/\/quehacerpolitico.mx\/?p=132039"},"author":{"name":"Redacci\u00f3n QP","@id":"https:\/\/quehacerpolitico.mx\/#\/schema\/person\/496d8ad2d1d3f8036101dca7ee39e585"},"headline":"El Quehacer Pol\u00edtico a trav\u00e9s de la opini\u00f3n del Lic Juan Carlos Montalvo Hern\u00e1ndez y la Silla Vac\u00eda\/\/\/LA SILLA VAC\u00cdA \u2014 PARTE IV\u00a0","datePublished":"2026-09-01T15:12:56+00:00","dateModified":"2026-09-01T15:13:44+00:00","mainEntityOfPage":{"@id":"https:\/\/quehacerpolitico.mx\/?p=132039"},"wordCount":590,"commentCount":0,"image":{"@id":"https:\/\/quehacerpolitico.mx\/?p=132039#primaryimage"},"thumbnailUrl":"https:\/\/quehacerpolitico.mx\/wp-content\/uploads\/2026\/09\/08616bde-2752-4692-b64a-933ff218c155.jpeg","articleSection":["Nacionales","Noticias"],"inLanguage":"es","potentialAction":[{"@type":"CommentAction","name":"Comment","target":["https:\/\/quehacerpolitico.mx\/?p=132039#respond"]}]},{"@type":"WebPage","@id":"https:\/\/quehacerpolitico.mx\/?p=132039","url":"https:\/\/quehacerpolitico.mx\/?p=132039","name":"El Quehacer Pol\u00edtico a trav\u00e9s de la opini\u00f3n del Lic Juan Carlos Montalvo Hern\u00e1ndez y la Silla Vac\u00eda\/\/\/LA SILLA VAC\u00cdA \u2014 PARTE IV\u00a0 -","isPartOf":{"@id":"https:\/\/quehacerpolitico.mx\/#website"},"primaryImageOfPage":{"@id":"https:\/\/quehacerpolitico.mx\/?p=132039#primaryimage"},"image":{"@id":"https:\/\/quehacerpolitico.mx\/?p=132039#primaryimage"},"thumbnailUrl":"https:\/\/quehacerpolitico.mx\/wp-content\/uploads\/2026\/09\/08616bde-2752-4692-b64a-933ff218c155.jpeg","datePublished":"2026-09-01T15:12:56+00:00","dateModified":"2026-09-01T15:13:44+00:00","author":{"@id":"https:\/\/quehacerpolitico.mx\/#\/schema\/person\/496d8ad2d1d3f8036101dca7ee39e585"},"breadcrumb":{"@id":"https:\/\/quehacerpolitico.mx\/?p=132039#breadcrumb"},"inLanguage":"es","potentialAction":[{"@type":"ReadAction","target":["https:\/\/quehacerpolitico.mx\/?p=132039"]}]},{"@type":"ImageObject","inLanguage":"es","@id":"https:\/\/quehacerpolitico.mx\/?p=132039#primaryimage","url":"https:\/\/quehacerpolitico.mx\/wp-content\/uploads\/2026\/09\/08616bde-2752-4692-b64a-933ff218c155.jpeg","contentUrl":"https:\/\/quehacerpolitico.mx\/wp-content\/uploads\/2026\/09\/08616bde-2752-4692-b64a-933ff218c155.jpeg","width":963,"height":493},{"@type":"BreadcrumbList","@id":"https:\/\/quehacerpolitico.mx\/?p=132039#breadcrumb","itemListElement":[{"@type":"ListItem","position":1,"name":"Inicio","item":"https:\/\/quehacerpolitico.mx\/"},{"@type":"ListItem","position":2,"name":"El Quehacer Pol\u00edtico a trav\u00e9s de la opini\u00f3n del Lic Juan Carlos Montalvo Hern\u00e1ndez y la Silla Vac\u00eda\/\/\/LA SILLA VAC\u00cdA \u2014 PARTE IV\u00a0"}]},{"@type":"WebSite","@id":"https:\/\/quehacerpolitico.mx\/#website","url":"https:\/\/quehacerpolitico.mx\/","name":"","description":"","potentialAction":[{"@type":"SearchAction","target":{"@type":"EntryPoint","urlTemplate":"https:\/\/quehacerpolitico.mx\/?s={search_term_string}"},"query-input":{"@type":"PropertyValueSpecification","valueRequired":true,"valueName":"search_term_string"}}],"inLanguage":"es"},{"@type":"Person","@id":"https:\/\/quehacerpolitico.mx\/#\/schema\/person\/496d8ad2d1d3f8036101dca7ee39e585","name":"Redacci\u00f3n QP","image":{"@type":"ImageObject","inLanguage":"es","@id":"https:\/\/secure.gravatar.com\/avatar\/c7164ed6fdec453195284ad24a5ae5b6e1eed2b848477fa2a4787ba9adf39a41?s=96&d=mm&r=g","url":"https:\/\/secure.gravatar.com\/avatar\/c7164ed6fdec453195284ad24a5ae5b6e1eed2b848477fa2a4787ba9adf39a41?s=96&d=mm&r=g","contentUrl":"https:\/\/secure.gravatar.com\/avatar\/c7164ed6fdec453195284ad24a5ae5b6e1eed2b848477fa2a4787ba9adf39a41?s=96&d=mm&r=g","caption":"Redacci\u00f3n QP"},"url":"https:\/\/quehacerpolitico.mx\/?author=2"}]}},"featured_image_urls":{"full":["https:\/\/quehacerpolitico.mx\/wp-content\/uploads\/2026\/09\/08616bde-2752-4692-b64a-933ff218c155.jpeg",963,493,false],"thumbnail":["https:\/\/quehacerpolitico.mx\/wp-content\/uploads\/2026\/09\/08616bde-2752-4692-b64a-933ff218c155-150x150.jpeg",150,150,true],"medium":["https:\/\/quehacerpolitico.mx\/wp-content\/uploads\/2026\/09\/08616bde-2752-4692-b64a-933ff218c155-300x154.jpeg",300,154,true],"medium_large":["https:\/\/quehacerpolitico.mx\/wp-content\/uploads\/2026\/09\/08616bde-2752-4692-b64a-933ff218c155-768x393.jpeg",640,328,true],"large":["https:\/\/quehacerpolitico.mx\/wp-content\/uploads\/2026\/09\/08616bde-2752-4692-b64a-933ff218c155.jpeg",640,328,false],"1536x1536":["https:\/\/quehacerpolitico.mx\/wp-content\/uploads\/2026\/09\/08616bde-2752-4692-b64a-933ff218c155.jpeg",963,493,false],"2048x2048":["https:\/\/quehacerpolitico.mx\/wp-content\/uploads\/2026\/09\/08616bde-2752-4692-b64a-933ff218c155.jpeg",963,493,false],"covernews-featured":["https:\/\/quehacerpolitico.mx\/wp-content\/uploads\/2026\/09\/08616bde-2752-4692-b64a-933ff218c155.jpeg",963,493,false],"covernews-medium":["https:\/\/quehacerpolitico.mx\/wp-content\/uploads\/2026\/09\/08616bde-2752-4692-b64a-933ff218c155-540x340.jpeg",540,340,true]},"author_info":{"display_name":"Redacci\u00f3n QP","author_link":"https:\/\/quehacerpolitico.mx\/?author=2"},"category_info":"<a href=\"https:\/\/quehacerpolitico.mx\/?cat=280\" rel=\"category\">Nacionales<\/a> <a href=\"https:\/\/quehacerpolitico.mx\/?cat=2\" rel=\"category\">Noticias<\/a>","tag_info":"Noticias","comment_count":"0","_links":{"self":[{"href":"https:\/\/quehacerpolitico.mx\/index.php?rest_route=\/wp\/v2\/posts\/132039","targetHints":{"allow":["GET"]}}],"collection":[{"href":"https:\/\/quehacerpolitico.mx\/index.php?rest_route=\/wp\/v2\/posts"}],"about":[{"href":"https:\/\/quehacerpolitico.mx\/index.php?rest_route=\/wp\/v2\/types\/post"}],"author":[{"embeddable":true,"href":"https:\/\/quehacerpolitico.mx\/index.php?rest_route=\/wp\/v2\/users\/2"}],"replies":[{"embeddable":true,"href":"https:\/\/quehacerpolitico.mx\/index.php?rest_route=%2Fwp%2Fv2%2Fcomments&post=132039"}],"version-history":[{"count":2,"href":"https:\/\/quehacerpolitico.mx\/index.php?rest_route=\/wp\/v2\/posts\/132039\/revisions"}],"predecessor-version":[{"id":132042,"href":"https:\/\/quehacerpolitico.mx\/index.php?rest_route=\/wp\/v2\/posts\/132039\/revisions\/132042"}],"wp:featuredmedia":[{"embeddable":true,"href":"https:\/\/quehacerpolitico.mx\/index.php?rest_route=\/wp\/v2\/media\/132040"}],"wp:attachment":[{"href":"https:\/\/quehacerpolitico.mx\/index.php?rest_route=%2Fwp%2Fv2%2Fmedia&parent=132039"}],"wp:term":[{"taxonomy":"category","embeddable":true,"href":"https:\/\/quehacerpolitico.mx\/index.php?rest_route=%2Fwp%2Fv2%2Fcategories&post=132039"},{"taxonomy":"post_tag","embeddable":true,"href":"https:\/\/quehacerpolitico.mx\/index.php?rest_route=%2Fwp%2Fv2%2Ftags&post=132039"}],"curies":[{"name":"wp","href":"https:\/\/api.w.org\/{rel}","templated":true}]}}