{"id":132024,"date":"2026-08-31T19:48:48","date_gmt":"2026-09-01T01:48:48","guid":{"rendered":"https:\/\/quehacerpolitico.mx\/?p=132024"},"modified":"2026-08-31T20:01:01","modified_gmt":"2026-09-01T02:01:01","slug":"no-soy-un-narcosenador-enrique-inzunza-pide-a-la-fgr-concluir-la-investigacion-en-su-contra","status":"publish","type":"post","link":"https:\/\/quehacerpolitico.mx\/?p=132024","title":{"rendered":"\u201cNo soy un \u2018narcosenador\u2019\u201d: Enrique Inzunza pide a la FGR concluir la investigaci\u00f3n en su contra"},"content":{"rendered":"\n<p class=\"wp-block-paragraph\">Por Redacci\u00f3n QP<\/p>\n\n\n\n<p class=\"wp-block-paragraph\">El legislador se desmarc\u00f3 del gobernador con licencia de Sinaloa, Rub\u00e9n Rocha Moya, quien tambi\u00e9n es acusado en Estados Unidos por tr\u00e1fico de drogas y v\u00ednculos con el C\u00e1rtel de Sinaloa<\/p>\n\n\n\n<p class=\"wp-block-paragraph\">Al asegurar que es \u201cconstitucional y ver\u00eddicamente inocente\u201d, el senador&nbsp;<strong>Enrique<\/strong>&nbsp;<strong>Inzunza<\/strong>&nbsp;reapareci\u00f3 p\u00fablicamente este martes al presentarse en la sesi\u00f3n preparatoria del Senado, donde demand\u00f3 a la&nbsp;<strong>Fiscal\u00eda General de la Rep\u00fablica<\/strong>&nbsp;(<strong>FGR<\/strong>) a concluir la investigaci\u00f3n en su contra a ra\u00edz de la orden de aprehensi\u00f3n con fines de extradici\u00f3n que solicit\u00f3 una fiscal\u00eda de&nbsp;<strong>Estados<\/strong>&nbsp;<strong>Unidos<\/strong>&nbsp;por presuntos v\u00ednculos con el<strong>&nbsp;C\u00e1rtel de Sinaloa.<\/strong><\/p>\n\n\n\n<figure class=\"wp-block-embed is-type-rich is-provider-x wp-block-embed-x\"><div class=\"wp-block-embed__wrapper\">\n<blockquote class=\"twitter-tweet\" data-width=\"550\" data-dnt=\"true\"><p lang=\"es\" dir=\"ltr\">No tiene verg\u00fcenza <br><br>Tras 125 de ausencia, Enrique Inzunza dice que nunca falt\u00f3 a sus actividades legislativas <br><br>Afirma que la acusaci\u00f3n por narcotr\u00e1fico en su contra es un \u201cinstrumento de guerra judicial\u201d de EU <br><br>Se escuda en el cuento de que la FGR no encontr\u00f3 evidencias <a href=\"https:\/\/t.co\/mwoE1RoZeA\">pic.twitter.com\/mwoE1RoZeA<\/a><\/p>&mdash; Manuel Lopez San Martin (@MLopezSanMartin) <a href=\"https:\/\/x.com\/MLopezSanMartin\/status\/2094560288406130946?ref_src=twsrc%5Etfw\">August 31, 2026<\/a><\/blockquote><script async src=\"https:\/\/platform.x.com\/widgets.js\" charset=\"utf-8\"><\/script>\n<\/div><\/figure>\n\n\n\n<p class=\"wp-block-paragraph\">Inzunza lleg\u00f3 este martes al Senado a bordo de un veh\u00edculo austero color rojo, y al ser abordado por los medios de comunicaci\u00f3n ofreci\u00f3 dar una conferencia de prensa para dar una explicaci\u00f3n sobre su ausencia por cuatro meses en los trabajos legislativos. El sinaloense subi\u00f3 posteriormente a su oficina, y luego de unos minutos baj\u00f3 al patio de Federalismo.<\/p>\n\n\n\n<figure class=\"wp-block-embed is-type-rich is-provider-x wp-block-embed-x\"><div class=\"wp-block-embed__wrapper\">\n<blockquote class=\"twitter-tweet\" data-width=\"550\" data-dnt=\"true\"><p lang=\"es\" dir=\"ltr\">Enrique Inzunza dice que no pide licencia como senador porque es \u201ccongruente\u201d <br><br>Trata de deslindarse del narcogobernador de Sinaloa, Rub\u00e9n Rocha Moya <br><br>Y dice que la acusaci\u00f3n en su contra en EU es por \u201cdenunciar\u201d la supuesta presencia de agentes de la CIA en Chihuahua <a href=\"https:\/\/t.co\/sWKd1XqF5C\">pic.twitter.com\/sWKd1XqF5C<\/a><\/p>&mdash; Manuel Lopez San Martin (@MLopezSanMartin) <a href=\"https:\/\/x.com\/MLopezSanMartin\/status\/2094563175630864879?ref_src=twsrc%5Etfw\">August 31, 2026<\/a><\/blockquote><script async src=\"https:\/\/platform.x.com\/widgets.js\" charset=\"utf-8\"><\/script>\n<\/div><\/figure>\n\n\n\n<p class=\"wp-block-paragraph\">En conferencia de prensa, dijo que es \u201cinocente constitucional y ver\u00eddicamente\u201d; afirm\u00f3 que no es un \u201cnarco legislador\u201d y se desmarc\u00f3 del gobernador con licencia de&nbsp;<strong>Sinaloa<\/strong>,&nbsp;<strong>Rub\u00e9n<\/strong>&nbsp;<strong>Rocha<\/strong>&nbsp;<strong>Moya<\/strong>, quien tambi\u00e9n es acusado en Estados Unidos por tr\u00e1fico de drogas y v\u00ednculos con el C\u00e1rtel de Sinaloa.<\/p>\n\n\n\n<figure class=\"wp-block-embed is-type-rich is-provider-x wp-block-embed-x\"><div class=\"wp-block-embed__wrapper\">\n<blockquote class=\"twitter-tweet\" data-width=\"550\" data-dnt=\"true\"><p lang=\"es\" dir=\"ltr\">El senador de Morena que no es del grupo parlamentario de Morena da una conferencia en la plenaria de senadores de Morena.<br><br>Pura simulaci\u00f3n.<br><br>Enrique Inzunza sigue cobijado por Morena. <a href=\"https:\/\/t.co\/CeA4ndOGE1\">pic.twitter.com\/CeA4ndOGE1<\/a><\/p>&mdash; Manuel Lopez San Martin (@MLopezSanMartin) <a href=\"https:\/\/x.com\/MLopezSanMartin\/status\/2094563850041356358?ref_src=twsrc%5Etfw\">August 31, 2026<\/a><\/blockquote><script async src=\"https:\/\/platform.x.com\/widgets.js\" charset=\"utf-8\"><\/script>\n<\/div><\/figure>\n\n\n\n<p class=\"wp-block-paragraph\">Afirm\u00f3 no temer que sea encarcelado, y dijo rechazar \u201ccontundentemente\u201d las acusaciones de una fiscal\u00eda en Nueva York.<\/p>\n\n\n\n<p class=\"wp-block-paragraph\">Indic\u00f3 que cuatro meses, desde su desaparici\u00f3n p\u00fablica, son suficientes para que la&nbsp;<strong>Fiscal\u00eda General de la Rep\u00fablica<\/strong>&nbsp;concluya la investigaci\u00f3n en su contra, y determine responsabilidades, en caso de haberlas.<\/p>\n\n\n\n<figure class=\"wp-block-embed is-type-rich is-provider-x wp-block-embed-x\"><div class=\"wp-block-embed__wrapper\">\n<blockquote class=\"twitter-tweet\" data-width=\"550\" data-dnt=\"true\"><p lang=\"es\" dir=\"ltr\">Dice Enrique Inzunza que no acudi\u00f3 al Congreso porque no lo convoc\u00f3 la bancada de Morena<br><br>Y se va por el discurso barato de \u201chay una campa\u00f1a en mi contra\u201d<br><br>No senador, no hay campa\u00f1a en <a href=\"https:\/\/x.com\/AztecaNoticias?ref_src=twsrc%5Etfw\">@AztecaNoticias<\/a> en su contra<br><br>Ni en ning\u00fan medio, se le llama hacer periodismo <a href=\"https:\/\/t.co\/1XveeD4Vh9\">pic.twitter.com\/1XveeD4Vh9<\/a><\/p>&mdash; Manuel Lopez San Martin (@MLopezSanMartin) <a href=\"https:\/\/x.com\/MLopezSanMartin\/status\/2094566956724535771?ref_src=twsrc%5Etfw\">August 31, 2026<\/a><\/blockquote><script async src=\"https:\/\/platform.x.com\/widgets.js\" charset=\"utf-8\"><\/script>\n<\/div><\/figure>\n\n\n\n<p class=\"wp-block-paragraph\">Asegur\u00f3 que en estos cuatro meses, desde el 29 de abril cuando desapareci\u00f3 de la escena p\u00fablica, estuvo en su rancho, en la casa de sus padres y en su oficina.<\/p>\n\n\n\n<p class=\"wp-block-paragraph\">Neg\u00f3 conocer a los narcotraficantes Joaqu\u00edn \u201cEl Chapo\u201d Guzm\u00e1n e Ismael \u201cEl Mayo\u201d Zambada, ambos procesados en Estados Unidos.<\/p>\n\n\n\n<p class=\"wp-block-paragraph\">Confirm\u00f3 que las cinco cuentas bancarias con las que cuenta, se mantienen congeladas por la Unidad de Inteligencia Financiera (<strong>UIF<\/strong>) debido a la investigaci\u00f3n en su contra, y refiri\u00f3 que no tiene m\u00e1s de un mill\u00f3n de pesos en sus cuentas.&nbsp;<\/p>\n\n\n\n<p class=\"wp-block-paragraph\">Inzunza C\u00e1zarez afirm\u00f3 que no tiene intenci\u00f3n de convertirse en un testigo protegido en&nbsp;<strong>Estados<\/strong>&nbsp;<strong>Unidos<\/strong>, y neg\u00f3 haber tenido acercamiento con autoridades de ese pa\u00eds durante su ausencia estos cuatro meses.<\/p>\n","protected":false},"excerpt":{"rendered":"<p>Por Redacci\u00f3n QP El legislador se desmarc\u00f3 del gobernador con licencia de Sinaloa, Rub\u00e9n Rocha&#8230;<\/p>\n","protected":false},"author":2,"featured_media":132026,"comment_status":"open","ping_status":"open","sticky":false,"template":"","format":"standard","meta":{"footnotes":""},"categories":[280,2],"tags":[],"class_list":["post-132024","post","type-post","status-publish","format-standard","has-post-thumbnail","hentry","category-nacionales","category-noticias"],"yoast_head":"<!-- This site is optimized with the Yoast SEO plugin v27.9 - https:\/\/yoast.com\/product\/yoast-seo-wordpress\/ -->\n<title>\u201cNo soy un \u2018narcosenador\u2019\u201d: Enrique Inzunza pide a la FGR concluir la investigaci\u00f3n en su contra -<\/title>\n<meta name=\"robots\" content=\"index, follow, max-snippet:-1, max-image-preview:large, max-video-preview:-1\" \/>\n<link rel=\"canonical\" href=\"https:\/\/quehacerpolitico.mx\/?p=132024\" \/>\n<meta property=\"og:locale\" content=\"es_MX\" \/>\n<meta property=\"og:type\" content=\"article\" \/>\n<meta property=\"og:title\" content=\"\u201cNo soy un \u2018narcosenador\u2019\u201d: Enrique Inzunza pide a la FGR concluir la investigaci\u00f3n en su contra -\" \/>\n<meta property=\"og:description\" content=\"Por Redacci\u00f3n QP El legislador se desmarc\u00f3 del gobernador con licencia de Sinaloa, Rub\u00e9n Rocha...\" \/>\n<meta property=\"og:url\" content=\"https:\/\/quehacerpolitico.mx\/?p=132024\" \/>\n<meta property=\"article:published_time\" content=\"2026-09-01T01:48:48+00:00\" \/>\n<meta property=\"article:modified_time\" content=\"2026-09-01T02:01:01+00:00\" \/>\n<meta property=\"og:image\" content=\"https:\/\/quehacerpolitico.mx\/wp-content\/uploads\/2026\/08\/IMG_9831.jpeg\" \/>\n\t<meta property=\"og:image:width\" content=\"961\" \/>\n\t<meta property=\"og:image:height\" content=\"521\" \/>\n\t<meta property=\"og:image:type\" content=\"image\/jpeg\" \/>\n<meta name=\"author\" content=\"Redacci\u00f3n QP\" \/>\n<meta name=\"twitter:card\" content=\"summary_large_image\" \/>\n<meta name=\"twitter:label1\" content=\"Escrito por\" \/>\n\t<meta name=\"twitter:data1\" content=\"Redacci\u00f3n QP\" \/>\n\t<meta name=\"twitter:label2\" content=\"Tiempo de lectura\" \/>\n\t<meta name=\"twitter:data2\" content=\"2 minutos\" \/>\n<script type=\"application\/ld+json\" class=\"yoast-schema-graph\">{\"@context\":\"https:\\\/\\\/schema.org\",\"@graph\":[{\"@type\":\"Article\",\"@id\":\"https:\\\/\\\/quehacerpolitico.mx\\\/?p=132024#article\",\"isPartOf\":{\"@id\":\"https:\\\/\\\/quehacerpolitico.mx\\\/?p=132024\"},\"author\":{\"name\":\"Redacci\u00f3n QP\",\"@id\":\"https:\\\/\\\/quehacerpolitico.mx\\\/#\\\/schema\\\/person\\\/496d8ad2d1d3f8036101dca7ee39e585\"},\"headline\":\"\u201cNo soy un \u2018narcosenador\u2019\u201d: Enrique Inzunza pide a la FGR concluir la investigaci\u00f3n en su contra\",\"datePublished\":\"2026-09-01T01:48:48+00:00\",\"dateModified\":\"2026-09-01T02:01:01+00:00\",\"mainEntityOfPage\":{\"@id\":\"https:\\\/\\\/quehacerpolitico.mx\\\/?p=132024\"},\"wordCount\":481,\"commentCount\":0,\"image\":{\"@id\":\"https:\\\/\\\/quehacerpolitico.mx\\\/?p=132024#primaryimage\"},\"thumbnailUrl\":\"https:\\\/\\\/quehacerpolitico.mx\\\/wp-content\\\/uploads\\\/2026\\\/08\\\/IMG_9831.jpeg\",\"articleSection\":[\"Nacionales\",\"Noticias\"],\"inLanguage\":\"es\",\"potentialAction\":[{\"@type\":\"CommentAction\",\"name\":\"Comment\",\"target\":[\"https:\\\/\\\/quehacerpolitico.mx\\\/?p=132024#respond\"]}]},{\"@type\":\"WebPage\",\"@id\":\"https:\\\/\\\/quehacerpolitico.mx\\\/?p=132024\",\"url\":\"https:\\\/\\\/quehacerpolitico.mx\\\/?p=132024\",\"name\":\"\u201cNo soy un \u2018narcosenador\u2019\u201d: Enrique Inzunza pide a la FGR concluir la investigaci\u00f3n en su contra -\",\"isPartOf\":{\"@id\":\"https:\\\/\\\/quehacerpolitico.mx\\\/#website\"},\"primaryImageOfPage\":{\"@id\":\"https:\\\/\\\/quehacerpolitico.mx\\\/?p=132024#primaryimage\"},\"image\":{\"@id\":\"https:\\\/\\\/quehacerpolitico.mx\\\/?p=132024#primaryimage\"},\"thumbnailUrl\":\"https:\\\/\\\/quehacerpolitico.mx\\\/wp-content\\\/uploads\\\/2026\\\/08\\\/IMG_9831.jpeg\",\"datePublished\":\"2026-09-01T01:48:48+00:00\",\"dateModified\":\"2026-09-01T02:01:01+00:00\",\"author\":{\"@id\":\"https:\\\/\\\/quehacerpolitico.mx\\\/#\\\/schema\\\/person\\\/496d8ad2d1d3f8036101dca7ee39e585\"},\"breadcrumb\":{\"@id\":\"https:\\\/\\\/quehacerpolitico.mx\\\/?p=132024#breadcrumb\"},\"inLanguage\":\"es\",\"potentialAction\":[{\"@type\":\"ReadAction\",\"target\":[\"https:\\\/\\\/quehacerpolitico.mx\\\/?p=132024\"]}]},{\"@type\":\"ImageObject\",\"inLanguage\":\"es\",\"@id\":\"https:\\\/\\\/quehacerpolitico.mx\\\/?p=132024#primaryimage\",\"url\":\"https:\\\/\\\/quehacerpolitico.mx\\\/wp-content\\\/uploads\\\/2026\\\/08\\\/IMG_9831.jpeg\",\"contentUrl\":\"https:\\\/\\\/quehacerpolitico.mx\\\/wp-content\\\/uploads\\\/2026\\\/08\\\/IMG_9831.jpeg\",\"width\":961,\"height\":521},{\"@type\":\"BreadcrumbList\",\"@id\":\"https:\\\/\\\/quehacerpolitico.mx\\\/?p=132024#breadcrumb\",\"itemListElement\":[{\"@type\":\"ListItem\",\"position\":1,\"name\":\"Inicio\",\"item\":\"https:\\\/\\\/quehacerpolitico.mx\\\/\"},{\"@type\":\"ListItem\",\"position\":2,\"name\":\"\u201cNo soy un \u2018narcosenador\u2019\u201d: Enrique Inzunza pide a la FGR concluir la investigaci\u00f3n en su contra\"}]},{\"@type\":\"WebSite\",\"@id\":\"https:\\\/\\\/quehacerpolitico.mx\\\/#website\",\"url\":\"https:\\\/\\\/quehacerpolitico.mx\\\/\",\"name\":\"\",\"description\":\"\",\"potentialAction\":[{\"@type\":\"SearchAction\",\"target\":{\"@type\":\"EntryPoint\",\"urlTemplate\":\"https:\\\/\\\/quehacerpolitico.mx\\\/?s={search_term_string}\"},\"query-input\":{\"@type\":\"PropertyValueSpecification\",\"valueRequired\":true,\"valueName\":\"search_term_string\"}}],\"inLanguage\":\"es\"},{\"@type\":\"Person\",\"@id\":\"https:\\\/\\\/quehacerpolitico.mx\\\/#\\\/schema\\\/person\\\/496d8ad2d1d3f8036101dca7ee39e585\",\"name\":\"Redacci\u00f3n QP\",\"image\":{\"@type\":\"ImageObject\",\"inLanguage\":\"es\",\"@id\":\"https:\\\/\\\/secure.gravatar.com\\\/avatar\\\/c7164ed6fdec453195284ad24a5ae5b6e1eed2b848477fa2a4787ba9adf39a41?s=96&d=mm&r=g\",\"url\":\"https:\\\/\\\/secure.gravatar.com\\\/avatar\\\/c7164ed6fdec453195284ad24a5ae5b6e1eed2b848477fa2a4787ba9adf39a41?s=96&d=mm&r=g\",\"contentUrl\":\"https:\\\/\\\/secure.gravatar.com\\\/avatar\\\/c7164ed6fdec453195284ad24a5ae5b6e1eed2b848477fa2a4787ba9adf39a41?s=96&d=mm&r=g\",\"caption\":\"Redacci\u00f3n QP\"},\"url\":\"https:\\\/\\\/quehacerpolitico.mx\\\/?author=2\"}]}<\/script>\n<!-- \/ Yoast SEO plugin. -->","yoast_head_json":{"title":"\u201cNo soy un \u2018narcosenador\u2019\u201d: Enrique Inzunza pide a la FGR concluir la investigaci\u00f3n en su contra -","robots":{"index":"index","follow":"follow","max-snippet":"max-snippet:-1","max-image-preview":"max-image-preview:large","max-video-preview":"max-video-preview:-1"},"canonical":"https:\/\/quehacerpolitico.mx\/?p=132024","og_locale":"es_MX","og_type":"article","og_title":"\u201cNo soy un \u2018narcosenador\u2019\u201d: Enrique Inzunza pide a la FGR concluir la investigaci\u00f3n en su contra -","og_description":"Por Redacci\u00f3n QP El legislador se desmarc\u00f3 del gobernador con licencia de Sinaloa, Rub\u00e9n Rocha...","og_url":"https:\/\/quehacerpolitico.mx\/?p=132024","article_published_time":"2026-09-01T01:48:48+00:00","article_modified_time":"2026-09-01T02:01:01+00:00","og_image":[{"width":961,"height":521,"url":"https:\/\/quehacerpolitico.mx\/wp-content\/uploads\/2026\/08\/IMG_9831.jpeg","type":"image\/jpeg"}],"author":"Redacci\u00f3n QP","twitter_card":"summary_large_image","twitter_misc":{"Escrito por":"Redacci\u00f3n QP","Tiempo de lectura":"2 minutos"},"schema":{"@context":"https:\/\/schema.org","@graph":[{"@type":"Article","@id":"https:\/\/quehacerpolitico.mx\/?p=132024#article","isPartOf":{"@id":"https:\/\/quehacerpolitico.mx\/?p=132024"},"author":{"name":"Redacci\u00f3n QP","@id":"https:\/\/quehacerpolitico.mx\/#\/schema\/person\/496d8ad2d1d3f8036101dca7ee39e585"},"headline":"\u201cNo soy un \u2018narcosenador\u2019\u201d: Enrique Inzunza pide a la FGR concluir la investigaci\u00f3n en su contra","datePublished":"2026-09-01T01:48:48+00:00","dateModified":"2026-09-01T02:01:01+00:00","mainEntityOfPage":{"@id":"https:\/\/quehacerpolitico.mx\/?p=132024"},"wordCount":481,"commentCount":0,"image":{"@id":"https:\/\/quehacerpolitico.mx\/?p=132024#primaryimage"},"thumbnailUrl":"https:\/\/quehacerpolitico.mx\/wp-content\/uploads\/2026\/08\/IMG_9831.jpeg","articleSection":["Nacionales","Noticias"],"inLanguage":"es","potentialAction":[{"@type":"CommentAction","name":"Comment","target":["https:\/\/quehacerpolitico.mx\/?p=132024#respond"]}]},{"@type":"WebPage","@id":"https:\/\/quehacerpolitico.mx\/?p=132024","url":"https:\/\/quehacerpolitico.mx\/?p=132024","name":"\u201cNo soy un \u2018narcosenador\u2019\u201d: Enrique Inzunza pide a la FGR concluir la investigaci\u00f3n en su contra -","isPartOf":{"@id":"https:\/\/quehacerpolitico.mx\/#website"},"primaryImageOfPage":{"@id":"https:\/\/quehacerpolitico.mx\/?p=132024#primaryimage"},"image":{"@id":"https:\/\/quehacerpolitico.mx\/?p=132024#primaryimage"},"thumbnailUrl":"https:\/\/quehacerpolitico.mx\/wp-content\/uploads\/2026\/08\/IMG_9831.jpeg","datePublished":"2026-09-01T01:48:48+00:00","dateModified":"2026-09-01T02:01:01+00:00","author":{"@id":"https:\/\/quehacerpolitico.mx\/#\/schema\/person\/496d8ad2d1d3f8036101dca7ee39e585"},"breadcrumb":{"@id":"https:\/\/quehacerpolitico.mx\/?p=132024#breadcrumb"},"inLanguage":"es","potentialAction":[{"@type":"ReadAction","target":["https:\/\/quehacerpolitico.mx\/?p=132024"]}]},{"@type":"ImageObject","inLanguage":"es","@id":"https:\/\/quehacerpolitico.mx\/?p=132024#primaryimage","url":"https:\/\/quehacerpolitico.mx\/wp-content\/uploads\/2026\/08\/IMG_9831.jpeg","contentUrl":"https:\/\/quehacerpolitico.mx\/wp-content\/uploads\/2026\/08\/IMG_9831.jpeg","width":961,"height":521},{"@type":"BreadcrumbList","@id":"https:\/\/quehacerpolitico.mx\/?p=132024#breadcrumb","itemListElement":[{"@type":"ListItem","position":1,"name":"Inicio","item":"https:\/\/quehacerpolitico.mx\/"},{"@type":"ListItem","position":2,"name":"\u201cNo soy un \u2018narcosenador\u2019\u201d: Enrique Inzunza pide a la FGR concluir la investigaci\u00f3n en su contra"}]},{"@type":"WebSite","@id":"https:\/\/quehacerpolitico.mx\/#website","url":"https:\/\/quehacerpolitico.mx\/","name":"","description":"","potentialAction":[{"@type":"SearchAction","target":{"@type":"EntryPoint","urlTemplate":"https:\/\/quehacerpolitico.mx\/?s={search_term_string}"},"query-input":{"@type":"PropertyValueSpecification","valueRequired":true,"valueName":"search_term_string"}}],"inLanguage":"es"},{"@type":"Person","@id":"https:\/\/quehacerpolitico.mx\/#\/schema\/person\/496d8ad2d1d3f8036101dca7ee39e585","name":"Redacci\u00f3n QP","image":{"@type":"ImageObject","inLanguage":"es","@id":"https:\/\/secure.gravatar.com\/avatar\/c7164ed6fdec453195284ad24a5ae5b6e1eed2b848477fa2a4787ba9adf39a41?s=96&d=mm&r=g","url":"https:\/\/secure.gravatar.com\/avatar\/c7164ed6fdec453195284ad24a5ae5b6e1eed2b848477fa2a4787ba9adf39a41?s=96&d=mm&r=g","contentUrl":"https:\/\/secure.gravatar.com\/avatar\/c7164ed6fdec453195284ad24a5ae5b6e1eed2b848477fa2a4787ba9adf39a41?s=96&d=mm&r=g","caption":"Redacci\u00f3n QP"},"url":"https:\/\/quehacerpolitico.mx\/?author=2"}]}},"featured_image_urls":{"full":["https:\/\/quehacerpolitico.mx\/wp-content\/uploads\/2026\/08\/IMG_9831.jpeg",961,521,false],"thumbnail":["https:\/\/quehacerpolitico.mx\/wp-content\/uploads\/2026\/08\/IMG_9831-150x150.jpeg",150,150,true],"medium":["https:\/\/quehacerpolitico.mx\/wp-content\/uploads\/2026\/08\/IMG_9831-300x163.jpeg",300,163,true],"medium_large":["https:\/\/quehacerpolitico.mx\/wp-content\/uploads\/2026\/08\/IMG_9831-768x416.jpeg",640,347,true],"large":["https:\/\/quehacerpolitico.mx\/wp-content\/uploads\/2026\/08\/IMG_9831.jpeg",640,347,false],"1536x1536":["https:\/\/quehacerpolitico.mx\/wp-content\/uploads\/2026\/08\/IMG_9831.jpeg",961,521,false],"2048x2048":["https:\/\/quehacerpolitico.mx\/wp-content\/uploads\/2026\/08\/IMG_9831.jpeg",961,521,false],"covernews-featured":["https:\/\/quehacerpolitico.mx\/wp-content\/uploads\/2026\/08\/IMG_9831.jpeg",961,521,false],"covernews-medium":["https:\/\/quehacerpolitico.mx\/wp-content\/uploads\/2026\/08\/IMG_9831-540x340.jpeg",540,340,true]},"author_info":{"display_name":"Redacci\u00f3n QP","author_link":"https:\/\/quehacerpolitico.mx\/?author=2"},"category_info":"<a href=\"https:\/\/quehacerpolitico.mx\/?cat=280\" rel=\"category\">Nacionales<\/a> <a href=\"https:\/\/quehacerpolitico.mx\/?cat=2\" rel=\"category\">Noticias<\/a>","tag_info":"Noticias","comment_count":"0","_links":{"self":[{"href":"https:\/\/quehacerpolitico.mx\/index.php?rest_route=\/wp\/v2\/posts\/132024","targetHints":{"allow":["GET"]}}],"collection":[{"href":"https:\/\/quehacerpolitico.mx\/index.php?rest_route=\/wp\/v2\/posts"}],"about":[{"href":"https:\/\/quehacerpolitico.mx\/index.php?rest_route=\/wp\/v2\/types\/post"}],"author":[{"embeddable":true,"href":"https:\/\/quehacerpolitico.mx\/index.php?rest_route=\/wp\/v2\/users\/2"}],"replies":[{"embeddable":true,"href":"https:\/\/quehacerpolitico.mx\/index.php?rest_route=%2Fwp%2Fv2%2Fcomments&post=132024"}],"version-history":[{"count":2,"href":"https:\/\/quehacerpolitico.mx\/index.php?rest_route=\/wp\/v2\/posts\/132024\/revisions"}],"predecessor-version":[{"id":132027,"href":"https:\/\/quehacerpolitico.mx\/index.php?rest_route=\/wp\/v2\/posts\/132024\/revisions\/132027"}],"wp:featuredmedia":[{"embeddable":true,"href":"https:\/\/quehacerpolitico.mx\/index.php?rest_route=\/wp\/v2\/media\/132026"}],"wp:attachment":[{"href":"https:\/\/quehacerpolitico.mx\/index.php?rest_route=%2Fwp%2Fv2%2Fmedia&parent=132024"}],"wp:term":[{"taxonomy":"category","embeddable":true,"href":"https:\/\/quehacerpolitico.mx\/index.php?rest_route=%2Fwp%2Fv2%2Fcategories&post=132024"},{"taxonomy":"post_tag","embeddable":true,"href":"https:\/\/quehacerpolitico.mx\/index.php?rest_route=%2Fwp%2Fv2%2Ftags&post=132024"}],"curies":[{"name":"wp","href":"https:\/\/api.w.org\/{rel}","templated":true}]}}