{"id":132016,"date":"2026-08-31T18:48:02","date_gmt":"2026-09-01T00:48:02","guid":{"rendered":"https:\/\/quehacerpolitico.mx\/?p=132016"},"modified":"2026-08-31T18:48:04","modified_gmt":"2026-09-01T00:48:04","slug":"aumenta-a-11-la-cifra-de-lesionados-por-la-explosion-de-un-coche-bomba-en-ojocaliente-zacatecas","status":"publish","type":"post","link":"https:\/\/quehacerpolitico.mx\/?p=132016","title":{"rendered":"Aumenta a 11 la cifra de lesionados por la explosi\u00f3n de un coche bomba en Ojocaliente, Zacatecas"},"content":{"rendered":"\n<p class=\"wp-block-paragraph\">Por Redacci\u00f3n QP<\/p>\n\n\n\n<p class=\"wp-block-paragraph\">La detonaci\u00f3n ocurri\u00f3 a las 7:30 de la tarde de este domingo y dej\u00f3 varios veh\u00edculos calcinados, as\u00ed como portones retorcidos, vidrios rotos en las calles y escombros<\/p>\n\n\n\n<p class=\"wp-block-paragraph\">El gobierno de Zacatecas inform\u00f3 este lunes que&nbsp;11&nbsp;personas resultaron&nbsp;lesionadas por la explosi\u00f3n de un coche bomba en las inmediaciones de la comandancia de la polic\u00eda municipal de<strong>&nbsp;Ojocaliente.&nbsp;<\/strong><\/p>\n\n\n\n<p class=\"wp-block-paragraph\">El secretario de Gobierno, Rodrigo Reyes Mug\u00ebrza, dio a conocer en conferencia del gobernador David Monreal que la onda expansiva tambi\u00e9n dej\u00f3 da\u00f1os e<strong>n al menos 38 inmuebles.<\/strong><\/p>\n\n\n\n<figure class=\"wp-block-embed is-type-rich is-provider-twitter wp-block-embed-twitter\"><div class=\"wp-block-embed__wrapper\">\n<blockquote class=\"twitter-tweet\" data-width=\"550\" data-dnt=\"true\"><p lang=\"es\" dir=\"ltr\">\u00bfCoche bomba? Un veh\u00edculo SEAT con reporte de robo en Jalisco fue utilizado para colocar un artefacto explosivo frente a la Polic\u00eda Municipal de Ojocaliente, Zacatecas. El autom\u00f3vil fue abandonado con el motor encendido y, minutos despu\u00e9s, el mecanismo explosivo fue activado. <a href=\"https:\/\/t.co\/TU4DLtufIT\">pic.twitter.com\/TU4DLtufIT<\/a><\/p>&mdash; La Periodista (@LaPeriodista_MX) <a href=\"https:\/\/x.com\/LaPeriodista_MX\/status\/2094513827333165542?ref_src=twsrc%5Etfw\">August 31, 2026<\/a><\/blockquote><script async src=\"https:\/\/platform.x.com\/widgets.js\" charset=\"utf-8\"><\/script>\n<\/div><\/figure>\n\n\n\n<p class=\"wp-block-paragraph\">Los lesionados son atendidos en el hospital comunitario de Ojocaliente y las autoridades afirman que s\u00f3lo una de las v\u00edctimas se encuentra en estado grave de salud.<\/p>\n\n\n\n<p class=\"wp-block-paragraph\">Las autoridades han se\u00f1alado que las otras v\u00edctimas se encuentran fuera de peligro tras los hechos que se registraron a las 7:30 de la tarde de este domingo.<\/p>\n\n\n\n<figure class=\"wp-block-embed is-type-rich is-provider-twitter wp-block-embed-twitter\"><div class=\"wp-block-embed__wrapper\">\n<blockquote class=\"twitter-tweet\" data-width=\"550\" data-dnt=\"true\"><p lang=\"es\" dir=\"ltr\">\ud83d\udd34El gobernador David Monreal asegur\u00f3 que su administraci\u00f3n no minimizar\u00e1 la ola de ataques registrados durante la \u00faltima semana y afirm\u00f3 que trabajan \u201ccon mucho \u00e9nfasis y mucho empe\u00f1o\u201d en la pacificaci\u00f3n del estado. <a href=\"https:\/\/t.co\/MwTAi9L6yA\">pic.twitter.com\/MwTAi9L6yA<\/a><\/p>&mdash; Azucena Uresti (@azucenau) <a href=\"https:\/\/x.com\/azucenau\/status\/2094544639034642594?ref_src=twsrc%5Etfw\">August 31, 2026<\/a><\/blockquote><script async src=\"https:\/\/platform.x.com\/widgets.js\" charset=\"utf-8\"><\/script>\n<\/div><\/figure>\n\n\n\n<p class=\"wp-block-paragraph\">La explosi\u00f3n dej\u00f3 varios&nbsp;<strong>veh\u00edculos totalmente calcinados<\/strong>, llamas que ascend\u00edan por encima de algunas casas, portones retorcidos y calles con vidrios rotos y escombros, seg\u00fan fotograf\u00edas y videos subidos&nbsp;en redes. La&nbsp;<strong>onda expansiva<\/strong>&nbsp;fue mayor al tener lugar en calles peque\u00f1as y con viviendas del centro de Ojocaliente, una ciudad de unos 20 mil habitantes situada a unos 600 kil\u00f3metros al noroeste de Ciudad de M\u00e9xico.<\/p>\n\n\n\n<p class=\"wp-block-paragraph\">Veh\u00edculos cargados con&nbsp;<strong>bombas<\/strong>artesanales ya han sido utilizados en otras ocasiones por los&nbsp;<strong>c\u00e1rteles mexicanos<\/strong>. Uno de los ataques m\u00e1s letales, con cinco muertos,&nbsp;ocurri\u00f3 en diciembre en el estado occidental de Michoac\u00e1n.<\/p>\n\n\n\n<figure class=\"wp-block-gallery has-nested-images columns-default is-cropped wp-block-gallery-1 is-layout-flex wp-block-gallery-is-layout-flex\">\n<figure class=\"wp-block-image size-large\"><img loading=\"lazy\" decoding=\"async\" width=\"1024\" height=\"682\" data-id=\"132022\" src=\"https:\/\/quehacerpolitico.mx\/wp-content\/uploads\/2026\/08\/35A97553-722F-4C8F-B654-7947309BE1D5-1024x682.jpeg\" alt=\"\" class=\"wp-image-132022\" srcset=\"https:\/\/quehacerpolitico.mx\/wp-content\/uploads\/2026\/08\/35A97553-722F-4C8F-B654-7947309BE1D5-1024x682.jpeg 1024w, https:\/\/quehacerpolitico.mx\/wp-content\/uploads\/2026\/08\/35A97553-722F-4C8F-B654-7947309BE1D5-300x200.jpeg 300w, https:\/\/quehacerpolitico.mx\/wp-content\/uploads\/2026\/08\/35A97553-722F-4C8F-B654-7947309BE1D5-768x512.jpeg 768w, https:\/\/quehacerpolitico.mx\/wp-content\/uploads\/2026\/08\/35A97553-722F-4C8F-B654-7947309BE1D5-1536x1023.jpeg 1536w, https:\/\/quehacerpolitico.mx\/wp-content\/uploads\/2026\/08\/35A97553-722F-4C8F-B654-7947309BE1D5.jpeg 1920w\" sizes=\"auto, (max-width: 1024px) 100vw, 1024px\" \/><\/figure>\n\n\n\n<figure class=\"wp-block-image size-large\"><img loading=\"lazy\" decoding=\"async\" width=\"1024\" height=\"768\" data-id=\"132021\" src=\"https:\/\/quehacerpolitico.mx\/wp-content\/uploads\/2026\/08\/6E0A1FA3-6299-480B-9DE9-58F5E42B5731-1024x768.jpeg\" alt=\"\" class=\"wp-image-132021\" srcset=\"https:\/\/quehacerpolitico.mx\/wp-content\/uploads\/2026\/08\/6E0A1FA3-6299-480B-9DE9-58F5E42B5731-1024x768.jpeg 1024w, https:\/\/quehacerpolitico.mx\/wp-content\/uploads\/2026\/08\/6E0A1FA3-6299-480B-9DE9-58F5E42B5731-300x225.jpeg 300w, https:\/\/quehacerpolitico.mx\/wp-content\/uploads\/2026\/08\/6E0A1FA3-6299-480B-9DE9-58F5E42B5731-768x576.jpeg 768w, https:\/\/quehacerpolitico.mx\/wp-content\/uploads\/2026\/08\/6E0A1FA3-6299-480B-9DE9-58F5E42B5731.jpeg 1280w\" sizes=\"auto, (max-width: 1024px) 100vw, 1024px\" \/><\/figure>\n\n\n\n<figure class=\"wp-block-image size-large\"><img loading=\"lazy\" decoding=\"async\" width=\"1024\" height=\"683\" data-id=\"132017\" src=\"https:\/\/quehacerpolitico.mx\/wp-content\/uploads\/2026\/08\/155B6B96-0D12-49E7-9E6F-6FD36452CE63-1024x683.jpeg\" alt=\"\" class=\"wp-image-132017\" srcset=\"https:\/\/quehacerpolitico.mx\/wp-content\/uploads\/2026\/08\/155B6B96-0D12-49E7-9E6F-6FD36452CE63-1024x683.jpeg 1024w, https:\/\/quehacerpolitico.mx\/wp-content\/uploads\/2026\/08\/155B6B96-0D12-49E7-9E6F-6FD36452CE63-300x200.jpeg 300w, https:\/\/quehacerpolitico.mx\/wp-content\/uploads\/2026\/08\/155B6B96-0D12-49E7-9E6F-6FD36452CE63-768x512.jpeg 768w, https:\/\/quehacerpolitico.mx\/wp-content\/uploads\/2026\/08\/155B6B96-0D12-49E7-9E6F-6FD36452CE63-1536x1024.jpeg 1536w, https:\/\/quehacerpolitico.mx\/wp-content\/uploads\/2026\/08\/155B6B96-0D12-49E7-9E6F-6FD36452CE63.jpeg 2048w\" sizes=\"auto, (max-width: 1024px) 100vw, 1024px\" \/><\/figure>\n\n\n\n<figure class=\"wp-block-image size-large\"><img loading=\"lazy\" decoding=\"async\" width=\"1024\" height=\"768\" data-id=\"132020\" src=\"https:\/\/quehacerpolitico.mx\/wp-content\/uploads\/2026\/08\/313071A5-37D4-43F5-9785-563F1DF8B223-1024x768.jpeg\" alt=\"\" class=\"wp-image-132020\" srcset=\"https:\/\/quehacerpolitico.mx\/wp-content\/uploads\/2026\/08\/313071A5-37D4-43F5-9785-563F1DF8B223-1024x768.jpeg 1024w, https:\/\/quehacerpolitico.mx\/wp-content\/uploads\/2026\/08\/313071A5-37D4-43F5-9785-563F1DF8B223-300x225.jpeg 300w, https:\/\/quehacerpolitico.mx\/wp-content\/uploads\/2026\/08\/313071A5-37D4-43F5-9785-563F1DF8B223-768x576.jpeg 768w, https:\/\/quehacerpolitico.mx\/wp-content\/uploads\/2026\/08\/313071A5-37D4-43F5-9785-563F1DF8B223.jpeg 1280w\" sizes=\"auto, (max-width: 1024px) 100vw, 1024px\" \/><\/figure>\n\n\n\n<figure class=\"wp-block-image size-large\"><img loading=\"lazy\" decoding=\"async\" width=\"980\" height=\"653\" data-id=\"132018\" src=\"https:\/\/quehacerpolitico.mx\/wp-content\/uploads\/2026\/08\/IMG_9829.jpeg\" alt=\"\" class=\"wp-image-132018\" srcset=\"https:\/\/quehacerpolitico.mx\/wp-content\/uploads\/2026\/08\/IMG_9829.jpeg 980w, https:\/\/quehacerpolitico.mx\/wp-content\/uploads\/2026\/08\/IMG_9829-300x200.jpeg 300w, https:\/\/quehacerpolitico.mx\/wp-content\/uploads\/2026\/08\/IMG_9829-768x512.jpeg 768w\" sizes=\"auto, (max-width: 980px) 100vw, 980px\" \/><\/figure>\n\n\n\n<figure class=\"wp-block-image size-large\"><img loading=\"lazy\" decoding=\"async\" width=\"981\" height=\"653\" data-id=\"132019\" src=\"https:\/\/quehacerpolitico.mx\/wp-content\/uploads\/2026\/08\/IMG_9830.jpeg\" alt=\"\" class=\"wp-image-132019\" srcset=\"https:\/\/quehacerpolitico.mx\/wp-content\/uploads\/2026\/08\/IMG_9830.jpeg 981w, https:\/\/quehacerpolitico.mx\/wp-content\/uploads\/2026\/08\/IMG_9830-300x200.jpeg 300w, https:\/\/quehacerpolitico.mx\/wp-content\/uploads\/2026\/08\/IMG_9830-768x511.jpeg 768w\" sizes=\"auto, (max-width: 981px) 100vw, 981px\" \/><\/figure>\n<\/figure>\n\n\n\n<p class=\"wp-block-paragraph\">El gobierno mexicano siempre ha rehuido hablar de coches bomba por la connotaci\u00f3n de&nbsp;<strong>ataque terrorista<\/strong>&nbsp;que tienen ese tipo de acciones.<\/p>\n\n\n\n<p class=\"wp-block-paragraph\">El ayuntamiento decret\u00f3 la&nbsp;<strong>suspensi\u00f3n del inicio del ciclo escolar<\/strong>, previsto para este lunes, y de todas las actividades administrativas \u201cmanteniendo activas \u00fanicamente las \u00e1reas operativas y de emergencia\u201d, dijo el alcalde, Juan Manuel Zambrano, en un mensaje en Facebook. Adem\u00e1s proporcion\u00f3 un n\u00famero de tel\u00e9fono para quien necesite \u201casistencia inmediata\u201d.&nbsp;<\/p>\n\n\n\n<p class=\"wp-block-paragraph\"><em>Con informaci\u00f3n de AP<\/em><\/p>\n","protected":false},"excerpt":{"rendered":"<p>Por Redacci\u00f3n QP La detonaci\u00f3n ocurri\u00f3 a las 7:30 de la tarde de este domingo&#8230;<\/p>\n","protected":false},"author":2,"featured_media":132022,"comment_status":"open","ping_status":"open","sticky":false,"template":"","format":"standard","meta":{"footnotes":""},"categories":[280,2],"tags":[],"class_list":["post-132016","post","type-post","status-publish","format-standard","has-post-thumbnail","hentry","category-nacionales","category-noticias"],"yoast_head":"<!-- This site is optimized with the Yoast SEO plugin v27.9 - https:\/\/yoast.com\/product\/yoast-seo-wordpress\/ -->\n<title>Aumenta a 11 la cifra de lesionados por la explosi\u00f3n de un coche bomba en Ojocaliente, Zacatecas -<\/title>\n<meta name=\"robots\" content=\"index, follow, max-snippet:-1, max-image-preview:large, max-video-preview:-1\" \/>\n<link rel=\"canonical\" href=\"https:\/\/quehacerpolitico.mx\/?p=132016\" \/>\n<meta property=\"og:locale\" content=\"es_MX\" \/>\n<meta property=\"og:type\" content=\"article\" \/>\n<meta property=\"og:title\" content=\"Aumenta a 11 la cifra de lesionados por la explosi\u00f3n de un coche bomba en Ojocaliente, Zacatecas -\" \/>\n<meta property=\"og:description\" content=\"Por Redacci\u00f3n QP La detonaci\u00f3n ocurri\u00f3 a las 7:30 de la tarde de este domingo...\" \/>\n<meta property=\"og:url\" content=\"https:\/\/quehacerpolitico.mx\/?p=132016\" \/>\n<meta property=\"article:published_time\" content=\"2026-09-01T00:48:02+00:00\" \/>\n<meta property=\"article:modified_time\" content=\"2026-09-01T00:48:04+00:00\" \/>\n<meta property=\"og:image\" content=\"https:\/\/quehacerpolitico.mx\/wp-content\/uploads\/2026\/08\/35A97553-722F-4C8F-B654-7947309BE1D5.jpeg\" \/>\n\t<meta property=\"og:image:width\" content=\"1920\" \/>\n\t<meta property=\"og:image:height\" content=\"1279\" \/>\n\t<meta property=\"og:image:type\" content=\"image\/jpeg\" \/>\n<meta name=\"author\" content=\"Redacci\u00f3n QP\" \/>\n<meta name=\"twitter:card\" content=\"summary_large_image\" \/>\n<meta name=\"twitter:label1\" content=\"Escrito por\" \/>\n\t<meta name=\"twitter:data1\" content=\"Redacci\u00f3n QP\" \/>\n\t<meta name=\"twitter:label2\" content=\"Tiempo de lectura\" \/>\n\t<meta name=\"twitter:data2\" content=\"3 minutos\" \/>\n<script type=\"application\/ld+json\" class=\"yoast-schema-graph\">{\"@context\":\"https:\\\/\\\/schema.org\",\"@graph\":[{\"@type\":\"Article\",\"@id\":\"https:\\\/\\\/quehacerpolitico.mx\\\/?p=132016#article\",\"isPartOf\":{\"@id\":\"https:\\\/\\\/quehacerpolitico.mx\\\/?p=132016\"},\"author\":{\"name\":\"Redacci\u00f3n QP\",\"@id\":\"https:\\\/\\\/quehacerpolitico.mx\\\/#\\\/schema\\\/person\\\/496d8ad2d1d3f8036101dca7ee39e585\"},\"headline\":\"Aumenta a 11 la cifra de lesionados por la explosi\u00f3n de un coche bomba en Ojocaliente, Zacatecas\",\"datePublished\":\"2026-09-01T00:48:02+00:00\",\"dateModified\":\"2026-09-01T00:48:04+00:00\",\"mainEntityOfPage\":{\"@id\":\"https:\\\/\\\/quehacerpolitico.mx\\\/?p=132016\"},\"wordCount\":392,\"commentCount\":0,\"image\":{\"@id\":\"https:\\\/\\\/quehacerpolitico.mx\\\/?p=132016#primaryimage\"},\"thumbnailUrl\":\"https:\\\/\\\/quehacerpolitico.mx\\\/wp-content\\\/uploads\\\/2026\\\/08\\\/35A97553-722F-4C8F-B654-7947309BE1D5.jpeg\",\"articleSection\":[\"Nacionales\",\"Noticias\"],\"inLanguage\":\"es\",\"potentialAction\":[{\"@type\":\"CommentAction\",\"name\":\"Comment\",\"target\":[\"https:\\\/\\\/quehacerpolitico.mx\\\/?p=132016#respond\"]}]},{\"@type\":\"WebPage\",\"@id\":\"https:\\\/\\\/quehacerpolitico.mx\\\/?p=132016\",\"url\":\"https:\\\/\\\/quehacerpolitico.mx\\\/?p=132016\",\"name\":\"Aumenta a 11 la cifra de lesionados por la explosi\u00f3n de un coche bomba en Ojocaliente, Zacatecas -\",\"isPartOf\":{\"@id\":\"https:\\\/\\\/quehacerpolitico.mx\\\/#website\"},\"primaryImageOfPage\":{\"@id\":\"https:\\\/\\\/quehacerpolitico.mx\\\/?p=132016#primaryimage\"},\"image\":{\"@id\":\"https:\\\/\\\/quehacerpolitico.mx\\\/?p=132016#primaryimage\"},\"thumbnailUrl\":\"https:\\\/\\\/quehacerpolitico.mx\\\/wp-content\\\/uploads\\\/2026\\\/08\\\/35A97553-722F-4C8F-B654-7947309BE1D5.jpeg\",\"datePublished\":\"2026-09-01T00:48:02+00:00\",\"dateModified\":\"2026-09-01T00:48:04+00:00\",\"author\":{\"@id\":\"https:\\\/\\\/quehacerpolitico.mx\\\/#\\\/schema\\\/person\\\/496d8ad2d1d3f8036101dca7ee39e585\"},\"breadcrumb\":{\"@id\":\"https:\\\/\\\/quehacerpolitico.mx\\\/?p=132016#breadcrumb\"},\"inLanguage\":\"es\",\"potentialAction\":[{\"@type\":\"ReadAction\",\"target\":[\"https:\\\/\\\/quehacerpolitico.mx\\\/?p=132016\"]}]},{\"@type\":\"ImageObject\",\"inLanguage\":\"es\",\"@id\":\"https:\\\/\\\/quehacerpolitico.mx\\\/?p=132016#primaryimage\",\"url\":\"https:\\\/\\\/quehacerpolitico.mx\\\/wp-content\\\/uploads\\\/2026\\\/08\\\/35A97553-722F-4C8F-B654-7947309BE1D5.jpeg\",\"contentUrl\":\"https:\\\/\\\/quehacerpolitico.mx\\\/wp-content\\\/uploads\\\/2026\\\/08\\\/35A97553-722F-4C8F-B654-7947309BE1D5.jpeg\",\"width\":1920,\"height\":1279},{\"@type\":\"BreadcrumbList\",\"@id\":\"https:\\\/\\\/quehacerpolitico.mx\\\/?p=132016#breadcrumb\",\"itemListElement\":[{\"@type\":\"ListItem\",\"position\":1,\"name\":\"Inicio\",\"item\":\"https:\\\/\\\/quehacerpolitico.mx\\\/\"},{\"@type\":\"ListItem\",\"position\":2,\"name\":\"Aumenta a 11 la cifra de lesionados por la explosi\u00f3n de un coche bomba en Ojocaliente, Zacatecas\"}]},{\"@type\":\"WebSite\",\"@id\":\"https:\\\/\\\/quehacerpolitico.mx\\\/#website\",\"url\":\"https:\\\/\\\/quehacerpolitico.mx\\\/\",\"name\":\"\",\"description\":\"\",\"potentialAction\":[{\"@type\":\"SearchAction\",\"target\":{\"@type\":\"EntryPoint\",\"urlTemplate\":\"https:\\\/\\\/quehacerpolitico.mx\\\/?s={search_term_string}\"},\"query-input\":{\"@type\":\"PropertyValueSpecification\",\"valueRequired\":true,\"valueName\":\"search_term_string\"}}],\"inLanguage\":\"es\"},{\"@type\":\"Person\",\"@id\":\"https:\\\/\\\/quehacerpolitico.mx\\\/#\\\/schema\\\/person\\\/496d8ad2d1d3f8036101dca7ee39e585\",\"name\":\"Redacci\u00f3n QP\",\"image\":{\"@type\":\"ImageObject\",\"inLanguage\":\"es\",\"@id\":\"https:\\\/\\\/secure.gravatar.com\\\/avatar\\\/c7164ed6fdec453195284ad24a5ae5b6e1eed2b848477fa2a4787ba9adf39a41?s=96&d=mm&r=g\",\"url\":\"https:\\\/\\\/secure.gravatar.com\\\/avatar\\\/c7164ed6fdec453195284ad24a5ae5b6e1eed2b848477fa2a4787ba9adf39a41?s=96&d=mm&r=g\",\"contentUrl\":\"https:\\\/\\\/secure.gravatar.com\\\/avatar\\\/c7164ed6fdec453195284ad24a5ae5b6e1eed2b848477fa2a4787ba9adf39a41?s=96&d=mm&r=g\",\"caption\":\"Redacci\u00f3n QP\"},\"url\":\"https:\\\/\\\/quehacerpolitico.mx\\\/?author=2\"}]}<\/script>\n<!-- \/ Yoast SEO plugin. -->","yoast_head_json":{"title":"Aumenta a 11 la cifra de lesionados por la explosi\u00f3n de un coche bomba en Ojocaliente, Zacatecas -","robots":{"index":"index","follow":"follow","max-snippet":"max-snippet:-1","max-image-preview":"max-image-preview:large","max-video-preview":"max-video-preview:-1"},"canonical":"https:\/\/quehacerpolitico.mx\/?p=132016","og_locale":"es_MX","og_type":"article","og_title":"Aumenta a 11 la cifra de lesionados por la explosi\u00f3n de un coche bomba en Ojocaliente, Zacatecas -","og_description":"Por Redacci\u00f3n QP La detonaci\u00f3n ocurri\u00f3 a las 7:30 de la tarde de este domingo...","og_url":"https:\/\/quehacerpolitico.mx\/?p=132016","article_published_time":"2026-09-01T00:48:02+00:00","article_modified_time":"2026-09-01T00:48:04+00:00","og_image":[{"width":1920,"height":1279,"url":"https:\/\/quehacerpolitico.mx\/wp-content\/uploads\/2026\/08\/35A97553-722F-4C8F-B654-7947309BE1D5.jpeg","type":"image\/jpeg"}],"author":"Redacci\u00f3n QP","twitter_card":"summary_large_image","twitter_misc":{"Escrito por":"Redacci\u00f3n QP","Tiempo de lectura":"3 minutos"},"schema":{"@context":"https:\/\/schema.org","@graph":[{"@type":"Article","@id":"https:\/\/quehacerpolitico.mx\/?p=132016#article","isPartOf":{"@id":"https:\/\/quehacerpolitico.mx\/?p=132016"},"author":{"name":"Redacci\u00f3n QP","@id":"https:\/\/quehacerpolitico.mx\/#\/schema\/person\/496d8ad2d1d3f8036101dca7ee39e585"},"headline":"Aumenta a 11 la cifra de lesionados por la explosi\u00f3n de un coche bomba en Ojocaliente, Zacatecas","datePublished":"2026-09-01T00:48:02+00:00","dateModified":"2026-09-01T00:48:04+00:00","mainEntityOfPage":{"@id":"https:\/\/quehacerpolitico.mx\/?p=132016"},"wordCount":392,"commentCount":0,"image":{"@id":"https:\/\/quehacerpolitico.mx\/?p=132016#primaryimage"},"thumbnailUrl":"https:\/\/quehacerpolitico.mx\/wp-content\/uploads\/2026\/08\/35A97553-722F-4C8F-B654-7947309BE1D5.jpeg","articleSection":["Nacionales","Noticias"],"inLanguage":"es","potentialAction":[{"@type":"CommentAction","name":"Comment","target":["https:\/\/quehacerpolitico.mx\/?p=132016#respond"]}]},{"@type":"WebPage","@id":"https:\/\/quehacerpolitico.mx\/?p=132016","url":"https:\/\/quehacerpolitico.mx\/?p=132016","name":"Aumenta a 11 la cifra de lesionados por la explosi\u00f3n de un coche bomba en Ojocaliente, Zacatecas -","isPartOf":{"@id":"https:\/\/quehacerpolitico.mx\/#website"},"primaryImageOfPage":{"@id":"https:\/\/quehacerpolitico.mx\/?p=132016#primaryimage"},"image":{"@id":"https:\/\/quehacerpolitico.mx\/?p=132016#primaryimage"},"thumbnailUrl":"https:\/\/quehacerpolitico.mx\/wp-content\/uploads\/2026\/08\/35A97553-722F-4C8F-B654-7947309BE1D5.jpeg","datePublished":"2026-09-01T00:48:02+00:00","dateModified":"2026-09-01T00:48:04+00:00","author":{"@id":"https:\/\/quehacerpolitico.mx\/#\/schema\/person\/496d8ad2d1d3f8036101dca7ee39e585"},"breadcrumb":{"@id":"https:\/\/quehacerpolitico.mx\/?p=132016#breadcrumb"},"inLanguage":"es","potentialAction":[{"@type":"ReadAction","target":["https:\/\/quehacerpolitico.mx\/?p=132016"]}]},{"@type":"ImageObject","inLanguage":"es","@id":"https:\/\/quehacerpolitico.mx\/?p=132016#primaryimage","url":"https:\/\/quehacerpolitico.mx\/wp-content\/uploads\/2026\/08\/35A97553-722F-4C8F-B654-7947309BE1D5.jpeg","contentUrl":"https:\/\/quehacerpolitico.mx\/wp-content\/uploads\/2026\/08\/35A97553-722F-4C8F-B654-7947309BE1D5.jpeg","width":1920,"height":1279},{"@type":"BreadcrumbList","@id":"https:\/\/quehacerpolitico.mx\/?p=132016#breadcrumb","itemListElement":[{"@type":"ListItem","position":1,"name":"Inicio","item":"https:\/\/quehacerpolitico.mx\/"},{"@type":"ListItem","position":2,"name":"Aumenta a 11 la cifra de lesionados por la explosi\u00f3n de un coche bomba en Ojocaliente, Zacatecas"}]},{"@type":"WebSite","@id":"https:\/\/quehacerpolitico.mx\/#website","url":"https:\/\/quehacerpolitico.mx\/","name":"","description":"","potentialAction":[{"@type":"SearchAction","target":{"@type":"EntryPoint","urlTemplate":"https:\/\/quehacerpolitico.mx\/?s={search_term_string}"},"query-input":{"@type":"PropertyValueSpecification","valueRequired":true,"valueName":"search_term_string"}}],"inLanguage":"es"},{"@type":"Person","@id":"https:\/\/quehacerpolitico.mx\/#\/schema\/person\/496d8ad2d1d3f8036101dca7ee39e585","name":"Redacci\u00f3n QP","image":{"@type":"ImageObject","inLanguage":"es","@id":"https:\/\/secure.gravatar.com\/avatar\/c7164ed6fdec453195284ad24a5ae5b6e1eed2b848477fa2a4787ba9adf39a41?s=96&d=mm&r=g","url":"https:\/\/secure.gravatar.com\/avatar\/c7164ed6fdec453195284ad24a5ae5b6e1eed2b848477fa2a4787ba9adf39a41?s=96&d=mm&r=g","contentUrl":"https:\/\/secure.gravatar.com\/avatar\/c7164ed6fdec453195284ad24a5ae5b6e1eed2b848477fa2a4787ba9adf39a41?s=96&d=mm&r=g","caption":"Redacci\u00f3n QP"},"url":"https:\/\/quehacerpolitico.mx\/?author=2"}]}},"featured_image_urls":{"full":["https:\/\/quehacerpolitico.mx\/wp-content\/uploads\/2026\/08\/35A97553-722F-4C8F-B654-7947309BE1D5.jpeg",1920,1279,false],"thumbnail":["https:\/\/quehacerpolitico.mx\/wp-content\/uploads\/2026\/08\/35A97553-722F-4C8F-B654-7947309BE1D5-150x150.jpeg",150,150,true],"medium":["https:\/\/quehacerpolitico.mx\/wp-content\/uploads\/2026\/08\/35A97553-722F-4C8F-B654-7947309BE1D5-300x200.jpeg",300,200,true],"medium_large":["https:\/\/quehacerpolitico.mx\/wp-content\/uploads\/2026\/08\/35A97553-722F-4C8F-B654-7947309BE1D5-768x512.jpeg",640,427,true],"large":["https:\/\/quehacerpolitico.mx\/wp-content\/uploads\/2026\/08\/35A97553-722F-4C8F-B654-7947309BE1D5-1024x682.jpeg",640,426,true],"1536x1536":["https:\/\/quehacerpolitico.mx\/wp-content\/uploads\/2026\/08\/35A97553-722F-4C8F-B654-7947309BE1D5-1536x1023.jpeg",1536,1023,true],"2048x2048":["https:\/\/quehacerpolitico.mx\/wp-content\/uploads\/2026\/08\/35A97553-722F-4C8F-B654-7947309BE1D5.jpeg",1920,1279,false],"covernews-featured":["https:\/\/quehacerpolitico.mx\/wp-content\/uploads\/2026\/08\/35A97553-722F-4C8F-B654-7947309BE1D5-1024x682.jpeg",1024,682,true],"covernews-medium":["https:\/\/quehacerpolitico.mx\/wp-content\/uploads\/2026\/08\/35A97553-722F-4C8F-B654-7947309BE1D5-540x340.jpeg",540,340,true]},"author_info":{"display_name":"Redacci\u00f3n QP","author_link":"https:\/\/quehacerpolitico.mx\/?author=2"},"category_info":"<a href=\"https:\/\/quehacerpolitico.mx\/?cat=280\" rel=\"category\">Nacionales<\/a> <a href=\"https:\/\/quehacerpolitico.mx\/?cat=2\" rel=\"category\">Noticias<\/a>","tag_info":"Noticias","comment_count":"0","_links":{"self":[{"href":"https:\/\/quehacerpolitico.mx\/index.php?rest_route=\/wp\/v2\/posts\/132016","targetHints":{"allow":["GET"]}}],"collection":[{"href":"https:\/\/quehacerpolitico.mx\/index.php?rest_route=\/wp\/v2\/posts"}],"about":[{"href":"https:\/\/quehacerpolitico.mx\/index.php?rest_route=\/wp\/v2\/types\/post"}],"author":[{"embeddable":true,"href":"https:\/\/quehacerpolitico.mx\/index.php?rest_route=\/wp\/v2\/users\/2"}],"replies":[{"embeddable":true,"href":"https:\/\/quehacerpolitico.mx\/index.php?rest_route=%2Fwp%2Fv2%2Fcomments&post=132016"}],"version-history":[{"count":1,"href":"https:\/\/quehacerpolitico.mx\/index.php?rest_route=\/wp\/v2\/posts\/132016\/revisions"}],"predecessor-version":[{"id":132023,"href":"https:\/\/quehacerpolitico.mx\/index.php?rest_route=\/wp\/v2\/posts\/132016\/revisions\/132023"}],"wp:featuredmedia":[{"embeddable":true,"href":"https:\/\/quehacerpolitico.mx\/index.php?rest_route=\/wp\/v2\/media\/132022"}],"wp:attachment":[{"href":"https:\/\/quehacerpolitico.mx\/index.php?rest_route=%2Fwp%2Fv2%2Fmedia&parent=132016"}],"wp:term":[{"taxonomy":"category","embeddable":true,"href":"https:\/\/quehacerpolitico.mx\/index.php?rest_route=%2Fwp%2Fv2%2Fcategories&post=132016"},{"taxonomy":"post_tag","embeddable":true,"href":"https:\/\/quehacerpolitico.mx\/index.php?rest_route=%2Fwp%2Fv2%2Ftags&post=132016"}],"curies":[{"name":"wp","href":"https:\/\/api.w.org\/{rel}","templated":true}]}}