{"id":132008,"date":"2026-08-31T15:01:36","date_gmt":"2026-08-31T21:01:36","guid":{"rendered":"https:\/\/quehacerpolitico.mx\/?p=132008"},"modified":"2026-08-31T15:01:38","modified_gmt":"2026-08-31T21:01:38","slug":"aficionado-revienta-a-julian-quinones-por-su-arranque-en-arabia-saudita-y-el-mexicano-acepta-la-critica-estoy-de-acuerdo-contigo-amigo","status":"publish","type":"post","link":"https:\/\/quehacerpolitico.mx\/?p=132008","title":{"rendered":"Aficionado &#8216;revienta&#8217; a Juli\u00e1n Qui\u00f1ones por su arranque en Arabia Saudita y el mexicano acepta la cr\u00edtica: &#8220;Estoy de acuerdo contigo, amigo&#8221;"},"content":{"rendered":"\n<p class=\"wp-block-paragraph\">Por Redacci\u00f3n QP<\/p>\n\n\n\n<p class=\"wp-block-paragraph\">Un seguidor cuestion\u00f3 que el delantero no ha tenido contribuciones de gol en los primeros cuatro partidos del Al Qadsiah, luego de ganar la Bota de Oro.<\/p>\n\n\n\n<p class=\"wp-block-paragraph\"><strong>Juli\u00e1n Qui\u00f1ones acept\u00f3 la cr\u00edtica de un aficionado<\/strong>&nbsp;que&nbsp;<strong>lo &#8216;revent\u00f3&#8217;&nbsp;<\/strong>en redes sociales por su i<strong>nicio en la temporada 2026-27<\/strong>&nbsp;en el futbol de&nbsp;<strong>Arabia Saudita.<\/strong><\/p>\n\n\n\n<p class=\"wp-block-paragraph\">El seguidor, identificado en &#8216;X&#8217; como Ahmed (@Neey17_), cuestion\u00f3 que el mexicano no ha tenido contribuciones de gol en los primeros cuatro partidos del Al Qadsiah, luego de que el delantero ganara la &#8216;Bota de Oro&#8217; local la pasada campa\u00f1a.<\/p>\n\n\n\n<p class=\"wp-block-paragraph\">&#8220;<strong>Contin\u00faa el fracaso para la estrella principal del equipo Juli\u00e1n Qui\u00f1ones<\/strong>. El c<strong>uarto partido consecutivo sin ninguna contrribuci\u00f3n de gol<\/strong>\u00a0y con un\u00a0<strong>bajo nivel dentro del terreno de juego<\/strong>&#8220;, lanz\u00f3 el fan\u00e1tico.<\/p>\n\n\n\n<figure class=\"wp-block-embed is-type-rich is-provider-x wp-block-embed-x\"><div class=\"wp-block-embed__wrapper\">\n<blockquote class=\"twitter-tweet\" data-width=\"550\" data-dnt=\"true\"><p lang=\"ar\" dir=\"rtl\">\u064a\u0633\u062a\u0645\u0631 \u0627\u0644\u0625\u062e\u0641\u0627\u0642 \u0644\u0640 \u0646\u062c\u0645 \u0627\u0644\u0641\u0631\u064a\u0642 \u0627\u0644\u0623\u0648\u0644 &quot;\u062c\u0648\u0644\u064a\u0627\u0646 \u0643\u064a\u0646\u064a\u0648\u0646\u064a\u0633&quot;. \u0627\u0644\u0645\u0628\u0627\u0631\u0627\u0629 \u0627\u0644\u0631\u0627\u0628\u0639\u0629 \u0639\u0644\u0649 \u0627\u0644\u062a\u0648\u0627\u0644\u064a \u0628\u0644\u0627 \u0623\u064a \u0645\u0633\u0627\u0647\u0645\u0629 \u0648\u0633\u0648\u0621 \u0645\u0633\u062a\u0648\u0649 \u062f\u0627\u062e\u0644 \u0623\u0631\u0636\u064a\u0629 \u0627\u0644\u0645\u064a\u062f\u0627\u0646.<br><br>\u0627\u0644\u0645\u0628\u0627\u0631\u0627\u0629 \u0627\u0644\u0642\u0627\u062f\u0645\u0629 \u0623\u0645\u0627\u0645 \u0627\u0644\u0623\u0647\u0644\u064a \u0641\u064a \u0627\u0644\u062f\u0645\u0627\u0645 \u0648\u0638\u0647\u0648\u0631 \u0623\u062e\u0637\u0631 \u0644\u0627\u0639\u0628 \u0628\u0647\u0630\u0627 \u0627\u0644\u0645\u0633\u062a\u0648\u0649 \u0641\u064a \u0628\u062f\u0627\u064a\u0629 \u0627\u0644\u0645\u0648\u0633\u0645 \u0633\u064a\u0636\u0639 \u0627\u0644\u0641\u0631\u064a\u0642 \u062a\u062d\u062a \u0636\u063a\u0637 \u0643\u0628\u064a\u0631 \u0644\u0623\u0646\u0646\u0627 \u0628\u062d\u0627\u062c\u0629 \u062c\u0645\u0639 \u0643\u0644 \u0627\u0644\u0646\u0642\u0627\u0637 \u0645\u0646 \u062c\u0645\u064a\u0639 \u0627\u0644\u0645\u0646\u0627\u0641\u0633\u064a\u0646\u2026 <a href=\"https:\/\/t.co\/Dm2Wox93dQ\">https:\/\/t.co\/Dm2Wox93dQ<\/a> <a href=\"https:\/\/t.co\/R3jvUxQg6W\">pic.twitter.com\/R3jvUxQg6W<\/a><\/p>&mdash; A\u029c\u1d0d\u1d07\u1d05 (@Neey17_) <a href=\"https:\/\/x.com\/Neey17_\/status\/2094365376695992415?ref_src=twsrc%5Etfw\">August 31, 2026<\/a><\/blockquote><script async src=\"https:\/\/platform.x.com\/widgets.js\" charset=\"utf-8\"><\/script>\n<\/div><\/figure>\n\n\n\n<p class=\"wp-block-paragraph\">Lejos de enojarse, el tambi\u00e9n m\u00e1ximo artillero del Tri en el Mundial 2026 (hizo cuatro tantos) acept\u00f3 los cuestionamientos hacia su nivel actual.<\/p>\n\n\n\n<p class=\"wp-block-paragraph\">&#8220;<strong>Estoy de acuerdo contigo, amigo. Acepto tu cr\u00edtica<\/strong>. Pronto volveremos m\u00e1s fuertes. As\u00ed como apoyamos en los mejores momentos,\u00a0<strong>apoyemos en los peores momentos<\/strong>. Y estoy de acuerdo con tu cr\u00edtica. Saludos&#8221;, apunt\u00f3 &#8216;La Pantera&#8217;<\/p>\n\n\n\n<figure class=\"wp-block-embed is-type-rich is-provider-x wp-block-embed-x\"><div class=\"wp-block-embed__wrapper\">\n<blockquote class=\"twitter-tweet\" data-width=\"550\" data-dnt=\"true\"><p lang=\"en\" dir=\"ltr\">I agree with you friend I accept your criticism soon we will come back stronger as well as we support in the best moments let&#39;s support in the worst moments and I agree with your criticism greetings \ud83e\udee1<\/p>&mdash; Julian Qui\u00f1ones (@julian_quiones3) <a href=\"https:\/\/x.com\/julian_quiones3\/status\/2094369556227572219?ref_src=twsrc%5Etfw\">August 31, 2026<\/a><\/blockquote><script async src=\"https:\/\/platform.x.com\/widgets.js\" charset=\"utf-8\"><\/script>\n<\/div><\/figure>\n","protected":false},"excerpt":{"rendered":"<p>Por Redacci\u00f3n QP Un seguidor cuestion\u00f3 que el delantero no ha tenido contribuciones de gol&#8230;<\/p>\n","protected":false},"author":2,"featured_media":132010,"comment_status":"open","ping_status":"open","sticky":false,"template":"","format":"standard","meta":{"footnotes":""},"categories":[54],"tags":[],"class_list":["post-132008","post","type-post","status-publish","format-standard","has-post-thumbnail","hentry","category-deportes"],"yoast_head":"<!-- This site is optimized with the Yoast SEO plugin v27.9 - https:\/\/yoast.com\/product\/yoast-seo-wordpress\/ -->\n<title>Aficionado &#039;revienta&#039; a Juli\u00e1n Qui\u00f1ones por su arranque en Arabia Saudita y el mexicano acepta la cr\u00edtica: &quot;Estoy de acuerdo contigo, amigo&quot; -<\/title>\n<meta name=\"robots\" content=\"index, follow, max-snippet:-1, max-image-preview:large, max-video-preview:-1\" \/>\n<link rel=\"canonical\" href=\"https:\/\/quehacerpolitico.mx\/?p=132008\" \/>\n<meta property=\"og:locale\" content=\"es_MX\" \/>\n<meta property=\"og:type\" content=\"article\" \/>\n<meta property=\"og:title\" content=\"Aficionado &#039;revienta&#039; a Juli\u00e1n Qui\u00f1ones por su arranque en Arabia Saudita y el mexicano acepta la cr\u00edtica: &quot;Estoy de acuerdo contigo, amigo&quot; -\" \/>\n<meta property=\"og:description\" content=\"Por Redacci\u00f3n QP Un seguidor cuestion\u00f3 que el delantero no ha tenido contribuciones de gol...\" \/>\n<meta property=\"og:url\" content=\"https:\/\/quehacerpolitico.mx\/?p=132008\" \/>\n<meta property=\"article:published_time\" content=\"2026-08-31T21:01:36+00:00\" \/>\n<meta property=\"article:modified_time\" content=\"2026-08-31T21:01:38+00:00\" \/>\n<meta property=\"og:image\" content=\"https:\/\/quehacerpolitico.mx\/wp-content\/uploads\/2026\/08\/9BEC3A5C-718C-40A5-A2FD-FBB53E522A7C.jpeg\" \/>\n\t<meta property=\"og:image:width\" content=\"1206\" \/>\n\t<meta property=\"og:image:height\" content=\"1506\" \/>\n\t<meta property=\"og:image:type\" content=\"image\/jpeg\" \/>\n<meta name=\"author\" content=\"Redacci\u00f3n QP\" \/>\n<meta name=\"twitter:card\" content=\"summary_large_image\" \/>\n<meta name=\"twitter:label1\" content=\"Escrito por\" \/>\n\t<meta name=\"twitter:data1\" content=\"Redacci\u00f3n QP\" \/>\n\t<meta name=\"twitter:label2\" content=\"Tiempo de lectura\" \/>\n\t<meta name=\"twitter:data2\" content=\"2 minutos\" \/>\n<script type=\"application\/ld+json\" class=\"yoast-schema-graph\">{\"@context\":\"https:\\\/\\\/schema.org\",\"@graph\":[{\"@type\":\"Article\",\"@id\":\"https:\\\/\\\/quehacerpolitico.mx\\\/?p=132008#article\",\"isPartOf\":{\"@id\":\"https:\\\/\\\/quehacerpolitico.mx\\\/?p=132008\"},\"author\":{\"name\":\"Redacci\u00f3n QP\",\"@id\":\"https:\\\/\\\/quehacerpolitico.mx\\\/#\\\/schema\\\/person\\\/496d8ad2d1d3f8036101dca7ee39e585\"},\"headline\":\"Aficionado &#8216;revienta&#8217; a Juli\u00e1n Qui\u00f1ones por su arranque en Arabia Saudita y el mexicano acepta la cr\u00edtica: &#8220;Estoy de acuerdo contigo, amigo&#8221;\",\"datePublished\":\"2026-08-31T21:01:36+00:00\",\"dateModified\":\"2026-08-31T21:01:38+00:00\",\"mainEntityOfPage\":{\"@id\":\"https:\\\/\\\/quehacerpolitico.mx\\\/?p=132008\"},\"wordCount\":246,\"commentCount\":0,\"image\":{\"@id\":\"https:\\\/\\\/quehacerpolitico.mx\\\/?p=132008#primaryimage\"},\"thumbnailUrl\":\"https:\\\/\\\/quehacerpolitico.mx\\\/wp-content\\\/uploads\\\/2026\\\/08\\\/9BEC3A5C-718C-40A5-A2FD-FBB53E522A7C.jpeg\",\"articleSection\":[\"Deportes\"],\"inLanguage\":\"es\",\"potentialAction\":[{\"@type\":\"CommentAction\",\"name\":\"Comment\",\"target\":[\"https:\\\/\\\/quehacerpolitico.mx\\\/?p=132008#respond\"]}]},{\"@type\":\"WebPage\",\"@id\":\"https:\\\/\\\/quehacerpolitico.mx\\\/?p=132008\",\"url\":\"https:\\\/\\\/quehacerpolitico.mx\\\/?p=132008\",\"name\":\"Aficionado 'revienta' a Juli\u00e1n Qui\u00f1ones por su arranque en Arabia Saudita y el mexicano acepta la cr\u00edtica: \\\"Estoy de acuerdo contigo, amigo\\\" -\",\"isPartOf\":{\"@id\":\"https:\\\/\\\/quehacerpolitico.mx\\\/#website\"},\"primaryImageOfPage\":{\"@id\":\"https:\\\/\\\/quehacerpolitico.mx\\\/?p=132008#primaryimage\"},\"image\":{\"@id\":\"https:\\\/\\\/quehacerpolitico.mx\\\/?p=132008#primaryimage\"},\"thumbnailUrl\":\"https:\\\/\\\/quehacerpolitico.mx\\\/wp-content\\\/uploads\\\/2026\\\/08\\\/9BEC3A5C-718C-40A5-A2FD-FBB53E522A7C.jpeg\",\"datePublished\":\"2026-08-31T21:01:36+00:00\",\"dateModified\":\"2026-08-31T21:01:38+00:00\",\"author\":{\"@id\":\"https:\\\/\\\/quehacerpolitico.mx\\\/#\\\/schema\\\/person\\\/496d8ad2d1d3f8036101dca7ee39e585\"},\"breadcrumb\":{\"@id\":\"https:\\\/\\\/quehacerpolitico.mx\\\/?p=132008#breadcrumb\"},\"inLanguage\":\"es\",\"potentialAction\":[{\"@type\":\"ReadAction\",\"target\":[\"https:\\\/\\\/quehacerpolitico.mx\\\/?p=132008\"]}]},{\"@type\":\"ImageObject\",\"inLanguage\":\"es\",\"@id\":\"https:\\\/\\\/quehacerpolitico.mx\\\/?p=132008#primaryimage\",\"url\":\"https:\\\/\\\/quehacerpolitico.mx\\\/wp-content\\\/uploads\\\/2026\\\/08\\\/9BEC3A5C-718C-40A5-A2FD-FBB53E522A7C.jpeg\",\"contentUrl\":\"https:\\\/\\\/quehacerpolitico.mx\\\/wp-content\\\/uploads\\\/2026\\\/08\\\/9BEC3A5C-718C-40A5-A2FD-FBB53E522A7C.jpeg\",\"width\":1206,\"height\":1506},{\"@type\":\"BreadcrumbList\",\"@id\":\"https:\\\/\\\/quehacerpolitico.mx\\\/?p=132008#breadcrumb\",\"itemListElement\":[{\"@type\":\"ListItem\",\"position\":1,\"name\":\"Inicio\",\"item\":\"https:\\\/\\\/quehacerpolitico.mx\\\/\"},{\"@type\":\"ListItem\",\"position\":2,\"name\":\"Aficionado &#8216;revienta&#8217; a Juli\u00e1n Qui\u00f1ones por su arranque en Arabia Saudita y el mexicano acepta la cr\u00edtica: &#8220;Estoy de acuerdo contigo, amigo&#8221;\"}]},{\"@type\":\"WebSite\",\"@id\":\"https:\\\/\\\/quehacerpolitico.mx\\\/#website\",\"url\":\"https:\\\/\\\/quehacerpolitico.mx\\\/\",\"name\":\"\",\"description\":\"\",\"potentialAction\":[{\"@type\":\"SearchAction\",\"target\":{\"@type\":\"EntryPoint\",\"urlTemplate\":\"https:\\\/\\\/quehacerpolitico.mx\\\/?s={search_term_string}\"},\"query-input\":{\"@type\":\"PropertyValueSpecification\",\"valueRequired\":true,\"valueName\":\"search_term_string\"}}],\"inLanguage\":\"es\"},{\"@type\":\"Person\",\"@id\":\"https:\\\/\\\/quehacerpolitico.mx\\\/#\\\/schema\\\/person\\\/496d8ad2d1d3f8036101dca7ee39e585\",\"name\":\"Redacci\u00f3n QP\",\"image\":{\"@type\":\"ImageObject\",\"inLanguage\":\"es\",\"@id\":\"https:\\\/\\\/secure.gravatar.com\\\/avatar\\\/c7164ed6fdec453195284ad24a5ae5b6e1eed2b848477fa2a4787ba9adf39a41?s=96&d=mm&r=g\",\"url\":\"https:\\\/\\\/secure.gravatar.com\\\/avatar\\\/c7164ed6fdec453195284ad24a5ae5b6e1eed2b848477fa2a4787ba9adf39a41?s=96&d=mm&r=g\",\"contentUrl\":\"https:\\\/\\\/secure.gravatar.com\\\/avatar\\\/c7164ed6fdec453195284ad24a5ae5b6e1eed2b848477fa2a4787ba9adf39a41?s=96&d=mm&r=g\",\"caption\":\"Redacci\u00f3n QP\"},\"url\":\"https:\\\/\\\/quehacerpolitico.mx\\\/?author=2\"}]}<\/script>\n<!-- \/ Yoast SEO plugin. -->","yoast_head_json":{"title":"Aficionado 'revienta' a Juli\u00e1n Qui\u00f1ones por su arranque en Arabia Saudita y el mexicano acepta la cr\u00edtica: \"Estoy de acuerdo contigo, amigo\" -","robots":{"index":"index","follow":"follow","max-snippet":"max-snippet:-1","max-image-preview":"max-image-preview:large","max-video-preview":"max-video-preview:-1"},"canonical":"https:\/\/quehacerpolitico.mx\/?p=132008","og_locale":"es_MX","og_type":"article","og_title":"Aficionado 'revienta' a Juli\u00e1n Qui\u00f1ones por su arranque en Arabia Saudita y el mexicano acepta la cr\u00edtica: \"Estoy de acuerdo contigo, amigo\" -","og_description":"Por Redacci\u00f3n QP Un seguidor cuestion\u00f3 que el delantero no ha tenido contribuciones de gol...","og_url":"https:\/\/quehacerpolitico.mx\/?p=132008","article_published_time":"2026-08-31T21:01:36+00:00","article_modified_time":"2026-08-31T21:01:38+00:00","og_image":[{"width":1206,"height":1506,"url":"https:\/\/quehacerpolitico.mx\/wp-content\/uploads\/2026\/08\/9BEC3A5C-718C-40A5-A2FD-FBB53E522A7C.jpeg","type":"image\/jpeg"}],"author":"Redacci\u00f3n QP","twitter_card":"summary_large_image","twitter_misc":{"Escrito por":"Redacci\u00f3n QP","Tiempo de lectura":"2 minutos"},"schema":{"@context":"https:\/\/schema.org","@graph":[{"@type":"Article","@id":"https:\/\/quehacerpolitico.mx\/?p=132008#article","isPartOf":{"@id":"https:\/\/quehacerpolitico.mx\/?p=132008"},"author":{"name":"Redacci\u00f3n QP","@id":"https:\/\/quehacerpolitico.mx\/#\/schema\/person\/496d8ad2d1d3f8036101dca7ee39e585"},"headline":"Aficionado &#8216;revienta&#8217; a Juli\u00e1n Qui\u00f1ones por su arranque en Arabia Saudita y el mexicano acepta la cr\u00edtica: &#8220;Estoy de acuerdo contigo, amigo&#8221;","datePublished":"2026-08-31T21:01:36+00:00","dateModified":"2026-08-31T21:01:38+00:00","mainEntityOfPage":{"@id":"https:\/\/quehacerpolitico.mx\/?p=132008"},"wordCount":246,"commentCount":0,"image":{"@id":"https:\/\/quehacerpolitico.mx\/?p=132008#primaryimage"},"thumbnailUrl":"https:\/\/quehacerpolitico.mx\/wp-content\/uploads\/2026\/08\/9BEC3A5C-718C-40A5-A2FD-FBB53E522A7C.jpeg","articleSection":["Deportes"],"inLanguage":"es","potentialAction":[{"@type":"CommentAction","name":"Comment","target":["https:\/\/quehacerpolitico.mx\/?p=132008#respond"]}]},{"@type":"WebPage","@id":"https:\/\/quehacerpolitico.mx\/?p=132008","url":"https:\/\/quehacerpolitico.mx\/?p=132008","name":"Aficionado 'revienta' a Juli\u00e1n Qui\u00f1ones por su arranque en Arabia Saudita y el mexicano acepta la cr\u00edtica: \"Estoy de acuerdo contigo, amigo\" -","isPartOf":{"@id":"https:\/\/quehacerpolitico.mx\/#website"},"primaryImageOfPage":{"@id":"https:\/\/quehacerpolitico.mx\/?p=132008#primaryimage"},"image":{"@id":"https:\/\/quehacerpolitico.mx\/?p=132008#primaryimage"},"thumbnailUrl":"https:\/\/quehacerpolitico.mx\/wp-content\/uploads\/2026\/08\/9BEC3A5C-718C-40A5-A2FD-FBB53E522A7C.jpeg","datePublished":"2026-08-31T21:01:36+00:00","dateModified":"2026-08-31T21:01:38+00:00","author":{"@id":"https:\/\/quehacerpolitico.mx\/#\/schema\/person\/496d8ad2d1d3f8036101dca7ee39e585"},"breadcrumb":{"@id":"https:\/\/quehacerpolitico.mx\/?p=132008#breadcrumb"},"inLanguage":"es","potentialAction":[{"@type":"ReadAction","target":["https:\/\/quehacerpolitico.mx\/?p=132008"]}]},{"@type":"ImageObject","inLanguage":"es","@id":"https:\/\/quehacerpolitico.mx\/?p=132008#primaryimage","url":"https:\/\/quehacerpolitico.mx\/wp-content\/uploads\/2026\/08\/9BEC3A5C-718C-40A5-A2FD-FBB53E522A7C.jpeg","contentUrl":"https:\/\/quehacerpolitico.mx\/wp-content\/uploads\/2026\/08\/9BEC3A5C-718C-40A5-A2FD-FBB53E522A7C.jpeg","width":1206,"height":1506},{"@type":"BreadcrumbList","@id":"https:\/\/quehacerpolitico.mx\/?p=132008#breadcrumb","itemListElement":[{"@type":"ListItem","position":1,"name":"Inicio","item":"https:\/\/quehacerpolitico.mx\/"},{"@type":"ListItem","position":2,"name":"Aficionado &#8216;revienta&#8217; a Juli\u00e1n Qui\u00f1ones por su arranque en Arabia Saudita y el mexicano acepta la cr\u00edtica: &#8220;Estoy de acuerdo contigo, amigo&#8221;"}]},{"@type":"WebSite","@id":"https:\/\/quehacerpolitico.mx\/#website","url":"https:\/\/quehacerpolitico.mx\/","name":"","description":"","potentialAction":[{"@type":"SearchAction","target":{"@type":"EntryPoint","urlTemplate":"https:\/\/quehacerpolitico.mx\/?s={search_term_string}"},"query-input":{"@type":"PropertyValueSpecification","valueRequired":true,"valueName":"search_term_string"}}],"inLanguage":"es"},{"@type":"Person","@id":"https:\/\/quehacerpolitico.mx\/#\/schema\/person\/496d8ad2d1d3f8036101dca7ee39e585","name":"Redacci\u00f3n QP","image":{"@type":"ImageObject","inLanguage":"es","@id":"https:\/\/secure.gravatar.com\/avatar\/c7164ed6fdec453195284ad24a5ae5b6e1eed2b848477fa2a4787ba9adf39a41?s=96&d=mm&r=g","url":"https:\/\/secure.gravatar.com\/avatar\/c7164ed6fdec453195284ad24a5ae5b6e1eed2b848477fa2a4787ba9adf39a41?s=96&d=mm&r=g","contentUrl":"https:\/\/secure.gravatar.com\/avatar\/c7164ed6fdec453195284ad24a5ae5b6e1eed2b848477fa2a4787ba9adf39a41?s=96&d=mm&r=g","caption":"Redacci\u00f3n QP"},"url":"https:\/\/quehacerpolitico.mx\/?author=2"}]}},"featured_image_urls":{"full":["https:\/\/quehacerpolitico.mx\/wp-content\/uploads\/2026\/08\/9BEC3A5C-718C-40A5-A2FD-FBB53E522A7C.jpeg",1206,1506,false],"thumbnail":["https:\/\/quehacerpolitico.mx\/wp-content\/uploads\/2026\/08\/9BEC3A5C-718C-40A5-A2FD-FBB53E522A7C-150x150.jpeg",150,150,true],"medium":["https:\/\/quehacerpolitico.mx\/wp-content\/uploads\/2026\/08\/9BEC3A5C-718C-40A5-A2FD-FBB53E522A7C-240x300.jpeg",240,300,true],"medium_large":["https:\/\/quehacerpolitico.mx\/wp-content\/uploads\/2026\/08\/9BEC3A5C-718C-40A5-A2FD-FBB53E522A7C-768x959.jpeg",640,799,true],"large":["https:\/\/quehacerpolitico.mx\/wp-content\/uploads\/2026\/08\/9BEC3A5C-718C-40A5-A2FD-FBB53E522A7C-820x1024.jpeg",640,799,true],"1536x1536":["https:\/\/quehacerpolitico.mx\/wp-content\/uploads\/2026\/08\/9BEC3A5C-718C-40A5-A2FD-FBB53E522A7C.jpeg",1206,1506,false],"2048x2048":["https:\/\/quehacerpolitico.mx\/wp-content\/uploads\/2026\/08\/9BEC3A5C-718C-40A5-A2FD-FBB53E522A7C.jpeg",1206,1506,false],"covernews-featured":["https:\/\/quehacerpolitico.mx\/wp-content\/uploads\/2026\/08\/9BEC3A5C-718C-40A5-A2FD-FBB53E522A7C-1024x1279.jpeg",1024,1279,true],"covernews-medium":["https:\/\/quehacerpolitico.mx\/wp-content\/uploads\/2026\/08\/9BEC3A5C-718C-40A5-A2FD-FBB53E522A7C-540x340.jpeg",540,340,true]},"author_info":{"display_name":"Redacci\u00f3n QP","author_link":"https:\/\/quehacerpolitico.mx\/?author=2"},"category_info":"<a href=\"https:\/\/quehacerpolitico.mx\/?cat=54\" rel=\"category\">Deportes<\/a>","tag_info":"Deportes","comment_count":"0","_links":{"self":[{"href":"https:\/\/quehacerpolitico.mx\/index.php?rest_route=\/wp\/v2\/posts\/132008","targetHints":{"allow":["GET"]}}],"collection":[{"href":"https:\/\/quehacerpolitico.mx\/index.php?rest_route=\/wp\/v2\/posts"}],"about":[{"href":"https:\/\/quehacerpolitico.mx\/index.php?rest_route=\/wp\/v2\/types\/post"}],"author":[{"embeddable":true,"href":"https:\/\/quehacerpolitico.mx\/index.php?rest_route=\/wp\/v2\/users\/2"}],"replies":[{"embeddable":true,"href":"https:\/\/quehacerpolitico.mx\/index.php?rest_route=%2Fwp%2Fv2%2Fcomments&post=132008"}],"version-history":[{"count":1,"href":"https:\/\/quehacerpolitico.mx\/index.php?rest_route=\/wp\/v2\/posts\/132008\/revisions"}],"predecessor-version":[{"id":132011,"href":"https:\/\/quehacerpolitico.mx\/index.php?rest_route=\/wp\/v2\/posts\/132008\/revisions\/132011"}],"wp:featuredmedia":[{"embeddable":true,"href":"https:\/\/quehacerpolitico.mx\/index.php?rest_route=\/wp\/v2\/media\/132010"}],"wp:attachment":[{"href":"https:\/\/quehacerpolitico.mx\/index.php?rest_route=%2Fwp%2Fv2%2Fmedia&parent=132008"}],"wp:term":[{"taxonomy":"category","embeddable":true,"href":"https:\/\/quehacerpolitico.mx\/index.php?rest_route=%2Fwp%2Fv2%2Fcategories&post=132008"},{"taxonomy":"post_tag","embeddable":true,"href":"https:\/\/quehacerpolitico.mx\/index.php?rest_route=%2Fwp%2Fv2%2Ftags&post=132008"}],"curies":[{"name":"wp","href":"https:\/\/api.w.org\/{rel}","templated":true}]}}