{"id":132003,"date":"2026-08-31T14:20:37","date_gmt":"2026-08-31T20:20:37","guid":{"rendered":"https:\/\/quehacerpolitico.mx\/?p=132003"},"modified":"2026-08-31T14:27:40","modified_gmt":"2026-08-31T20:27:40","slug":"a-quienes-les-toca-la-verificacion-vehicular-en-septiembre-2026-en-cdmx","status":"publish","type":"post","link":"https:\/\/quehacerpolitico.mx\/?p=132003","title":{"rendered":"Checa si te toca verificar en septiembre 2026 en la CdMx"},"content":{"rendered":"\n<p class=\"wp-block-paragraph\">Por Redacci\u00f3n QP<\/p>\n\n\n\n<p class=\"wp-block-paragraph\">\u00a1Que no se te pase verificar tu auto en este segundo semestre del 2026! Checa aqu\u00ed qui\u00e9nes deben realizar el tr\u00e1mite en CdMx para el mes de septiembre.<\/p>\n\n\n\n<p class=\"wp-block-paragraph\">La verificaci\u00f3n vehicular en la\u00a0Ciudad de M\u00e9xico se debe realizar dos veces al a\u00f1o, es decir, cada semestre.<\/p>\n\n\n\n<p class=\"wp-block-paragraph\">Esta se realiza de acuerdo con el \u00faltimo n\u00famero de placa y el color del engomado, de acuerdo con el calendario de la Secretar\u00eda del Medio Ambiente (Sedema). En\u00a0Quehacer Pol\u00edtico te decimos a qui\u00e9nes les toca realizarla en el mes de septiembre.<\/p>\n\n\n\n<p class=\"wp-block-paragraph\">La Sedema public\u00f3 el calendario con las fechas de verificaci\u00f3n vehicular para el segundo semestre de 2026, el cual\u00a0<strong>tendr\u00e1 vigencia desde el 1 de julio y hasta diciembre<\/strong>.<\/p>\n\n\n\n<p class=\"wp-block-paragraph\">Posteriormente se publicar\u00e1n las fechas correspondientes para el primer semestre del pr\u00f3ximo a\u00f1o.<\/p>\n\n\n\n<h2 class=\"wp-block-heading\">\u00bfQu\u00e9 necesito para verificar en CdMx?<\/h2>\n\n\n\n<p class=\"wp-block-paragraph\">Antes de acudir a los verificentros, los propietarios de veh\u00edculos deben&nbsp;<strong>revisar que \u00e9stos se encuentren en \u00f3ptimas condiciones<\/strong>, como el correcto funcionamiento del motor y una temperatura normal de operaci\u00f3n.<\/p>\n\n\n\n<p class=\"wp-block-paragraph\">As\u00ed, ante cualquier falla mec\u00e1nica detectada durante las pruebas, la verificaci\u00f3n del auto ser\u00e1 rechazada y se tendr\u00e1 que iniciar con un tr\u00e1mite nuevo.<\/p>\n\n\n\n<p class=\"wp-block-paragraph\">Una vez que te asegures que tu veh\u00edculo se encuentra en \u00f3ptimas condiciones, debes hacer lo siguiente:<\/p>\n\n\n\n<ul class=\"wp-block-list\">\n<li>Aseg\u00farate de no tener adeudos de tenencia multas de tr\u00e1nsito o sanciones de fotoc\u00edvicas, lo cual puedes consultar en el portal de la Secretar\u00eda de Administraci\u00f3n y Finanzas.<\/li>\n\n\n\n<li>Luego, debes realizar una cita en el verificentro m\u00e1s cercano a tu domicilio o lugar de trabajo a trav\u00e9s de este sitio web y llena los campos con tus datos.<\/li>\n<\/ul>\n\n\n\n<p class=\"wp-block-paragraph\">Finalmente, debes presentarte al verificentro elegido el&nbsp;<strong>d\u00eda y hora se\u00f1alado con los siguientes documentos<\/strong>:<\/p>\n\n\n\n<ul class=\"wp-block-list\">\n<li>Identificaci\u00f3n oficial.<\/li>\n\n\n\n<li>Comprobante de la \u00faltima verificaci\u00f3n.<\/li>\n\n\n\n<li>Tarjeta de circulaci\u00f3n.<\/li>\n\n\n\n<li>Copia de la factura (en caso de que el auto sea nuevo).<\/li>\n<\/ul>\n\n\n\n<h2 class=\"wp-block-heading\">\u00bfCu\u00e1nto cuesta la verificaci\u00f3n vehicular en CdMx 2026?<\/h2>\n\n\n\n<p class=\"wp-block-paragraph\">En 2026, el precio de verificaci\u00f3n vehicular para la obtenci\u00f3n de cualquier holograma (00, 0, 1 y 2) es de&nbsp;<strong>5.625 veces la Unidad de Medida y Actualizaci\u00f3n (UMA) vigente<\/strong>.<\/p>\n\n\n\n<p class=\"wp-block-paragraph\">Esto m\u00e1s el Impuesto al Valor Agregado (IVA), es decir aproximadamente 636 pesos (con el ajuste de la UMA, cuyo valor en 2026 es de 117.31 pesos) m\u00e1s impuestos.<\/p>\n\n\n\n<h2 class=\"wp-block-heading\">\u00bfQui\u00e9nes tienen que verificar en julio de 2026 en CdMx?<\/h2>\n\n\n\n<ul class=\"wp-block-list\">\n<li>Autos con engomado rosa y terminaci\u00f3n de placas 7 y 8.<\/li>\n\n\n\n<li>Autos con engomado rojo y terminaci\u00f3n de placas 3 y 4<\/li>\n<\/ul>\n\n\n\n<p class=\"wp-block-paragraph\">Este es el calendario de verificaci\u00f3n vehicular para el segundo semestre de 2026:<\/p>\n\n\n\n<ul class=\"wp-block-list\">\n<li>Julio y agosto: engomado amarillo y \u00faltimo digito de placa 5 y 6.<\/li>\n\n\n\n<li>Agosto y septiembre: engomado rosa y \u00faltimo d\u00edgito de placa 7 y 8.<\/li>\n\n\n\n<li>Septiembre y octubre: engomado rojo y \u00faltimo d\u00edgito de placa 3 y 4.<\/li>\n\n\n\n<li>Octubre y noviembre: engomado verde y \u00faltimo d\u00edgito de placa 1 y 2.<\/li>\n\n\n\n<li>Noviembre y diciembre: engomado azul y \u00faltimo d\u00edgito de placa 9 y 0.<\/li>\n<\/ul>\n\n\n\n<figure class=\"wp-block-image is-resized\"><img decoding=\"async\" src=\"https:\/\/images2.telediario.mx\/cZD3YHieBXqbdTGG7g4nVSaFXqQ=\/345x194\/uploads\/media\/2026\/06\/29\/calendario-verificacion-cdmx-edomex-semestre.jpg\" alt=\"Calendario de verificaci\u00f3n CdMx y Edomex segundo semestre 2026. | Gemini\" style=\"aspect-ratio:1.7783505154639174;width:345px;height:auto\"\/><figcaption class=\"wp-element-caption\">Calendario de verificaci\u00f3n CdMx y Edomex segundo semestre 2026.<\/figcaption><\/figure>\n\n\n\n<p class=\"wp-block-paragraph\"><\/p>\n","protected":false},"excerpt":{"rendered":"<p>Por Redacci\u00f3n QP \u00a1Que no se te pase verificar tu auto en este segundo semestre&#8230;<\/p>\n","protected":false},"author":2,"featured_media":132004,"comment_status":"open","ping_status":"open","sticky":false,"template":"","format":"standard","meta":{"footnotes":""},"categories":[55],"tags":[],"class_list":["post-132003","post","type-post","status-publish","format-standard","has-post-thumbnail","hentry","category-cdmx"],"yoast_head":"<!-- This site is optimized with the Yoast SEO plugin v27.9 - https:\/\/yoast.com\/product\/yoast-seo-wordpress\/ -->\n<title>Checa si te toca verificar en septiembre 2026 en la CdMx -<\/title>\n<meta name=\"robots\" content=\"index, follow, max-snippet:-1, max-image-preview:large, max-video-preview:-1\" \/>\n<link rel=\"canonical\" href=\"https:\/\/quehacerpolitico.mx\/?p=132003\" \/>\n<meta property=\"og:locale\" content=\"es_MX\" \/>\n<meta property=\"og:type\" content=\"article\" \/>\n<meta property=\"og:title\" content=\"Checa si te toca verificar en septiembre 2026 en la CdMx -\" \/>\n<meta property=\"og:description\" content=\"Por Redacci\u00f3n QP \u00a1Que no se te pase verificar tu auto en este segundo semestre...\" \/>\n<meta property=\"og:url\" content=\"https:\/\/quehacerpolitico.mx\/?p=132003\" \/>\n<meta property=\"article:published_time\" content=\"2026-08-31T20:20:37+00:00\" \/>\n<meta property=\"article:modified_time\" content=\"2026-08-31T20:27:40+00:00\" \/>\n<meta property=\"og:image\" content=\"https:\/\/quehacerpolitico.mx\/wp-content\/uploads\/2026\/08\/IMG_9819.jpeg\" \/>\n\t<meta property=\"og:image:width\" content=\"960\" \/>\n\t<meta property=\"og:image:height\" content=\"500\" \/>\n\t<meta property=\"og:image:type\" content=\"image\/jpeg\" \/>\n<meta name=\"author\" content=\"Redacci\u00f3n QP\" \/>\n<meta name=\"twitter:card\" content=\"summary_large_image\" \/>\n<meta name=\"twitter:label1\" content=\"Escrito por\" \/>\n\t<meta name=\"twitter:data1\" content=\"Redacci\u00f3n QP\" \/>\n\t<meta name=\"twitter:label2\" content=\"Tiempo de lectura\" \/>\n\t<meta name=\"twitter:data2\" content=\"3 minutos\" \/>\n<script type=\"application\/ld+json\" class=\"yoast-schema-graph\">{\"@context\":\"https:\\\/\\\/schema.org\",\"@graph\":[{\"@type\":\"Article\",\"@id\":\"https:\\\/\\\/quehacerpolitico.mx\\\/?p=132003#article\",\"isPartOf\":{\"@id\":\"https:\\\/\\\/quehacerpolitico.mx\\\/?p=132003\"},\"author\":{\"name\":\"Redacci\u00f3n QP\",\"@id\":\"https:\\\/\\\/quehacerpolitico.mx\\\/#\\\/schema\\\/person\\\/496d8ad2d1d3f8036101dca7ee39e585\"},\"headline\":\"Checa si te toca verificar en septiembre 2026 en la CdMx\",\"datePublished\":\"2026-08-31T20:20:37+00:00\",\"dateModified\":\"2026-08-31T20:27:40+00:00\",\"mainEntityOfPage\":{\"@id\":\"https:\\\/\\\/quehacerpolitico.mx\\\/?p=132003\"},\"wordCount\":525,\"commentCount\":0,\"image\":{\"@id\":\"https:\\\/\\\/quehacerpolitico.mx\\\/?p=132003#primaryimage\"},\"thumbnailUrl\":\"https:\\\/\\\/quehacerpolitico.mx\\\/wp-content\\\/uploads\\\/2026\\\/08\\\/IMG_9819.jpeg\",\"articleSection\":[\"CDMX\"],\"inLanguage\":\"es\",\"potentialAction\":[{\"@type\":\"CommentAction\",\"name\":\"Comment\",\"target\":[\"https:\\\/\\\/quehacerpolitico.mx\\\/?p=132003#respond\"]}]},{\"@type\":\"WebPage\",\"@id\":\"https:\\\/\\\/quehacerpolitico.mx\\\/?p=132003\",\"url\":\"https:\\\/\\\/quehacerpolitico.mx\\\/?p=132003\",\"name\":\"Checa si te toca verificar en septiembre 2026 en la CdMx -\",\"isPartOf\":{\"@id\":\"https:\\\/\\\/quehacerpolitico.mx\\\/#website\"},\"primaryImageOfPage\":{\"@id\":\"https:\\\/\\\/quehacerpolitico.mx\\\/?p=132003#primaryimage\"},\"image\":{\"@id\":\"https:\\\/\\\/quehacerpolitico.mx\\\/?p=132003#primaryimage\"},\"thumbnailUrl\":\"https:\\\/\\\/quehacerpolitico.mx\\\/wp-content\\\/uploads\\\/2026\\\/08\\\/IMG_9819.jpeg\",\"datePublished\":\"2026-08-31T20:20:37+00:00\",\"dateModified\":\"2026-08-31T20:27:40+00:00\",\"author\":{\"@id\":\"https:\\\/\\\/quehacerpolitico.mx\\\/#\\\/schema\\\/person\\\/496d8ad2d1d3f8036101dca7ee39e585\"},\"breadcrumb\":{\"@id\":\"https:\\\/\\\/quehacerpolitico.mx\\\/?p=132003#breadcrumb\"},\"inLanguage\":\"es\",\"potentialAction\":[{\"@type\":\"ReadAction\",\"target\":[\"https:\\\/\\\/quehacerpolitico.mx\\\/?p=132003\"]}]},{\"@type\":\"ImageObject\",\"inLanguage\":\"es\",\"@id\":\"https:\\\/\\\/quehacerpolitico.mx\\\/?p=132003#primaryimage\",\"url\":\"https:\\\/\\\/quehacerpolitico.mx\\\/wp-content\\\/uploads\\\/2026\\\/08\\\/IMG_9819.jpeg\",\"contentUrl\":\"https:\\\/\\\/quehacerpolitico.mx\\\/wp-content\\\/uploads\\\/2026\\\/08\\\/IMG_9819.jpeg\",\"width\":960,\"height\":500},{\"@type\":\"BreadcrumbList\",\"@id\":\"https:\\\/\\\/quehacerpolitico.mx\\\/?p=132003#breadcrumb\",\"itemListElement\":[{\"@type\":\"ListItem\",\"position\":1,\"name\":\"Inicio\",\"item\":\"https:\\\/\\\/quehacerpolitico.mx\\\/\"},{\"@type\":\"ListItem\",\"position\":2,\"name\":\"Checa si te toca verificar en septiembre 2026 en la CdMx\"}]},{\"@type\":\"WebSite\",\"@id\":\"https:\\\/\\\/quehacerpolitico.mx\\\/#website\",\"url\":\"https:\\\/\\\/quehacerpolitico.mx\\\/\",\"name\":\"\",\"description\":\"\",\"potentialAction\":[{\"@type\":\"SearchAction\",\"target\":{\"@type\":\"EntryPoint\",\"urlTemplate\":\"https:\\\/\\\/quehacerpolitico.mx\\\/?s={search_term_string}\"},\"query-input\":{\"@type\":\"PropertyValueSpecification\",\"valueRequired\":true,\"valueName\":\"search_term_string\"}}],\"inLanguage\":\"es\"},{\"@type\":\"Person\",\"@id\":\"https:\\\/\\\/quehacerpolitico.mx\\\/#\\\/schema\\\/person\\\/496d8ad2d1d3f8036101dca7ee39e585\",\"name\":\"Redacci\u00f3n QP\",\"image\":{\"@type\":\"ImageObject\",\"inLanguage\":\"es\",\"@id\":\"https:\\\/\\\/secure.gravatar.com\\\/avatar\\\/c7164ed6fdec453195284ad24a5ae5b6e1eed2b848477fa2a4787ba9adf39a41?s=96&d=mm&r=g\",\"url\":\"https:\\\/\\\/secure.gravatar.com\\\/avatar\\\/c7164ed6fdec453195284ad24a5ae5b6e1eed2b848477fa2a4787ba9adf39a41?s=96&d=mm&r=g\",\"contentUrl\":\"https:\\\/\\\/secure.gravatar.com\\\/avatar\\\/c7164ed6fdec453195284ad24a5ae5b6e1eed2b848477fa2a4787ba9adf39a41?s=96&d=mm&r=g\",\"caption\":\"Redacci\u00f3n QP\"},\"url\":\"https:\\\/\\\/quehacerpolitico.mx\\\/?author=2\"}]}<\/script>\n<!-- \/ Yoast SEO plugin. -->","yoast_head_json":{"title":"Checa si te toca verificar en septiembre 2026 en la CdMx -","robots":{"index":"index","follow":"follow","max-snippet":"max-snippet:-1","max-image-preview":"max-image-preview:large","max-video-preview":"max-video-preview:-1"},"canonical":"https:\/\/quehacerpolitico.mx\/?p=132003","og_locale":"es_MX","og_type":"article","og_title":"Checa si te toca verificar en septiembre 2026 en la CdMx -","og_description":"Por Redacci\u00f3n QP \u00a1Que no se te pase verificar tu auto en este segundo semestre...","og_url":"https:\/\/quehacerpolitico.mx\/?p=132003","article_published_time":"2026-08-31T20:20:37+00:00","article_modified_time":"2026-08-31T20:27:40+00:00","og_image":[{"width":960,"height":500,"url":"https:\/\/quehacerpolitico.mx\/wp-content\/uploads\/2026\/08\/IMG_9819.jpeg","type":"image\/jpeg"}],"author":"Redacci\u00f3n QP","twitter_card":"summary_large_image","twitter_misc":{"Escrito por":"Redacci\u00f3n QP","Tiempo de lectura":"3 minutos"},"schema":{"@context":"https:\/\/schema.org","@graph":[{"@type":"Article","@id":"https:\/\/quehacerpolitico.mx\/?p=132003#article","isPartOf":{"@id":"https:\/\/quehacerpolitico.mx\/?p=132003"},"author":{"name":"Redacci\u00f3n QP","@id":"https:\/\/quehacerpolitico.mx\/#\/schema\/person\/496d8ad2d1d3f8036101dca7ee39e585"},"headline":"Checa si te toca verificar en septiembre 2026 en la CdMx","datePublished":"2026-08-31T20:20:37+00:00","dateModified":"2026-08-31T20:27:40+00:00","mainEntityOfPage":{"@id":"https:\/\/quehacerpolitico.mx\/?p=132003"},"wordCount":525,"commentCount":0,"image":{"@id":"https:\/\/quehacerpolitico.mx\/?p=132003#primaryimage"},"thumbnailUrl":"https:\/\/quehacerpolitico.mx\/wp-content\/uploads\/2026\/08\/IMG_9819.jpeg","articleSection":["CDMX"],"inLanguage":"es","potentialAction":[{"@type":"CommentAction","name":"Comment","target":["https:\/\/quehacerpolitico.mx\/?p=132003#respond"]}]},{"@type":"WebPage","@id":"https:\/\/quehacerpolitico.mx\/?p=132003","url":"https:\/\/quehacerpolitico.mx\/?p=132003","name":"Checa si te toca verificar en septiembre 2026 en la CdMx -","isPartOf":{"@id":"https:\/\/quehacerpolitico.mx\/#website"},"primaryImageOfPage":{"@id":"https:\/\/quehacerpolitico.mx\/?p=132003#primaryimage"},"image":{"@id":"https:\/\/quehacerpolitico.mx\/?p=132003#primaryimage"},"thumbnailUrl":"https:\/\/quehacerpolitico.mx\/wp-content\/uploads\/2026\/08\/IMG_9819.jpeg","datePublished":"2026-08-31T20:20:37+00:00","dateModified":"2026-08-31T20:27:40+00:00","author":{"@id":"https:\/\/quehacerpolitico.mx\/#\/schema\/person\/496d8ad2d1d3f8036101dca7ee39e585"},"breadcrumb":{"@id":"https:\/\/quehacerpolitico.mx\/?p=132003#breadcrumb"},"inLanguage":"es","potentialAction":[{"@type":"ReadAction","target":["https:\/\/quehacerpolitico.mx\/?p=132003"]}]},{"@type":"ImageObject","inLanguage":"es","@id":"https:\/\/quehacerpolitico.mx\/?p=132003#primaryimage","url":"https:\/\/quehacerpolitico.mx\/wp-content\/uploads\/2026\/08\/IMG_9819.jpeg","contentUrl":"https:\/\/quehacerpolitico.mx\/wp-content\/uploads\/2026\/08\/IMG_9819.jpeg","width":960,"height":500},{"@type":"BreadcrumbList","@id":"https:\/\/quehacerpolitico.mx\/?p=132003#breadcrumb","itemListElement":[{"@type":"ListItem","position":1,"name":"Inicio","item":"https:\/\/quehacerpolitico.mx\/"},{"@type":"ListItem","position":2,"name":"Checa si te toca verificar en septiembre 2026 en la CdMx"}]},{"@type":"WebSite","@id":"https:\/\/quehacerpolitico.mx\/#website","url":"https:\/\/quehacerpolitico.mx\/","name":"","description":"","potentialAction":[{"@type":"SearchAction","target":{"@type":"EntryPoint","urlTemplate":"https:\/\/quehacerpolitico.mx\/?s={search_term_string}"},"query-input":{"@type":"PropertyValueSpecification","valueRequired":true,"valueName":"search_term_string"}}],"inLanguage":"es"},{"@type":"Person","@id":"https:\/\/quehacerpolitico.mx\/#\/schema\/person\/496d8ad2d1d3f8036101dca7ee39e585","name":"Redacci\u00f3n QP","image":{"@type":"ImageObject","inLanguage":"es","@id":"https:\/\/secure.gravatar.com\/avatar\/c7164ed6fdec453195284ad24a5ae5b6e1eed2b848477fa2a4787ba9adf39a41?s=96&d=mm&r=g","url":"https:\/\/secure.gravatar.com\/avatar\/c7164ed6fdec453195284ad24a5ae5b6e1eed2b848477fa2a4787ba9adf39a41?s=96&d=mm&r=g","contentUrl":"https:\/\/secure.gravatar.com\/avatar\/c7164ed6fdec453195284ad24a5ae5b6e1eed2b848477fa2a4787ba9adf39a41?s=96&d=mm&r=g","caption":"Redacci\u00f3n QP"},"url":"https:\/\/quehacerpolitico.mx\/?author=2"}]}},"featured_image_urls":{"full":["https:\/\/quehacerpolitico.mx\/wp-content\/uploads\/2026\/08\/IMG_9819.jpeg",960,500,false],"thumbnail":["https:\/\/quehacerpolitico.mx\/wp-content\/uploads\/2026\/08\/IMG_9819-150x150.jpeg",150,150,true],"medium":["https:\/\/quehacerpolitico.mx\/wp-content\/uploads\/2026\/08\/IMG_9819-300x156.jpeg",300,156,true],"medium_large":["https:\/\/quehacerpolitico.mx\/wp-content\/uploads\/2026\/08\/IMG_9819-768x400.jpeg",640,333,true],"large":["https:\/\/quehacerpolitico.mx\/wp-content\/uploads\/2026\/08\/IMG_9819.jpeg",640,333,false],"1536x1536":["https:\/\/quehacerpolitico.mx\/wp-content\/uploads\/2026\/08\/IMG_9819.jpeg",960,500,false],"2048x2048":["https:\/\/quehacerpolitico.mx\/wp-content\/uploads\/2026\/08\/IMG_9819.jpeg",960,500,false],"covernews-featured":["https:\/\/quehacerpolitico.mx\/wp-content\/uploads\/2026\/08\/IMG_9819.jpeg",960,500,false],"covernews-medium":["https:\/\/quehacerpolitico.mx\/wp-content\/uploads\/2026\/08\/IMG_9819-540x340.jpeg",540,340,true]},"author_info":{"display_name":"Redacci\u00f3n QP","author_link":"https:\/\/quehacerpolitico.mx\/?author=2"},"category_info":"<a href=\"https:\/\/quehacerpolitico.mx\/?cat=55\" rel=\"category\">CDMX<\/a>","tag_info":"CDMX","comment_count":"0","_links":{"self":[{"href":"https:\/\/quehacerpolitico.mx\/index.php?rest_route=\/wp\/v2\/posts\/132003","targetHints":{"allow":["GET"]}}],"collection":[{"href":"https:\/\/quehacerpolitico.mx\/index.php?rest_route=\/wp\/v2\/posts"}],"about":[{"href":"https:\/\/quehacerpolitico.mx\/index.php?rest_route=\/wp\/v2\/types\/post"}],"author":[{"embeddable":true,"href":"https:\/\/quehacerpolitico.mx\/index.php?rest_route=\/wp\/v2\/users\/2"}],"replies":[{"embeddable":true,"href":"https:\/\/quehacerpolitico.mx\/index.php?rest_route=%2Fwp%2Fv2%2Fcomments&post=132003"}],"version-history":[{"count":2,"href":"https:\/\/quehacerpolitico.mx\/index.php?rest_route=\/wp\/v2\/posts\/132003\/revisions"}],"predecessor-version":[{"id":132007,"href":"https:\/\/quehacerpolitico.mx\/index.php?rest_route=\/wp\/v2\/posts\/132003\/revisions\/132007"}],"wp:featuredmedia":[{"embeddable":true,"href":"https:\/\/quehacerpolitico.mx\/index.php?rest_route=\/wp\/v2\/media\/132004"}],"wp:attachment":[{"href":"https:\/\/quehacerpolitico.mx\/index.php?rest_route=%2Fwp%2Fv2%2Fmedia&parent=132003"}],"wp:term":[{"taxonomy":"category","embeddable":true,"href":"https:\/\/quehacerpolitico.mx\/index.php?rest_route=%2Fwp%2Fv2%2Fcategories&post=132003"},{"taxonomy":"post_tag","embeddable":true,"href":"https:\/\/quehacerpolitico.mx\/index.php?rest_route=%2Fwp%2Fv2%2Ftags&post=132003"}],"curies":[{"name":"wp","href":"https:\/\/api.w.org\/{rel}","templated":true}]}}