{"id":131999,"date":"2026-08-31T13:47:17","date_gmt":"2026-08-31T19:47:17","guid":{"rendered":"https:\/\/quehacerpolitico.mx\/?p=131999"},"modified":"2026-08-31T13:47:19","modified_gmt":"2026-08-31T19:47:19","slug":"con-vinos-de-24-mil-pesos-el-clan-celebra-conclave-en-medio-del-caso-rocha-moya-y-el-huachicol-fiscal","status":"publish","type":"post","link":"https:\/\/quehacerpolitico.mx\/?p=131999","title":{"rendered":"Con vinos de 24 mil pesos, &#8220;El Clan&#8221; celebra c\u00f3nclave en medio del caso Rocha Moya y el &#8220;huachicol&#8221; fiscal"},"content":{"rendered":"\n<p class=\"wp-block-paragraph\">Por Redacci\u00f3n QP<\/p>\n\n\n\n<p class=\"wp-block-paragraph\">Los dos hijos de L\u00f3pez Obrador tuvieron un encuentro de al menos cinco horas con Daniel Asaf, Juan Domingo Beckmann y Mauricio Gardu\u00f1o en un restaurante de la colonia Condesa, en la Ciudad de M\u00e9xico<\/p>\n\n\n\n<p class=\"wp-block-paragraph\"><strong>&#8220;El Clan&#8221; de Andy y &#8220;Bobby&#8221; L\u00f3pez Beltr\u00e1n<\/strong>&nbsp;celebr\u00f3 un c\u00f3nclave en la colonia Condesa en medio del caos que desat\u00f3&nbsp;<strong>Rub\u00e9n Rocha Moya<\/strong>&nbsp;y el traslado de&nbsp;<strong>Fernando Far\u00edas Laguna<\/strong>&nbsp;a M\u00e9xico por la investigaci\u00f3n de &#8220;huachicol&#8221; fiscal, revel\u00f3 este lunes el periodista&nbsp;<strong>H\u00e9ctor de Maule\u00f3n.<\/strong><\/p>\n\n\n\n<figure class=\"wp-block-embed is-type-rich is-provider-x wp-block-embed-x\"><div class=\"wp-block-embed__wrapper\">\n<blockquote class=\"twitter-tweet\" data-width=\"550\" data-dnt=\"true\"><p lang=\"es\" dir=\"ltr\">\ud83d\udd75\ufe0f Andy L\u00f3pez Beltr\u00e1n sostiene reuni\u00f3n de cinco horas con empresarios en la Condesa<br><br>Andy y Gonzalo L\u00f3pez Beltr\u00e1n, hijos del expresidente L\u00f3pez Obrador, sostuvieron una reuni\u00f3n privada en el restaurante Magazzino, en la Condesa, junto con Daniel Asaf, exjefe de la Ayudant\u00eda de\u2026<\/p>&mdash; LuisCardenasMX (@LuisCardenasMx) <a href=\"https:\/\/x.com\/LuisCardenasMx\/status\/2094434887537164585?ref_src=twsrc%5Etfw\">August 31, 2026<\/a><\/blockquote><script async src=\"https:\/\/platform.x.com\/widgets.js\" charset=\"utf-8\"><\/script>\n<\/div><\/figure>\n\n\n\n<p class=\"wp-block-paragraph\">De acuerdo con la informaci\u00f3n del comunicador, este encuentro tuvo lugar<strong>el pasado lunes 24 de agosto<\/strong>\u00a0en el restaurante &#8220;<strong>Magazzino&#8221;<\/strong>, en la Ciudad de M\u00e9xico, y dur\u00f3 alrededor de cinco horas.<\/p>\n\n\n\n<p class=\"wp-block-paragraph\">Al c\u00f3nclave\u00a0asistieron los\u00a0<strong>dos hijos del expresidente\u00a0Andr\u00e9s Manuel L\u00f3pez Obrador<\/strong>;\u00a0<strong>Daniel Asaf<\/strong>,\u00a0exjefe de la ayudant\u00eda de\u00a0presidencia;\u00a0<strong>Juan Domingo Beckmann,<\/strong>\u00a0due\u00f1o de Jos\u00e9 Cuervo, y\u00a0<strong>Mauricio Gardu\u00f1o<\/strong>, ligado a negocios de tecnolog\u00eda y transformaci\u00f3n digital.<\/p>\n\n\n\n<p class=\"wp-block-paragraph\"><strong>H\u00e9ctor de Maule\u00f3n<\/strong>\u00a0hace referencia a una serie de videos en donde se observa que entre las bebidas consumidas por \u201cEl Clan\u201d esta una botella de Sassicaia, un vino tinto \u201cS\u00faper Toscano\u201d de alta calidad.<\/p>\n\n\n\n<p class=\"wp-block-paragraph\">En las im\u00e1genes tambi\u00e9n se aprecia que&nbsp;<strong>Andy L\u00f3pez Beltr\u00e1n&nbsp;<\/strong>pasaba de beber una copa taquillera a encender un cigarro tras otro mientras luc\u00eda&nbsp;con un aspecto de preocupaci\u00f3n.&nbsp;<\/p>\n\n\n\n<p class=\"wp-block-paragraph\">Entre los temas abordados se encuentra<strong>&nbsp;la detenci\u00f3n de Fausto Corrales<\/strong>&nbsp;por el homicidio de H\u00e9ctor Melesio Cu\u00e9n en una reuni\u00f3n con Ismael \u201cEl Mayo\u201d Zambada; el periodista apunta que los videos no tienen audio, pero en un momento se observa a \u201cBobby\u201d tomar su tel\u00e9fono y ver la noticia sobre la vinculaci\u00f3n a proceso del sujeto.&nbsp;<\/p>\n\n\n\n<p class=\"wp-block-paragraph\">De Maule\u00f3n destaca que el restaurante en la calle Pachuca, de la colonia Condensa,&nbsp;cerr\u00f3 s\u00f3lo para ellos y aunque &#8220;Bobby&#8221; y Daniel Asaf se fueron del lugar despu\u00e9s de varias horas,&nbsp;<strong>Andy L\u00f3pez sigui\u00f3 tomando y fumando&nbsp;<\/strong>mientras otros comensales le ense\u00f1aban algo en una pantalla.&nbsp;<\/p>\n\n\n\n<p class=\"wp-block-paragraph\">La&nbsp;<strong>reuni\u00f3n de \u201cEl Clan\u201d<\/strong>&nbsp;tuvo lugar en el marco del regreso de Rocha Moya y su segunda solicitud de licencia en el fin de semana del 21 al 23 de agosto.&nbsp;&nbsp;<\/p>\n\n\n\n<p class=\"wp-block-paragraph\">El viernes 21 de agosto la mandataria&nbsp;<strong>Claudia Sheinbaum<\/strong>&nbsp;no se present\u00f3 en su conferencia matutina porque afirm\u00f3 que amaneci\u00f3 enferma de gripa.&nbsp;<\/p>\n\n\n\n<p class=\"wp-block-paragraph\">Adem\u00e1s del regreso de Rocha Moya, ese d\u00eda tambi\u00e9n fue el traslado a M\u00e9xico del excontralmirante&nbsp;<strong>Fernando Far\u00edas Laguna,<\/strong>&nbsp;implicado en una red de \u201chuachicol\u201d fiscal en la que tambi\u00e9n estar\u00eda mencionado Andy L\u00f3pez.&nbsp;&nbsp;<\/p>\n\n\n\n<p class=\"wp-block-paragraph\">A inicios de esa misma semana,&nbsp;<em>Latinus<\/em>revel\u00f3 nuevos audios sobre la relaci\u00f3n de \u201cEl Clan\u201d con el C\u00e1rtel Jalisco Nueva Generaci\u00f3n (CJNG); en estos se escucha a Am\u00edlcar Ol\u00e1n, amigo \u00edntimo y operador principal de&nbsp;Andy y Bobby L\u00f3pez Beltr\u00e1n,&nbsp;encargar a su hermano Luis Alberto asociarse con una c\u00e9lula del CJNG relacionada con \u201cLa Barredora\u201d.<\/p>\n","protected":false},"excerpt":{"rendered":"<p>Por Redacci\u00f3n QP Los dos hijos de L\u00f3pez Obrador tuvieron un encuentro de al menos&#8230;<\/p>\n","protected":false},"author":2,"featured_media":132000,"comment_status":"open","ping_status":"open","sticky":false,"template":"","format":"standard","meta":{"footnotes":""},"categories":[280,2],"tags":[],"class_list":["post-131999","post","type-post","status-publish","format-standard","has-post-thumbnail","hentry","category-nacionales","category-noticias"],"yoast_head":"<!-- This site is optimized with the Yoast SEO plugin v27.9 - https:\/\/yoast.com\/product\/yoast-seo-wordpress\/ -->\n<title>Con vinos de 24 mil pesos, &quot;El Clan&quot; celebra c\u00f3nclave en medio del caso Rocha Moya y el &quot;huachicol&quot; fiscal -<\/title>\n<meta name=\"robots\" content=\"index, follow, max-snippet:-1, max-image-preview:large, max-video-preview:-1\" \/>\n<link rel=\"canonical\" href=\"https:\/\/quehacerpolitico.mx\/?p=131999\" \/>\n<meta property=\"og:locale\" content=\"es_MX\" \/>\n<meta property=\"og:type\" content=\"article\" \/>\n<meta property=\"og:title\" content=\"Con vinos de 24 mil pesos, &quot;El Clan&quot; celebra c\u00f3nclave en medio del caso Rocha Moya y el &quot;huachicol&quot; fiscal -\" \/>\n<meta property=\"og:description\" content=\"Por Redacci\u00f3n QP Los dos hijos de L\u00f3pez Obrador tuvieron un encuentro de al menos...\" \/>\n<meta property=\"og:url\" content=\"https:\/\/quehacerpolitico.mx\/?p=131999\" \/>\n<meta property=\"article:published_time\" content=\"2026-08-31T19:47:17+00:00\" \/>\n<meta property=\"article:modified_time\" content=\"2026-08-31T19:47:19+00:00\" \/>\n<meta property=\"og:image\" content=\"https:\/\/quehacerpolitico.mx\/wp-content\/uploads\/2026\/08\/IMG_9817.jpeg\" \/>\n\t<meta property=\"og:image:width\" content=\"738\" \/>\n\t<meta property=\"og:image:height\" content=\"415\" \/>\n\t<meta property=\"og:image:type\" content=\"image\/jpeg\" \/>\n<meta name=\"author\" content=\"Redacci\u00f3n QP\" \/>\n<meta name=\"twitter:card\" content=\"summary_large_image\" \/>\n<meta name=\"twitter:label1\" content=\"Escrito por\" \/>\n\t<meta name=\"twitter:data1\" content=\"Redacci\u00f3n QP\" \/>\n\t<meta name=\"twitter:label2\" content=\"Tiempo de lectura\" \/>\n\t<meta name=\"twitter:data2\" content=\"3 minutos\" \/>\n<script type=\"application\/ld+json\" class=\"yoast-schema-graph\">{\"@context\":\"https:\\\/\\\/schema.org\",\"@graph\":[{\"@type\":\"Article\",\"@id\":\"https:\\\/\\\/quehacerpolitico.mx\\\/?p=131999#article\",\"isPartOf\":{\"@id\":\"https:\\\/\\\/quehacerpolitico.mx\\\/?p=131999\"},\"author\":{\"name\":\"Redacci\u00f3n QP\",\"@id\":\"https:\\\/\\\/quehacerpolitico.mx\\\/#\\\/schema\\\/person\\\/496d8ad2d1d3f8036101dca7ee39e585\"},\"headline\":\"Con vinos de 24 mil pesos, &#8220;El Clan&#8221; celebra c\u00f3nclave en medio del caso Rocha Moya y el &#8220;huachicol&#8221; fiscal\",\"datePublished\":\"2026-08-31T19:47:17+00:00\",\"dateModified\":\"2026-08-31T19:47:19+00:00\",\"mainEntityOfPage\":{\"@id\":\"https:\\\/\\\/quehacerpolitico.mx\\\/?p=131999\"},\"wordCount\":580,\"commentCount\":0,\"image\":{\"@id\":\"https:\\\/\\\/quehacerpolitico.mx\\\/?p=131999#primaryimage\"},\"thumbnailUrl\":\"https:\\\/\\\/quehacerpolitico.mx\\\/wp-content\\\/uploads\\\/2026\\\/08\\\/IMG_9817.jpeg\",\"articleSection\":[\"Nacionales\",\"Noticias\"],\"inLanguage\":\"es\",\"potentialAction\":[{\"@type\":\"CommentAction\",\"name\":\"Comment\",\"target\":[\"https:\\\/\\\/quehacerpolitico.mx\\\/?p=131999#respond\"]}]},{\"@type\":\"WebPage\",\"@id\":\"https:\\\/\\\/quehacerpolitico.mx\\\/?p=131999\",\"url\":\"https:\\\/\\\/quehacerpolitico.mx\\\/?p=131999\",\"name\":\"Con vinos de 24 mil pesos, \\\"El Clan\\\" celebra c\u00f3nclave en medio del caso Rocha Moya y el \\\"huachicol\\\" fiscal -\",\"isPartOf\":{\"@id\":\"https:\\\/\\\/quehacerpolitico.mx\\\/#website\"},\"primaryImageOfPage\":{\"@id\":\"https:\\\/\\\/quehacerpolitico.mx\\\/?p=131999#primaryimage\"},\"image\":{\"@id\":\"https:\\\/\\\/quehacerpolitico.mx\\\/?p=131999#primaryimage\"},\"thumbnailUrl\":\"https:\\\/\\\/quehacerpolitico.mx\\\/wp-content\\\/uploads\\\/2026\\\/08\\\/IMG_9817.jpeg\",\"datePublished\":\"2026-08-31T19:47:17+00:00\",\"dateModified\":\"2026-08-31T19:47:19+00:00\",\"author\":{\"@id\":\"https:\\\/\\\/quehacerpolitico.mx\\\/#\\\/schema\\\/person\\\/496d8ad2d1d3f8036101dca7ee39e585\"},\"breadcrumb\":{\"@id\":\"https:\\\/\\\/quehacerpolitico.mx\\\/?p=131999#breadcrumb\"},\"inLanguage\":\"es\",\"potentialAction\":[{\"@type\":\"ReadAction\",\"target\":[\"https:\\\/\\\/quehacerpolitico.mx\\\/?p=131999\"]}]},{\"@type\":\"ImageObject\",\"inLanguage\":\"es\",\"@id\":\"https:\\\/\\\/quehacerpolitico.mx\\\/?p=131999#primaryimage\",\"url\":\"https:\\\/\\\/quehacerpolitico.mx\\\/wp-content\\\/uploads\\\/2026\\\/08\\\/IMG_9817.jpeg\",\"contentUrl\":\"https:\\\/\\\/quehacerpolitico.mx\\\/wp-content\\\/uploads\\\/2026\\\/08\\\/IMG_9817.jpeg\",\"width\":738,\"height\":415},{\"@type\":\"BreadcrumbList\",\"@id\":\"https:\\\/\\\/quehacerpolitico.mx\\\/?p=131999#breadcrumb\",\"itemListElement\":[{\"@type\":\"ListItem\",\"position\":1,\"name\":\"Inicio\",\"item\":\"https:\\\/\\\/quehacerpolitico.mx\\\/\"},{\"@type\":\"ListItem\",\"position\":2,\"name\":\"Con vinos de 24 mil pesos, &#8220;El Clan&#8221; celebra c\u00f3nclave en medio del caso Rocha Moya y el &#8220;huachicol&#8221; fiscal\"}]},{\"@type\":\"WebSite\",\"@id\":\"https:\\\/\\\/quehacerpolitico.mx\\\/#website\",\"url\":\"https:\\\/\\\/quehacerpolitico.mx\\\/\",\"name\":\"\",\"description\":\"\",\"potentialAction\":[{\"@type\":\"SearchAction\",\"target\":{\"@type\":\"EntryPoint\",\"urlTemplate\":\"https:\\\/\\\/quehacerpolitico.mx\\\/?s={search_term_string}\"},\"query-input\":{\"@type\":\"PropertyValueSpecification\",\"valueRequired\":true,\"valueName\":\"search_term_string\"}}],\"inLanguage\":\"es\"},{\"@type\":\"Person\",\"@id\":\"https:\\\/\\\/quehacerpolitico.mx\\\/#\\\/schema\\\/person\\\/496d8ad2d1d3f8036101dca7ee39e585\",\"name\":\"Redacci\u00f3n QP\",\"image\":{\"@type\":\"ImageObject\",\"inLanguage\":\"es\",\"@id\":\"https:\\\/\\\/secure.gravatar.com\\\/avatar\\\/c7164ed6fdec453195284ad24a5ae5b6e1eed2b848477fa2a4787ba9adf39a41?s=96&d=mm&r=g\",\"url\":\"https:\\\/\\\/secure.gravatar.com\\\/avatar\\\/c7164ed6fdec453195284ad24a5ae5b6e1eed2b848477fa2a4787ba9adf39a41?s=96&d=mm&r=g\",\"contentUrl\":\"https:\\\/\\\/secure.gravatar.com\\\/avatar\\\/c7164ed6fdec453195284ad24a5ae5b6e1eed2b848477fa2a4787ba9adf39a41?s=96&d=mm&r=g\",\"caption\":\"Redacci\u00f3n QP\"},\"url\":\"https:\\\/\\\/quehacerpolitico.mx\\\/?author=2\"}]}<\/script>\n<!-- \/ Yoast SEO plugin. -->","yoast_head_json":{"title":"Con vinos de 24 mil pesos, \"El Clan\" celebra c\u00f3nclave en medio del caso Rocha Moya y el \"huachicol\" fiscal -","robots":{"index":"index","follow":"follow","max-snippet":"max-snippet:-1","max-image-preview":"max-image-preview:large","max-video-preview":"max-video-preview:-1"},"canonical":"https:\/\/quehacerpolitico.mx\/?p=131999","og_locale":"es_MX","og_type":"article","og_title":"Con vinos de 24 mil pesos, \"El Clan\" celebra c\u00f3nclave en medio del caso Rocha Moya y el \"huachicol\" fiscal -","og_description":"Por Redacci\u00f3n QP Los dos hijos de L\u00f3pez Obrador tuvieron un encuentro de al menos...","og_url":"https:\/\/quehacerpolitico.mx\/?p=131999","article_published_time":"2026-08-31T19:47:17+00:00","article_modified_time":"2026-08-31T19:47:19+00:00","og_image":[{"width":738,"height":415,"url":"https:\/\/quehacerpolitico.mx\/wp-content\/uploads\/2026\/08\/IMG_9817.jpeg","type":"image\/jpeg"}],"author":"Redacci\u00f3n QP","twitter_card":"summary_large_image","twitter_misc":{"Escrito por":"Redacci\u00f3n QP","Tiempo de lectura":"3 minutos"},"schema":{"@context":"https:\/\/schema.org","@graph":[{"@type":"Article","@id":"https:\/\/quehacerpolitico.mx\/?p=131999#article","isPartOf":{"@id":"https:\/\/quehacerpolitico.mx\/?p=131999"},"author":{"name":"Redacci\u00f3n QP","@id":"https:\/\/quehacerpolitico.mx\/#\/schema\/person\/496d8ad2d1d3f8036101dca7ee39e585"},"headline":"Con vinos de 24 mil pesos, &#8220;El Clan&#8221; celebra c\u00f3nclave en medio del caso Rocha Moya y el &#8220;huachicol&#8221; fiscal","datePublished":"2026-08-31T19:47:17+00:00","dateModified":"2026-08-31T19:47:19+00:00","mainEntityOfPage":{"@id":"https:\/\/quehacerpolitico.mx\/?p=131999"},"wordCount":580,"commentCount":0,"image":{"@id":"https:\/\/quehacerpolitico.mx\/?p=131999#primaryimage"},"thumbnailUrl":"https:\/\/quehacerpolitico.mx\/wp-content\/uploads\/2026\/08\/IMG_9817.jpeg","articleSection":["Nacionales","Noticias"],"inLanguage":"es","potentialAction":[{"@type":"CommentAction","name":"Comment","target":["https:\/\/quehacerpolitico.mx\/?p=131999#respond"]}]},{"@type":"WebPage","@id":"https:\/\/quehacerpolitico.mx\/?p=131999","url":"https:\/\/quehacerpolitico.mx\/?p=131999","name":"Con vinos de 24 mil pesos, \"El Clan\" celebra c\u00f3nclave en medio del caso Rocha Moya y el \"huachicol\" fiscal -","isPartOf":{"@id":"https:\/\/quehacerpolitico.mx\/#website"},"primaryImageOfPage":{"@id":"https:\/\/quehacerpolitico.mx\/?p=131999#primaryimage"},"image":{"@id":"https:\/\/quehacerpolitico.mx\/?p=131999#primaryimage"},"thumbnailUrl":"https:\/\/quehacerpolitico.mx\/wp-content\/uploads\/2026\/08\/IMG_9817.jpeg","datePublished":"2026-08-31T19:47:17+00:00","dateModified":"2026-08-31T19:47:19+00:00","author":{"@id":"https:\/\/quehacerpolitico.mx\/#\/schema\/person\/496d8ad2d1d3f8036101dca7ee39e585"},"breadcrumb":{"@id":"https:\/\/quehacerpolitico.mx\/?p=131999#breadcrumb"},"inLanguage":"es","potentialAction":[{"@type":"ReadAction","target":["https:\/\/quehacerpolitico.mx\/?p=131999"]}]},{"@type":"ImageObject","inLanguage":"es","@id":"https:\/\/quehacerpolitico.mx\/?p=131999#primaryimage","url":"https:\/\/quehacerpolitico.mx\/wp-content\/uploads\/2026\/08\/IMG_9817.jpeg","contentUrl":"https:\/\/quehacerpolitico.mx\/wp-content\/uploads\/2026\/08\/IMG_9817.jpeg","width":738,"height":415},{"@type":"BreadcrumbList","@id":"https:\/\/quehacerpolitico.mx\/?p=131999#breadcrumb","itemListElement":[{"@type":"ListItem","position":1,"name":"Inicio","item":"https:\/\/quehacerpolitico.mx\/"},{"@type":"ListItem","position":2,"name":"Con vinos de 24 mil pesos, &#8220;El Clan&#8221; celebra c\u00f3nclave en medio del caso Rocha Moya y el &#8220;huachicol&#8221; fiscal"}]},{"@type":"WebSite","@id":"https:\/\/quehacerpolitico.mx\/#website","url":"https:\/\/quehacerpolitico.mx\/","name":"","description":"","potentialAction":[{"@type":"SearchAction","target":{"@type":"EntryPoint","urlTemplate":"https:\/\/quehacerpolitico.mx\/?s={search_term_string}"},"query-input":{"@type":"PropertyValueSpecification","valueRequired":true,"valueName":"search_term_string"}}],"inLanguage":"es"},{"@type":"Person","@id":"https:\/\/quehacerpolitico.mx\/#\/schema\/person\/496d8ad2d1d3f8036101dca7ee39e585","name":"Redacci\u00f3n QP","image":{"@type":"ImageObject","inLanguage":"es","@id":"https:\/\/secure.gravatar.com\/avatar\/c7164ed6fdec453195284ad24a5ae5b6e1eed2b848477fa2a4787ba9adf39a41?s=96&d=mm&r=g","url":"https:\/\/secure.gravatar.com\/avatar\/c7164ed6fdec453195284ad24a5ae5b6e1eed2b848477fa2a4787ba9adf39a41?s=96&d=mm&r=g","contentUrl":"https:\/\/secure.gravatar.com\/avatar\/c7164ed6fdec453195284ad24a5ae5b6e1eed2b848477fa2a4787ba9adf39a41?s=96&d=mm&r=g","caption":"Redacci\u00f3n QP"},"url":"https:\/\/quehacerpolitico.mx\/?author=2"}]}},"featured_image_urls":{"full":["https:\/\/quehacerpolitico.mx\/wp-content\/uploads\/2026\/08\/IMG_9817.jpeg",738,415,false],"thumbnail":["https:\/\/quehacerpolitico.mx\/wp-content\/uploads\/2026\/08\/IMG_9817-150x150.jpeg",150,150,true],"medium":["https:\/\/quehacerpolitico.mx\/wp-content\/uploads\/2026\/08\/IMG_9817-300x169.jpeg",300,169,true],"medium_large":["https:\/\/quehacerpolitico.mx\/wp-content\/uploads\/2026\/08\/IMG_9817.jpeg",640,360,false],"large":["https:\/\/quehacerpolitico.mx\/wp-content\/uploads\/2026\/08\/IMG_9817.jpeg",640,360,false],"1536x1536":["https:\/\/quehacerpolitico.mx\/wp-content\/uploads\/2026\/08\/IMG_9817.jpeg",738,415,false],"2048x2048":["https:\/\/quehacerpolitico.mx\/wp-content\/uploads\/2026\/08\/IMG_9817.jpeg",738,415,false],"covernews-featured":["https:\/\/quehacerpolitico.mx\/wp-content\/uploads\/2026\/08\/IMG_9817.jpeg",738,415,false],"covernews-medium":["https:\/\/quehacerpolitico.mx\/wp-content\/uploads\/2026\/08\/IMG_9817-540x340.jpeg",540,340,true]},"author_info":{"display_name":"Redacci\u00f3n QP","author_link":"https:\/\/quehacerpolitico.mx\/?author=2"},"category_info":"<a href=\"https:\/\/quehacerpolitico.mx\/?cat=280\" rel=\"category\">Nacionales<\/a> <a href=\"https:\/\/quehacerpolitico.mx\/?cat=2\" rel=\"category\">Noticias<\/a>","tag_info":"Noticias","comment_count":"0","_links":{"self":[{"href":"https:\/\/quehacerpolitico.mx\/index.php?rest_route=\/wp\/v2\/posts\/131999","targetHints":{"allow":["GET"]}}],"collection":[{"href":"https:\/\/quehacerpolitico.mx\/index.php?rest_route=\/wp\/v2\/posts"}],"about":[{"href":"https:\/\/quehacerpolitico.mx\/index.php?rest_route=\/wp\/v2\/types\/post"}],"author":[{"embeddable":true,"href":"https:\/\/quehacerpolitico.mx\/index.php?rest_route=\/wp\/v2\/users\/2"}],"replies":[{"embeddable":true,"href":"https:\/\/quehacerpolitico.mx\/index.php?rest_route=%2Fwp%2Fv2%2Fcomments&post=131999"}],"version-history":[{"count":1,"href":"https:\/\/quehacerpolitico.mx\/index.php?rest_route=\/wp\/v2\/posts\/131999\/revisions"}],"predecessor-version":[{"id":132001,"href":"https:\/\/quehacerpolitico.mx\/index.php?rest_route=\/wp\/v2\/posts\/131999\/revisions\/132001"}],"wp:featuredmedia":[{"embeddable":true,"href":"https:\/\/quehacerpolitico.mx\/index.php?rest_route=\/wp\/v2\/media\/132000"}],"wp:attachment":[{"href":"https:\/\/quehacerpolitico.mx\/index.php?rest_route=%2Fwp%2Fv2%2Fmedia&parent=131999"}],"wp:term":[{"taxonomy":"category","embeddable":true,"href":"https:\/\/quehacerpolitico.mx\/index.php?rest_route=%2Fwp%2Fv2%2Fcategories&post=131999"},{"taxonomy":"post_tag","embeddable":true,"href":"https:\/\/quehacerpolitico.mx\/index.php?rest_route=%2Fwp%2Fv2%2Ftags&post=131999"}],"curies":[{"name":"wp","href":"https:\/\/api.w.org\/{rel}","templated":true}]}}