{"id":131993,"date":"2026-08-31T13:13:56","date_gmt":"2026-08-31T19:13:56","guid":{"rendered":"https:\/\/quehacerpolitico.mx\/?p=131993"},"modified":"2026-08-31T13:13:59","modified_gmt":"2026-08-31T19:13:59","slug":"plan-general-de-desarrollo-pgd-aborto-o-rentas-justas-la-agenda-de-diputados-morena-cdmx","status":"publish","type":"post","link":"https:\/\/quehacerpolitico.mx\/?p=131993","title":{"rendered":"Plan General de Desarrollo PGD, aborto o rentas justas la agenda de diputados Morena CDMX"},"content":{"rendered":"\n<p class=\"wp-block-paragraph\">Por Redacci\u00f3n QP<\/p>\n\n\n\n<p class=\"wp-block-paragraph\">La bancada de Morena en el Congreso capitalino defini\u00f3 su agenda legislativa para el periodo de sesiones que comienza este 1 de septiembre, pero sin definir ni comprometer plazos para aprobar temas pol\u00e9micos o estrat\u00e9gicos como el Plan General de Desarrollo (PGD), la despenalizaci\u00f3n total del aborto o la Ley de Rentas Justas.<\/p>\n\n\n\n<p class=\"wp-block-paragraph\">Las y los legisladores morenistas tampoco hablaron de un plazo para aprobar temas que ellos mismos definieron prioritarios, como reformas a la Ley de B\u00fasqueda de Personas o sobre muerte digna.<\/p>\n\n\n\n<p class=\"wp-block-paragraph\">En todo el a\u00f1o no han avanzado nada en estos rubros, pero hoy en conferencia y al anunciar la agenda legislativa, la coordinadora de la bancada de Morena X\u00f3chitl Bravo, habl\u00f3 de foros, parlamentos abiertos y reuniones con sectores para poner a discusi\u00f3n las propuestas.<\/p>\n\n\n\n<p class=\"wp-block-paragraph\">Cuando se le pregunt\u00f3 sobre los plazos para sacar el Plan General de Desarrollo y no llevarlo al l\u00edmite con el riesgo de que aplique Afirmativa Ficta, la diputada dijo: \u201cVamos a buscar la manera de que todo lo que hoy planteamos salga en este periodo de sesiones\u201d.<\/p>\n\n\n\n<p class=\"wp-block-paragraph\">Agreg\u00f3 que, en cuanto la jefa de Gobierno mande el PGD al Congreso y ah\u00ed se turne a comisiones dictaminadoras, los diputados de Morena arrancar\u00e1n foros de parlamento abierto.<\/p>\n\n\n\n<p class=\"wp-block-paragraph\">Despu\u00e9s de esos foros, dijo, se construir\u00e1 el dictamen en comisiones y luego subir\u00e1 el Pleno del Congreso local.<\/p>\n\n\n\n<p class=\"wp-block-paragraph\">\u201cEsa es la ruta que nosotros planteamos para el Plan General; ojal\u00e1 los otros grupos parlamentarios puedan sumarse a esta actividad territorial\u201d, dijo X\u00f3chitl G\u00e1lvez.<\/p>\n\n\n\n<p class=\"wp-block-paragraph\">En el caso de rentas justas los diputados a\u00fan tienen pendiente por aprobar la reforma constitucional que la jefa de Gobierno Clara Brugada les envi\u00f3 desde abril pasado.<\/p>\n\n\n\n<p class=\"wp-block-paragraph\">Al respecto X\u00f3chitl Bravo asegur\u00f3 que esa reforma saldr\u00e1 en los siguientes meses, al igual que la ley secundaria en la materia, pero no precis\u00f3 en qu\u00e9 fecha enviar\u00e1 Brugada dicha iniciativa al Congreso local, ni en qu\u00e9 plazo se aprobar\u00e1.<\/p>\n\n\n\n<p class=\"wp-block-paragraph\">De hecho la propia jefa de gobierno estuvo hoy en la reuni\u00f3n plenaria de los diputados locales de la 4T en donde se defini\u00f3 la agenda legislativa y, aunque se le pregunt\u00f3 a X\u00f3chitl Bravo si la mandataria habl\u00f3 de fechas, no contest\u00f3 al cuestionamiento.<\/p>\n\n\n\n<p class=\"wp-block-paragraph\">Lo que s\u00ed hizo fue lanzarle un reto a la oposici\u00f3n, para que explique por qu\u00e9 votar\u00e1n en contra de una Ley de Rentas que combate la gentrificaci\u00f3n.<\/p>\n\n\n\n<p class=\"wp-block-paragraph\">\u201cEn el caso de la Ley de Rentas Justas este grupo parlamentario tiene con qu\u00e9 aprobarla y hacemos un llamado a las bancadas a que antes de decir que no lo conozcan.<\/p>\n\n\n\n<p class=\"wp-block-paragraph\">Sobre la despenalizaci\u00f3n del aborto en cualquier momento del embarazo, habl\u00f3 de nuevo que habr\u00e1 consultas.<\/p>\n\n\n\n<p class=\"wp-block-paragraph\">Lo ha dicho desde que este tema qued\u00f3 congelado al inicio de la actual legislatura, cuando la 4T anunci\u00f3 que bajaba el dictamen para someterlo a foros, mesas de debate y an\u00e1lisis.<\/p>\n\n\n\n<p class=\"wp-block-paragraph\">\u201cEstamos en consultas, no es un tema que tenga que ver solo con el congreso de la ciudad.<\/p>\n\n\n\n<p class=\"wp-block-paragraph\">\u201cEstamos cuidando mucho c\u00f3mo se plantea y algunas alternativas para poder salir a platicar con las colectivas. Ya hay movimientos y foros de las colectivas en los que nos hemos sumado\u201d, dijo la coordinadora de Morena.<\/p>\n\n\n\n<p class=\"wp-block-paragraph\">Como parte de la agenda legislativa que se anunci\u00f3 hoy luego de la reuni\u00f3n planear\u00eda, Morena abordar\u00e1 leyes para la protecci\u00f3n a personas en situaci\u00f3n de detalle, garantizando su dignidad y acceso albergue para un acompa\u00f1amiento integral.<\/p>\n\n\n\n<p class=\"wp-block-paragraph\">Tambi\u00e9n legislar\u00e1n sobre&nbsp; accesibilidad para personas con discapacidad en los sistemas p\u00fablicos de transporte y movilidad.<\/p>\n\n\n\n<p class=\"wp-block-paragraph\">Legislaremos en la ley de b\u00fasqueda de personas,&nbsp; en el c\u00f3digo penal, en el banco de ADN, en la ley de declaraci\u00f3n de ausencia y en la ley de memoria de la ciudad.<\/p>\n\n\n\n<p class=\"wp-block-paragraph\">\u201cTiene que ver con buscar la coordinaci\u00f3n efectiva entre la Comisi\u00f3n de b\u00fasqueda, la fiscal\u00eda, el Incifo y las entidades, para hacer justicia a las personas desaparecidas y sus familias\u201d, explic\u00f3 X\u00f3chitl Bravo, pero otra vez sin hablar de plazos pues dijo que antes habr\u00e1 consultas y foros con colectivos.<\/p>\n","protected":false},"excerpt":{"rendered":"<p>Por Redacci\u00f3n QP La bancada de Morena en el Congreso capitalino defini\u00f3 su agenda legislativa&#8230;<\/p>\n","protected":false},"author":2,"featured_media":131994,"comment_status":"open","ping_status":"open","sticky":false,"template":"","format":"standard","meta":{"footnotes":""},"categories":[55],"tags":[],"class_list":["post-131993","post","type-post","status-publish","format-standard","has-post-thumbnail","hentry","category-cdmx"],"yoast_head":"<!-- This site is optimized with the Yoast SEO plugin v27.9 - https:\/\/yoast.com\/product\/yoast-seo-wordpress\/ -->\n<title>Plan General de Desarrollo PGD, aborto o rentas justas la agenda de diputados Morena CDMX -<\/title>\n<meta name=\"robots\" content=\"index, follow, max-snippet:-1, max-image-preview:large, max-video-preview:-1\" \/>\n<link rel=\"canonical\" href=\"https:\/\/quehacerpolitico.mx\/?p=131993\" \/>\n<meta property=\"og:locale\" content=\"es_MX\" \/>\n<meta property=\"og:type\" content=\"article\" \/>\n<meta property=\"og:title\" content=\"Plan General de Desarrollo PGD, aborto o rentas justas la agenda de diputados Morena CDMX -\" \/>\n<meta property=\"og:description\" content=\"Por Redacci\u00f3n QP La bancada de Morena en el Congreso capitalino defini\u00f3 su agenda legislativa...\" \/>\n<meta property=\"og:url\" content=\"https:\/\/quehacerpolitico.mx\/?p=131993\" \/>\n<meta property=\"article:published_time\" content=\"2026-08-31T19:13:56+00:00\" \/>\n<meta property=\"article:modified_time\" content=\"2026-08-31T19:13:59+00:00\" \/>\n<meta property=\"og:image\" content=\"https:\/\/quehacerpolitico.mx\/wp-content\/uploads\/2026\/08\/IMG_9815.jpeg\" \/>\n\t<meta property=\"og:image:width\" content=\"2560\" \/>\n\t<meta property=\"og:image:height\" content=\"1708\" \/>\n\t<meta property=\"og:image:type\" content=\"image\/jpeg\" \/>\n<meta name=\"author\" content=\"Redacci\u00f3n QP\" \/>\n<meta name=\"twitter:card\" content=\"summary_large_image\" \/>\n<meta name=\"twitter:label1\" content=\"Escrito por\" \/>\n\t<meta name=\"twitter:data1\" content=\"Redacci\u00f3n QP\" \/>\n\t<meta name=\"twitter:label2\" content=\"Tiempo de lectura\" \/>\n\t<meta name=\"twitter:data2\" content=\"4 minutos\" \/>\n<script type=\"application\/ld+json\" class=\"yoast-schema-graph\">{\"@context\":\"https:\\\/\\\/schema.org\",\"@graph\":[{\"@type\":\"Article\",\"@id\":\"https:\\\/\\\/quehacerpolitico.mx\\\/?p=131993#article\",\"isPartOf\":{\"@id\":\"https:\\\/\\\/quehacerpolitico.mx\\\/?p=131993\"},\"author\":{\"name\":\"Redacci\u00f3n QP\",\"@id\":\"https:\\\/\\\/quehacerpolitico.mx\\\/#\\\/schema\\\/person\\\/496d8ad2d1d3f8036101dca7ee39e585\"},\"headline\":\"Plan General de Desarrollo PGD, aborto o rentas justas la agenda de diputados Morena CDMX\",\"datePublished\":\"2026-08-31T19:13:56+00:00\",\"dateModified\":\"2026-08-31T19:13:59+00:00\",\"mainEntityOfPage\":{\"@id\":\"https:\\\/\\\/quehacerpolitico.mx\\\/?p=131993\"},\"wordCount\":720,\"commentCount\":0,\"image\":{\"@id\":\"https:\\\/\\\/quehacerpolitico.mx\\\/?p=131993#primaryimage\"},\"thumbnailUrl\":\"https:\\\/\\\/quehacerpolitico.mx\\\/wp-content\\\/uploads\\\/2026\\\/08\\\/IMG_9815.jpeg\",\"articleSection\":[\"CDMX\"],\"inLanguage\":\"es\",\"potentialAction\":[{\"@type\":\"CommentAction\",\"name\":\"Comment\",\"target\":[\"https:\\\/\\\/quehacerpolitico.mx\\\/?p=131993#respond\"]}]},{\"@type\":\"WebPage\",\"@id\":\"https:\\\/\\\/quehacerpolitico.mx\\\/?p=131993\",\"url\":\"https:\\\/\\\/quehacerpolitico.mx\\\/?p=131993\",\"name\":\"Plan General de Desarrollo PGD, aborto o rentas justas la agenda de diputados Morena CDMX -\",\"isPartOf\":{\"@id\":\"https:\\\/\\\/quehacerpolitico.mx\\\/#website\"},\"primaryImageOfPage\":{\"@id\":\"https:\\\/\\\/quehacerpolitico.mx\\\/?p=131993#primaryimage\"},\"image\":{\"@id\":\"https:\\\/\\\/quehacerpolitico.mx\\\/?p=131993#primaryimage\"},\"thumbnailUrl\":\"https:\\\/\\\/quehacerpolitico.mx\\\/wp-content\\\/uploads\\\/2026\\\/08\\\/IMG_9815.jpeg\",\"datePublished\":\"2026-08-31T19:13:56+00:00\",\"dateModified\":\"2026-08-31T19:13:59+00:00\",\"author\":{\"@id\":\"https:\\\/\\\/quehacerpolitico.mx\\\/#\\\/schema\\\/person\\\/496d8ad2d1d3f8036101dca7ee39e585\"},\"breadcrumb\":{\"@id\":\"https:\\\/\\\/quehacerpolitico.mx\\\/?p=131993#breadcrumb\"},\"inLanguage\":\"es\",\"potentialAction\":[{\"@type\":\"ReadAction\",\"target\":[\"https:\\\/\\\/quehacerpolitico.mx\\\/?p=131993\"]}]},{\"@type\":\"ImageObject\",\"inLanguage\":\"es\",\"@id\":\"https:\\\/\\\/quehacerpolitico.mx\\\/?p=131993#primaryimage\",\"url\":\"https:\\\/\\\/quehacerpolitico.mx\\\/wp-content\\\/uploads\\\/2026\\\/08\\\/IMG_9815.jpeg\",\"contentUrl\":\"https:\\\/\\\/quehacerpolitico.mx\\\/wp-content\\\/uploads\\\/2026\\\/08\\\/IMG_9815.jpeg\",\"width\":2560,\"height\":1708},{\"@type\":\"BreadcrumbList\",\"@id\":\"https:\\\/\\\/quehacerpolitico.mx\\\/?p=131993#breadcrumb\",\"itemListElement\":[{\"@type\":\"ListItem\",\"position\":1,\"name\":\"Inicio\",\"item\":\"https:\\\/\\\/quehacerpolitico.mx\\\/\"},{\"@type\":\"ListItem\",\"position\":2,\"name\":\"Plan General de Desarrollo PGD, aborto o rentas justas la agenda de diputados Morena CDMX\"}]},{\"@type\":\"WebSite\",\"@id\":\"https:\\\/\\\/quehacerpolitico.mx\\\/#website\",\"url\":\"https:\\\/\\\/quehacerpolitico.mx\\\/\",\"name\":\"\",\"description\":\"\",\"potentialAction\":[{\"@type\":\"SearchAction\",\"target\":{\"@type\":\"EntryPoint\",\"urlTemplate\":\"https:\\\/\\\/quehacerpolitico.mx\\\/?s={search_term_string}\"},\"query-input\":{\"@type\":\"PropertyValueSpecification\",\"valueRequired\":true,\"valueName\":\"search_term_string\"}}],\"inLanguage\":\"es\"},{\"@type\":\"Person\",\"@id\":\"https:\\\/\\\/quehacerpolitico.mx\\\/#\\\/schema\\\/person\\\/496d8ad2d1d3f8036101dca7ee39e585\",\"name\":\"Redacci\u00f3n QP\",\"image\":{\"@type\":\"ImageObject\",\"inLanguage\":\"es\",\"@id\":\"https:\\\/\\\/secure.gravatar.com\\\/avatar\\\/c7164ed6fdec453195284ad24a5ae5b6e1eed2b848477fa2a4787ba9adf39a41?s=96&d=mm&r=g\",\"url\":\"https:\\\/\\\/secure.gravatar.com\\\/avatar\\\/c7164ed6fdec453195284ad24a5ae5b6e1eed2b848477fa2a4787ba9adf39a41?s=96&d=mm&r=g\",\"contentUrl\":\"https:\\\/\\\/secure.gravatar.com\\\/avatar\\\/c7164ed6fdec453195284ad24a5ae5b6e1eed2b848477fa2a4787ba9adf39a41?s=96&d=mm&r=g\",\"caption\":\"Redacci\u00f3n QP\"},\"url\":\"https:\\\/\\\/quehacerpolitico.mx\\\/?author=2\"}]}<\/script>\n<!-- \/ Yoast SEO plugin. -->","yoast_head_json":{"title":"Plan General de Desarrollo PGD, aborto o rentas justas la agenda de diputados Morena CDMX -","robots":{"index":"index","follow":"follow","max-snippet":"max-snippet:-1","max-image-preview":"max-image-preview:large","max-video-preview":"max-video-preview:-1"},"canonical":"https:\/\/quehacerpolitico.mx\/?p=131993","og_locale":"es_MX","og_type":"article","og_title":"Plan General de Desarrollo PGD, aborto o rentas justas la agenda de diputados Morena CDMX -","og_description":"Por Redacci\u00f3n QP La bancada de Morena en el Congreso capitalino defini\u00f3 su agenda legislativa...","og_url":"https:\/\/quehacerpolitico.mx\/?p=131993","article_published_time":"2026-08-31T19:13:56+00:00","article_modified_time":"2026-08-31T19:13:59+00:00","og_image":[{"width":2560,"height":1708,"url":"https:\/\/quehacerpolitico.mx\/wp-content\/uploads\/2026\/08\/IMG_9815.jpeg","type":"image\/jpeg"}],"author":"Redacci\u00f3n QP","twitter_card":"summary_large_image","twitter_misc":{"Escrito por":"Redacci\u00f3n QP","Tiempo de lectura":"4 minutos"},"schema":{"@context":"https:\/\/schema.org","@graph":[{"@type":"Article","@id":"https:\/\/quehacerpolitico.mx\/?p=131993#article","isPartOf":{"@id":"https:\/\/quehacerpolitico.mx\/?p=131993"},"author":{"name":"Redacci\u00f3n QP","@id":"https:\/\/quehacerpolitico.mx\/#\/schema\/person\/496d8ad2d1d3f8036101dca7ee39e585"},"headline":"Plan General de Desarrollo PGD, aborto o rentas justas la agenda de diputados Morena CDMX","datePublished":"2026-08-31T19:13:56+00:00","dateModified":"2026-08-31T19:13:59+00:00","mainEntityOfPage":{"@id":"https:\/\/quehacerpolitico.mx\/?p=131993"},"wordCount":720,"commentCount":0,"image":{"@id":"https:\/\/quehacerpolitico.mx\/?p=131993#primaryimage"},"thumbnailUrl":"https:\/\/quehacerpolitico.mx\/wp-content\/uploads\/2026\/08\/IMG_9815.jpeg","articleSection":["CDMX"],"inLanguage":"es","potentialAction":[{"@type":"CommentAction","name":"Comment","target":["https:\/\/quehacerpolitico.mx\/?p=131993#respond"]}]},{"@type":"WebPage","@id":"https:\/\/quehacerpolitico.mx\/?p=131993","url":"https:\/\/quehacerpolitico.mx\/?p=131993","name":"Plan General de Desarrollo PGD, aborto o rentas justas la agenda de diputados Morena CDMX -","isPartOf":{"@id":"https:\/\/quehacerpolitico.mx\/#website"},"primaryImageOfPage":{"@id":"https:\/\/quehacerpolitico.mx\/?p=131993#primaryimage"},"image":{"@id":"https:\/\/quehacerpolitico.mx\/?p=131993#primaryimage"},"thumbnailUrl":"https:\/\/quehacerpolitico.mx\/wp-content\/uploads\/2026\/08\/IMG_9815.jpeg","datePublished":"2026-08-31T19:13:56+00:00","dateModified":"2026-08-31T19:13:59+00:00","author":{"@id":"https:\/\/quehacerpolitico.mx\/#\/schema\/person\/496d8ad2d1d3f8036101dca7ee39e585"},"breadcrumb":{"@id":"https:\/\/quehacerpolitico.mx\/?p=131993#breadcrumb"},"inLanguage":"es","potentialAction":[{"@type":"ReadAction","target":["https:\/\/quehacerpolitico.mx\/?p=131993"]}]},{"@type":"ImageObject","inLanguage":"es","@id":"https:\/\/quehacerpolitico.mx\/?p=131993#primaryimage","url":"https:\/\/quehacerpolitico.mx\/wp-content\/uploads\/2026\/08\/IMG_9815.jpeg","contentUrl":"https:\/\/quehacerpolitico.mx\/wp-content\/uploads\/2026\/08\/IMG_9815.jpeg","width":2560,"height":1708},{"@type":"BreadcrumbList","@id":"https:\/\/quehacerpolitico.mx\/?p=131993#breadcrumb","itemListElement":[{"@type":"ListItem","position":1,"name":"Inicio","item":"https:\/\/quehacerpolitico.mx\/"},{"@type":"ListItem","position":2,"name":"Plan General de Desarrollo PGD, aborto o rentas justas la agenda de diputados Morena CDMX"}]},{"@type":"WebSite","@id":"https:\/\/quehacerpolitico.mx\/#website","url":"https:\/\/quehacerpolitico.mx\/","name":"","description":"","potentialAction":[{"@type":"SearchAction","target":{"@type":"EntryPoint","urlTemplate":"https:\/\/quehacerpolitico.mx\/?s={search_term_string}"},"query-input":{"@type":"PropertyValueSpecification","valueRequired":true,"valueName":"search_term_string"}}],"inLanguage":"es"},{"@type":"Person","@id":"https:\/\/quehacerpolitico.mx\/#\/schema\/person\/496d8ad2d1d3f8036101dca7ee39e585","name":"Redacci\u00f3n QP","image":{"@type":"ImageObject","inLanguage":"es","@id":"https:\/\/secure.gravatar.com\/avatar\/c7164ed6fdec453195284ad24a5ae5b6e1eed2b848477fa2a4787ba9adf39a41?s=96&d=mm&r=g","url":"https:\/\/secure.gravatar.com\/avatar\/c7164ed6fdec453195284ad24a5ae5b6e1eed2b848477fa2a4787ba9adf39a41?s=96&d=mm&r=g","contentUrl":"https:\/\/secure.gravatar.com\/avatar\/c7164ed6fdec453195284ad24a5ae5b6e1eed2b848477fa2a4787ba9adf39a41?s=96&d=mm&r=g","caption":"Redacci\u00f3n QP"},"url":"https:\/\/quehacerpolitico.mx\/?author=2"}]}},"featured_image_urls":{"full":["https:\/\/quehacerpolitico.mx\/wp-content\/uploads\/2026\/08\/IMG_9815.jpeg",2560,1708,false],"thumbnail":["https:\/\/quehacerpolitico.mx\/wp-content\/uploads\/2026\/08\/IMG_9815-150x150.jpeg",150,150,true],"medium":["https:\/\/quehacerpolitico.mx\/wp-content\/uploads\/2026\/08\/IMG_9815-300x200.jpeg",300,200,true],"medium_large":["https:\/\/quehacerpolitico.mx\/wp-content\/uploads\/2026\/08\/IMG_9815-768x512.jpeg",640,427,true],"large":["https:\/\/quehacerpolitico.mx\/wp-content\/uploads\/2026\/08\/IMG_9815-1024x683.jpeg",640,427,true],"1536x1536":["https:\/\/quehacerpolitico.mx\/wp-content\/uploads\/2026\/08\/IMG_9815-1536x1025.jpeg",1536,1025,true],"2048x2048":["https:\/\/quehacerpolitico.mx\/wp-content\/uploads\/2026\/08\/IMG_9815-2048x1366.jpeg",2048,1366,true],"covernews-featured":["https:\/\/quehacerpolitico.mx\/wp-content\/uploads\/2026\/08\/IMG_9815-1024x683.jpeg",1024,683,true],"covernews-medium":["https:\/\/quehacerpolitico.mx\/wp-content\/uploads\/2026\/08\/IMG_9815-540x340.jpeg",540,340,true]},"author_info":{"display_name":"Redacci\u00f3n QP","author_link":"https:\/\/quehacerpolitico.mx\/?author=2"},"category_info":"<a href=\"https:\/\/quehacerpolitico.mx\/?cat=55\" rel=\"category\">CDMX<\/a>","tag_info":"CDMX","comment_count":"0","_links":{"self":[{"href":"https:\/\/quehacerpolitico.mx\/index.php?rest_route=\/wp\/v2\/posts\/131993","targetHints":{"allow":["GET"]}}],"collection":[{"href":"https:\/\/quehacerpolitico.mx\/index.php?rest_route=\/wp\/v2\/posts"}],"about":[{"href":"https:\/\/quehacerpolitico.mx\/index.php?rest_route=\/wp\/v2\/types\/post"}],"author":[{"embeddable":true,"href":"https:\/\/quehacerpolitico.mx\/index.php?rest_route=\/wp\/v2\/users\/2"}],"replies":[{"embeddable":true,"href":"https:\/\/quehacerpolitico.mx\/index.php?rest_route=%2Fwp%2Fv2%2Fcomments&post=131993"}],"version-history":[{"count":1,"href":"https:\/\/quehacerpolitico.mx\/index.php?rest_route=\/wp\/v2\/posts\/131993\/revisions"}],"predecessor-version":[{"id":131995,"href":"https:\/\/quehacerpolitico.mx\/index.php?rest_route=\/wp\/v2\/posts\/131993\/revisions\/131995"}],"wp:featuredmedia":[{"embeddable":true,"href":"https:\/\/quehacerpolitico.mx\/index.php?rest_route=\/wp\/v2\/media\/131994"}],"wp:attachment":[{"href":"https:\/\/quehacerpolitico.mx\/index.php?rest_route=%2Fwp%2Fv2%2Fmedia&parent=131993"}],"wp:term":[{"taxonomy":"category","embeddable":true,"href":"https:\/\/quehacerpolitico.mx\/index.php?rest_route=%2Fwp%2Fv2%2Fcategories&post=131993"},{"taxonomy":"post_tag","embeddable":true,"href":"https:\/\/quehacerpolitico.mx\/index.php?rest_route=%2Fwp%2Fv2%2Ftags&post=131993"}],"curies":[{"name":"wp","href":"https:\/\/api.w.org\/{rel}","templated":true}]}}