{"id":131990,"date":"2026-08-31T12:22:08","date_gmt":"2026-08-31T18:22:08","guid":{"rendered":"https:\/\/quehacerpolitico.mx\/?p=131990"},"modified":"2026-08-31T12:22:10","modified_gmt":"2026-08-31T18:22:10","slug":"sep-regulara-uso-de-celulares-en-escuelas-de-mexico-tras-consulta-a-docentes-81-esta-a-favor","status":"publish","type":"post","link":"https:\/\/quehacerpolitico.mx\/?p=131990","title":{"rendered":"SEP regular\u00e1 uso de celulares en escuelas de M\u00e9xico tras consulta a docentes: 81% est\u00e1 a favor"},"content":{"rendered":"\n<p class=\"wp-block-paragraph\">Por Redacci\u00f3n QP<\/p>\n\n\n\n<p class=\"wp-block-paragraph\">Cerca del 40% de los m\u00e1s de 565 mil docentes consultados detecta que los alumnos llevan tel\u00e9fonos celulares a la escuela<\/p>\n\n\n\n<p class=\"wp-block-paragraph\">La&nbsp;<strong>Secretar\u00eda de Educaci\u00f3n P\u00fablica<\/strong>&nbsp;(<strong>SEP<\/strong>) trabaja en los nuevos lineamientos para regular el uso de celulares y otros dispositivos en las escuelas, luego de que el 81% de los m\u00e1s de 565 mil docentes consultados se pronunciaran a favor de restringir su utilizaci\u00f3n en las aulas.<\/p>\n\n\n\n<p class=\"wp-block-paragraph\">Este lunes, en el marco del regreso a clases para millones de estudiantes de nivel b\u00e1sico en M\u00e9xico,&nbsp;<strong>Mario Delgado, secretario de Educaci\u00f3n P\u00fablica, dio a conocer los resultados de la consulta a docentes durante el Consejo T\u00e9cnico Escolar Intensivo<\/strong>&nbsp;la semana pasada, en la cual participaron 565 mil 396 maestros.<\/p>\n\n\n\n<figure class=\"wp-block-embed is-type-rich is-provider-x wp-block-embed-x\"><div class=\"wp-block-embed__wrapper\">\n<blockquote class=\"twitter-tweet\" data-width=\"550\" data-dnt=\"true\"><p lang=\"es\" dir=\"ltr\">\u26a0\ufe0f\ud83d\udcf1Celulares en las aulas: SEP alista reglas tras encuesta a maestros<br><br>M\u00e1s del 80% de los docentes est\u00e1n a favor de poner l\u00edmites al uso de dispositivos m\u00f3viles en las escuelas. <a href=\"https:\/\/x.com\/mario_delgado?ref_src=twsrc%5Etfw\">@mario_delgado<\/a>, titular de la <a href=\"https:\/\/x.com\/SEP_mx?ref_src=twsrc%5Etfw\">@SEP_mx<\/a>, dio a conocer los resultados de un levantamiento aplicado a\u2026 <a href=\"https:\/\/t.co\/umPuSCesUz\">pic.twitter.com\/umPuSCesUz<\/a><\/p>&mdash; Pol\u00edtico MX (@politicomx) <a href=\"https:\/\/x.com\/politicomx\/status\/2094449271294624115?ref_src=twsrc%5Etfw\">August 31, 2026<\/a><\/blockquote><script async src=\"https:\/\/platform.x.com\/widgets.js\" charset=\"utf-8\"><\/script>\n<\/div><\/figure>\n\n\n\n<p class=\"wp-block-paragraph\">Seg\u00fan los resultados,<mark><strong>\u00a0cerca del 40 % de los docentes detecta que los alumnos llevan tel\u00e9fonos celulares a la escuela y un 24 % se\u00f1al\u00f3 la presencia de relojes inteligentes.<\/strong><\/mark><\/p>\n\n\n\n<p class=\"wp-block-paragraph\"><strong>El 48 % consider\u00f3 que los celulares dificultan mantener la atenci\u00f3n de los estudiantes<\/strong>, mientras que el 38 % afirm\u00f3 que interrumpen las actividades escolares y el 34 % advirti\u00f3 que los alumnos abandonan alguna forma de convivencia por permanecer pendientes de sus dispositivos.<\/p>\n\n\n\n<p class=\"wp-block-paragraph\"><strong>Adem\u00e1s, un 38.7 % de los profesores asegur\u00f3 haber detectado que los conflictos originados en las redes sociales terminan traslad\u00e1ndose a las aulas o las escuelas.<\/strong><\/p>\n\n\n\n<p class=\"wp-block-paragraph\">Ante este panorama, el 51 % de los docentes propuso establecer protocolos para atender situaciones de riesgo y alcanzar acuerdos con madres y padres de familia sobre el acceso y uso de las tecnolog\u00edas.<\/p>\n\n\n\n<p class=\"wp-block-paragraph\">Delgado explic\u00f3 que los resultados fueron presentados parcialmente el viernes ante las autoridades educativas de los estados y que durante esta semana continuar\u00e1n trabajando en una propuesta nacional.<\/p>\n\n\n\n<p class=\"wp-block-paragraph\"><mark><strong>\u201cVamos a seguir revisando esta semana para ver qu\u00e9 lineamientos vamos a tener a partir de lo que dicen los maestros, de lo que dicen las autoridades educativas\u201d<\/strong><\/mark>, afirm\u00f3.<\/p>\n\n\n\n<p class=\"wp-block-paragraph\">La regulaci\u00f3n de los celulares en las escuelas ha cobrado fuerza en distintos pa\u00edses ante las preocupaciones sobre sus efectos en la concentraci\u00f3n, el aprendizaje, la convivencia y la salud mental de ni\u00f1os y adolescentes.<\/p>\n\n\n\n<p class=\"wp-block-paragraph\">La Unesco ha recomendado que la tecnolog\u00eda se utilice en las aulas \u00fanicamente cuando contribuya al aprendizaje y ha advertido sobre los efectos negativos que puede tener su uso excesivo.<\/p>\n\n\n\n<p class=\"wp-block-paragraph\">En el nuevo ciclo escolar, la SEP pondr\u00e1 en marcha el programa &#8220;ABC de las emociones&#8221;, con gu\u00edas para estudiantes, docentes y familias y una hora semanal dedicada a hablar sobre salud emocional en secundarias y preparatorias.<\/p>\n\n\n\n<p class=\"wp-block-paragraph\">En Ciudad de M\u00e9xico, la alcaldesa Clara Brugada inform\u00f3 del despliegue de 15 mil polic\u00edas para vigilar escuelas, cruces, calles y transporte durante el regreso a clases, adem\u00e1s de programas para renovar planteles y ampliar las aulas digitales.<\/p>\n\n\n\n<p class=\"wp-block-paragraph\">Con informaci\u00f3n de EFE<\/p>\n","protected":false},"excerpt":{"rendered":"<p>Por Redacci\u00f3n QP Cerca del 40% de los m\u00e1s de 565 mil docentes consultados detecta&#8230;<\/p>\n","protected":false},"author":2,"featured_media":131991,"comment_status":"open","ping_status":"open","sticky":false,"template":"","format":"standard","meta":{"footnotes":""},"categories":[280,2],"tags":[],"class_list":["post-131990","post","type-post","status-publish","format-standard","has-post-thumbnail","hentry","category-nacionales","category-noticias"],"yoast_head":"<!-- This site is optimized with the Yoast SEO plugin v27.9 - https:\/\/yoast.com\/product\/yoast-seo-wordpress\/ -->\n<title>SEP regular\u00e1 uso de celulares en escuelas de M\u00e9xico tras consulta a docentes: 81% est\u00e1 a favor -<\/title>\n<meta name=\"robots\" content=\"index, follow, max-snippet:-1, max-image-preview:large, max-video-preview:-1\" \/>\n<link rel=\"canonical\" href=\"https:\/\/quehacerpolitico.mx\/?p=131990\" \/>\n<meta property=\"og:locale\" content=\"es_MX\" \/>\n<meta property=\"og:type\" content=\"article\" \/>\n<meta property=\"og:title\" content=\"SEP regular\u00e1 uso de celulares en escuelas de M\u00e9xico tras consulta a docentes: 81% est\u00e1 a favor -\" \/>\n<meta property=\"og:description\" content=\"Por Redacci\u00f3n QP Cerca del 40% de los m\u00e1s de 565 mil docentes consultados detecta...\" \/>\n<meta property=\"og:url\" content=\"https:\/\/quehacerpolitico.mx\/?p=131990\" \/>\n<meta property=\"article:published_time\" content=\"2026-08-31T18:22:08+00:00\" \/>\n<meta property=\"article:modified_time\" content=\"2026-08-31T18:22:10+00:00\" \/>\n<meta property=\"og:image\" content=\"https:\/\/quehacerpolitico.mx\/wp-content\/uploads\/2026\/08\/IMG_9814.jpeg\" \/>\n\t<meta property=\"og:image:width\" content=\"1170\" \/>\n\t<meta property=\"og:image:height\" content=\"644\" \/>\n\t<meta property=\"og:image:type\" content=\"image\/jpeg\" \/>\n<meta name=\"author\" content=\"Redacci\u00f3n QP\" \/>\n<meta name=\"twitter:card\" content=\"summary_large_image\" \/>\n<meta name=\"twitter:label1\" content=\"Escrito por\" \/>\n\t<meta name=\"twitter:data1\" content=\"Redacci\u00f3n QP\" \/>\n\t<meta name=\"twitter:label2\" content=\"Tiempo de lectura\" \/>\n\t<meta name=\"twitter:data2\" content=\"3 minutos\" \/>\n<script type=\"application\/ld+json\" class=\"yoast-schema-graph\">{\"@context\":\"https:\\\/\\\/schema.org\",\"@graph\":[{\"@type\":\"Article\",\"@id\":\"https:\\\/\\\/quehacerpolitico.mx\\\/?p=131990#article\",\"isPartOf\":{\"@id\":\"https:\\\/\\\/quehacerpolitico.mx\\\/?p=131990\"},\"author\":{\"name\":\"Redacci\u00f3n QP\",\"@id\":\"https:\\\/\\\/quehacerpolitico.mx\\\/#\\\/schema\\\/person\\\/496d8ad2d1d3f8036101dca7ee39e585\"},\"headline\":\"SEP regular\u00e1 uso de celulares en escuelas de M\u00e9xico tras consulta a docentes: 81% est\u00e1 a favor\",\"datePublished\":\"2026-08-31T18:22:08+00:00\",\"dateModified\":\"2026-08-31T18:22:10+00:00\",\"mainEntityOfPage\":{\"@id\":\"https:\\\/\\\/quehacerpolitico.mx\\\/?p=131990\"},\"wordCount\":494,\"commentCount\":0,\"image\":{\"@id\":\"https:\\\/\\\/quehacerpolitico.mx\\\/?p=131990#primaryimage\"},\"thumbnailUrl\":\"https:\\\/\\\/quehacerpolitico.mx\\\/wp-content\\\/uploads\\\/2026\\\/08\\\/IMG_9814.jpeg\",\"articleSection\":[\"Nacionales\",\"Noticias\"],\"inLanguage\":\"es\",\"potentialAction\":[{\"@type\":\"CommentAction\",\"name\":\"Comment\",\"target\":[\"https:\\\/\\\/quehacerpolitico.mx\\\/?p=131990#respond\"]}]},{\"@type\":\"WebPage\",\"@id\":\"https:\\\/\\\/quehacerpolitico.mx\\\/?p=131990\",\"url\":\"https:\\\/\\\/quehacerpolitico.mx\\\/?p=131990\",\"name\":\"SEP regular\u00e1 uso de celulares en escuelas de M\u00e9xico tras consulta a docentes: 81% est\u00e1 a favor -\",\"isPartOf\":{\"@id\":\"https:\\\/\\\/quehacerpolitico.mx\\\/#website\"},\"primaryImageOfPage\":{\"@id\":\"https:\\\/\\\/quehacerpolitico.mx\\\/?p=131990#primaryimage\"},\"image\":{\"@id\":\"https:\\\/\\\/quehacerpolitico.mx\\\/?p=131990#primaryimage\"},\"thumbnailUrl\":\"https:\\\/\\\/quehacerpolitico.mx\\\/wp-content\\\/uploads\\\/2026\\\/08\\\/IMG_9814.jpeg\",\"datePublished\":\"2026-08-31T18:22:08+00:00\",\"dateModified\":\"2026-08-31T18:22:10+00:00\",\"author\":{\"@id\":\"https:\\\/\\\/quehacerpolitico.mx\\\/#\\\/schema\\\/person\\\/496d8ad2d1d3f8036101dca7ee39e585\"},\"breadcrumb\":{\"@id\":\"https:\\\/\\\/quehacerpolitico.mx\\\/?p=131990#breadcrumb\"},\"inLanguage\":\"es\",\"potentialAction\":[{\"@type\":\"ReadAction\",\"target\":[\"https:\\\/\\\/quehacerpolitico.mx\\\/?p=131990\"]}]},{\"@type\":\"ImageObject\",\"inLanguage\":\"es\",\"@id\":\"https:\\\/\\\/quehacerpolitico.mx\\\/?p=131990#primaryimage\",\"url\":\"https:\\\/\\\/quehacerpolitico.mx\\\/wp-content\\\/uploads\\\/2026\\\/08\\\/IMG_9814.jpeg\",\"contentUrl\":\"https:\\\/\\\/quehacerpolitico.mx\\\/wp-content\\\/uploads\\\/2026\\\/08\\\/IMG_9814.jpeg\",\"width\":1170,\"height\":644,\"caption\":\"Screenshot\"},{\"@type\":\"BreadcrumbList\",\"@id\":\"https:\\\/\\\/quehacerpolitico.mx\\\/?p=131990#breadcrumb\",\"itemListElement\":[{\"@type\":\"ListItem\",\"position\":1,\"name\":\"Inicio\",\"item\":\"https:\\\/\\\/quehacerpolitico.mx\\\/\"},{\"@type\":\"ListItem\",\"position\":2,\"name\":\"SEP regular\u00e1 uso de celulares en escuelas de M\u00e9xico tras consulta a docentes: 81% est\u00e1 a favor\"}]},{\"@type\":\"WebSite\",\"@id\":\"https:\\\/\\\/quehacerpolitico.mx\\\/#website\",\"url\":\"https:\\\/\\\/quehacerpolitico.mx\\\/\",\"name\":\"\",\"description\":\"\",\"potentialAction\":[{\"@type\":\"SearchAction\",\"target\":{\"@type\":\"EntryPoint\",\"urlTemplate\":\"https:\\\/\\\/quehacerpolitico.mx\\\/?s={search_term_string}\"},\"query-input\":{\"@type\":\"PropertyValueSpecification\",\"valueRequired\":true,\"valueName\":\"search_term_string\"}}],\"inLanguage\":\"es\"},{\"@type\":\"Person\",\"@id\":\"https:\\\/\\\/quehacerpolitico.mx\\\/#\\\/schema\\\/person\\\/496d8ad2d1d3f8036101dca7ee39e585\",\"name\":\"Redacci\u00f3n QP\",\"image\":{\"@type\":\"ImageObject\",\"inLanguage\":\"es\",\"@id\":\"https:\\\/\\\/secure.gravatar.com\\\/avatar\\\/c7164ed6fdec453195284ad24a5ae5b6e1eed2b848477fa2a4787ba9adf39a41?s=96&d=mm&r=g\",\"url\":\"https:\\\/\\\/secure.gravatar.com\\\/avatar\\\/c7164ed6fdec453195284ad24a5ae5b6e1eed2b848477fa2a4787ba9adf39a41?s=96&d=mm&r=g\",\"contentUrl\":\"https:\\\/\\\/secure.gravatar.com\\\/avatar\\\/c7164ed6fdec453195284ad24a5ae5b6e1eed2b848477fa2a4787ba9adf39a41?s=96&d=mm&r=g\",\"caption\":\"Redacci\u00f3n QP\"},\"url\":\"https:\\\/\\\/quehacerpolitico.mx\\\/?author=2\"}]}<\/script>\n<!-- \/ Yoast SEO plugin. -->","yoast_head_json":{"title":"SEP regular\u00e1 uso de celulares en escuelas de M\u00e9xico tras consulta a docentes: 81% est\u00e1 a favor -","robots":{"index":"index","follow":"follow","max-snippet":"max-snippet:-1","max-image-preview":"max-image-preview:large","max-video-preview":"max-video-preview:-1"},"canonical":"https:\/\/quehacerpolitico.mx\/?p=131990","og_locale":"es_MX","og_type":"article","og_title":"SEP regular\u00e1 uso de celulares en escuelas de M\u00e9xico tras consulta a docentes: 81% est\u00e1 a favor -","og_description":"Por Redacci\u00f3n QP Cerca del 40% de los m\u00e1s de 565 mil docentes consultados detecta...","og_url":"https:\/\/quehacerpolitico.mx\/?p=131990","article_published_time":"2026-08-31T18:22:08+00:00","article_modified_time":"2026-08-31T18:22:10+00:00","og_image":[{"width":1170,"height":644,"url":"https:\/\/quehacerpolitico.mx\/wp-content\/uploads\/2026\/08\/IMG_9814.jpeg","type":"image\/jpeg"}],"author":"Redacci\u00f3n QP","twitter_card":"summary_large_image","twitter_misc":{"Escrito por":"Redacci\u00f3n QP","Tiempo de lectura":"3 minutos"},"schema":{"@context":"https:\/\/schema.org","@graph":[{"@type":"Article","@id":"https:\/\/quehacerpolitico.mx\/?p=131990#article","isPartOf":{"@id":"https:\/\/quehacerpolitico.mx\/?p=131990"},"author":{"name":"Redacci\u00f3n QP","@id":"https:\/\/quehacerpolitico.mx\/#\/schema\/person\/496d8ad2d1d3f8036101dca7ee39e585"},"headline":"SEP regular\u00e1 uso de celulares en escuelas de M\u00e9xico tras consulta a docentes: 81% est\u00e1 a favor","datePublished":"2026-08-31T18:22:08+00:00","dateModified":"2026-08-31T18:22:10+00:00","mainEntityOfPage":{"@id":"https:\/\/quehacerpolitico.mx\/?p=131990"},"wordCount":494,"commentCount":0,"image":{"@id":"https:\/\/quehacerpolitico.mx\/?p=131990#primaryimage"},"thumbnailUrl":"https:\/\/quehacerpolitico.mx\/wp-content\/uploads\/2026\/08\/IMG_9814.jpeg","articleSection":["Nacionales","Noticias"],"inLanguage":"es","potentialAction":[{"@type":"CommentAction","name":"Comment","target":["https:\/\/quehacerpolitico.mx\/?p=131990#respond"]}]},{"@type":"WebPage","@id":"https:\/\/quehacerpolitico.mx\/?p=131990","url":"https:\/\/quehacerpolitico.mx\/?p=131990","name":"SEP regular\u00e1 uso de celulares en escuelas de M\u00e9xico tras consulta a docentes: 81% est\u00e1 a favor -","isPartOf":{"@id":"https:\/\/quehacerpolitico.mx\/#website"},"primaryImageOfPage":{"@id":"https:\/\/quehacerpolitico.mx\/?p=131990#primaryimage"},"image":{"@id":"https:\/\/quehacerpolitico.mx\/?p=131990#primaryimage"},"thumbnailUrl":"https:\/\/quehacerpolitico.mx\/wp-content\/uploads\/2026\/08\/IMG_9814.jpeg","datePublished":"2026-08-31T18:22:08+00:00","dateModified":"2026-08-31T18:22:10+00:00","author":{"@id":"https:\/\/quehacerpolitico.mx\/#\/schema\/person\/496d8ad2d1d3f8036101dca7ee39e585"},"breadcrumb":{"@id":"https:\/\/quehacerpolitico.mx\/?p=131990#breadcrumb"},"inLanguage":"es","potentialAction":[{"@type":"ReadAction","target":["https:\/\/quehacerpolitico.mx\/?p=131990"]}]},{"@type":"ImageObject","inLanguage":"es","@id":"https:\/\/quehacerpolitico.mx\/?p=131990#primaryimage","url":"https:\/\/quehacerpolitico.mx\/wp-content\/uploads\/2026\/08\/IMG_9814.jpeg","contentUrl":"https:\/\/quehacerpolitico.mx\/wp-content\/uploads\/2026\/08\/IMG_9814.jpeg","width":1170,"height":644,"caption":"Screenshot"},{"@type":"BreadcrumbList","@id":"https:\/\/quehacerpolitico.mx\/?p=131990#breadcrumb","itemListElement":[{"@type":"ListItem","position":1,"name":"Inicio","item":"https:\/\/quehacerpolitico.mx\/"},{"@type":"ListItem","position":2,"name":"SEP regular\u00e1 uso de celulares en escuelas de M\u00e9xico tras consulta a docentes: 81% est\u00e1 a favor"}]},{"@type":"WebSite","@id":"https:\/\/quehacerpolitico.mx\/#website","url":"https:\/\/quehacerpolitico.mx\/","name":"","description":"","potentialAction":[{"@type":"SearchAction","target":{"@type":"EntryPoint","urlTemplate":"https:\/\/quehacerpolitico.mx\/?s={search_term_string}"},"query-input":{"@type":"PropertyValueSpecification","valueRequired":true,"valueName":"search_term_string"}}],"inLanguage":"es"},{"@type":"Person","@id":"https:\/\/quehacerpolitico.mx\/#\/schema\/person\/496d8ad2d1d3f8036101dca7ee39e585","name":"Redacci\u00f3n QP","image":{"@type":"ImageObject","inLanguage":"es","@id":"https:\/\/secure.gravatar.com\/avatar\/c7164ed6fdec453195284ad24a5ae5b6e1eed2b848477fa2a4787ba9adf39a41?s=96&d=mm&r=g","url":"https:\/\/secure.gravatar.com\/avatar\/c7164ed6fdec453195284ad24a5ae5b6e1eed2b848477fa2a4787ba9adf39a41?s=96&d=mm&r=g","contentUrl":"https:\/\/secure.gravatar.com\/avatar\/c7164ed6fdec453195284ad24a5ae5b6e1eed2b848477fa2a4787ba9adf39a41?s=96&d=mm&r=g","caption":"Redacci\u00f3n QP"},"url":"https:\/\/quehacerpolitico.mx\/?author=2"}]}},"featured_image_urls":{"full":["https:\/\/quehacerpolitico.mx\/wp-content\/uploads\/2026\/08\/IMG_9814.jpeg",1170,644,false],"thumbnail":["https:\/\/quehacerpolitico.mx\/wp-content\/uploads\/2026\/08\/IMG_9814-150x150.jpeg",150,150,true],"medium":["https:\/\/quehacerpolitico.mx\/wp-content\/uploads\/2026\/08\/IMG_9814-300x165.jpeg",300,165,true],"medium_large":["https:\/\/quehacerpolitico.mx\/wp-content\/uploads\/2026\/08\/IMG_9814-768x423.jpeg",640,353,true],"large":["https:\/\/quehacerpolitico.mx\/wp-content\/uploads\/2026\/08\/IMG_9814-1024x564.jpeg",640,353,true],"1536x1536":["https:\/\/quehacerpolitico.mx\/wp-content\/uploads\/2026\/08\/IMG_9814.jpeg",1170,644,false],"2048x2048":["https:\/\/quehacerpolitico.mx\/wp-content\/uploads\/2026\/08\/IMG_9814.jpeg",1170,644,false],"covernews-featured":["https:\/\/quehacerpolitico.mx\/wp-content\/uploads\/2026\/08\/IMG_9814-1024x564.jpeg",1024,564,true],"covernews-medium":["https:\/\/quehacerpolitico.mx\/wp-content\/uploads\/2026\/08\/IMG_9814-540x340.jpeg",540,340,true]},"author_info":{"display_name":"Redacci\u00f3n QP","author_link":"https:\/\/quehacerpolitico.mx\/?author=2"},"category_info":"<a href=\"https:\/\/quehacerpolitico.mx\/?cat=280\" rel=\"category\">Nacionales<\/a> <a href=\"https:\/\/quehacerpolitico.mx\/?cat=2\" rel=\"category\">Noticias<\/a>","tag_info":"Noticias","comment_count":"0","_links":{"self":[{"href":"https:\/\/quehacerpolitico.mx\/index.php?rest_route=\/wp\/v2\/posts\/131990","targetHints":{"allow":["GET"]}}],"collection":[{"href":"https:\/\/quehacerpolitico.mx\/index.php?rest_route=\/wp\/v2\/posts"}],"about":[{"href":"https:\/\/quehacerpolitico.mx\/index.php?rest_route=\/wp\/v2\/types\/post"}],"author":[{"embeddable":true,"href":"https:\/\/quehacerpolitico.mx\/index.php?rest_route=\/wp\/v2\/users\/2"}],"replies":[{"embeddable":true,"href":"https:\/\/quehacerpolitico.mx\/index.php?rest_route=%2Fwp%2Fv2%2Fcomments&post=131990"}],"version-history":[{"count":1,"href":"https:\/\/quehacerpolitico.mx\/index.php?rest_route=\/wp\/v2\/posts\/131990\/revisions"}],"predecessor-version":[{"id":131992,"href":"https:\/\/quehacerpolitico.mx\/index.php?rest_route=\/wp\/v2\/posts\/131990\/revisions\/131992"}],"wp:featuredmedia":[{"embeddable":true,"href":"https:\/\/quehacerpolitico.mx\/index.php?rest_route=\/wp\/v2\/media\/131991"}],"wp:attachment":[{"href":"https:\/\/quehacerpolitico.mx\/index.php?rest_route=%2Fwp%2Fv2%2Fmedia&parent=131990"}],"wp:term":[{"taxonomy":"category","embeddable":true,"href":"https:\/\/quehacerpolitico.mx\/index.php?rest_route=%2Fwp%2Fv2%2Fcategories&post=131990"},{"taxonomy":"post_tag","embeddable":true,"href":"https:\/\/quehacerpolitico.mx\/index.php?rest_route=%2Fwp%2Fv2%2Ftags&post=131990"}],"curies":[{"name":"wp","href":"https:\/\/api.w.org\/{rel}","templated":true}]}}