{"id":131987,"date":"2026-08-31T12:06:45","date_gmt":"2026-08-31T18:06:45","guid":{"rendered":"https:\/\/quehacerpolitico.mx\/?p=131987"},"modified":"2026-08-31T12:06:47","modified_gmt":"2026-08-31T18:06:47","slug":"claudia-sheinbaum-presento-la-estrategia-nacional-abc-de-las-emociones-encabeza-ceremonia-de-arranque-del-ciclo-escolar-2026-2027","status":"publish","type":"post","link":"https:\/\/quehacerpolitico.mx\/?p=131987","title":{"rendered":"Claudia Sheinbaum present\u00f3 la estrategia nacional \u201cABC de las emociones\u201d, encabeza ceremonia de arranque del ciclo escolar 2026-2027"},"content":{"rendered":"\n<p class=\"wp-block-paragraph\">Por Redacci\u00f3n QP<\/p>\n\n\n\n<p class=\"wp-block-paragraph\">Durante el acto c\u00edvico, la Presidenta dirigi\u00f3 un mensaje a las ni\u00f1as, ni\u00f1os, adolescentes y j\u00f3venes que retomaron sus actividades escolares<\/p>\n\n\n\n<p class=\"wp-block-paragraph\"><strong>Este lunes 31 de agosto comenz\u00f3 el ciclo escolar 2026-2027 con el regreso a las aulas de alrededor de 28 millones de estudiantes en M\u00e9xico.<\/strong>&nbsp;Para marcar el inicio de las actividades escolares, la Presidenta&nbsp;Claudia Sheinbaum&nbsp;encabez\u00f3 una ceremonia de bienvenida desde una secundaria de la Ciudad de M\u00e9xico.<\/p>\n\n\n\n<p class=\"wp-block-paragraph\">La ceremonia se realiz\u00f3&nbsp;<strong>en la Secundaria T\u00e9cnica n\u00famero 10 &#8220;Artes Gr\u00e1ficas&#8221;, ubicada en la colonia Doctores, en la alcald\u00eda Cuauht\u00e9moc<\/strong>, donde Sheinbaum salud\u00f3 a los estudiantes que regresaron a las aulas.<\/p>\n\n\n\n<p class=\"wp-block-paragraph\">Durante el acto c\u00edvico, la Presidenta dirigi\u00f3 un mensaje a las ni\u00f1as, ni\u00f1os, adolescentes y j\u00f3venes que retomaron sus actividades escolares.<\/p>\n\n\n\n<p class=\"wp-block-paragraph\"><mark><strong>&#8220;Saludamos con mucho cari\u00f1o a todas las ni\u00f1as y a los ni\u00f1os, (\u2026) a los millones de ni\u00f1as y ni\u00f1os, adolescentes, j\u00f3venes que entran el d\u00eda de hoy a clases&#8221;,<\/strong><\/mark>&nbsp;expres\u00f3.<\/p>\n\n\n\n<figure class=\"wp-block-embed is-type-rich is-provider-twitter wp-block-embed-twitter\"><div class=\"wp-block-embed__wrapper\">\n<blockquote class=\"twitter-tweet\" data-width=\"550\" data-dnt=\"true\"><p lang=\"es\" dir=\"ltr\">\ud83d\udd34Claudia Sheinbaum present\u00f3 la estrategia nacional \u201cABC de las emociones\u201d, enfocada en el cuidado de la salud mental y socioemocional de ni\u00f1as, ni\u00f1os y adolescentes.<br><br>El programa apuesta por la prevenci\u00f3n, el uso responsable de dispositivos y el fortalecimiento de los v\u00ednculos y\u2026 <a href=\"https:\/\/t.co\/fZhxFauRNY\">pic.twitter.com\/fZhxFauRNY<\/a><\/p>&mdash; Azucena Uresti (@azucenau) <a href=\"https:\/\/x.com\/azucenau\/status\/2094439084412256654?ref_src=twsrc%5Etfw\">August 31, 2026<\/a><\/blockquote><script async src=\"https:\/\/platform.x.com\/widgets.js\" charset=\"utf-8\"><\/script>\n<\/div><\/figure>\n\n\n\n<p class=\"wp-block-paragraph\">Sheinbaum se\u00f1al\u00f3 que alrededor de 28 millones de estudiantes inician actividades escolares este 31 de agosto, entre alumnos de educaci\u00f3n b\u00e1sica, media superior y otros niveles educativos.<\/p>\n\n\n\n<p class=\"wp-block-paragraph\">En la ceremonia del&nbsp;regreso a clases participaron autoridades educativas y del Gobierno de la Ciudad de M\u00e9xico, entre ellas Clara Brugada, jefa de Gobierno capitalina; Mario Delgado, secretario de Educaci\u00f3n P\u00fablica, y Tania Rodr\u00edguez, subsecretaria de Educaci\u00f3n Media Superior.<\/p>\n\n\n\n<p class=\"wp-block-paragraph\">El acto incluy\u00f3 el saludo a la bandera y la participaci\u00f3n de la escolta de la secundaria, como parte de la ceremonia c\u00edvica de inicio del nuevo ciclo escolar.<\/p>\n\n\n\n<p class=\"wp-block-paragraph\">Con este acto, arrancaron las actividades escolares del ciclo 2026-2027 para millones de estudiantes en M\u00e9xico, en distintos niveles educativos.<\/p>\n\n\n\n<h2 class=\"wp-block-heading\">Presentan programa sobre emociones y violencia escolar<\/h2>\n\n\n\n<p class=\"wp-block-paragraph\">La conferencia &#8220;La Ma\u00f1anera del Pueblo&#8221; se realiz\u00f3 de manera excepcional desde el plantel educativo, luego de la bienvenida de parte de la Presidenta Sheinbaum.<\/p>\n\n\n\n<p class=\"wp-block-paragraph\">Durante el evento, el Gobierno Federal present\u00f3 el programa&nbsp;<strong>&#8220;ABC de las emociones&#8221;<\/strong>,&nbsp;<mark><strong>enfocado en atender aspectos relacionados con la salud mental y la prevenci\u00f3n de las violencias entre ni\u00f1as, ni\u00f1os y adolescentes.<\/strong><\/mark><\/p>\n\n\n\n<h2 class=\"wp-block-heading\">\u00bfHabr\u00e1 ma\u00f1anera el 1 de septiembre?<\/h2>\n\n\n\n<p class=\"wp-block-paragraph\">Sheinbaum tambi\u00e9n inform\u00f3 que este martes 1 de septiembre no habr\u00e1 conferencia ma\u00f1anera, debido a que presentar\u00e1 su Segundo Informe de Gobierno.<\/p>\n\n\n\n<p class=\"wp-block-paragraph\">La Presidenta explic\u00f3 que las conferencias de prensa se retomar\u00e1n el mi\u00e9rcoles.<\/p>\n\n\n\n<p class=\"wp-block-paragraph\"><mark><strong>&#8220;Ya saben, ma\u00f1ana es el Segundo Informe de Gobierno. No hay ma\u00f1anera el d\u00eda de ma\u00f1ana y hasta el mi\u00e9rcoles nos vemos nuevamente&#8221;,<\/strong><\/mark>anunci\u00f3.<\/p>\n\n\n\n<figure class=\"wp-block-embed is-type-rich is-provider-twitter wp-block-embed-twitter\"><div class=\"wp-block-embed__wrapper\">\n<blockquote class=\"twitter-tweet\" data-width=\"550\" data-dnt=\"true\"><p lang=\"es\" dir=\"ltr\">\ud83d\udd34La presidenta Claudia Sheinbaum inform\u00f3 que este martes no habr\u00e1 conferencia ma\u00f1anera debido a que presentar\u00e1 su Segundo Informe de Gobierno.<br><br>A\u00f1adi\u00f3 que hoy no habr\u00e1 preguntas de otro tema que no sea el ABC de las emociones y el regreso a clases.<br> <a href=\"https:\/\/t.co\/VbYseIQDUx\">pic.twitter.com\/VbYseIQDUx<\/a><\/p>&mdash; Azucena Uresti (@azucenau) <a href=\"https:\/\/x.com\/azucenau\/status\/2094439544280019183?ref_src=twsrc%5Etfw\">August 31, 2026<\/a><\/blockquote><script async src=\"https:\/\/platform.x.com\/widgets.js\" charset=\"utf-8\"><\/script>\n<\/div><\/figure>\n","protected":false},"excerpt":{"rendered":"<p>Por Redacci\u00f3n QP Durante el acto c\u00edvico, la Presidenta dirigi\u00f3 un mensaje a las ni\u00f1as,&#8230;<\/p>\n","protected":false},"author":2,"featured_media":131988,"comment_status":"open","ping_status":"open","sticky":false,"template":"","format":"standard","meta":{"footnotes":""},"categories":[280,2],"tags":[],"class_list":["post-131987","post","type-post","status-publish","format-standard","has-post-thumbnail","hentry","category-nacionales","category-noticias"],"yoast_head":"<!-- This site is optimized with the Yoast SEO plugin v27.9 - https:\/\/yoast.com\/product\/yoast-seo-wordpress\/ -->\n<title>Claudia Sheinbaum present\u00f3 la estrategia nacional \u201cABC de las emociones\u201d, encabeza ceremonia de arranque del ciclo escolar 2026-2027 -<\/title>\n<meta name=\"robots\" content=\"index, follow, max-snippet:-1, max-image-preview:large, max-video-preview:-1\" \/>\n<link rel=\"canonical\" href=\"https:\/\/quehacerpolitico.mx\/?p=131987\" \/>\n<meta property=\"og:locale\" content=\"es_MX\" \/>\n<meta property=\"og:type\" content=\"article\" \/>\n<meta property=\"og:title\" content=\"Claudia Sheinbaum present\u00f3 la estrategia nacional \u201cABC de las emociones\u201d, encabeza ceremonia de arranque del ciclo escolar 2026-2027 -\" \/>\n<meta property=\"og:description\" content=\"Por Redacci\u00f3n QP Durante el acto c\u00edvico, la Presidenta dirigi\u00f3 un mensaje a las ni\u00f1as,...\" \/>\n<meta property=\"og:url\" content=\"https:\/\/quehacerpolitico.mx\/?p=131987\" \/>\n<meta property=\"article:published_time\" content=\"2026-08-31T18:06:45+00:00\" \/>\n<meta property=\"article:modified_time\" content=\"2026-08-31T18:06:47+00:00\" \/>\n<meta property=\"og:image\" content=\"https:\/\/quehacerpolitico.mx\/wp-content\/uploads\/2026\/08\/IMG_9812.jpeg\" \/>\n\t<meta property=\"og:image:width\" content=\"1170\" \/>\n\t<meta property=\"og:image:height\" content=\"650\" \/>\n\t<meta property=\"og:image:type\" content=\"image\/jpeg\" \/>\n<meta name=\"author\" content=\"Redacci\u00f3n QP\" \/>\n<meta name=\"twitter:card\" content=\"summary_large_image\" \/>\n<meta name=\"twitter:label1\" content=\"Escrito por\" \/>\n\t<meta name=\"twitter:data1\" content=\"Redacci\u00f3n QP\" \/>\n\t<meta name=\"twitter:label2\" content=\"Tiempo de lectura\" \/>\n\t<meta name=\"twitter:data2\" content=\"3 minutos\" \/>\n<script type=\"application\/ld+json\" class=\"yoast-schema-graph\">{\"@context\":\"https:\\\/\\\/schema.org\",\"@graph\":[{\"@type\":\"Article\",\"@id\":\"https:\\\/\\\/quehacerpolitico.mx\\\/?p=131987#article\",\"isPartOf\":{\"@id\":\"https:\\\/\\\/quehacerpolitico.mx\\\/?p=131987\"},\"author\":{\"name\":\"Redacci\u00f3n QP\",\"@id\":\"https:\\\/\\\/quehacerpolitico.mx\\\/#\\\/schema\\\/person\\\/496d8ad2d1d3f8036101dca7ee39e585\"},\"headline\":\"Claudia Sheinbaum present\u00f3 la estrategia nacional \u201cABC de las emociones\u201d, encabeza ceremonia de arranque del ciclo escolar 2026-2027\",\"datePublished\":\"2026-08-31T18:06:45+00:00\",\"dateModified\":\"2026-08-31T18:06:47+00:00\",\"mainEntityOfPage\":{\"@id\":\"https:\\\/\\\/quehacerpolitico.mx\\\/?p=131987\"},\"wordCount\":481,\"commentCount\":0,\"image\":{\"@id\":\"https:\\\/\\\/quehacerpolitico.mx\\\/?p=131987#primaryimage\"},\"thumbnailUrl\":\"https:\\\/\\\/quehacerpolitico.mx\\\/wp-content\\\/uploads\\\/2026\\\/08\\\/IMG_9812.jpeg\",\"articleSection\":[\"Nacionales\",\"Noticias\"],\"inLanguage\":\"es\",\"potentialAction\":[{\"@type\":\"CommentAction\",\"name\":\"Comment\",\"target\":[\"https:\\\/\\\/quehacerpolitico.mx\\\/?p=131987#respond\"]}]},{\"@type\":\"WebPage\",\"@id\":\"https:\\\/\\\/quehacerpolitico.mx\\\/?p=131987\",\"url\":\"https:\\\/\\\/quehacerpolitico.mx\\\/?p=131987\",\"name\":\"Claudia Sheinbaum present\u00f3 la estrategia nacional \u201cABC de las emociones\u201d, encabeza ceremonia de arranque del ciclo escolar 2026-2027 -\",\"isPartOf\":{\"@id\":\"https:\\\/\\\/quehacerpolitico.mx\\\/#website\"},\"primaryImageOfPage\":{\"@id\":\"https:\\\/\\\/quehacerpolitico.mx\\\/?p=131987#primaryimage\"},\"image\":{\"@id\":\"https:\\\/\\\/quehacerpolitico.mx\\\/?p=131987#primaryimage\"},\"thumbnailUrl\":\"https:\\\/\\\/quehacerpolitico.mx\\\/wp-content\\\/uploads\\\/2026\\\/08\\\/IMG_9812.jpeg\",\"datePublished\":\"2026-08-31T18:06:45+00:00\",\"dateModified\":\"2026-08-31T18:06:47+00:00\",\"author\":{\"@id\":\"https:\\\/\\\/quehacerpolitico.mx\\\/#\\\/schema\\\/person\\\/496d8ad2d1d3f8036101dca7ee39e585\"},\"breadcrumb\":{\"@id\":\"https:\\\/\\\/quehacerpolitico.mx\\\/?p=131987#breadcrumb\"},\"inLanguage\":\"es\",\"potentialAction\":[{\"@type\":\"ReadAction\",\"target\":[\"https:\\\/\\\/quehacerpolitico.mx\\\/?p=131987\"]}]},{\"@type\":\"ImageObject\",\"inLanguage\":\"es\",\"@id\":\"https:\\\/\\\/quehacerpolitico.mx\\\/?p=131987#primaryimage\",\"url\":\"https:\\\/\\\/quehacerpolitico.mx\\\/wp-content\\\/uploads\\\/2026\\\/08\\\/IMG_9812.jpeg\",\"contentUrl\":\"https:\\\/\\\/quehacerpolitico.mx\\\/wp-content\\\/uploads\\\/2026\\\/08\\\/IMG_9812.jpeg\",\"width\":1170,\"height\":650,\"caption\":\"Screenshot\"},{\"@type\":\"BreadcrumbList\",\"@id\":\"https:\\\/\\\/quehacerpolitico.mx\\\/?p=131987#breadcrumb\",\"itemListElement\":[{\"@type\":\"ListItem\",\"position\":1,\"name\":\"Inicio\",\"item\":\"https:\\\/\\\/quehacerpolitico.mx\\\/\"},{\"@type\":\"ListItem\",\"position\":2,\"name\":\"Claudia Sheinbaum present\u00f3 la estrategia nacional \u201cABC de las emociones\u201d, encabeza ceremonia de arranque del ciclo escolar 2026-2027\"}]},{\"@type\":\"WebSite\",\"@id\":\"https:\\\/\\\/quehacerpolitico.mx\\\/#website\",\"url\":\"https:\\\/\\\/quehacerpolitico.mx\\\/\",\"name\":\"\",\"description\":\"\",\"potentialAction\":[{\"@type\":\"SearchAction\",\"target\":{\"@type\":\"EntryPoint\",\"urlTemplate\":\"https:\\\/\\\/quehacerpolitico.mx\\\/?s={search_term_string}\"},\"query-input\":{\"@type\":\"PropertyValueSpecification\",\"valueRequired\":true,\"valueName\":\"search_term_string\"}}],\"inLanguage\":\"es\"},{\"@type\":\"Person\",\"@id\":\"https:\\\/\\\/quehacerpolitico.mx\\\/#\\\/schema\\\/person\\\/496d8ad2d1d3f8036101dca7ee39e585\",\"name\":\"Redacci\u00f3n QP\",\"image\":{\"@type\":\"ImageObject\",\"inLanguage\":\"es\",\"@id\":\"https:\\\/\\\/secure.gravatar.com\\\/avatar\\\/c7164ed6fdec453195284ad24a5ae5b6e1eed2b848477fa2a4787ba9adf39a41?s=96&d=mm&r=g\",\"url\":\"https:\\\/\\\/secure.gravatar.com\\\/avatar\\\/c7164ed6fdec453195284ad24a5ae5b6e1eed2b848477fa2a4787ba9adf39a41?s=96&d=mm&r=g\",\"contentUrl\":\"https:\\\/\\\/secure.gravatar.com\\\/avatar\\\/c7164ed6fdec453195284ad24a5ae5b6e1eed2b848477fa2a4787ba9adf39a41?s=96&d=mm&r=g\",\"caption\":\"Redacci\u00f3n QP\"},\"url\":\"https:\\\/\\\/quehacerpolitico.mx\\\/?author=2\"}]}<\/script>\n<!-- \/ Yoast SEO plugin. -->","yoast_head_json":{"title":"Claudia Sheinbaum present\u00f3 la estrategia nacional \u201cABC de las emociones\u201d, encabeza ceremonia de arranque del ciclo escolar 2026-2027 -","robots":{"index":"index","follow":"follow","max-snippet":"max-snippet:-1","max-image-preview":"max-image-preview:large","max-video-preview":"max-video-preview:-1"},"canonical":"https:\/\/quehacerpolitico.mx\/?p=131987","og_locale":"es_MX","og_type":"article","og_title":"Claudia Sheinbaum present\u00f3 la estrategia nacional \u201cABC de las emociones\u201d, encabeza ceremonia de arranque del ciclo escolar 2026-2027 -","og_description":"Por Redacci\u00f3n QP Durante el acto c\u00edvico, la Presidenta dirigi\u00f3 un mensaje a las ni\u00f1as,...","og_url":"https:\/\/quehacerpolitico.mx\/?p=131987","article_published_time":"2026-08-31T18:06:45+00:00","article_modified_time":"2026-08-31T18:06:47+00:00","og_image":[{"width":1170,"height":650,"url":"https:\/\/quehacerpolitico.mx\/wp-content\/uploads\/2026\/08\/IMG_9812.jpeg","type":"image\/jpeg"}],"author":"Redacci\u00f3n QP","twitter_card":"summary_large_image","twitter_misc":{"Escrito por":"Redacci\u00f3n QP","Tiempo de lectura":"3 minutos"},"schema":{"@context":"https:\/\/schema.org","@graph":[{"@type":"Article","@id":"https:\/\/quehacerpolitico.mx\/?p=131987#article","isPartOf":{"@id":"https:\/\/quehacerpolitico.mx\/?p=131987"},"author":{"name":"Redacci\u00f3n QP","@id":"https:\/\/quehacerpolitico.mx\/#\/schema\/person\/496d8ad2d1d3f8036101dca7ee39e585"},"headline":"Claudia Sheinbaum present\u00f3 la estrategia nacional \u201cABC de las emociones\u201d, encabeza ceremonia de arranque del ciclo escolar 2026-2027","datePublished":"2026-08-31T18:06:45+00:00","dateModified":"2026-08-31T18:06:47+00:00","mainEntityOfPage":{"@id":"https:\/\/quehacerpolitico.mx\/?p=131987"},"wordCount":481,"commentCount":0,"image":{"@id":"https:\/\/quehacerpolitico.mx\/?p=131987#primaryimage"},"thumbnailUrl":"https:\/\/quehacerpolitico.mx\/wp-content\/uploads\/2026\/08\/IMG_9812.jpeg","articleSection":["Nacionales","Noticias"],"inLanguage":"es","potentialAction":[{"@type":"CommentAction","name":"Comment","target":["https:\/\/quehacerpolitico.mx\/?p=131987#respond"]}]},{"@type":"WebPage","@id":"https:\/\/quehacerpolitico.mx\/?p=131987","url":"https:\/\/quehacerpolitico.mx\/?p=131987","name":"Claudia Sheinbaum present\u00f3 la estrategia nacional \u201cABC de las emociones\u201d, encabeza ceremonia de arranque del ciclo escolar 2026-2027 -","isPartOf":{"@id":"https:\/\/quehacerpolitico.mx\/#website"},"primaryImageOfPage":{"@id":"https:\/\/quehacerpolitico.mx\/?p=131987#primaryimage"},"image":{"@id":"https:\/\/quehacerpolitico.mx\/?p=131987#primaryimage"},"thumbnailUrl":"https:\/\/quehacerpolitico.mx\/wp-content\/uploads\/2026\/08\/IMG_9812.jpeg","datePublished":"2026-08-31T18:06:45+00:00","dateModified":"2026-08-31T18:06:47+00:00","author":{"@id":"https:\/\/quehacerpolitico.mx\/#\/schema\/person\/496d8ad2d1d3f8036101dca7ee39e585"},"breadcrumb":{"@id":"https:\/\/quehacerpolitico.mx\/?p=131987#breadcrumb"},"inLanguage":"es","potentialAction":[{"@type":"ReadAction","target":["https:\/\/quehacerpolitico.mx\/?p=131987"]}]},{"@type":"ImageObject","inLanguage":"es","@id":"https:\/\/quehacerpolitico.mx\/?p=131987#primaryimage","url":"https:\/\/quehacerpolitico.mx\/wp-content\/uploads\/2026\/08\/IMG_9812.jpeg","contentUrl":"https:\/\/quehacerpolitico.mx\/wp-content\/uploads\/2026\/08\/IMG_9812.jpeg","width":1170,"height":650,"caption":"Screenshot"},{"@type":"BreadcrumbList","@id":"https:\/\/quehacerpolitico.mx\/?p=131987#breadcrumb","itemListElement":[{"@type":"ListItem","position":1,"name":"Inicio","item":"https:\/\/quehacerpolitico.mx\/"},{"@type":"ListItem","position":2,"name":"Claudia Sheinbaum present\u00f3 la estrategia nacional \u201cABC de las emociones\u201d, encabeza ceremonia de arranque del ciclo escolar 2026-2027"}]},{"@type":"WebSite","@id":"https:\/\/quehacerpolitico.mx\/#website","url":"https:\/\/quehacerpolitico.mx\/","name":"","description":"","potentialAction":[{"@type":"SearchAction","target":{"@type":"EntryPoint","urlTemplate":"https:\/\/quehacerpolitico.mx\/?s={search_term_string}"},"query-input":{"@type":"PropertyValueSpecification","valueRequired":true,"valueName":"search_term_string"}}],"inLanguage":"es"},{"@type":"Person","@id":"https:\/\/quehacerpolitico.mx\/#\/schema\/person\/496d8ad2d1d3f8036101dca7ee39e585","name":"Redacci\u00f3n QP","image":{"@type":"ImageObject","inLanguage":"es","@id":"https:\/\/secure.gravatar.com\/avatar\/c7164ed6fdec453195284ad24a5ae5b6e1eed2b848477fa2a4787ba9adf39a41?s=96&d=mm&r=g","url":"https:\/\/secure.gravatar.com\/avatar\/c7164ed6fdec453195284ad24a5ae5b6e1eed2b848477fa2a4787ba9adf39a41?s=96&d=mm&r=g","contentUrl":"https:\/\/secure.gravatar.com\/avatar\/c7164ed6fdec453195284ad24a5ae5b6e1eed2b848477fa2a4787ba9adf39a41?s=96&d=mm&r=g","caption":"Redacci\u00f3n QP"},"url":"https:\/\/quehacerpolitico.mx\/?author=2"}]}},"featured_image_urls":{"full":["https:\/\/quehacerpolitico.mx\/wp-content\/uploads\/2026\/08\/IMG_9812.jpeg",1170,650,false],"thumbnail":["https:\/\/quehacerpolitico.mx\/wp-content\/uploads\/2026\/08\/IMG_9812-150x150.jpeg",150,150,true],"medium":["https:\/\/quehacerpolitico.mx\/wp-content\/uploads\/2026\/08\/IMG_9812-300x167.jpeg",300,167,true],"medium_large":["https:\/\/quehacerpolitico.mx\/wp-content\/uploads\/2026\/08\/IMG_9812-768x427.jpeg",640,356,true],"large":["https:\/\/quehacerpolitico.mx\/wp-content\/uploads\/2026\/08\/IMG_9812-1024x569.jpeg",640,356,true],"1536x1536":["https:\/\/quehacerpolitico.mx\/wp-content\/uploads\/2026\/08\/IMG_9812.jpeg",1170,650,false],"2048x2048":["https:\/\/quehacerpolitico.mx\/wp-content\/uploads\/2026\/08\/IMG_9812.jpeg",1170,650,false],"covernews-featured":["https:\/\/quehacerpolitico.mx\/wp-content\/uploads\/2026\/08\/IMG_9812-1024x569.jpeg",1024,569,true],"covernews-medium":["https:\/\/quehacerpolitico.mx\/wp-content\/uploads\/2026\/08\/IMG_9812-540x340.jpeg",540,340,true]},"author_info":{"display_name":"Redacci\u00f3n QP","author_link":"https:\/\/quehacerpolitico.mx\/?author=2"},"category_info":"<a href=\"https:\/\/quehacerpolitico.mx\/?cat=280\" rel=\"category\">Nacionales<\/a> <a href=\"https:\/\/quehacerpolitico.mx\/?cat=2\" rel=\"category\">Noticias<\/a>","tag_info":"Noticias","comment_count":"0","_links":{"self":[{"href":"https:\/\/quehacerpolitico.mx\/index.php?rest_route=\/wp\/v2\/posts\/131987","targetHints":{"allow":["GET"]}}],"collection":[{"href":"https:\/\/quehacerpolitico.mx\/index.php?rest_route=\/wp\/v2\/posts"}],"about":[{"href":"https:\/\/quehacerpolitico.mx\/index.php?rest_route=\/wp\/v2\/types\/post"}],"author":[{"embeddable":true,"href":"https:\/\/quehacerpolitico.mx\/index.php?rest_route=\/wp\/v2\/users\/2"}],"replies":[{"embeddable":true,"href":"https:\/\/quehacerpolitico.mx\/index.php?rest_route=%2Fwp%2Fv2%2Fcomments&post=131987"}],"version-history":[{"count":1,"href":"https:\/\/quehacerpolitico.mx\/index.php?rest_route=\/wp\/v2\/posts\/131987\/revisions"}],"predecessor-version":[{"id":131989,"href":"https:\/\/quehacerpolitico.mx\/index.php?rest_route=\/wp\/v2\/posts\/131987\/revisions\/131989"}],"wp:featuredmedia":[{"embeddable":true,"href":"https:\/\/quehacerpolitico.mx\/index.php?rest_route=\/wp\/v2\/media\/131988"}],"wp:attachment":[{"href":"https:\/\/quehacerpolitico.mx\/index.php?rest_route=%2Fwp%2Fv2%2Fmedia&parent=131987"}],"wp:term":[{"taxonomy":"category","embeddable":true,"href":"https:\/\/quehacerpolitico.mx\/index.php?rest_route=%2Fwp%2Fv2%2Fcategories&post=131987"},{"taxonomy":"post_tag","embeddable":true,"href":"https:\/\/quehacerpolitico.mx\/index.php?rest_route=%2Fwp%2Fv2%2Ftags&post=131987"}],"curies":[{"name":"wp","href":"https:\/\/api.w.org\/{rel}","templated":true}]}}