{"id":131981,"date":"2026-08-31T09:25:26","date_gmt":"2026-08-31T15:25:26","guid":{"rendered":"https:\/\/quehacerpolitico.mx\/?p=131981"},"modified":"2026-08-31T09:25:28","modified_gmt":"2026-08-31T15:25:28","slug":"el-hoy-no-circula-cdmx-y-edomex-para-este-lunes-31-de-agosto-ponte-atento","status":"publish","type":"post","link":"https:\/\/quehacerpolitico.mx\/?p=131981","title":{"rendered":"El Hoy No Circula CDMX y Edomex para este lunes 31 de agosto ponte atento"},"content":{"rendered":"\n<p class=\"wp-block-paragraph\">Por Redacci\u00f3n QP<\/p>\n\n\n\n<p class=\"wp-block-paragraph\">El programa Hoy No Circula tiene como finalidad reducir la emisi\u00f3n de gases contaminantes provenientes de los veh\u00edculos automotores<\/p>\n\n\n\n<p class=\"wp-block-paragraph\">El programa Hoy No Circula operar\u00e1 este lunes 31 de agosto de manera regular en la Ciudad de M\u00e9xico (CDMX) y el Estado de M\u00e9xico (Edomex), ya que las condiciones de la calidad del aire no requieren la activaci\u00f3n de una contingencia ambiental.<\/p>\n\n\n\n<p class=\"wp-block-paragraph\"><strong>El programa Hoy No Circula tiene como finalidad reducir la emisi\u00f3n de gases contaminantes provenientes de los veh\u00edculos automotores, especialmente en situaciones cr\u00edticas, como cuando se declara una contingencia ambiental.<\/strong><\/p>\n\n\n\n<p class=\"wp-block-paragraph\"><strong>De manera habitual, el programa opera de lunes a viernes, adem\u00e1s de los s\u00e1bados con restricciones espec\u00edficas.\u00a0<\/strong>No obstante, cuando se activa la Fase 1 de contingencia ambiental, entra en vigor el Doble Hoy No Circula, incluso en domingo, lo que implica que un mayor n\u00famero de veh\u00edculos debe suspender su circulaci\u00f3n.<\/p>\n\n\n\n<p class=\"wp-block-paragraph\">La Direcci\u00f3n de Monitoreo Atmosf\u00e9rico es la instancia responsable de supervisar, medir y reportar diariamente los niveles de contaminantes y las condiciones meteorol\u00f3gicas<strong>. Con base en estos datos, la Comisi\u00f3n Ambiental de la Megal\u00f3polis (CAMe) determina si es necesario activar una contingencia ambiental.<\/strong><\/p>\n\n\n\n<h2 class=\"wp-block-heading\">\u00bfQu\u00e9 autos no circulan este lunes 31 de agosto?<\/h2>\n\n\n\n<p class=\"wp-block-paragraph\">La Comisi\u00f3n Ambiental de la Megal\u00f3polis (CAMe) inform\u00f3 a trav\u00e9s de medios oficiales la lista de veh\u00edculos que no podr\u00e1n circular el d\u00eda de hoy en la&nbsp;<strong>Zona Metropolitana del Valle de M\u00e9xico<\/strong>.<\/p>\n\n\n\n<p class=\"wp-block-paragraph\"><mark><strong>De acuerdo con el aviso, este d\u00eda deben evitar salir los veh\u00edculos con engomado amarillo de terminaci\u00f3n de placas 5 y 6, con holograma 1 y 2, en un horario de 5:00 a 22:00 horas.<\/strong><\/mark><\/p>\n\n\n\n<figure class=\"wp-block-image\" id=\"cnt_img_9896\"><img decoding=\"async\" src=\"https:\/\/www.informador.mx\/export\/sites\/elinformador\/img\/2026\/03\/23\/-habr-_doble_hoy_no_circula_as-_aplica_este_lunes_23_de_marzo.jpg_63434305.jpg\" alt=\"Hasta el momento no se ha decretado un Doble Hoy No Circula por contingencia ambiental. ESPECIAL\u00a0\" title=\"Hasta el momento no se ha decretado un Doble Hoy No Circula por contingencia ambiental. ESPECIAL\u00a0\"\/><figcaption class=\"wp-element-caption\">Hasta el momento no se ha decretado un Doble Hoy No Circula por contingencia ambiental. ESPECIAL&nbsp;<\/figcaption><\/figure>\n\n\n\n<p class=\"wp-block-paragraph\">Cabe se\u00f1alar que la Zona Metropolitana del Valle de M\u00e9xico est\u00e1 conformada por la Ciudad de M\u00e9xico y 60 municipios conurbados, donde habitan cerca de 20 millones de personas.<strong>&nbsp;Las autoridades activan la contingencia ambiental cuando el \u00edndice de calidad del aire supera los 150 puntos, que es el l\u00edmite m\u00e1ximo permitido.<\/strong><\/p>\n\n\n\n<p class=\"wp-block-paragraph\">Hasta el momento, la dependencia no ha decretado un Doble Hoy No Circula por contingencia ambiental.<\/p>\n","protected":false},"excerpt":{"rendered":"<p>Por Redacci\u00f3n QP El programa Hoy No Circula tiene como finalidad reducir la emisi\u00f3n de&#8230;<\/p>\n","protected":false},"author":2,"featured_media":131982,"comment_status":"open","ping_status":"open","sticky":false,"template":"","format":"standard","meta":{"footnotes":""},"categories":[55],"tags":[],"class_list":["post-131981","post","type-post","status-publish","format-standard","has-post-thumbnail","hentry","category-cdmx"],"yoast_head":"<!-- This site is optimized with the Yoast SEO plugin v27.9 - https:\/\/yoast.com\/product\/yoast-seo-wordpress\/ -->\n<title>El Hoy No Circula CDMX y Edomex para este lunes 31 de agosto ponte atento -<\/title>\n<meta name=\"robots\" content=\"index, follow, max-snippet:-1, max-image-preview:large, max-video-preview:-1\" \/>\n<link rel=\"canonical\" href=\"https:\/\/quehacerpolitico.mx\/?p=131981\" \/>\n<meta property=\"og:locale\" content=\"es_MX\" \/>\n<meta property=\"og:type\" content=\"article\" \/>\n<meta property=\"og:title\" content=\"El Hoy No Circula CDMX y Edomex para este lunes 31 de agosto ponte atento -\" \/>\n<meta property=\"og:description\" content=\"Por Redacci\u00f3n QP El programa Hoy No Circula tiene como finalidad reducir la emisi\u00f3n de...\" \/>\n<meta property=\"og:url\" content=\"https:\/\/quehacerpolitico.mx\/?p=131981\" \/>\n<meta property=\"article:published_time\" content=\"2026-08-31T15:25:26+00:00\" \/>\n<meta property=\"article:modified_time\" content=\"2026-08-31T15:25:28+00:00\" \/>\n<meta property=\"og:image\" content=\"https:\/\/quehacerpolitico.mx\/wp-content\/uploads\/2026\/08\/IMG_9810.webp\" \/>\n\t<meta property=\"og:image:width\" content=\"680\" \/>\n\t<meta property=\"og:image:height\" content=\"357\" \/>\n\t<meta property=\"og:image:type\" content=\"image\/webp\" \/>\n<meta name=\"author\" content=\"Redacci\u00f3n QP\" \/>\n<meta name=\"twitter:card\" content=\"summary_large_image\" \/>\n<meta name=\"twitter:label1\" content=\"Escrito por\" \/>\n\t<meta name=\"twitter:data1\" content=\"Redacci\u00f3n QP\" \/>\n\t<meta name=\"twitter:label2\" content=\"Tiempo de lectura\" \/>\n\t<meta name=\"twitter:data2\" content=\"3 minutos\" \/>\n<script type=\"application\/ld+json\" class=\"yoast-schema-graph\">{\"@context\":\"https:\\\/\\\/schema.org\",\"@graph\":[{\"@type\":\"Article\",\"@id\":\"https:\\\/\\\/quehacerpolitico.mx\\\/?p=131981#article\",\"isPartOf\":{\"@id\":\"https:\\\/\\\/quehacerpolitico.mx\\\/?p=131981\"},\"author\":{\"name\":\"Redacci\u00f3n QP\",\"@id\":\"https:\\\/\\\/quehacerpolitico.mx\\\/#\\\/schema\\\/person\\\/496d8ad2d1d3f8036101dca7ee39e585\"},\"headline\":\"El Hoy No Circula CDMX y Edomex para este lunes 31 de agosto ponte atento\",\"datePublished\":\"2026-08-31T15:25:26+00:00\",\"dateModified\":\"2026-08-31T15:25:28+00:00\",\"mainEntityOfPage\":{\"@id\":\"https:\\\/\\\/quehacerpolitico.mx\\\/?p=131981\"},\"wordCount\":391,\"commentCount\":0,\"image\":{\"@id\":\"https:\\\/\\\/quehacerpolitico.mx\\\/?p=131981#primaryimage\"},\"thumbnailUrl\":\"https:\\\/\\\/quehacerpolitico.mx\\\/wp-content\\\/uploads\\\/2026\\\/08\\\/IMG_9810.webp\",\"articleSection\":[\"CDMX\"],\"inLanguage\":\"es\",\"potentialAction\":[{\"@type\":\"CommentAction\",\"name\":\"Comment\",\"target\":[\"https:\\\/\\\/quehacerpolitico.mx\\\/?p=131981#respond\"]}]},{\"@type\":\"WebPage\",\"@id\":\"https:\\\/\\\/quehacerpolitico.mx\\\/?p=131981\",\"url\":\"https:\\\/\\\/quehacerpolitico.mx\\\/?p=131981\",\"name\":\"El Hoy No Circula CDMX y Edomex para este lunes 31 de agosto ponte atento -\",\"isPartOf\":{\"@id\":\"https:\\\/\\\/quehacerpolitico.mx\\\/#website\"},\"primaryImageOfPage\":{\"@id\":\"https:\\\/\\\/quehacerpolitico.mx\\\/?p=131981#primaryimage\"},\"image\":{\"@id\":\"https:\\\/\\\/quehacerpolitico.mx\\\/?p=131981#primaryimage\"},\"thumbnailUrl\":\"https:\\\/\\\/quehacerpolitico.mx\\\/wp-content\\\/uploads\\\/2026\\\/08\\\/IMG_9810.webp\",\"datePublished\":\"2026-08-31T15:25:26+00:00\",\"dateModified\":\"2026-08-31T15:25:28+00:00\",\"author\":{\"@id\":\"https:\\\/\\\/quehacerpolitico.mx\\\/#\\\/schema\\\/person\\\/496d8ad2d1d3f8036101dca7ee39e585\"},\"breadcrumb\":{\"@id\":\"https:\\\/\\\/quehacerpolitico.mx\\\/?p=131981#breadcrumb\"},\"inLanguage\":\"es\",\"potentialAction\":[{\"@type\":\"ReadAction\",\"target\":[\"https:\\\/\\\/quehacerpolitico.mx\\\/?p=131981\"]}]},{\"@type\":\"ImageObject\",\"inLanguage\":\"es\",\"@id\":\"https:\\\/\\\/quehacerpolitico.mx\\\/?p=131981#primaryimage\",\"url\":\"https:\\\/\\\/quehacerpolitico.mx\\\/wp-content\\\/uploads\\\/2026\\\/08\\\/IMG_9810.webp\",\"contentUrl\":\"https:\\\/\\\/quehacerpolitico.mx\\\/wp-content\\\/uploads\\\/2026\\\/08\\\/IMG_9810.webp\",\"width\":680,\"height\":357},{\"@type\":\"BreadcrumbList\",\"@id\":\"https:\\\/\\\/quehacerpolitico.mx\\\/?p=131981#breadcrumb\",\"itemListElement\":[{\"@type\":\"ListItem\",\"position\":1,\"name\":\"Inicio\",\"item\":\"https:\\\/\\\/quehacerpolitico.mx\\\/\"},{\"@type\":\"ListItem\",\"position\":2,\"name\":\"El Hoy No Circula CDMX y Edomex para este lunes 31 de agosto ponte atento\"}]},{\"@type\":\"WebSite\",\"@id\":\"https:\\\/\\\/quehacerpolitico.mx\\\/#website\",\"url\":\"https:\\\/\\\/quehacerpolitico.mx\\\/\",\"name\":\"\",\"description\":\"\",\"potentialAction\":[{\"@type\":\"SearchAction\",\"target\":{\"@type\":\"EntryPoint\",\"urlTemplate\":\"https:\\\/\\\/quehacerpolitico.mx\\\/?s={search_term_string}\"},\"query-input\":{\"@type\":\"PropertyValueSpecification\",\"valueRequired\":true,\"valueName\":\"search_term_string\"}}],\"inLanguage\":\"es\"},{\"@type\":\"Person\",\"@id\":\"https:\\\/\\\/quehacerpolitico.mx\\\/#\\\/schema\\\/person\\\/496d8ad2d1d3f8036101dca7ee39e585\",\"name\":\"Redacci\u00f3n QP\",\"image\":{\"@type\":\"ImageObject\",\"inLanguage\":\"es\",\"@id\":\"https:\\\/\\\/secure.gravatar.com\\\/avatar\\\/c7164ed6fdec453195284ad24a5ae5b6e1eed2b848477fa2a4787ba9adf39a41?s=96&d=mm&r=g\",\"url\":\"https:\\\/\\\/secure.gravatar.com\\\/avatar\\\/c7164ed6fdec453195284ad24a5ae5b6e1eed2b848477fa2a4787ba9adf39a41?s=96&d=mm&r=g\",\"contentUrl\":\"https:\\\/\\\/secure.gravatar.com\\\/avatar\\\/c7164ed6fdec453195284ad24a5ae5b6e1eed2b848477fa2a4787ba9adf39a41?s=96&d=mm&r=g\",\"caption\":\"Redacci\u00f3n QP\"},\"url\":\"https:\\\/\\\/quehacerpolitico.mx\\\/?author=2\"}]}<\/script>\n<!-- \/ Yoast SEO plugin. -->","yoast_head_json":{"title":"El Hoy No Circula CDMX y Edomex para este lunes 31 de agosto ponte atento -","robots":{"index":"index","follow":"follow","max-snippet":"max-snippet:-1","max-image-preview":"max-image-preview:large","max-video-preview":"max-video-preview:-1"},"canonical":"https:\/\/quehacerpolitico.mx\/?p=131981","og_locale":"es_MX","og_type":"article","og_title":"El Hoy No Circula CDMX y Edomex para este lunes 31 de agosto ponte atento -","og_description":"Por Redacci\u00f3n QP El programa Hoy No Circula tiene como finalidad reducir la emisi\u00f3n de...","og_url":"https:\/\/quehacerpolitico.mx\/?p=131981","article_published_time":"2026-08-31T15:25:26+00:00","article_modified_time":"2026-08-31T15:25:28+00:00","og_image":[{"width":680,"height":357,"url":"https:\/\/quehacerpolitico.mx\/wp-content\/uploads\/2026\/08\/IMG_9810.webp","type":"image\/webp"}],"author":"Redacci\u00f3n QP","twitter_card":"summary_large_image","twitter_misc":{"Escrito por":"Redacci\u00f3n QP","Tiempo de lectura":"3 minutos"},"schema":{"@context":"https:\/\/schema.org","@graph":[{"@type":"Article","@id":"https:\/\/quehacerpolitico.mx\/?p=131981#article","isPartOf":{"@id":"https:\/\/quehacerpolitico.mx\/?p=131981"},"author":{"name":"Redacci\u00f3n QP","@id":"https:\/\/quehacerpolitico.mx\/#\/schema\/person\/496d8ad2d1d3f8036101dca7ee39e585"},"headline":"El Hoy No Circula CDMX y Edomex para este lunes 31 de agosto ponte atento","datePublished":"2026-08-31T15:25:26+00:00","dateModified":"2026-08-31T15:25:28+00:00","mainEntityOfPage":{"@id":"https:\/\/quehacerpolitico.mx\/?p=131981"},"wordCount":391,"commentCount":0,"image":{"@id":"https:\/\/quehacerpolitico.mx\/?p=131981#primaryimage"},"thumbnailUrl":"https:\/\/quehacerpolitico.mx\/wp-content\/uploads\/2026\/08\/IMG_9810.webp","articleSection":["CDMX"],"inLanguage":"es","potentialAction":[{"@type":"CommentAction","name":"Comment","target":["https:\/\/quehacerpolitico.mx\/?p=131981#respond"]}]},{"@type":"WebPage","@id":"https:\/\/quehacerpolitico.mx\/?p=131981","url":"https:\/\/quehacerpolitico.mx\/?p=131981","name":"El Hoy No Circula CDMX y Edomex para este lunes 31 de agosto ponte atento -","isPartOf":{"@id":"https:\/\/quehacerpolitico.mx\/#website"},"primaryImageOfPage":{"@id":"https:\/\/quehacerpolitico.mx\/?p=131981#primaryimage"},"image":{"@id":"https:\/\/quehacerpolitico.mx\/?p=131981#primaryimage"},"thumbnailUrl":"https:\/\/quehacerpolitico.mx\/wp-content\/uploads\/2026\/08\/IMG_9810.webp","datePublished":"2026-08-31T15:25:26+00:00","dateModified":"2026-08-31T15:25:28+00:00","author":{"@id":"https:\/\/quehacerpolitico.mx\/#\/schema\/person\/496d8ad2d1d3f8036101dca7ee39e585"},"breadcrumb":{"@id":"https:\/\/quehacerpolitico.mx\/?p=131981#breadcrumb"},"inLanguage":"es","potentialAction":[{"@type":"ReadAction","target":["https:\/\/quehacerpolitico.mx\/?p=131981"]}]},{"@type":"ImageObject","inLanguage":"es","@id":"https:\/\/quehacerpolitico.mx\/?p=131981#primaryimage","url":"https:\/\/quehacerpolitico.mx\/wp-content\/uploads\/2026\/08\/IMG_9810.webp","contentUrl":"https:\/\/quehacerpolitico.mx\/wp-content\/uploads\/2026\/08\/IMG_9810.webp","width":680,"height":357},{"@type":"BreadcrumbList","@id":"https:\/\/quehacerpolitico.mx\/?p=131981#breadcrumb","itemListElement":[{"@type":"ListItem","position":1,"name":"Inicio","item":"https:\/\/quehacerpolitico.mx\/"},{"@type":"ListItem","position":2,"name":"El Hoy No Circula CDMX y Edomex para este lunes 31 de agosto ponte atento"}]},{"@type":"WebSite","@id":"https:\/\/quehacerpolitico.mx\/#website","url":"https:\/\/quehacerpolitico.mx\/","name":"","description":"","potentialAction":[{"@type":"SearchAction","target":{"@type":"EntryPoint","urlTemplate":"https:\/\/quehacerpolitico.mx\/?s={search_term_string}"},"query-input":{"@type":"PropertyValueSpecification","valueRequired":true,"valueName":"search_term_string"}}],"inLanguage":"es"},{"@type":"Person","@id":"https:\/\/quehacerpolitico.mx\/#\/schema\/person\/496d8ad2d1d3f8036101dca7ee39e585","name":"Redacci\u00f3n QP","image":{"@type":"ImageObject","inLanguage":"es","@id":"https:\/\/secure.gravatar.com\/avatar\/c7164ed6fdec453195284ad24a5ae5b6e1eed2b848477fa2a4787ba9adf39a41?s=96&d=mm&r=g","url":"https:\/\/secure.gravatar.com\/avatar\/c7164ed6fdec453195284ad24a5ae5b6e1eed2b848477fa2a4787ba9adf39a41?s=96&d=mm&r=g","contentUrl":"https:\/\/secure.gravatar.com\/avatar\/c7164ed6fdec453195284ad24a5ae5b6e1eed2b848477fa2a4787ba9adf39a41?s=96&d=mm&r=g","caption":"Redacci\u00f3n QP"},"url":"https:\/\/quehacerpolitico.mx\/?author=2"}]}},"featured_image_urls":{"full":["https:\/\/quehacerpolitico.mx\/wp-content\/uploads\/2026\/08\/IMG_9810.webp",680,357,false],"thumbnail":["https:\/\/quehacerpolitico.mx\/wp-content\/uploads\/2026\/08\/IMG_9810-150x150.webp",150,150,true],"medium":["https:\/\/quehacerpolitico.mx\/wp-content\/uploads\/2026\/08\/IMG_9810-300x158.webp",300,158,true],"medium_large":["https:\/\/quehacerpolitico.mx\/wp-content\/uploads\/2026\/08\/IMG_9810.webp",640,336,false],"large":["https:\/\/quehacerpolitico.mx\/wp-content\/uploads\/2026\/08\/IMG_9810.webp",640,336,false],"1536x1536":["https:\/\/quehacerpolitico.mx\/wp-content\/uploads\/2026\/08\/IMG_9810.webp",680,357,false],"2048x2048":["https:\/\/quehacerpolitico.mx\/wp-content\/uploads\/2026\/08\/IMG_9810.webp",680,357,false],"covernews-featured":["https:\/\/quehacerpolitico.mx\/wp-content\/uploads\/2026\/08\/IMG_9810.webp",680,357,false],"covernews-medium":["https:\/\/quehacerpolitico.mx\/wp-content\/uploads\/2026\/08\/IMG_9810-540x340.webp",540,340,true]},"author_info":{"display_name":"Redacci\u00f3n QP","author_link":"https:\/\/quehacerpolitico.mx\/?author=2"},"category_info":"<a href=\"https:\/\/quehacerpolitico.mx\/?cat=55\" rel=\"category\">CDMX<\/a>","tag_info":"CDMX","comment_count":"0","_links":{"self":[{"href":"https:\/\/quehacerpolitico.mx\/index.php?rest_route=\/wp\/v2\/posts\/131981","targetHints":{"allow":["GET"]}}],"collection":[{"href":"https:\/\/quehacerpolitico.mx\/index.php?rest_route=\/wp\/v2\/posts"}],"about":[{"href":"https:\/\/quehacerpolitico.mx\/index.php?rest_route=\/wp\/v2\/types\/post"}],"author":[{"embeddable":true,"href":"https:\/\/quehacerpolitico.mx\/index.php?rest_route=\/wp\/v2\/users\/2"}],"replies":[{"embeddable":true,"href":"https:\/\/quehacerpolitico.mx\/index.php?rest_route=%2Fwp%2Fv2%2Fcomments&post=131981"}],"version-history":[{"count":1,"href":"https:\/\/quehacerpolitico.mx\/index.php?rest_route=\/wp\/v2\/posts\/131981\/revisions"}],"predecessor-version":[{"id":131983,"href":"https:\/\/quehacerpolitico.mx\/index.php?rest_route=\/wp\/v2\/posts\/131981\/revisions\/131983"}],"wp:featuredmedia":[{"embeddable":true,"href":"https:\/\/quehacerpolitico.mx\/index.php?rest_route=\/wp\/v2\/media\/131982"}],"wp:attachment":[{"href":"https:\/\/quehacerpolitico.mx\/index.php?rest_route=%2Fwp%2Fv2%2Fmedia&parent=131981"}],"wp:term":[{"taxonomy":"category","embeddable":true,"href":"https:\/\/quehacerpolitico.mx\/index.php?rest_route=%2Fwp%2Fv2%2Fcategories&post=131981"},{"taxonomy":"post_tag","embeddable":true,"href":"https:\/\/quehacerpolitico.mx\/index.php?rest_route=%2Fwp%2Fv2%2Ftags&post=131981"}],"curies":[{"name":"wp","href":"https:\/\/api.w.org\/{rel}","templated":true}]}}