{"id":131975,"date":"2026-08-31T08:03:26","date_gmt":"2026-08-31T14:03:26","guid":{"rendered":"https:\/\/quehacerpolitico.mx\/?p=131975"},"modified":"2026-08-31T08:03:28","modified_gmt":"2026-08-31T14:03:28","slug":"el-quehacer-politico-a-traves-jose-alberto-prado-angeles-el-poder-absoluto-y-la-podredumbre-absoluta","status":"publish","type":"post","link":"https:\/\/quehacerpolitico.mx\/?p=131975","title":{"rendered":"El Quehacer Pol\u00edtico a trav\u00e9s\/\/\/Jose Alberto Prado Angeles\/\/\/EL PODER ABSOLUTO Y LA PODREDUMBRE ABSOLUTA"},"content":{"rendered":"\n<p class=\"wp-block-paragraph\">Por Jos\u00e9 Alberto Prado Angeles<\/p>\n\n\n\n<p class=\"wp-block-paragraph\">Director General y Editor <\/p>\n\n\n\n<p class=\"wp-block-paragraph\">Morena ya no es movimiento. Es r\u00e9gimen. Y como todo r\u00e9gimen que alcanza la mayor\u00eda aplastante, est\u00e1 entrando en su fase m\u00e1s peligrosa: la del cinismo sin consecuencias.<\/p>\n\n\n\n<p class=\"wp-block-paragraph\"><strong>1. La plenaria del tr\u00e1mite<\/strong><\/p>\n\n\n\n<p class=\"wp-block-paragraph\">Lo que ocurri\u00f3 en la plenaria de finales de agosto lo dice todo. Dos plenarias en realidad: la de Diputados con el gabinete de Claudia Sheinbaum para alinear las &#8220;reformas prioritarias&#8221; y la del Senado, convocada el 30 y 31 de agosto con un \u00fanico prop\u00f3sito real: definir qui\u00e9n preside la Mesa Directiva.&nbsp;<\/p>\n\n\n\n<p class=\"wp-block-paragraph\">No hubo debate legislativo. Hubo pase de lista del poder. Asistieron Rosa Icela Rodr\u00edguez, el gabinete completo, para dictar l\u00ednea. Como en el viejo PRI, la agenda no se delibera, se recibe.<\/p>\n\n\n\n<p class=\"wp-block-paragraph\"><strong>2. El Senado y la correcci\u00f3n necesaria: Es Higinio<\/strong><\/p>\n\n\n\n<p class=\"wp-block-paragraph\">Es Higinio Mart\u00ednez Miranda, fundador de Morena en el Edomex, con 50 a\u00f1os de trayectoria. Y su llegada es sintom\u00e1tica.<\/p>\n\n\n\n<p class=\"wp-block-paragraph\">Fue electo por voto un\u00e1nime a mano alzada de la bancada morenista, para sustituir a Laura Itzel Castillo a partir del 1 de septiembre. Ser\u00e1 el noveno morenista consecutivo en presidir el Senado.&nbsp;<\/p>\n\n\n\n<p class=\"wp-block-paragraph\">\u00bfPor qu\u00e9 Higinio? Porque despu\u00e9s del show de Fern\u00e1ndez Noro\u00f1a, Morena necesita un operador de bajo perfil, que no confronte y que garantice la disciplina. La decisi\u00f3n se cerr\u00f3 cuando \u00d3scar Cant\u00f3n Zetina y Manuel Huerta declinaron. No fue unidad, fue imposici\u00f3n por descarte. Morena apuesta por la administraci\u00f3n del poder, no por su prestigio parlamentario.<\/p>\n\n\n\n<p class=\"wp-block-paragraph\"><strong>3. El Clan: Andy y Bobby<\/strong><\/p>\n\n\n\n<p class=\"wp-block-paragraph\">Aqu\u00ed est\u00e1 el n\u00facleo de la descomposici\u00f3n.<\/p>\n\n\n\n<p class=\"wp-block-paragraph\">Andy L\u00f3pez Beltr\u00e1n ya no es &#8220;el hijo de AMLO&#8221;. Es el Secretario de Organizaci\u00f3n de Morena. Bobby L\u00f3pez Beltr\u00e1n ya no es el hijo inc\u00f3modo. Es el operador financiero en la sombra.<\/p>\n\n\n\n<p class=\"wp-block-paragraph\">La red est\u00e1 documentada: Am\u00edlcar Ol\u00e1n es el operador central de &#8220;El Clan&#8221;, la red de corrupci\u00f3n y tr\u00e1fico de influencias encabezada por Andy L\u00f3pez Beltr\u00e1n y su hermano Gonzalo.&nbsp;<\/p>\n\n\n\n<p class=\"wp-block-paragraph\">\u00bfA qu\u00e9 se dedican? A lo mismo de siempre, pero a escala industrial:<\/p>\n\n\n\n<p class=\"wp-block-paragraph\"><strong>\u2022<\/strong>&nbsp; <strong>Tren Maya y Tren Interoce\u00e1nico:<\/strong> audios donde Ol\u00e1n presume haber conseguido la exclusividad del suministro de balasto y materiales con la ayuda de Bobby.&nbsp;<\/p>\n\n\n\n<p class=\"wp-block-paragraph\"><strong>\u2022<\/strong>&nbsp; <strong>Medicinas:<\/strong> a trav\u00e9s de su empresa Romedic, ha vendido material de curaci\u00f3n a gobiernos estatales de Morena. El mismo modelo del sexenio pasado, ahora multiplicado.&nbsp;<\/p>\n\n\n\n<p class=\"wp-block-paragraph\"><strong>\u2022<\/strong>&nbsp; <strong>Minas en Oaxaca:<\/strong> negocios de explotaci\u00f3n y transporte ligados a proyectos ferroviarios.&nbsp;<\/p>\n\n\n\n<p class=\"wp-block-paragraph\">Y el blindaje se cay\u00f3. Estados Unidos le revoc\u00f3 la visa a Andy. Latinus revel\u00f3 audios donde su c\u00edrculo cercano presume v\u00ednculos con una facci\u00f3n del C\u00e1rtel Jalisco Nueva Generaci\u00f3n para proteger negocios en Veracruz. La historia ya no es &#8220;los hijos del Presidente viven bien&#8221;. Es &#8220;el partido en el poder est\u00e1 capturado por una familia&#8221;.&nbsp;<\/p>\n\n\n\n<p class=\"wp-block-paragraph\">Mientras tanto, la senadora Lilly T\u00e9llez los exhibe atendi\u00e9ndose en el Centro M\u00e9dico ABC privado, mientras defienden un sistema de salud p\u00fablica desmantelado. Clasismo de manual.&nbsp;<\/p>\n\n\n\n<p class=\"wp-block-paragraph\"><strong>4. Los Empresarios del r\u00e9gimen: <\/strong>Almicar<strong> y Altagracia<\/strong><\/p>\n\n\n\n<p class=\"wp-block-paragraph\">Altagracia G\u00f3mez Sierra es la otra cara de la misma moneda. La joven empresaria de Minsa, heredera del grupo que controla harina de ma\u00edz, transporte y almacenamiento, pas\u00f3 de ser asesora de campa\u00f1a a coordinadora del Consejo Empresarial de Sheinbaum.&nbsp;<\/p>\n\n\n\n<p class=\"wp-block-paragraph\">Su empresa, Minsa, obtuvo un contrato millonario con Diconsa para el abasto rural. \u00bfConflicto de inter\u00e9s? En la 4T no existe ese concepto. Existe el &#8220;empresario aliado&#8221;. La misma l\u00f3gica: el poder pol\u00edtico entrega el mercado al amigo.&nbsp;<\/p>\n\n\n\n<p class=\"wp-block-paragraph\">Am\u00edlcar es el operador de los hijos. Altagracia es la operadora de la Presidenta. Dos modelos de capitalismo de compadrazgo.<\/p>\n\n\n\n<p class=\"wp-block-paragraph\"><strong>5. \u00bfQu\u00e9 le espera a Morena?<\/strong><\/p>\n\n\n\n<p class=\"wp-block-paragraph\">Morena tiene hoy todo: Presidencia, Congreso, 23 gubernaturas, el Poder Judicial en proceso de captura. Y precisamente por eso est\u00e1 condenado a lo que le pas\u00f3 al PRI en 1990.<\/p>\n\n\n\n<p class=\"wp-block-paragraph\">El futuro inmediato de Morena es una lucha intensa entre tres bandas:<\/p>\n\n\n\n<p class=\"wp-block-paragraph\"><strong>a) Los herederos biol\u00f3gicos vs. los herederos pol\u00edticos.<\/strong> Andy cree que el partido es su herencia. Claudia sabe que sin desmarcarse de El Clan, su gobierno ser\u00e1 ingobernable. La plenaria fue el intento de Sheinbaum de imponer agenda legislativa sobre el partido de los L\u00f3pez.<\/p>\n\n\n\n<p class=\"wp-block-paragraph\"><strong>b) La econom\u00eda del privilegio.<\/strong> El modelo de negocios de &#8220;El Clan&#8221; gan\u00f3 miles de millones con el Tren Maya, Pemex y Sedena. Ese modelo no puede repetirse sin un nuevo Tren Maya. Ahora van por medicinas, nearshoring, y obra p\u00fablica estatal. Cuando el dinero escasee, se canibalizar\u00e1n.&nbsp;<\/p>\n\n\n\n<p class=\"wp-block-paragraph\"><strong>c) El factor americano.<\/strong> La revocaci\u00f3n de visa y las investigaciones en Texas sobre el CJNG y los negocios del c\u00edrculo de Andy no son an\u00e9cdotas. Son la internacionalizaci\u00f3n del expediente.<\/p>\n\n\n\n<p class=\"wp-block-paragraph\">Morena no va a perder elecciones en 2027 por la oposici\u00f3n. Va a perderlas por el asco. Cuando un movimiento que naci\u00f3 denunciando los contratos de los hijos de Marta Sahag\u00fan termina justificando los contratos de los hijos de L\u00f3pez Obrador, la transformaci\u00f3n se volvi\u00f3 farsa.<\/p>\n\n\n\n<p class=\"wp-block-paragraph\">El cambio en el Senado con Higinio Mart\u00ednez no es renovaci\u00f3n. Es poner un conserje discreto a cuidar la casa mientras los due\u00f1os hacen fiesta arriba.<\/p>\n\n\n\n<p class=\"wp-block-paragraph\">As\u00ed el Quehacer Pol\u00edtico Desde 1980, 46 a\u00f1os inquiriendo en la pol\u00edtica de M\u00e9xico, cuestionando, exponiendo, revelando y razonando.Es cuanto.<\/p>\n","protected":false},"excerpt":{"rendered":"<p>Por Jos\u00e9 Alberto Prado Angeles Director General y Editor Morena ya no es movimiento. Es&#8230;<\/p>\n","protected":false},"author":2,"featured_media":131576,"comment_status":"open","ping_status":"open","sticky":false,"template":"","format":"standard","meta":{"footnotes":""},"categories":[280,2],"tags":[],"class_list":["post-131975","post","type-post","status-publish","format-standard","has-post-thumbnail","hentry","category-nacionales","category-noticias"],"yoast_head":"<!-- This site is optimized with the Yoast SEO plugin v27.9 - https:\/\/yoast.com\/product\/yoast-seo-wordpress\/ -->\n<title>El Quehacer Pol\u00edtico a trav\u00e9s\/\/\/Jose Alberto Prado Angeles\/\/\/EL PODER ABSOLUTO Y LA PODREDUMBRE ABSOLUTA -<\/title>\n<meta name=\"robots\" content=\"index, follow, max-snippet:-1, max-image-preview:large, max-video-preview:-1\" \/>\n<link rel=\"canonical\" href=\"https:\/\/quehacerpolitico.mx\/?p=131975\" \/>\n<meta property=\"og:locale\" content=\"es_MX\" \/>\n<meta property=\"og:type\" content=\"article\" \/>\n<meta property=\"og:title\" content=\"El Quehacer Pol\u00edtico a trav\u00e9s\/\/\/Jose Alberto Prado Angeles\/\/\/EL PODER ABSOLUTO Y LA PODREDUMBRE ABSOLUTA -\" \/>\n<meta property=\"og:description\" content=\"Por Jos\u00e9 Alberto Prado Angeles Director General y Editor Morena ya no es movimiento. Es...\" \/>\n<meta property=\"og:url\" content=\"https:\/\/quehacerpolitico.mx\/?p=131975\" \/>\n<meta property=\"article:published_time\" content=\"2026-08-31T14:03:26+00:00\" \/>\n<meta property=\"article:modified_time\" content=\"2026-08-31T14:03:28+00:00\" \/>\n<meta property=\"og:image\" content=\"https:\/\/quehacerpolitico.mx\/wp-content\/uploads\/2026\/08\/921e0283-24ae-4908-b1ab-fa3ea0d47174.jpeg\" \/>\n\t<meta property=\"og:image:width\" content=\"963\" \/>\n\t<meta property=\"og:image:height\" content=\"493\" \/>\n\t<meta property=\"og:image:type\" content=\"image\/jpeg\" \/>\n<meta name=\"author\" content=\"Redacci\u00f3n QP\" \/>\n<meta name=\"twitter:card\" content=\"summary_large_image\" \/>\n<meta name=\"twitter:label1\" content=\"Escrito por\" \/>\n\t<meta name=\"twitter:data1\" content=\"Redacci\u00f3n QP\" \/>\n\t<meta name=\"twitter:label2\" content=\"Tiempo de lectura\" \/>\n\t<meta name=\"twitter:data2\" content=\"5 minutos\" \/>\n<script type=\"application\/ld+json\" class=\"yoast-schema-graph\">{\"@context\":\"https:\\\/\\\/schema.org\",\"@graph\":[{\"@type\":\"Article\",\"@id\":\"https:\\\/\\\/quehacerpolitico.mx\\\/?p=131975#article\",\"isPartOf\":{\"@id\":\"https:\\\/\\\/quehacerpolitico.mx\\\/?p=131975\"},\"author\":{\"name\":\"Redacci\u00f3n QP\",\"@id\":\"https:\\\/\\\/quehacerpolitico.mx\\\/#\\\/schema\\\/person\\\/496d8ad2d1d3f8036101dca7ee39e585\"},\"headline\":\"El Quehacer Pol\u00edtico a trav\u00e9s\\\/\\\/\\\/Jose Alberto Prado Angeles\\\/\\\/\\\/EL PODER ABSOLUTO Y LA PODREDUMBRE ABSOLUTA\",\"datePublished\":\"2026-08-31T14:03:26+00:00\",\"dateModified\":\"2026-08-31T14:03:28+00:00\",\"mainEntityOfPage\":{\"@id\":\"https:\\\/\\\/quehacerpolitico.mx\\\/?p=131975\"},\"wordCount\":945,\"commentCount\":0,\"image\":{\"@id\":\"https:\\\/\\\/quehacerpolitico.mx\\\/?p=131975#primaryimage\"},\"thumbnailUrl\":\"https:\\\/\\\/quehacerpolitico.mx\\\/wp-content\\\/uploads\\\/2026\\\/08\\\/921e0283-24ae-4908-b1ab-fa3ea0d47174.jpeg\",\"articleSection\":[\"Nacionales\",\"Noticias\"],\"inLanguage\":\"es\",\"potentialAction\":[{\"@type\":\"CommentAction\",\"name\":\"Comment\",\"target\":[\"https:\\\/\\\/quehacerpolitico.mx\\\/?p=131975#respond\"]}]},{\"@type\":\"WebPage\",\"@id\":\"https:\\\/\\\/quehacerpolitico.mx\\\/?p=131975\",\"url\":\"https:\\\/\\\/quehacerpolitico.mx\\\/?p=131975\",\"name\":\"El Quehacer Pol\u00edtico a trav\u00e9s\\\/\\\/\\\/Jose Alberto Prado Angeles\\\/\\\/\\\/EL PODER ABSOLUTO Y LA PODREDUMBRE ABSOLUTA -\",\"isPartOf\":{\"@id\":\"https:\\\/\\\/quehacerpolitico.mx\\\/#website\"},\"primaryImageOfPage\":{\"@id\":\"https:\\\/\\\/quehacerpolitico.mx\\\/?p=131975#primaryimage\"},\"image\":{\"@id\":\"https:\\\/\\\/quehacerpolitico.mx\\\/?p=131975#primaryimage\"},\"thumbnailUrl\":\"https:\\\/\\\/quehacerpolitico.mx\\\/wp-content\\\/uploads\\\/2026\\\/08\\\/921e0283-24ae-4908-b1ab-fa3ea0d47174.jpeg\",\"datePublished\":\"2026-08-31T14:03:26+00:00\",\"dateModified\":\"2026-08-31T14:03:28+00:00\",\"author\":{\"@id\":\"https:\\\/\\\/quehacerpolitico.mx\\\/#\\\/schema\\\/person\\\/496d8ad2d1d3f8036101dca7ee39e585\"},\"breadcrumb\":{\"@id\":\"https:\\\/\\\/quehacerpolitico.mx\\\/?p=131975#breadcrumb\"},\"inLanguage\":\"es\",\"potentialAction\":[{\"@type\":\"ReadAction\",\"target\":[\"https:\\\/\\\/quehacerpolitico.mx\\\/?p=131975\"]}]},{\"@type\":\"ImageObject\",\"inLanguage\":\"es\",\"@id\":\"https:\\\/\\\/quehacerpolitico.mx\\\/?p=131975#primaryimage\",\"url\":\"https:\\\/\\\/quehacerpolitico.mx\\\/wp-content\\\/uploads\\\/2026\\\/08\\\/921e0283-24ae-4908-b1ab-fa3ea0d47174.jpeg\",\"contentUrl\":\"https:\\\/\\\/quehacerpolitico.mx\\\/wp-content\\\/uploads\\\/2026\\\/08\\\/921e0283-24ae-4908-b1ab-fa3ea0d47174.jpeg\",\"width\":963,\"height\":493},{\"@type\":\"BreadcrumbList\",\"@id\":\"https:\\\/\\\/quehacerpolitico.mx\\\/?p=131975#breadcrumb\",\"itemListElement\":[{\"@type\":\"ListItem\",\"position\":1,\"name\":\"Inicio\",\"item\":\"https:\\\/\\\/quehacerpolitico.mx\\\/\"},{\"@type\":\"ListItem\",\"position\":2,\"name\":\"El Quehacer Pol\u00edtico a trav\u00e9s\\\/\\\/\\\/Jose Alberto Prado Angeles\\\/\\\/\\\/EL PODER ABSOLUTO Y LA PODREDUMBRE ABSOLUTA\"}]},{\"@type\":\"WebSite\",\"@id\":\"https:\\\/\\\/quehacerpolitico.mx\\\/#website\",\"url\":\"https:\\\/\\\/quehacerpolitico.mx\\\/\",\"name\":\"\",\"description\":\"\",\"potentialAction\":[{\"@type\":\"SearchAction\",\"target\":{\"@type\":\"EntryPoint\",\"urlTemplate\":\"https:\\\/\\\/quehacerpolitico.mx\\\/?s={search_term_string}\"},\"query-input\":{\"@type\":\"PropertyValueSpecification\",\"valueRequired\":true,\"valueName\":\"search_term_string\"}}],\"inLanguage\":\"es\"},{\"@type\":\"Person\",\"@id\":\"https:\\\/\\\/quehacerpolitico.mx\\\/#\\\/schema\\\/person\\\/496d8ad2d1d3f8036101dca7ee39e585\",\"name\":\"Redacci\u00f3n QP\",\"image\":{\"@type\":\"ImageObject\",\"inLanguage\":\"es\",\"@id\":\"https:\\\/\\\/secure.gravatar.com\\\/avatar\\\/c7164ed6fdec453195284ad24a5ae5b6e1eed2b848477fa2a4787ba9adf39a41?s=96&d=mm&r=g\",\"url\":\"https:\\\/\\\/secure.gravatar.com\\\/avatar\\\/c7164ed6fdec453195284ad24a5ae5b6e1eed2b848477fa2a4787ba9adf39a41?s=96&d=mm&r=g\",\"contentUrl\":\"https:\\\/\\\/secure.gravatar.com\\\/avatar\\\/c7164ed6fdec453195284ad24a5ae5b6e1eed2b848477fa2a4787ba9adf39a41?s=96&d=mm&r=g\",\"caption\":\"Redacci\u00f3n QP\"},\"url\":\"https:\\\/\\\/quehacerpolitico.mx\\\/?author=2\"}]}<\/script>\n<!-- \/ Yoast SEO plugin. -->","yoast_head_json":{"title":"El Quehacer Pol\u00edtico a trav\u00e9s\/\/\/Jose Alberto Prado Angeles\/\/\/EL PODER ABSOLUTO Y LA PODREDUMBRE ABSOLUTA -","robots":{"index":"index","follow":"follow","max-snippet":"max-snippet:-1","max-image-preview":"max-image-preview:large","max-video-preview":"max-video-preview:-1"},"canonical":"https:\/\/quehacerpolitico.mx\/?p=131975","og_locale":"es_MX","og_type":"article","og_title":"El Quehacer Pol\u00edtico a trav\u00e9s\/\/\/Jose Alberto Prado Angeles\/\/\/EL PODER ABSOLUTO Y LA PODREDUMBRE ABSOLUTA -","og_description":"Por Jos\u00e9 Alberto Prado Angeles Director General y Editor Morena ya no es movimiento. Es...","og_url":"https:\/\/quehacerpolitico.mx\/?p=131975","article_published_time":"2026-08-31T14:03:26+00:00","article_modified_time":"2026-08-31T14:03:28+00:00","og_image":[{"width":963,"height":493,"url":"https:\/\/quehacerpolitico.mx\/wp-content\/uploads\/2026\/08\/921e0283-24ae-4908-b1ab-fa3ea0d47174.jpeg","type":"image\/jpeg"}],"author":"Redacci\u00f3n QP","twitter_card":"summary_large_image","twitter_misc":{"Escrito por":"Redacci\u00f3n QP","Tiempo de lectura":"5 minutos"},"schema":{"@context":"https:\/\/schema.org","@graph":[{"@type":"Article","@id":"https:\/\/quehacerpolitico.mx\/?p=131975#article","isPartOf":{"@id":"https:\/\/quehacerpolitico.mx\/?p=131975"},"author":{"name":"Redacci\u00f3n QP","@id":"https:\/\/quehacerpolitico.mx\/#\/schema\/person\/496d8ad2d1d3f8036101dca7ee39e585"},"headline":"El Quehacer Pol\u00edtico a trav\u00e9s\/\/\/Jose Alberto Prado Angeles\/\/\/EL PODER ABSOLUTO Y LA PODREDUMBRE ABSOLUTA","datePublished":"2026-08-31T14:03:26+00:00","dateModified":"2026-08-31T14:03:28+00:00","mainEntityOfPage":{"@id":"https:\/\/quehacerpolitico.mx\/?p=131975"},"wordCount":945,"commentCount":0,"image":{"@id":"https:\/\/quehacerpolitico.mx\/?p=131975#primaryimage"},"thumbnailUrl":"https:\/\/quehacerpolitico.mx\/wp-content\/uploads\/2026\/08\/921e0283-24ae-4908-b1ab-fa3ea0d47174.jpeg","articleSection":["Nacionales","Noticias"],"inLanguage":"es","potentialAction":[{"@type":"CommentAction","name":"Comment","target":["https:\/\/quehacerpolitico.mx\/?p=131975#respond"]}]},{"@type":"WebPage","@id":"https:\/\/quehacerpolitico.mx\/?p=131975","url":"https:\/\/quehacerpolitico.mx\/?p=131975","name":"El Quehacer Pol\u00edtico a trav\u00e9s\/\/\/Jose Alberto Prado Angeles\/\/\/EL PODER ABSOLUTO Y LA PODREDUMBRE ABSOLUTA -","isPartOf":{"@id":"https:\/\/quehacerpolitico.mx\/#website"},"primaryImageOfPage":{"@id":"https:\/\/quehacerpolitico.mx\/?p=131975#primaryimage"},"image":{"@id":"https:\/\/quehacerpolitico.mx\/?p=131975#primaryimage"},"thumbnailUrl":"https:\/\/quehacerpolitico.mx\/wp-content\/uploads\/2026\/08\/921e0283-24ae-4908-b1ab-fa3ea0d47174.jpeg","datePublished":"2026-08-31T14:03:26+00:00","dateModified":"2026-08-31T14:03:28+00:00","author":{"@id":"https:\/\/quehacerpolitico.mx\/#\/schema\/person\/496d8ad2d1d3f8036101dca7ee39e585"},"breadcrumb":{"@id":"https:\/\/quehacerpolitico.mx\/?p=131975#breadcrumb"},"inLanguage":"es","potentialAction":[{"@type":"ReadAction","target":["https:\/\/quehacerpolitico.mx\/?p=131975"]}]},{"@type":"ImageObject","inLanguage":"es","@id":"https:\/\/quehacerpolitico.mx\/?p=131975#primaryimage","url":"https:\/\/quehacerpolitico.mx\/wp-content\/uploads\/2026\/08\/921e0283-24ae-4908-b1ab-fa3ea0d47174.jpeg","contentUrl":"https:\/\/quehacerpolitico.mx\/wp-content\/uploads\/2026\/08\/921e0283-24ae-4908-b1ab-fa3ea0d47174.jpeg","width":963,"height":493},{"@type":"BreadcrumbList","@id":"https:\/\/quehacerpolitico.mx\/?p=131975#breadcrumb","itemListElement":[{"@type":"ListItem","position":1,"name":"Inicio","item":"https:\/\/quehacerpolitico.mx\/"},{"@type":"ListItem","position":2,"name":"El Quehacer Pol\u00edtico a trav\u00e9s\/\/\/Jose Alberto Prado Angeles\/\/\/EL PODER ABSOLUTO Y LA PODREDUMBRE ABSOLUTA"}]},{"@type":"WebSite","@id":"https:\/\/quehacerpolitico.mx\/#website","url":"https:\/\/quehacerpolitico.mx\/","name":"","description":"","potentialAction":[{"@type":"SearchAction","target":{"@type":"EntryPoint","urlTemplate":"https:\/\/quehacerpolitico.mx\/?s={search_term_string}"},"query-input":{"@type":"PropertyValueSpecification","valueRequired":true,"valueName":"search_term_string"}}],"inLanguage":"es"},{"@type":"Person","@id":"https:\/\/quehacerpolitico.mx\/#\/schema\/person\/496d8ad2d1d3f8036101dca7ee39e585","name":"Redacci\u00f3n QP","image":{"@type":"ImageObject","inLanguage":"es","@id":"https:\/\/secure.gravatar.com\/avatar\/c7164ed6fdec453195284ad24a5ae5b6e1eed2b848477fa2a4787ba9adf39a41?s=96&d=mm&r=g","url":"https:\/\/secure.gravatar.com\/avatar\/c7164ed6fdec453195284ad24a5ae5b6e1eed2b848477fa2a4787ba9adf39a41?s=96&d=mm&r=g","contentUrl":"https:\/\/secure.gravatar.com\/avatar\/c7164ed6fdec453195284ad24a5ae5b6e1eed2b848477fa2a4787ba9adf39a41?s=96&d=mm&r=g","caption":"Redacci\u00f3n QP"},"url":"https:\/\/quehacerpolitico.mx\/?author=2"}]}},"featured_image_urls":{"full":["https:\/\/quehacerpolitico.mx\/wp-content\/uploads\/2026\/08\/921e0283-24ae-4908-b1ab-fa3ea0d47174.jpeg",963,493,false],"thumbnail":["https:\/\/quehacerpolitico.mx\/wp-content\/uploads\/2026\/08\/921e0283-24ae-4908-b1ab-fa3ea0d47174-150x150.jpeg",150,150,true],"medium":["https:\/\/quehacerpolitico.mx\/wp-content\/uploads\/2026\/08\/921e0283-24ae-4908-b1ab-fa3ea0d47174-300x154.jpeg",300,154,true],"medium_large":["https:\/\/quehacerpolitico.mx\/wp-content\/uploads\/2026\/08\/921e0283-24ae-4908-b1ab-fa3ea0d47174-768x393.jpeg",640,328,true],"large":["https:\/\/quehacerpolitico.mx\/wp-content\/uploads\/2026\/08\/921e0283-24ae-4908-b1ab-fa3ea0d47174.jpeg",640,328,false],"1536x1536":["https:\/\/quehacerpolitico.mx\/wp-content\/uploads\/2026\/08\/921e0283-24ae-4908-b1ab-fa3ea0d47174.jpeg",963,493,false],"2048x2048":["https:\/\/quehacerpolitico.mx\/wp-content\/uploads\/2026\/08\/921e0283-24ae-4908-b1ab-fa3ea0d47174.jpeg",963,493,false],"covernews-featured":["https:\/\/quehacerpolitico.mx\/wp-content\/uploads\/2026\/08\/921e0283-24ae-4908-b1ab-fa3ea0d47174.jpeg",963,493,false],"covernews-medium":["https:\/\/quehacerpolitico.mx\/wp-content\/uploads\/2026\/08\/921e0283-24ae-4908-b1ab-fa3ea0d47174-540x340.jpeg",540,340,true]},"author_info":{"display_name":"Redacci\u00f3n QP","author_link":"https:\/\/quehacerpolitico.mx\/?author=2"},"category_info":"<a href=\"https:\/\/quehacerpolitico.mx\/?cat=280\" rel=\"category\">Nacionales<\/a> <a href=\"https:\/\/quehacerpolitico.mx\/?cat=2\" rel=\"category\">Noticias<\/a>","tag_info":"Noticias","comment_count":"0","_links":{"self":[{"href":"https:\/\/quehacerpolitico.mx\/index.php?rest_route=\/wp\/v2\/posts\/131975","targetHints":{"allow":["GET"]}}],"collection":[{"href":"https:\/\/quehacerpolitico.mx\/index.php?rest_route=\/wp\/v2\/posts"}],"about":[{"href":"https:\/\/quehacerpolitico.mx\/index.php?rest_route=\/wp\/v2\/types\/post"}],"author":[{"embeddable":true,"href":"https:\/\/quehacerpolitico.mx\/index.php?rest_route=\/wp\/v2\/users\/2"}],"replies":[{"embeddable":true,"href":"https:\/\/quehacerpolitico.mx\/index.php?rest_route=%2Fwp%2Fv2%2Fcomments&post=131975"}],"version-history":[{"count":1,"href":"https:\/\/quehacerpolitico.mx\/index.php?rest_route=\/wp\/v2\/posts\/131975\/revisions"}],"predecessor-version":[{"id":131976,"href":"https:\/\/quehacerpolitico.mx\/index.php?rest_route=\/wp\/v2\/posts\/131975\/revisions\/131976"}],"wp:featuredmedia":[{"embeddable":true,"href":"https:\/\/quehacerpolitico.mx\/index.php?rest_route=\/wp\/v2\/media\/131576"}],"wp:attachment":[{"href":"https:\/\/quehacerpolitico.mx\/index.php?rest_route=%2Fwp%2Fv2%2Fmedia&parent=131975"}],"wp:term":[{"taxonomy":"category","embeddable":true,"href":"https:\/\/quehacerpolitico.mx\/index.php?rest_route=%2Fwp%2Fv2%2Fcategories&post=131975"},{"taxonomy":"post_tag","embeddable":true,"href":"https:\/\/quehacerpolitico.mx\/index.php?rest_route=%2Fwp%2Fv2%2Ftags&post=131975"}],"curies":[{"name":"wp","href":"https:\/\/api.w.org\/{rel}","templated":true}]}}