{"id":13183,"date":"2019-01-02T15:47:13","date_gmt":"2019-01-02T15:47:13","guid":{"rendered":"http:\/\/quehacerpolitico.mx\/la-edil-priista-de-tamazola-oaxaca-renuncia-para-que-el-edil-saliente-su-cunado-se-quede-en-el-cargo\/"},"modified":"2019-01-02T15:47:13","modified_gmt":"2019-01-02T15:47:13","slug":"la-edil-priista-de-tamazola-oaxaca-renuncia-para-que-el-edil-saliente-su-cunado-se-quede-en-el-cargo","status":"publish","type":"post","link":"https:\/\/quehacerpolitico.mx\/?p=13183","title":{"rendered":"La Edil priista de Tamazola, Oaxaca, renuncia para que el Edil saliente, su cu\u00f1ado, se quede en el cargo"},"content":{"rendered":"<h1>La Edil priista de Tamazola, Oaxaca, renuncia para que el Edil saliente, su cu\u00f1ado, se quede en el cargo<\/h1>\n<p>Por Redacci\u00f3n QP<\/p>\n<p><strong>Anayeli Huerta<\/strong> tom\u00f3 protesta el d\u00eda de ayer como <strong>Alcaldesa<\/strong> de <strong>Santiago Tamazola, Oaxaca<\/strong>, sin embargo, media hora m\u00e1s tarde renunci\u00f3 al cargo al igual que su suplente, para que tomara protesta\u00a0\u00d3scar S\u00e1nchez Ruiz, el Edil saliente, quien continuar\u00e1 a la cabeza del municipio.<\/p>\n<p>La <strong>renuncia de Huerta<\/strong>, que contendi\u00f3 como candidata de la alianza PRI-PVEM, ha levantado especulaciones en la oposici\u00f3n, pues aseguran que podr\u00eda haberse tratado de una estrategia para mantener a S\u00e1nchez Ruiz en el cargo, pues Huerta es cu\u00f1ada del ex Alcalde.<\/p>\n<p>Los legisladores de Morena anunciaron que revisar\u00e1n el caso y lo llevar\u00e1n ante la Comisi\u00f3n Permanente de Gobernaci\u00f3n de la legislatura local, a fin de que se ejerzan sanciones en caso de que las especulaciones resulten ciertas.<\/p>\n<p>No obstante, otra de las teor\u00edas es que <strong>Anayeli<\/strong>y su suplente pudieron haber renunciado por miedo, esto debido al reciente ataque que sufri\u00f3 el <strong>Alcalde Tlaxiaco, Alejandro Aparicio Santiago<\/strong>, quien fue baleado unas horas de tomar protesta.<\/p>\n<p>Las ahora ex funcionarias, formaban parte de las 52 mujeres que asumieron el cargo de presidentas municipales y 566 como regidoras, una cifra hist\u00f3rica en Oaxaca.<\/p>\n<p>La muerte de <strong>Alejandro Aparicio Santiago<\/strong> se dio a conocer el d\u00eda de ayer, de acuerdo con las autoridades el Edil se dirig\u00eda a una reuni\u00f3n a las oficinas del Ayuntamiento y en el recorrido fue agredido por sujetos desconocidos con disparos de arma de fuego.<\/p>\n<p>Indic\u00f3 que Alejandro Aparicio fue trasladado de inmediato a un hospital del Instituto Mexicano del Seguro Social (IMSS) donde falleci\u00f3 por la gravedad de las heridas.<\/p>\n<p>La Fiscal\u00eda inform\u00f3 tambi\u00e9n que en el ataque otras cuatro personas resultaron heridas, una de ellas se encuentra en estado grave.<\/p>\n","protected":false},"excerpt":{"rendered":"<p>La Edil priista de Tamazola, Oaxaca, renuncia para que el Edil saliente, su cu\u00f1ado, se quede en el cargo<br \/>\nPor Redacci\u00f3n QP<\/p>\n","protected":false},"author":2,"featured_media":13182,"comment_status":"open","ping_status":"open","sticky":false,"template":"","format":"standard","meta":{"_monsterinsights_skip_tracking":false,"_monsterinsights_sitenote_active":false,"_monsterinsights_sitenote_note":"","_monsterinsights_sitenote_category":0,"footnotes":""},"categories":[2],"tags":[],"class_list":["post-13183","post","type-post","status-publish","format-standard","has-post-thumbnail","hentry","category-noticias"],"yoast_head":"<!-- This site is optimized with the Yoast SEO plugin v27.3 - https:\/\/yoast.com\/product\/yoast-seo-wordpress\/ -->\n<title>La Edil priista de Tamazola, Oaxaca, renuncia para que el Edil saliente, su cu\u00f1ado, se quede en el cargo -<\/title>\n<meta name=\"robots\" content=\"index, follow, max-snippet:-1, max-image-preview:large, max-video-preview:-1\" \/>\n<link rel=\"canonical\" href=\"https:\/\/quehacerpolitico.mx\/?p=13183\" \/>\n<meta property=\"og:locale\" content=\"es_MX\" \/>\n<meta property=\"og:type\" content=\"article\" \/>\n<meta property=\"og:title\" content=\"La Edil priista de Tamazola, Oaxaca, renuncia para que el Edil saliente, su cu\u00f1ado, se quede en el cargo -\" \/>\n<meta property=\"og:description\" content=\"La Edil priista de Tamazola, Oaxaca, renuncia para que el Edil saliente, su cu\u00f1ado, se quede en el cargo Por Redacci\u00f3n QP\" \/>\n<meta property=\"og:url\" content=\"https:\/\/quehacerpolitico.mx\/?p=13183\" \/>\n<meta property=\"article:published_time\" content=\"2019-01-02T15:47:13+00:00\" \/>\n<meta name=\"author\" content=\"Redacci\u00f3n QP\" \/>\n<meta name=\"twitter:card\" content=\"summary_large_image\" \/>\n<meta name=\"twitter:label1\" content=\"Escrito por\" \/>\n\t<meta name=\"twitter:data1\" content=\"Redacci\u00f3n QP\" \/>\n\t<meta name=\"twitter:label2\" content=\"Tiempo de lectura\" \/>\n\t<meta name=\"twitter:data2\" content=\"2 minutos\" \/>\n<script type=\"application\/ld+json\" class=\"yoast-schema-graph\">{\"@context\":\"https:\\\/\\\/schema.org\",\"@graph\":[{\"@type\":\"Article\",\"@id\":\"https:\\\/\\\/quehacerpolitico.mx\\\/?p=13183#article\",\"isPartOf\":{\"@id\":\"https:\\\/\\\/quehacerpolitico.mx\\\/?p=13183\"},\"author\":{\"name\":\"Redacci\u00f3n QP\",\"@id\":\"https:\\\/\\\/quehacerpolitico.mx\\\/#\\\/schema\\\/person\\\/496d8ad2d1d3f8036101dca7ee39e585\"},\"headline\":\"La Edil priista de Tamazola, Oaxaca, renuncia para que el Edil saliente, su cu\u00f1ado, se quede en el cargo\",\"datePublished\":\"2019-01-02T15:47:13+00:00\",\"mainEntityOfPage\":{\"@id\":\"https:\\\/\\\/quehacerpolitico.mx\\\/?p=13183\"},\"wordCount\":340,\"commentCount\":0,\"image\":{\"@id\":\"https:\\\/\\\/quehacerpolitico.mx\\\/?p=13183#primaryimage\"},\"thumbnailUrl\":\"\",\"articleSection\":[\"Noticias\"],\"inLanguage\":\"es\",\"potentialAction\":[{\"@type\":\"CommentAction\",\"name\":\"Comment\",\"target\":[\"https:\\\/\\\/quehacerpolitico.mx\\\/?p=13183#respond\"]}]},{\"@type\":\"WebPage\",\"@id\":\"https:\\\/\\\/quehacerpolitico.mx\\\/?p=13183\",\"url\":\"https:\\\/\\\/quehacerpolitico.mx\\\/?p=13183\",\"name\":\"La Edil priista de Tamazola, Oaxaca, renuncia para que el Edil saliente, su cu\u00f1ado, se quede en el cargo -\",\"isPartOf\":{\"@id\":\"https:\\\/\\\/quehacerpolitico.mx\\\/#website\"},\"primaryImageOfPage\":{\"@id\":\"https:\\\/\\\/quehacerpolitico.mx\\\/?p=13183#primaryimage\"},\"image\":{\"@id\":\"https:\\\/\\\/quehacerpolitico.mx\\\/?p=13183#primaryimage\"},\"thumbnailUrl\":\"\",\"datePublished\":\"2019-01-02T15:47:13+00:00\",\"author\":{\"@id\":\"https:\\\/\\\/quehacerpolitico.mx\\\/#\\\/schema\\\/person\\\/496d8ad2d1d3f8036101dca7ee39e585\"},\"breadcrumb\":{\"@id\":\"https:\\\/\\\/quehacerpolitico.mx\\\/?p=13183#breadcrumb\"},\"inLanguage\":\"es\",\"potentialAction\":[{\"@type\":\"ReadAction\",\"target\":[\"https:\\\/\\\/quehacerpolitico.mx\\\/?p=13183\"]}]},{\"@type\":\"ImageObject\",\"inLanguage\":\"es\",\"@id\":\"https:\\\/\\\/quehacerpolitico.mx\\\/?p=13183#primaryimage\",\"url\":\"\",\"contentUrl\":\"\"},{\"@type\":\"BreadcrumbList\",\"@id\":\"https:\\\/\\\/quehacerpolitico.mx\\\/?p=13183#breadcrumb\",\"itemListElement\":[{\"@type\":\"ListItem\",\"position\":1,\"name\":\"Inicio\",\"item\":\"https:\\\/\\\/quehacerpolitico.mx\\\/\"},{\"@type\":\"ListItem\",\"position\":2,\"name\":\"La Edil priista de Tamazola, Oaxaca, renuncia para que el Edil saliente, su cu\u00f1ado, se quede en el cargo\"}]},{\"@type\":\"WebSite\",\"@id\":\"https:\\\/\\\/quehacerpolitico.mx\\\/#website\",\"url\":\"https:\\\/\\\/quehacerpolitico.mx\\\/\",\"name\":\"\",\"description\":\"\",\"potentialAction\":[{\"@type\":\"SearchAction\",\"target\":{\"@type\":\"EntryPoint\",\"urlTemplate\":\"https:\\\/\\\/quehacerpolitico.mx\\\/?s={search_term_string}\"},\"query-input\":{\"@type\":\"PropertyValueSpecification\",\"valueRequired\":true,\"valueName\":\"search_term_string\"}}],\"inLanguage\":\"es\"},{\"@type\":\"Person\",\"@id\":\"https:\\\/\\\/quehacerpolitico.mx\\\/#\\\/schema\\\/person\\\/496d8ad2d1d3f8036101dca7ee39e585\",\"name\":\"Redacci\u00f3n QP\",\"image\":{\"@type\":\"ImageObject\",\"inLanguage\":\"es\",\"@id\":\"https:\\\/\\\/secure.gravatar.com\\\/avatar\\\/c7164ed6fdec453195284ad24a5ae5b6e1eed2b848477fa2a4787ba9adf39a41?s=96&d=mm&r=g\",\"url\":\"https:\\\/\\\/secure.gravatar.com\\\/avatar\\\/c7164ed6fdec453195284ad24a5ae5b6e1eed2b848477fa2a4787ba9adf39a41?s=96&d=mm&r=g\",\"contentUrl\":\"https:\\\/\\\/secure.gravatar.com\\\/avatar\\\/c7164ed6fdec453195284ad24a5ae5b6e1eed2b848477fa2a4787ba9adf39a41?s=96&d=mm&r=g\",\"caption\":\"Redacci\u00f3n QP\"},\"url\":\"https:\\\/\\\/quehacerpolitico.mx\\\/?author=2\"}]}<\/script>\n<!-- \/ Yoast SEO plugin. -->","yoast_head_json":{"title":"La Edil priista de Tamazola, Oaxaca, renuncia para que el Edil saliente, su cu\u00f1ado, se quede en el cargo -","robots":{"index":"index","follow":"follow","max-snippet":"max-snippet:-1","max-image-preview":"max-image-preview:large","max-video-preview":"max-video-preview:-1"},"canonical":"https:\/\/quehacerpolitico.mx\/?p=13183","og_locale":"es_MX","og_type":"article","og_title":"La Edil priista de Tamazola, Oaxaca, renuncia para que el Edil saliente, su cu\u00f1ado, se quede en el cargo -","og_description":"La Edil priista de Tamazola, Oaxaca, renuncia para que el Edil saliente, su cu\u00f1ado, se quede en el cargo Por Redacci\u00f3n QP","og_url":"https:\/\/quehacerpolitico.mx\/?p=13183","article_published_time":"2019-01-02T15:47:13+00:00","author":"Redacci\u00f3n QP","twitter_card":"summary_large_image","twitter_misc":{"Escrito por":"Redacci\u00f3n QP","Tiempo de lectura":"2 minutos"},"schema":{"@context":"https:\/\/schema.org","@graph":[{"@type":"Article","@id":"https:\/\/quehacerpolitico.mx\/?p=13183#article","isPartOf":{"@id":"https:\/\/quehacerpolitico.mx\/?p=13183"},"author":{"name":"Redacci\u00f3n QP","@id":"https:\/\/quehacerpolitico.mx\/#\/schema\/person\/496d8ad2d1d3f8036101dca7ee39e585"},"headline":"La Edil priista de Tamazola, Oaxaca, renuncia para que el Edil saliente, su cu\u00f1ado, se quede en el cargo","datePublished":"2019-01-02T15:47:13+00:00","mainEntityOfPage":{"@id":"https:\/\/quehacerpolitico.mx\/?p=13183"},"wordCount":340,"commentCount":0,"image":{"@id":"https:\/\/quehacerpolitico.mx\/?p=13183#primaryimage"},"thumbnailUrl":"","articleSection":["Noticias"],"inLanguage":"es","potentialAction":[{"@type":"CommentAction","name":"Comment","target":["https:\/\/quehacerpolitico.mx\/?p=13183#respond"]}]},{"@type":"WebPage","@id":"https:\/\/quehacerpolitico.mx\/?p=13183","url":"https:\/\/quehacerpolitico.mx\/?p=13183","name":"La Edil priista de Tamazola, Oaxaca, renuncia para que el Edil saliente, su cu\u00f1ado, se quede en el cargo -","isPartOf":{"@id":"https:\/\/quehacerpolitico.mx\/#website"},"primaryImageOfPage":{"@id":"https:\/\/quehacerpolitico.mx\/?p=13183#primaryimage"},"image":{"@id":"https:\/\/quehacerpolitico.mx\/?p=13183#primaryimage"},"thumbnailUrl":"","datePublished":"2019-01-02T15:47:13+00:00","author":{"@id":"https:\/\/quehacerpolitico.mx\/#\/schema\/person\/496d8ad2d1d3f8036101dca7ee39e585"},"breadcrumb":{"@id":"https:\/\/quehacerpolitico.mx\/?p=13183#breadcrumb"},"inLanguage":"es","potentialAction":[{"@type":"ReadAction","target":["https:\/\/quehacerpolitico.mx\/?p=13183"]}]},{"@type":"ImageObject","inLanguage":"es","@id":"https:\/\/quehacerpolitico.mx\/?p=13183#primaryimage","url":"","contentUrl":""},{"@type":"BreadcrumbList","@id":"https:\/\/quehacerpolitico.mx\/?p=13183#breadcrumb","itemListElement":[{"@type":"ListItem","position":1,"name":"Inicio","item":"https:\/\/quehacerpolitico.mx\/"},{"@type":"ListItem","position":2,"name":"La Edil priista de Tamazola, Oaxaca, renuncia para que el Edil saliente, su cu\u00f1ado, se quede en el cargo"}]},{"@type":"WebSite","@id":"https:\/\/quehacerpolitico.mx\/#website","url":"https:\/\/quehacerpolitico.mx\/","name":"","description":"","potentialAction":[{"@type":"SearchAction","target":{"@type":"EntryPoint","urlTemplate":"https:\/\/quehacerpolitico.mx\/?s={search_term_string}"},"query-input":{"@type":"PropertyValueSpecification","valueRequired":true,"valueName":"search_term_string"}}],"inLanguage":"es"},{"@type":"Person","@id":"https:\/\/quehacerpolitico.mx\/#\/schema\/person\/496d8ad2d1d3f8036101dca7ee39e585","name":"Redacci\u00f3n QP","image":{"@type":"ImageObject","inLanguage":"es","@id":"https:\/\/secure.gravatar.com\/avatar\/c7164ed6fdec453195284ad24a5ae5b6e1eed2b848477fa2a4787ba9adf39a41?s=96&d=mm&r=g","url":"https:\/\/secure.gravatar.com\/avatar\/c7164ed6fdec453195284ad24a5ae5b6e1eed2b848477fa2a4787ba9adf39a41?s=96&d=mm&r=g","contentUrl":"https:\/\/secure.gravatar.com\/avatar\/c7164ed6fdec453195284ad24a5ae5b6e1eed2b848477fa2a4787ba9adf39a41?s=96&d=mm&r=g","caption":"Redacci\u00f3n QP"},"url":"https:\/\/quehacerpolitico.mx\/?author=2"}]}},"featured_image_urls":{"full":"","thumbnail":"","medium":"","medium_large":"","large":"","1536x1536":"","2048x2048":"","covernews-featured":"","covernews-medium":""},"author_info":{"display_name":"Redacci\u00f3n QP","author_link":"https:\/\/quehacerpolitico.mx\/?author=2"},"category_info":"<a href=\"https:\/\/quehacerpolitico.mx\/?cat=2\" rel=\"category\">Noticias<\/a>","tag_info":"Noticias","comment_count":"0","_links":{"self":[{"href":"https:\/\/quehacerpolitico.mx\/index.php?rest_route=\/wp\/v2\/posts\/13183","targetHints":{"allow":["GET"]}}],"collection":[{"href":"https:\/\/quehacerpolitico.mx\/index.php?rest_route=\/wp\/v2\/posts"}],"about":[{"href":"https:\/\/quehacerpolitico.mx\/index.php?rest_route=\/wp\/v2\/types\/post"}],"author":[{"embeddable":true,"href":"https:\/\/quehacerpolitico.mx\/index.php?rest_route=\/wp\/v2\/users\/2"}],"replies":[{"embeddable":true,"href":"https:\/\/quehacerpolitico.mx\/index.php?rest_route=%2Fwp%2Fv2%2Fcomments&post=13183"}],"version-history":[{"count":0,"href":"https:\/\/quehacerpolitico.mx\/index.php?rest_route=\/wp\/v2\/posts\/13183\/revisions"}],"wp:featuredmedia":[{"embeddable":true,"href":"https:\/\/quehacerpolitico.mx\/index.php?rest_route=\/"}],"wp:attachment":[{"href":"https:\/\/quehacerpolitico.mx\/index.php?rest_route=%2Fwp%2Fv2%2Fmedia&parent=13183"}],"wp:term":[{"taxonomy":"category","embeddable":true,"href":"https:\/\/quehacerpolitico.mx\/index.php?rest_route=%2Fwp%2Fv2%2Fcategories&post=13183"},{"taxonomy":"post_tag","embeddable":true,"href":"https:\/\/quehacerpolitico.mx\/index.php?rest_route=%2Fwp%2Fv2%2Ftags&post=13183"}],"curies":[{"name":"wp","href":"https:\/\/api.w.org\/{rel}","templated":true}]}}