{"id":13181,"date":"2019-01-02T15:40:56","date_gmt":"2019-01-02T15:40:56","guid":{"rendered":"http:\/\/quehacerpolitico.mx\/el-sindico-perfecto-hernandez-herido-durante-asesinato-del-edil-de-tlaxiaco-fallece-en-el-hospital\/"},"modified":"2019-01-02T15:40:56","modified_gmt":"2019-01-02T15:40:56","slug":"el-sindico-perfecto-hernandez-herido-durante-asesinato-del-edil-de-tlaxiaco-fallece-en-el-hospital","status":"publish","type":"post","link":"https:\/\/quehacerpolitico.mx\/?p=13181","title":{"rendered":"El s\u00edndico Perfecto Hern\u00e1ndez, herido durante asesinato del Edil de Tlaxiaco, fallece en el hospital"},"content":{"rendered":"<h1>El s\u00edndico Perfecto Hern\u00e1ndez, herido durante asesinato del Edil de Tlaxiaco, fallece en el hospital<\/h1>\n<p>Por Redacci\u00f3n QP<\/p>\n<p>El s\u00edndico de Tlaxiaco, Oaxaca,\u00a0<strong>Perfecto Hern\u00e1ndez Guti\u00e9rrez,<\/strong> falleci\u00f3 a causa de las heridas que sufri\u00f3 durante el ataque armado del pasado martes contra el Alcalde del mismo municipio, Alejandro Aparicio.<\/p>\n<p>Hern\u00e1ndez Guti\u00e9rrez caminaba por calles del municipio con el Alcalde\u00a0<strong>Alejandro Aparicio<\/strong>cuando fueron agredidos a balazos. Durante la agresi\u00f3n tambi\u00e9n result\u00f3 herida la regidora Cleotilde Santos.<\/p>\n<p>Tras el ataque, el Edil y los heridos fueron traslados a un hospital de la zona, donde falleci\u00f3 ayer mismo.<\/p>\n<p>Mientras, la muerte del s\u00edndico fue confirmada esta ma\u00f1ana por el Senador por Morena Salom\u00f3n Jara Cruz en su cuenta de Twitter.<\/p>\n<blockquote class=\"twitter-tweet\" data-width=\"550\" data-dnt=\"true\">\n<p lang=\"es\" dir=\"ltr\">Me acaban de informar que Perfecto Hern\u00e1ndez S\u00edndico Mpal qui\u00e9n acompa\u00f1aba al Presidente Alejandro Aparicio ayer ha fallecido, lamento mucho la muerte de otro compa\u00f1ero de lucha fundador de Morena en Tlaxiaco, mi sentido p\u00e9same a familiares exijo pronta justicia, descanse en paz<\/p>\n<p>&mdash; Salom\u00f3n Jara Cruz (@salomonj) <a href=\"https:\/\/twitter.com\/salomonj\/status\/1080441047765925888?ref_src=twsrc%5Etfw\">January 2, 2019<\/a><\/p><\/blockquote>\n<p><script async src=\"https:\/\/platform.twitter.com\/widgets.js\" charset=\"utf-8\"><\/script><\/p>\n<p>La Fiscal\u00eda General del Estado de Oaxaca detall\u00f3 que los hechos se registraron durante la ma\u00f1ana del martes en el boulevard Oriente, esquina con Per\u00fa en ese municipio, luego de que el Edil rindi\u00f3 protesta como Presidente municipal.<\/p>\n<blockquote class=\"twitter-tweet\" data-width=\"550\" data-dnt=\"true\">\n<p lang=\"es\" dir=\"ltr\">Me acaban de informar que Perfecto Hern\u00e1ndez S\u00edndico Mpal qui\u00e9n acompa\u00f1aba al Presidente Alejandro Aparicio ayer ha fallecido, lamento mucho la muerte de otro compa\u00f1ero de lucha fundador de Morena en Tlaxiaco, mi sentido p\u00e9same a familiares exijo pronta justicia, descanse en paz<\/p>\n<p>&mdash; Salom\u00f3n Jara Cruz (@salomonj) <a href=\"https:\/\/twitter.com\/salomonj\/status\/1080441047765925888?ref_src=twsrc%5Etfw\">January 2, 2019<\/a><\/p><\/blockquote>\n<p><script async src=\"https:\/\/platform.twitter.com\/widgets.js\" charset=\"utf-8\"><\/script><\/p>\n<p>Detall\u00f3 que el Edil se dirig\u00eda a una reuni\u00f3n a las oficinas del Ayuntamiento y en el recorrido fue agredido por sujetos desconocidos con disparos de arma de fuego.<\/p>\n<p><strong>EL PRESIDENTE LAMENTA ASESINATO<\/strong><\/p>\n<p>El Presidente Andr\u00e9s Manuel L\u00f3pez Obrador expres\u00f3 esta ma\u00f1ana su \u201ctristeza\u201d por el homicidio ayer del Alcalde de Tlaxiaco, Oaxaca, Alejandro Aparicio Santiago, quien fue asesinado a balazos s\u00f3lo unos momentos despu\u00e9s de haber tomado protesta en el cargo.<\/p>\n<p>\u201cQuiero comentarles que lament\u00e9 mucho, me entristeci\u00f3 el asesinato del presidente municipal de Tlaxiaco\u201d, dijo durante su conferencia de prensa matutina.<\/p>\n<blockquote>\n<p>\u201cLo conoc\u00ed, estaba en Tlaxiaco, me he quedado a dormir en Tlaxico 20 veces, en todas las comunidades y pueblos\u201d, agreg\u00f3.<\/p>\n<\/blockquote>\n<p>L\u00f3pez Obrador inform\u00f3 que ayer habl\u00f3 con la esposa del Edil, a quien identific\u00f3 como Victoria. \u201cLe extern\u00e9 mi p\u00e9same, y al mismo tiempo habl\u00e9 con el Gobernador de Oaxaca para que se actuara\u201d, indic\u00f3.<\/p>\n","protected":false},"excerpt":{"rendered":"<p>El s\u00edndico Perfecto Hern\u00e1ndez, herido durante asesinato del Edil de Tlaxiaco, fallece en el hospital<br \/>\nPor Redacci\u00f3n QP<\/p>\n","protected":false},"author":2,"featured_media":13180,"comment_status":"open","ping_status":"open","sticky":false,"template":"","format":"standard","meta":{"_monsterinsights_skip_tracking":false,"_monsterinsights_sitenote_active":false,"_monsterinsights_sitenote_note":"","_monsterinsights_sitenote_category":0,"footnotes":""},"categories":[2],"tags":[],"class_list":["post-13181","post","type-post","status-publish","format-standard","has-post-thumbnail","hentry","category-noticias"],"yoast_head":"<!-- This site is optimized with the Yoast SEO plugin v27.3 - https:\/\/yoast.com\/product\/yoast-seo-wordpress\/ -->\n<title>El s\u00edndico Perfecto Hern\u00e1ndez, herido durante asesinato del Edil de Tlaxiaco, fallece en el hospital -<\/title>\n<meta name=\"robots\" content=\"index, follow, max-snippet:-1, max-image-preview:large, max-video-preview:-1\" \/>\n<link rel=\"canonical\" href=\"https:\/\/quehacerpolitico.mx\/?p=13181\" \/>\n<meta property=\"og:locale\" content=\"es_MX\" \/>\n<meta property=\"og:type\" content=\"article\" \/>\n<meta property=\"og:title\" content=\"El s\u00edndico Perfecto Hern\u00e1ndez, herido durante asesinato del Edil de Tlaxiaco, fallece en el hospital -\" \/>\n<meta property=\"og:description\" content=\"El s\u00edndico Perfecto Hern\u00e1ndez, herido durante asesinato del Edil de Tlaxiaco, fallece en el hospital Por Redacci\u00f3n QP\" \/>\n<meta property=\"og:url\" content=\"https:\/\/quehacerpolitico.mx\/?p=13181\" \/>\n<meta property=\"article:published_time\" content=\"2019-01-02T15:40:56+00:00\" \/>\n<meta name=\"author\" content=\"Redacci\u00f3n QP\" \/>\n<meta name=\"twitter:card\" content=\"summary_large_image\" \/>\n<meta name=\"twitter:label1\" content=\"Escrito por\" \/>\n\t<meta name=\"twitter:data1\" content=\"Redacci\u00f3n QP\" \/>\n\t<meta name=\"twitter:label2\" content=\"Tiempo de lectura\" \/>\n\t<meta name=\"twitter:data2\" content=\"2 minutos\" \/>\n<script type=\"application\/ld+json\" class=\"yoast-schema-graph\">{\"@context\":\"https:\\\/\\\/schema.org\",\"@graph\":[{\"@type\":\"Article\",\"@id\":\"https:\\\/\\\/quehacerpolitico.mx\\\/?p=13181#article\",\"isPartOf\":{\"@id\":\"https:\\\/\\\/quehacerpolitico.mx\\\/?p=13181\"},\"author\":{\"name\":\"Redacci\u00f3n QP\",\"@id\":\"https:\\\/\\\/quehacerpolitico.mx\\\/#\\\/schema\\\/person\\\/496d8ad2d1d3f8036101dca7ee39e585\"},\"headline\":\"El s\u00edndico Perfecto Hern\u00e1ndez, herido durante asesinato del Edil de Tlaxiaco, fallece en el hospital\",\"datePublished\":\"2019-01-02T15:40:56+00:00\",\"mainEntityOfPage\":{\"@id\":\"https:\\\/\\\/quehacerpolitico.mx\\\/?p=13181\"},\"wordCount\":356,\"commentCount\":0,\"image\":{\"@id\":\"https:\\\/\\\/quehacerpolitico.mx\\\/?p=13181#primaryimage\"},\"thumbnailUrl\":\"\",\"articleSection\":[\"Noticias\"],\"inLanguage\":\"es\",\"potentialAction\":[{\"@type\":\"CommentAction\",\"name\":\"Comment\",\"target\":[\"https:\\\/\\\/quehacerpolitico.mx\\\/?p=13181#respond\"]}]},{\"@type\":\"WebPage\",\"@id\":\"https:\\\/\\\/quehacerpolitico.mx\\\/?p=13181\",\"url\":\"https:\\\/\\\/quehacerpolitico.mx\\\/?p=13181\",\"name\":\"El s\u00edndico Perfecto Hern\u00e1ndez, herido durante asesinato del Edil de Tlaxiaco, fallece en el hospital -\",\"isPartOf\":{\"@id\":\"https:\\\/\\\/quehacerpolitico.mx\\\/#website\"},\"primaryImageOfPage\":{\"@id\":\"https:\\\/\\\/quehacerpolitico.mx\\\/?p=13181#primaryimage\"},\"image\":{\"@id\":\"https:\\\/\\\/quehacerpolitico.mx\\\/?p=13181#primaryimage\"},\"thumbnailUrl\":\"\",\"datePublished\":\"2019-01-02T15:40:56+00:00\",\"author\":{\"@id\":\"https:\\\/\\\/quehacerpolitico.mx\\\/#\\\/schema\\\/person\\\/496d8ad2d1d3f8036101dca7ee39e585\"},\"breadcrumb\":{\"@id\":\"https:\\\/\\\/quehacerpolitico.mx\\\/?p=13181#breadcrumb\"},\"inLanguage\":\"es\",\"potentialAction\":[{\"@type\":\"ReadAction\",\"target\":[\"https:\\\/\\\/quehacerpolitico.mx\\\/?p=13181\"]}]},{\"@type\":\"ImageObject\",\"inLanguage\":\"es\",\"@id\":\"https:\\\/\\\/quehacerpolitico.mx\\\/?p=13181#primaryimage\",\"url\":\"\",\"contentUrl\":\"\"},{\"@type\":\"BreadcrumbList\",\"@id\":\"https:\\\/\\\/quehacerpolitico.mx\\\/?p=13181#breadcrumb\",\"itemListElement\":[{\"@type\":\"ListItem\",\"position\":1,\"name\":\"Inicio\",\"item\":\"https:\\\/\\\/quehacerpolitico.mx\\\/\"},{\"@type\":\"ListItem\",\"position\":2,\"name\":\"El s\u00edndico Perfecto Hern\u00e1ndez, herido durante asesinato del Edil de Tlaxiaco, fallece en el hospital\"}]},{\"@type\":\"WebSite\",\"@id\":\"https:\\\/\\\/quehacerpolitico.mx\\\/#website\",\"url\":\"https:\\\/\\\/quehacerpolitico.mx\\\/\",\"name\":\"\",\"description\":\"\",\"potentialAction\":[{\"@type\":\"SearchAction\",\"target\":{\"@type\":\"EntryPoint\",\"urlTemplate\":\"https:\\\/\\\/quehacerpolitico.mx\\\/?s={search_term_string}\"},\"query-input\":{\"@type\":\"PropertyValueSpecification\",\"valueRequired\":true,\"valueName\":\"search_term_string\"}}],\"inLanguage\":\"es\"},{\"@type\":\"Person\",\"@id\":\"https:\\\/\\\/quehacerpolitico.mx\\\/#\\\/schema\\\/person\\\/496d8ad2d1d3f8036101dca7ee39e585\",\"name\":\"Redacci\u00f3n QP\",\"image\":{\"@type\":\"ImageObject\",\"inLanguage\":\"es\",\"@id\":\"https:\\\/\\\/secure.gravatar.com\\\/avatar\\\/c7164ed6fdec453195284ad24a5ae5b6e1eed2b848477fa2a4787ba9adf39a41?s=96&d=mm&r=g\",\"url\":\"https:\\\/\\\/secure.gravatar.com\\\/avatar\\\/c7164ed6fdec453195284ad24a5ae5b6e1eed2b848477fa2a4787ba9adf39a41?s=96&d=mm&r=g\",\"contentUrl\":\"https:\\\/\\\/secure.gravatar.com\\\/avatar\\\/c7164ed6fdec453195284ad24a5ae5b6e1eed2b848477fa2a4787ba9adf39a41?s=96&d=mm&r=g\",\"caption\":\"Redacci\u00f3n QP\"},\"url\":\"https:\\\/\\\/quehacerpolitico.mx\\\/?author=2\"}]}<\/script>\n<!-- \/ Yoast SEO plugin. -->","yoast_head_json":{"title":"El s\u00edndico Perfecto Hern\u00e1ndez, herido durante asesinato del Edil de Tlaxiaco, fallece en el hospital -","robots":{"index":"index","follow":"follow","max-snippet":"max-snippet:-1","max-image-preview":"max-image-preview:large","max-video-preview":"max-video-preview:-1"},"canonical":"https:\/\/quehacerpolitico.mx\/?p=13181","og_locale":"es_MX","og_type":"article","og_title":"El s\u00edndico Perfecto Hern\u00e1ndez, herido durante asesinato del Edil de Tlaxiaco, fallece en el hospital -","og_description":"El s\u00edndico Perfecto Hern\u00e1ndez, herido durante asesinato del Edil de Tlaxiaco, fallece en el hospital Por Redacci\u00f3n QP","og_url":"https:\/\/quehacerpolitico.mx\/?p=13181","article_published_time":"2019-01-02T15:40:56+00:00","author":"Redacci\u00f3n QP","twitter_card":"summary_large_image","twitter_misc":{"Escrito por":"Redacci\u00f3n QP","Tiempo de lectura":"2 minutos"},"schema":{"@context":"https:\/\/schema.org","@graph":[{"@type":"Article","@id":"https:\/\/quehacerpolitico.mx\/?p=13181#article","isPartOf":{"@id":"https:\/\/quehacerpolitico.mx\/?p=13181"},"author":{"name":"Redacci\u00f3n QP","@id":"https:\/\/quehacerpolitico.mx\/#\/schema\/person\/496d8ad2d1d3f8036101dca7ee39e585"},"headline":"El s\u00edndico Perfecto Hern\u00e1ndez, herido durante asesinato del Edil de Tlaxiaco, fallece en el hospital","datePublished":"2019-01-02T15:40:56+00:00","mainEntityOfPage":{"@id":"https:\/\/quehacerpolitico.mx\/?p=13181"},"wordCount":356,"commentCount":0,"image":{"@id":"https:\/\/quehacerpolitico.mx\/?p=13181#primaryimage"},"thumbnailUrl":"","articleSection":["Noticias"],"inLanguage":"es","potentialAction":[{"@type":"CommentAction","name":"Comment","target":["https:\/\/quehacerpolitico.mx\/?p=13181#respond"]}]},{"@type":"WebPage","@id":"https:\/\/quehacerpolitico.mx\/?p=13181","url":"https:\/\/quehacerpolitico.mx\/?p=13181","name":"El s\u00edndico Perfecto Hern\u00e1ndez, herido durante asesinato del Edil de Tlaxiaco, fallece en el hospital -","isPartOf":{"@id":"https:\/\/quehacerpolitico.mx\/#website"},"primaryImageOfPage":{"@id":"https:\/\/quehacerpolitico.mx\/?p=13181#primaryimage"},"image":{"@id":"https:\/\/quehacerpolitico.mx\/?p=13181#primaryimage"},"thumbnailUrl":"","datePublished":"2019-01-02T15:40:56+00:00","author":{"@id":"https:\/\/quehacerpolitico.mx\/#\/schema\/person\/496d8ad2d1d3f8036101dca7ee39e585"},"breadcrumb":{"@id":"https:\/\/quehacerpolitico.mx\/?p=13181#breadcrumb"},"inLanguage":"es","potentialAction":[{"@type":"ReadAction","target":["https:\/\/quehacerpolitico.mx\/?p=13181"]}]},{"@type":"ImageObject","inLanguage":"es","@id":"https:\/\/quehacerpolitico.mx\/?p=13181#primaryimage","url":"","contentUrl":""},{"@type":"BreadcrumbList","@id":"https:\/\/quehacerpolitico.mx\/?p=13181#breadcrumb","itemListElement":[{"@type":"ListItem","position":1,"name":"Inicio","item":"https:\/\/quehacerpolitico.mx\/"},{"@type":"ListItem","position":2,"name":"El s\u00edndico Perfecto Hern\u00e1ndez, herido durante asesinato del Edil de Tlaxiaco, fallece en el hospital"}]},{"@type":"WebSite","@id":"https:\/\/quehacerpolitico.mx\/#website","url":"https:\/\/quehacerpolitico.mx\/","name":"","description":"","potentialAction":[{"@type":"SearchAction","target":{"@type":"EntryPoint","urlTemplate":"https:\/\/quehacerpolitico.mx\/?s={search_term_string}"},"query-input":{"@type":"PropertyValueSpecification","valueRequired":true,"valueName":"search_term_string"}}],"inLanguage":"es"},{"@type":"Person","@id":"https:\/\/quehacerpolitico.mx\/#\/schema\/person\/496d8ad2d1d3f8036101dca7ee39e585","name":"Redacci\u00f3n QP","image":{"@type":"ImageObject","inLanguage":"es","@id":"https:\/\/secure.gravatar.com\/avatar\/c7164ed6fdec453195284ad24a5ae5b6e1eed2b848477fa2a4787ba9adf39a41?s=96&d=mm&r=g","url":"https:\/\/secure.gravatar.com\/avatar\/c7164ed6fdec453195284ad24a5ae5b6e1eed2b848477fa2a4787ba9adf39a41?s=96&d=mm&r=g","contentUrl":"https:\/\/secure.gravatar.com\/avatar\/c7164ed6fdec453195284ad24a5ae5b6e1eed2b848477fa2a4787ba9adf39a41?s=96&d=mm&r=g","caption":"Redacci\u00f3n QP"},"url":"https:\/\/quehacerpolitico.mx\/?author=2"}]}},"featured_image_urls":{"full":"","thumbnail":"","medium":"","medium_large":"","large":"","1536x1536":"","2048x2048":"","covernews-featured":"","covernews-medium":""},"author_info":{"display_name":"Redacci\u00f3n QP","author_link":"https:\/\/quehacerpolitico.mx\/?author=2"},"category_info":"<a href=\"https:\/\/quehacerpolitico.mx\/?cat=2\" rel=\"category\">Noticias<\/a>","tag_info":"Noticias","comment_count":"0","_links":{"self":[{"href":"https:\/\/quehacerpolitico.mx\/index.php?rest_route=\/wp\/v2\/posts\/13181","targetHints":{"allow":["GET"]}}],"collection":[{"href":"https:\/\/quehacerpolitico.mx\/index.php?rest_route=\/wp\/v2\/posts"}],"about":[{"href":"https:\/\/quehacerpolitico.mx\/index.php?rest_route=\/wp\/v2\/types\/post"}],"author":[{"embeddable":true,"href":"https:\/\/quehacerpolitico.mx\/index.php?rest_route=\/wp\/v2\/users\/2"}],"replies":[{"embeddable":true,"href":"https:\/\/quehacerpolitico.mx\/index.php?rest_route=%2Fwp%2Fv2%2Fcomments&post=13181"}],"version-history":[{"count":0,"href":"https:\/\/quehacerpolitico.mx\/index.php?rest_route=\/wp\/v2\/posts\/13181\/revisions"}],"wp:featuredmedia":[{"embeddable":true,"href":"https:\/\/quehacerpolitico.mx\/index.php?rest_route=\/"}],"wp:attachment":[{"href":"https:\/\/quehacerpolitico.mx\/index.php?rest_route=%2Fwp%2Fv2%2Fmedia&parent=13181"}],"wp:term":[{"taxonomy":"category","embeddable":true,"href":"https:\/\/quehacerpolitico.mx\/index.php?rest_route=%2Fwp%2Fv2%2Fcategories&post=13181"},{"taxonomy":"post_tag","embeddable":true,"href":"https:\/\/quehacerpolitico.mx\/index.php?rest_route=%2Fwp%2Fv2%2Ftags&post=13181"}],"curies":[{"name":"wp","href":"https:\/\/api.w.org\/{rel}","templated":true}]}}