{"id":13171,"date":"2019-01-02T15:07:40","date_gmt":"2019-01-02T15:07:40","guid":{"rendered":"http:\/\/quehacerpolitico.mx\/yo-no-tengo-ningun-conflicto-con-el-subcomandante-marcos-galeano-la-ultima-vez-que-lo-vi-fue-cuando-iba-a-entrar-a-dirigir-el-prd-ya-tiene-anos-ademas-mi-trabajo-hoy-me-obliga-a-buscar-la-reconci\/"},"modified":"2019-01-02T15:07:40","modified_gmt":"2019-01-02T15:07:40","slug":"yo-no-tengo-ningun-conflicto-con-el-subcomandante-marcos-galeano-la-ultima-vez-que-lo-vi-fue-cuando-iba-a-entrar-a-dirigir-el-prd-ya-tiene-anos-ademas-mi-trabajo-hoy-me-obliga-a-buscar-la-reconci","status":"publish","type":"post","link":"https:\/\/quehacerpolitico.mx\/?p=13171","title":{"rendered":"Yo no tengo ning\u00fan conflicto con el Subcomandante Marcos (Galeano). La \u00faltima vez que lo vi fue cuando iba a entrar a dirigir el PRD. Ya tiene a\u00f1os. Adem\u00e1s mi trabajo hoy me obliga a buscar la reconciliaci\u00f3n, aunque eso no me obliga a quedarme callado&#8217;, dice el Presidente AMLO"},"content":{"rendered":"<p>Yo no tengo ning\u00fan conflicto con el Subcomandante Marcos (Galeano). La \u00faltima vez que lo vi fue cuando iba a entrar a dirigir el PRD. Ya tiene a\u00f1os. Adem\u00e1s mi trabajo hoy me obliga a buscar la reconciliaci\u00f3n, aunque eso no me obliga a quedarme callado&#8217;, dice el Presidente AMLO<\/p>\n<p>Por Redacci\u00f3n QP<\/p>\n<p><strong>Andr\u00e9s Manuel L\u00f3pez Obrador<\/strong>, <strong>Presidente de M\u00e9xico<\/strong>, fue cuestionado esta ma\u00f1ana por los medios de comunicaci\u00f3n sobre las declaraciones del Ej\u00e9rcito Zapatista de Liberaci\u00f3n Nacional (<strong>EZLN<\/strong>), que ayer, en el marco del 25 aniversario de su levantamiento armado en Chiapas, declar\u00f3 que no permitir\u00e1 que avancen proyectos como el del Tren Maya. L\u00f3pez Obrador reiter\u00f3 que no entrar\u00e1 en confrontaciones y que su \u00fanico enemigo es \u201cla crisis de M\u00e9xico\u201d.<\/p>\n<p>\u201cExpreso mi <strong>respeto a sus planes<\/strong>, programas, a sus decisiones. Vivimos en un pa\u00eds libre, <strong>no hay represi\u00f3n<\/strong>, <strong>no hay censura<\/strong>. \u00bfQui\u00e9n califica? El ciudadano. <strong>No vamos nosotros a enfrentarnos a ning\u00fan grupo<\/strong>, nosotros queremos la paz y reconciliaci\u00f3n\u201d, dijo el Jefe del Ejecutivo federal en su primera conferencia matutina de 2019.<\/p>\n<p>L\u00f3pez Obrador consider\u00f3 que hay diferencias pero eso no significa que \u201cse vaya a caer en una confrontaci\u00f3n o en un pleito\u201d.<\/p>\n<p>Tambi\u00e9n asegur\u00f3 que el adversario a vencer y enfrentar todos los d\u00edas \u201cese adversario ni si quiera, ah\u00ed s\u00ed yo creo ese <strong>enemigo de M\u00e9xico<\/strong>es <strong>la crisis de M\u00e9xico<\/strong>\u201d.<\/p>\n<p>\u201cAh\u00ed me estoy ocupando. Aunque quieran confrontarnos no va a haber respuesta. Amor y paz\u201d, a\u00f1adi\u00f3.<\/p>\n<p>El Ej\u00e9rcito Zapatista de Liberaci\u00f3n Nacional (EZLN) advirti\u00f3 ayer que se opondr\u00e1 a los megaproyectos impulsados por el Gobierno del Presidente Andr\u00e9s Manuel L\u00f3pez Obrador, como el Tren Maya. Durante el festejo del 25 aniversario de su levantamiento llam\u00f3 al mandatario mexicano \u201cma\u00f1oso\u201d y \u201ctramposo\u201d con los pueblos originarios.<\/p>\n<p>Desde La Realidad, sede del Caracol \u201cMadre de los caracoles del mar de nuestro sue\u00f1os\u201d, el subcomandante Mois\u00e9s dijo que el EZLN no le teme al nuevo Gobierno.<\/p>\n<p>\u201cVamos a pelear, no vamos a permitir su proyecto de destrucci\u00f3n, no le tenemos miedo a su guardia nacional, que le cambio de nombre al ej\u00e9rcito y son los mismos\u201d, dijo el subcomandante.<\/p>\n<blockquote><p>\u201cEl que est\u00e1 en el poder es un ma\u00f1oso, un tramposo, nosotros como pueblos originarios no le creemos que pidi\u00f3 permiso para que le vaya bien a M\u00e9xico, pidi\u00f3 permiso para destruir a los pueblos originarios\u201d, dijo el subcomandante Mois\u00e9s y consider\u00f3 que el 1 de diciembre, durante su mensaje en el Z\u00f3calo tras su toma de protesta, L\u00f3pez Obrador haya echado mano de los usos y costumbres de los pueblos originarios para simular.<\/p>\n<p>\u201cVamos a defender lo que hemos construido. Estamos demostr\u00e1ndole al pueblo de M\u00e9xico y al mundo que somos nosotros los que estamos construyendo; mujeres y hombres no vamos a permitir a que venga a destruirnos\u201d, a\u00f1adi\u00f3.<\/p>\n<p>El comandante zapatista tambi\u00e9n habl\u00f3 de la creaci\u00f3n de la Guardia Nacional y consider\u00f3 que se trata s\u00f3lo de un cambio de nombre pero que siguen siendo los mismos militares.<\/p>\n<p>Y lanz\u00f3 fuertes cr\u00edticas a L\u00f3pez Obrador al sostener que su Gobierno no tendr\u00e1 incondicionales y todo el Congreso est\u00e1 lleno de ellos.<\/p>\n<blockquote><p>\u201cTodos tenemos derecho a manifestarnos y somos respetuosos del derecho a disentir\u201d, dijo. \u201cNo pasa nada. El cambio signific\u00f3 mucha responsabilidad ciudadana, implic\u00f3 responsabilidad de todos\u201d, agreg\u00f3. . Y reiter\u00f3 que est\u00e1 abierto al di\u00e1logo en todos los casos, y que todos tienen derecho a una audiencia.<\/p><\/blockquote>\n<div id=\"attachment_3517585\" class=\"wp-caption aligncenter\">\n<p><a href=\"https:\/\/www.sinembargo.mx\/wp-content\/uploads\/2019\/01\/image-2019-01-02-082742.jpg\" data-src=\"https:\/\/www.sinembargo.mx\/wp-content\/uploads\/2019\/01\/image-2019-01-02-082742.jpg\" data-thumb=\"https:\/\/www.sinembargo.mx\/wp-content\/uploads\/2019\/01\/image-2019-01-02-082742.jpg\" class=\"ml-lightbox-enabled\"><img loading=\"lazy\" decoding=\"async\" class=\"size-full wp-image-3517585\" src=\"https:\/\/www.sinembargo.mx\/wp-content\/uploads\/2019\/01\/image-2019-01-02-082742.jpg\" sizes=\"auto, (max-width: 700px) 100vw, 700px\" srcset=\"https:\/\/www.sinembargo.mx\/wp-content\/uploads\/2019\/01\/image-2019-01-02-082742.jpg 700w, https:\/\/www.sinembargo.mx\/wp-content\/uploads\/2019\/01\/image-2019-01-02-082742-300x190.jpg 300w\" alt=\"\" width=\"700\" height=\"444\" \/><\/a><\/p>\n<p class=\"wp-caption-text\">\u201cEspero que se entienda que si respondo es porque tambi\u00e9n tengo sentimientos. Soy como cualquier otra persona, no soy una barra de hielo. Tengo convicciones, tengo principios, soy amante de la libertad, no me gusta el sometimiento, el quedarme callado\u201d, dijo AMLO este mi\u00e9rcoles. Foto: Captura de pantalla<\/p>\n<\/div>\n<p><strong>NO HAY PROBLEMA CON OPOSITORES<\/strong>: L\u00f3pez Obrador fue cuestionado si tiene alg\u00fan problema con el Comandante Galeano [antes Marcos] y quien es l\u00edder del EZLN. El Presidente recalc\u00f3 que no tiene ninguna discrepancia con \u00e9l, ni con dirigentes sociales, empresariales, ni con los que \u00e9l antes llamaba \u201cmafia del poder\u201d.<\/p>\n<p>\u201cYo no tengo conflictos con el subcomandante Marcos. Lo vi cuando estaba yo por entrar a dirigir el PRD, ya tiene alg\u00fan tiempo, lo vi en San Crist\u00f3bal la \u00faltima vez. Antes tambi\u00e9n lo vi en Guadalupe Tepeyac. Lo he visto dos veces, o tres\u201d, detall\u00f3.<\/p>\n<blockquote><p>\u201cPero no tengo ning\u00fan problema con \u00e9l, ni con ning\u00fan dirigente del zapatismo. No tengo yo diferencias con dirigentes sociales, de movimientos pol\u00edticos. Bueno, ni con los que antes llamaba yo de alguna manera [\u201cmafia del poder\u201d], ya ni si quiera tengo problemas con nadie\u201d, destac\u00f3.<\/p><\/blockquote>\n<p>AMLO dijo que ahora como Presidente su puesto le obliga llamar a la reconciliaci\u00f3n, pero asegur\u00f3 que eso \u201cno significa silencio, quedarme callado\u201d.<\/p>\n<blockquote><p>\u201cYo espero que se entienda que si respondo es porque tambi\u00e9n tengo sentimientos. Soy como cualquier otra persona, no soy una barra de hielo. Tengo convicciones, tengo principios, soy amante de la libertad, no me gusta el sometimiento, el quedarme callado\u201d, destac\u00f3.<\/p><\/blockquote>\n<p>El Presidente reiter\u00f3: \u201cNo tengo diferencias con Marcos, no tengo diferencias con los dirigentes del sector empresarial. No tengo diferencias de pleito personal. Mucho menos de odio, con los conservadores\u201d.<\/p>\n<p>\u201cS\u00ed les digo sus cosas porque creen ellos que tienen el derecho nada m\u00e1s de estar cuestionando y que nadie les diga nada. Debe haber este debate, sano\u201d, a\u00f1adi\u00f3.<\/p>\n<div id=\"attachment_3462267\" class=\"wp-caption aligncenter\">\n<p><a href=\"https:\/\/www.sinembargo.mx\/wp-content\/uploads\/2018\/08\/aniversario_caracoles_ezln-2.jpg\" data-src=\"https:\/\/www.sinembargo.mx\/wp-content\/uploads\/2018\/08\/aniversario_caracoles_ezln-2.jpg\" data-thumb=\"https:\/\/www.sinembargo.mx\/wp-content\/uploads\/2018\/08\/aniversario_caracoles_ezln-2.jpg\" class=\"ml-lightbox-enabled\"><img loading=\"lazy\" decoding=\"async\" class=\"size-full wp-image-3462267\" src=\"https:\/\/www.sinembargo.mx\/wp-content\/uploads\/2018\/08\/aniversario_caracoles_ezln-2.jpg\" sizes=\"auto, (max-width: 700px) 100vw, 700px\" srcset=\"https:\/\/www.sinembargo.mx\/wp-content\/uploads\/2018\/08\/aniversario_caracoles_ezln-2.jpg 700w, https:\/\/www.sinembargo.mx\/wp-content\/uploads\/2018\/08\/aniversario_caracoles_ezln-2-300x200.jpg 300w\" alt=\"\" width=\"700\" height=\"467\" \/><\/a><\/p>\n<p class=\"wp-caption-text\">\u201cNo tengo diferencias con Marcos, no tengo diferencias con los dirigentes del sector empresarial. No tengo diferencias de pleito personal. Mucho menos de odio, con los conservadores\u201d, dijo L\u00f3pez Obrador este mi\u00e9rcoles en Palacio Nacional. Foto: Carlos Ogaz, Cuartoscuro<\/p>\n<\/div>\n<p><strong>SOBRE LOS AVANCES HACIA 2019<\/strong>: El Presidente Andr\u00e9s Manuel L\u00f3pez Obrador reiter\u00f3 esta ma\u00f1ana que piensa que este 2019 le ir\u00e1 muy bien al pa\u00eds.<\/p>\n<p>\u201cYo pienso que nos va a ir muy bien este a\u00f1o, estoy optimista, porque, lo mencion\u00e9 ayer, hay condiciones inmejorables para conseguir\u201d, dijo en su conferencia de prensa esta ma\u00f1ana.<\/p>\n<p>Destac\u00f3 que su Gobierno busca \u201cque haya empleos, que haya buenos salarios, que mejoren las condiciones de vida, es decir que se garantice el derecho a la educaci\u00f3n, a la salud, y que se consiga la paz en el pa\u00eds\u201d.<\/p>\n<p>\u201cEstamos trabajando con ese prop\u00f3sito y vamos bien\u201d, destac\u00f3.<\/p>\n<blockquote><p>\u201cPuedo asegurar que existe equilibrios macroecon\u00f3micos no tenemos ninguna se\u00f1al de que caigamos en crisis financiera. Por el contrario, en el mes que llevamos y dos d\u00edas se ha fortalecido nuestro moneda, la bolsa se mantiene estable, a pesar de que las bolsas en otros pa\u00edses han tenido dificultad\u201d, agreg\u00f3.<\/p>\n<p>https:\/\/www.facebook.com\/lopezobrador.org.mx\/videos\/426939927844200\/<\/p><\/blockquote>\n<\/blockquote>\n","protected":false},"excerpt":{"rendered":"<p>Yo no tengo ning\u00fan conflicto con el Subcomandante Marcos (Galeano). La \u00faltima vez que lo vi fue cuando iba a entrar a dirigir el PRD. Ya tiene a\u00f1os. Adem\u00e1s mi trabajo hoy me obliga a buscar la reconciliaci\u00f3n, aunque eso no me obliga a quedarme callado&#8217;, dice el Presidente AMLO<br \/>\nPor Redacci\u00f3n QP<\/p>\n","protected":false},"author":2,"featured_media":13174,"comment_status":"open","ping_status":"open","sticky":false,"template":"","format":"standard","meta":{"_monsterinsights_skip_tracking":false,"_monsterinsights_sitenote_active":false,"_monsterinsights_sitenote_note":"","_monsterinsights_sitenote_category":0,"footnotes":""},"categories":[2],"tags":[],"class_list":["post-13171","post","type-post","status-publish","format-standard","has-post-thumbnail","hentry","category-noticias"],"yoast_head":"<!-- This site is optimized with the Yoast SEO plugin v27.3 - https:\/\/yoast.com\/product\/yoast-seo-wordpress\/ -->\n<title>Yo no tengo ning\u00fan conflicto con el Subcomandante Marcos (Galeano). La \u00faltima vez que lo vi fue cuando iba a entrar a dirigir el PRD. Ya tiene a\u00f1os. Adem\u00e1s mi trabajo hoy me obliga a buscar la reconciliaci\u00f3n, aunque eso no me obliga a quedarme callado&#039;, dice el Presidente AMLO -<\/title>\n<meta name=\"robots\" content=\"index, follow, max-snippet:-1, max-image-preview:large, max-video-preview:-1\" \/>\n<link rel=\"canonical\" href=\"https:\/\/quehacerpolitico.mx\/?p=13171\" \/>\n<meta property=\"og:locale\" content=\"es_MX\" \/>\n<meta property=\"og:type\" content=\"article\" \/>\n<meta property=\"og:title\" content=\"Yo no tengo ning\u00fan conflicto con el Subcomandante Marcos (Galeano). La \u00faltima vez que lo vi fue cuando iba a entrar a dirigir el PRD. Ya tiene a\u00f1os. Adem\u00e1s mi trabajo hoy me obliga a buscar la reconciliaci\u00f3n, aunque eso no me obliga a quedarme callado&#039;, dice el Presidente AMLO -\" \/>\n<meta property=\"og:description\" content=\"Yo no tengo ning\u00fan conflicto con el Subcomandante Marcos (Galeano). La \u00faltima vez que lo vi fue cuando iba a entrar a dirigir el PRD. Ya tiene a\u00f1os. Adem\u00e1s mi trabajo hoy me obliga a buscar la reconciliaci\u00f3n, aunque eso no me obliga a quedarme callado&#039;, dice el Presidente AMLO Por Redacci\u00f3n QP\" \/>\n<meta property=\"og:url\" content=\"https:\/\/quehacerpolitico.mx\/?p=13171\" \/>\n<meta property=\"article:published_time\" content=\"2019-01-02T15:07:40+00:00\" \/>\n<meta name=\"author\" content=\"Redacci\u00f3n QP\" \/>\n<meta name=\"twitter:card\" content=\"summary_large_image\" \/>\n<meta name=\"twitter:label1\" content=\"Escrito por\" \/>\n\t<meta name=\"twitter:data1\" content=\"Redacci\u00f3n QP\" \/>\n\t<meta name=\"twitter:label2\" content=\"Tiempo de lectura\" \/>\n\t<meta name=\"twitter:data2\" content=\"6 minutos\" \/>\n<script type=\"application\/ld+json\" class=\"yoast-schema-graph\">{\"@context\":\"https:\\\/\\\/schema.org\",\"@graph\":[{\"@type\":\"Article\",\"@id\":\"https:\\\/\\\/quehacerpolitico.mx\\\/?p=13171#article\",\"isPartOf\":{\"@id\":\"https:\\\/\\\/quehacerpolitico.mx\\\/?p=13171\"},\"author\":{\"name\":\"Redacci\u00f3n QP\",\"@id\":\"https:\\\/\\\/quehacerpolitico.mx\\\/#\\\/schema\\\/person\\\/496d8ad2d1d3f8036101dca7ee39e585\"},\"headline\":\"Yo no tengo ning\u00fan conflicto con el Subcomandante Marcos (Galeano). La \u00faltima vez que lo vi fue cuando iba a entrar a dirigir el PRD. Ya tiene a\u00f1os. Adem\u00e1s mi trabajo hoy me obliga a buscar la reconciliaci\u00f3n, aunque eso no me obliga a quedarme callado&#8217;, dice el Presidente AMLO\",\"datePublished\":\"2019-01-02T15:07:40+00:00\",\"mainEntityOfPage\":{\"@id\":\"https:\\\/\\\/quehacerpolitico.mx\\\/?p=13171\"},\"wordCount\":1203,\"commentCount\":0,\"image\":{\"@id\":\"https:\\\/\\\/quehacerpolitico.mx\\\/?p=13171#primaryimage\"},\"thumbnailUrl\":\"\",\"articleSection\":[\"Noticias\"],\"inLanguage\":\"es\",\"potentialAction\":[{\"@type\":\"CommentAction\",\"name\":\"Comment\",\"target\":[\"https:\\\/\\\/quehacerpolitico.mx\\\/?p=13171#respond\"]}]},{\"@type\":\"WebPage\",\"@id\":\"https:\\\/\\\/quehacerpolitico.mx\\\/?p=13171\",\"url\":\"https:\\\/\\\/quehacerpolitico.mx\\\/?p=13171\",\"name\":\"Yo no tengo ning\u00fan conflicto con el Subcomandante Marcos (Galeano). La \u00faltima vez que lo vi fue cuando iba a entrar a dirigir el PRD. Ya tiene a\u00f1os. Adem\u00e1s mi trabajo hoy me obliga a buscar la reconciliaci\u00f3n, aunque eso no me obliga a quedarme callado', dice el Presidente AMLO -\",\"isPartOf\":{\"@id\":\"https:\\\/\\\/quehacerpolitico.mx\\\/#website\"},\"primaryImageOfPage\":{\"@id\":\"https:\\\/\\\/quehacerpolitico.mx\\\/?p=13171#primaryimage\"},\"image\":{\"@id\":\"https:\\\/\\\/quehacerpolitico.mx\\\/?p=13171#primaryimage\"},\"thumbnailUrl\":\"\",\"datePublished\":\"2019-01-02T15:07:40+00:00\",\"author\":{\"@id\":\"https:\\\/\\\/quehacerpolitico.mx\\\/#\\\/schema\\\/person\\\/496d8ad2d1d3f8036101dca7ee39e585\"},\"breadcrumb\":{\"@id\":\"https:\\\/\\\/quehacerpolitico.mx\\\/?p=13171#breadcrumb\"},\"inLanguage\":\"es\",\"potentialAction\":[{\"@type\":\"ReadAction\",\"target\":[\"https:\\\/\\\/quehacerpolitico.mx\\\/?p=13171\"]}]},{\"@type\":\"ImageObject\",\"inLanguage\":\"es\",\"@id\":\"https:\\\/\\\/quehacerpolitico.mx\\\/?p=13171#primaryimage\",\"url\":\"\",\"contentUrl\":\"\"},{\"@type\":\"BreadcrumbList\",\"@id\":\"https:\\\/\\\/quehacerpolitico.mx\\\/?p=13171#breadcrumb\",\"itemListElement\":[{\"@type\":\"ListItem\",\"position\":1,\"name\":\"Inicio\",\"item\":\"https:\\\/\\\/quehacerpolitico.mx\\\/\"},{\"@type\":\"ListItem\",\"position\":2,\"name\":\"Yo no tengo ning\u00fan conflicto con el Subcomandante Marcos (Galeano). La \u00faltima vez que lo vi fue cuando iba a entrar a dirigir el PRD. Ya tiene a\u00f1os. Adem\u00e1s mi trabajo hoy me obliga a buscar la reconciliaci\u00f3n, aunque eso no me obliga a quedarme callado&#8217;, dice el Presidente AMLO\"}]},{\"@type\":\"WebSite\",\"@id\":\"https:\\\/\\\/quehacerpolitico.mx\\\/#website\",\"url\":\"https:\\\/\\\/quehacerpolitico.mx\\\/\",\"name\":\"\",\"description\":\"\",\"potentialAction\":[{\"@type\":\"SearchAction\",\"target\":{\"@type\":\"EntryPoint\",\"urlTemplate\":\"https:\\\/\\\/quehacerpolitico.mx\\\/?s={search_term_string}\"},\"query-input\":{\"@type\":\"PropertyValueSpecification\",\"valueRequired\":true,\"valueName\":\"search_term_string\"}}],\"inLanguage\":\"es\"},{\"@type\":\"Person\",\"@id\":\"https:\\\/\\\/quehacerpolitico.mx\\\/#\\\/schema\\\/person\\\/496d8ad2d1d3f8036101dca7ee39e585\",\"name\":\"Redacci\u00f3n QP\",\"image\":{\"@type\":\"ImageObject\",\"inLanguage\":\"es\",\"@id\":\"https:\\\/\\\/secure.gravatar.com\\\/avatar\\\/c7164ed6fdec453195284ad24a5ae5b6e1eed2b848477fa2a4787ba9adf39a41?s=96&d=mm&r=g\",\"url\":\"https:\\\/\\\/secure.gravatar.com\\\/avatar\\\/c7164ed6fdec453195284ad24a5ae5b6e1eed2b848477fa2a4787ba9adf39a41?s=96&d=mm&r=g\",\"contentUrl\":\"https:\\\/\\\/secure.gravatar.com\\\/avatar\\\/c7164ed6fdec453195284ad24a5ae5b6e1eed2b848477fa2a4787ba9adf39a41?s=96&d=mm&r=g\",\"caption\":\"Redacci\u00f3n QP\"},\"url\":\"https:\\\/\\\/quehacerpolitico.mx\\\/?author=2\"}]}<\/script>\n<!-- \/ Yoast SEO plugin. -->","yoast_head_json":{"title":"Yo no tengo ning\u00fan conflicto con el Subcomandante Marcos (Galeano). La \u00faltima vez que lo vi fue cuando iba a entrar a dirigir el PRD. Ya tiene a\u00f1os. Adem\u00e1s mi trabajo hoy me obliga a buscar la reconciliaci\u00f3n, aunque eso no me obliga a quedarme callado', dice el Presidente AMLO -","robots":{"index":"index","follow":"follow","max-snippet":"max-snippet:-1","max-image-preview":"max-image-preview:large","max-video-preview":"max-video-preview:-1"},"canonical":"https:\/\/quehacerpolitico.mx\/?p=13171","og_locale":"es_MX","og_type":"article","og_title":"Yo no tengo ning\u00fan conflicto con el Subcomandante Marcos (Galeano). La \u00faltima vez que lo vi fue cuando iba a entrar a dirigir el PRD. Ya tiene a\u00f1os. Adem\u00e1s mi trabajo hoy me obliga a buscar la reconciliaci\u00f3n, aunque eso no me obliga a quedarme callado', dice el Presidente AMLO -","og_description":"Yo no tengo ning\u00fan conflicto con el Subcomandante Marcos (Galeano). La \u00faltima vez que lo vi fue cuando iba a entrar a dirigir el PRD. Ya tiene a\u00f1os. Adem\u00e1s mi trabajo hoy me obliga a buscar la reconciliaci\u00f3n, aunque eso no me obliga a quedarme callado', dice el Presidente AMLO Por Redacci\u00f3n QP","og_url":"https:\/\/quehacerpolitico.mx\/?p=13171","article_published_time":"2019-01-02T15:07:40+00:00","author":"Redacci\u00f3n QP","twitter_card":"summary_large_image","twitter_misc":{"Escrito por":"Redacci\u00f3n QP","Tiempo de lectura":"6 minutos"},"schema":{"@context":"https:\/\/schema.org","@graph":[{"@type":"Article","@id":"https:\/\/quehacerpolitico.mx\/?p=13171#article","isPartOf":{"@id":"https:\/\/quehacerpolitico.mx\/?p=13171"},"author":{"name":"Redacci\u00f3n QP","@id":"https:\/\/quehacerpolitico.mx\/#\/schema\/person\/496d8ad2d1d3f8036101dca7ee39e585"},"headline":"Yo no tengo ning\u00fan conflicto con el Subcomandante Marcos (Galeano). La \u00faltima vez que lo vi fue cuando iba a entrar a dirigir el PRD. Ya tiene a\u00f1os. Adem\u00e1s mi trabajo hoy me obliga a buscar la reconciliaci\u00f3n, aunque eso no me obliga a quedarme callado&#8217;, dice el Presidente AMLO","datePublished":"2019-01-02T15:07:40+00:00","mainEntityOfPage":{"@id":"https:\/\/quehacerpolitico.mx\/?p=13171"},"wordCount":1203,"commentCount":0,"image":{"@id":"https:\/\/quehacerpolitico.mx\/?p=13171#primaryimage"},"thumbnailUrl":"","articleSection":["Noticias"],"inLanguage":"es","potentialAction":[{"@type":"CommentAction","name":"Comment","target":["https:\/\/quehacerpolitico.mx\/?p=13171#respond"]}]},{"@type":"WebPage","@id":"https:\/\/quehacerpolitico.mx\/?p=13171","url":"https:\/\/quehacerpolitico.mx\/?p=13171","name":"Yo no tengo ning\u00fan conflicto con el Subcomandante Marcos (Galeano). La \u00faltima vez que lo vi fue cuando iba a entrar a dirigir el PRD. Ya tiene a\u00f1os. Adem\u00e1s mi trabajo hoy me obliga a buscar la reconciliaci\u00f3n, aunque eso no me obliga a quedarme callado', dice el Presidente AMLO -","isPartOf":{"@id":"https:\/\/quehacerpolitico.mx\/#website"},"primaryImageOfPage":{"@id":"https:\/\/quehacerpolitico.mx\/?p=13171#primaryimage"},"image":{"@id":"https:\/\/quehacerpolitico.mx\/?p=13171#primaryimage"},"thumbnailUrl":"","datePublished":"2019-01-02T15:07:40+00:00","author":{"@id":"https:\/\/quehacerpolitico.mx\/#\/schema\/person\/496d8ad2d1d3f8036101dca7ee39e585"},"breadcrumb":{"@id":"https:\/\/quehacerpolitico.mx\/?p=13171#breadcrumb"},"inLanguage":"es","potentialAction":[{"@type":"ReadAction","target":["https:\/\/quehacerpolitico.mx\/?p=13171"]}]},{"@type":"ImageObject","inLanguage":"es","@id":"https:\/\/quehacerpolitico.mx\/?p=13171#primaryimage","url":"","contentUrl":""},{"@type":"BreadcrumbList","@id":"https:\/\/quehacerpolitico.mx\/?p=13171#breadcrumb","itemListElement":[{"@type":"ListItem","position":1,"name":"Inicio","item":"https:\/\/quehacerpolitico.mx\/"},{"@type":"ListItem","position":2,"name":"Yo no tengo ning\u00fan conflicto con el Subcomandante Marcos (Galeano). La \u00faltima vez que lo vi fue cuando iba a entrar a dirigir el PRD. Ya tiene a\u00f1os. Adem\u00e1s mi trabajo hoy me obliga a buscar la reconciliaci\u00f3n, aunque eso no me obliga a quedarme callado&#8217;, dice el Presidente AMLO"}]},{"@type":"WebSite","@id":"https:\/\/quehacerpolitico.mx\/#website","url":"https:\/\/quehacerpolitico.mx\/","name":"","description":"","potentialAction":[{"@type":"SearchAction","target":{"@type":"EntryPoint","urlTemplate":"https:\/\/quehacerpolitico.mx\/?s={search_term_string}"},"query-input":{"@type":"PropertyValueSpecification","valueRequired":true,"valueName":"search_term_string"}}],"inLanguage":"es"},{"@type":"Person","@id":"https:\/\/quehacerpolitico.mx\/#\/schema\/person\/496d8ad2d1d3f8036101dca7ee39e585","name":"Redacci\u00f3n QP","image":{"@type":"ImageObject","inLanguage":"es","@id":"https:\/\/secure.gravatar.com\/avatar\/c7164ed6fdec453195284ad24a5ae5b6e1eed2b848477fa2a4787ba9adf39a41?s=96&d=mm&r=g","url":"https:\/\/secure.gravatar.com\/avatar\/c7164ed6fdec453195284ad24a5ae5b6e1eed2b848477fa2a4787ba9adf39a41?s=96&d=mm&r=g","contentUrl":"https:\/\/secure.gravatar.com\/avatar\/c7164ed6fdec453195284ad24a5ae5b6e1eed2b848477fa2a4787ba9adf39a41?s=96&d=mm&r=g","caption":"Redacci\u00f3n QP"},"url":"https:\/\/quehacerpolitico.mx\/?author=2"}]}},"featured_image_urls":{"full":"","thumbnail":"","medium":"","medium_large":"","large":"","1536x1536":"","2048x2048":"","covernews-featured":"","covernews-medium":""},"author_info":{"display_name":"Redacci\u00f3n QP","author_link":"https:\/\/quehacerpolitico.mx\/?author=2"},"category_info":"<a href=\"https:\/\/quehacerpolitico.mx\/?cat=2\" rel=\"category\">Noticias<\/a>","tag_info":"Noticias","comment_count":"0","_links":{"self":[{"href":"https:\/\/quehacerpolitico.mx\/index.php?rest_route=\/wp\/v2\/posts\/13171","targetHints":{"allow":["GET"]}}],"collection":[{"href":"https:\/\/quehacerpolitico.mx\/index.php?rest_route=\/wp\/v2\/posts"}],"about":[{"href":"https:\/\/quehacerpolitico.mx\/index.php?rest_route=\/wp\/v2\/types\/post"}],"author":[{"embeddable":true,"href":"https:\/\/quehacerpolitico.mx\/index.php?rest_route=\/wp\/v2\/users\/2"}],"replies":[{"embeddable":true,"href":"https:\/\/quehacerpolitico.mx\/index.php?rest_route=%2Fwp%2Fv2%2Fcomments&post=13171"}],"version-history":[{"count":0,"href":"https:\/\/quehacerpolitico.mx\/index.php?rest_route=\/wp\/v2\/posts\/13171\/revisions"}],"wp:featuredmedia":[{"embeddable":true,"href":"https:\/\/quehacerpolitico.mx\/index.php?rest_route=\/"}],"wp:attachment":[{"href":"https:\/\/quehacerpolitico.mx\/index.php?rest_route=%2Fwp%2Fv2%2Fmedia&parent=13171"}],"wp:term":[{"taxonomy":"category","embeddable":true,"href":"https:\/\/quehacerpolitico.mx\/index.php?rest_route=%2Fwp%2Fv2%2Fcategories&post=13171"},{"taxonomy":"post_tag","embeddable":true,"href":"https:\/\/quehacerpolitico.mx\/index.php?rest_route=%2Fwp%2Fv2%2Ftags&post=13171"}],"curies":[{"name":"wp","href":"https:\/\/api.w.org\/{rel}","templated":true}]}}