{"id":131375,"date":"2026-07-20T17:14:08","date_gmt":"2026-07-20T23:14:08","guid":{"rendered":"https:\/\/quehacerpolitico.mx\/?p=131375"},"modified":"2026-07-20T17:14:10","modified_gmt":"2026-07-20T23:14:10","slug":"utilizan-modelo-neoliberal-que-critican-para-la-modernizacion-de-la-linea-3-del-metro","status":"publish","type":"post","link":"https:\/\/quehacerpolitico.mx\/?p=131375","title":{"rendered":"Utilizan modelo neoliberal qu\u00e9 critican para la modernizaci\u00f3n de la L\u00ednea 3 del Metro"},"content":{"rendered":"\n<p class=\"wp-block-paragraph\">Por Redacci\u00f3n QP<\/p>\n\n\n\n<p class=\"wp-block-paragraph\">Durante a\u00f1os, los gobiernos emanados de la izquierda criticaron los esquemas mediante los cuales empresas privadas financiaban obras p\u00fablicas que posteriormente eran pagadas por el Estado durante largos periodos.<\/p>\n\n\n\n<p class=\"wp-block-paragraph\">Los Proyectos para Prestaci\u00f3n de Servicios (PPS) y posteriormente las Asociaciones P\u00fablico-Privadas (APP) fueron se\u00f1alados en distintos momentos por comprometer recursos p\u00fablicos durante d\u00e9cadas, incrementar el costo final de las obras y generar obligaciones financieras para gobiernos futuros.<\/p>\n\n\n\n<p class=\"wp-block-paragraph\">Hoy, sin embargo, la Ciudad de M\u00e9xico prepara la rehabilitaci\u00f3n integral de la L\u00ednea 3 del Metro mediante un esquema de coinversi\u00f3n, un modelo que incorpora capital privado para ejecutar una obra estimada en alrededor de 40 mil millones de pesos.<\/p>\n\n\n\n<p class=\"wp-block-paragraph\">Aunque el Gobierno capitalino sostiene que se trata de un mecanismo distinto, la decisi\u00f3n reabre un debate sobre la forma en que deben financiarse los grandes proyectos de infraestructura.<\/p>\n\n\n\n<p class=\"wp-block-paragraph\">A diferencia de una obra tradicional, donde el gobierno paga conforme avanza la construcci\u00f3n, la coinversi\u00f3n permite que un inversionista privado aporte una parte importante de los recursos necesarios para desarrollar el proyecto.<\/p>\n\n\n\n<p class=\"wp-block-paragraph\">Posteriormente, el gobierno realiza pagos durante varios a\u00f1os conforme el sistema entra en operaci\u00f3n y cumple determinados niveles de desempe\u00f1o previamente establecidos en el contrato.<\/p>\n\n\n\n<p class=\"wp-block-paragraph\">En t\u00e9rminos generales, el modelo busca distribuir los riesgos financieros y acelerar proyectos que dif\u00edcilmente podr\u00edan ejecutarse \u00fanicamente con recursos presupuestales disponibles en un solo ejercicio fiscal.<\/p>\n\n\n\n<p class=\"wp-block-paragraph\">En la pr\u00e1ctica, el Estado mantiene la propiedad de la infraestructura, mientras que el privado participa en su financiamiento, construcci\u00f3n y, en algunos casos, mantenimiento.<\/p>\n\n\n\n<h3 class=\"wp-block-heading\"><strong>\u00bfEs lo mismo que un PPS?<\/strong><\/h3>\n\n\n\n<p class=\"wp-block-paragraph\">No necesariamente.<\/p>\n\n\n\n<p class=\"wp-block-paragraph\">Los PPS fueron un mecanismo utilizado ampliamente por gobiernos federales y estatales durante las d\u00e9cadas pasadas para desarrollar hospitales, carreteras, centros penitenciarios y otras obras p\u00fablicas mediante pagos diferidos.<\/p>\n\n\n\n<p class=\"wp-block-paragraph\">Las APP, reguladas posteriormente mediante legislaci\u00f3n espec\u00edfica, ampliaron ese modelo permitiendo distintas formas de colaboraci\u00f3n entre los sectores p\u00fablico y privado.<\/p>\n\n\n\n<p class=\"wp-block-paragraph\">La coinversi\u00f3n propuesta para la L\u00ednea 3 no necesariamente encaja de forma autom\u00e1tica en esas figuras jur\u00eddicas.<\/p>\n\n\n\n<p class=\"wp-block-paragraph\">Sin embargo, comparte algunos elementos relevantes:<\/p>\n\n\n\n<p class=\"wp-block-paragraph\">participaci\u00f3n de inversi\u00f3n privada;<br>\u2022 compromisos financieros de largo plazo;<br>\u2022 pagos p\u00fablicos multianuales;<br>\u2022 mantenimiento asociado al desempe\u00f1o del proyecto.<\/p>\n\n\n\n<p class=\"wp-block-paragraph\">Las diferencias espec\u00edficas depender\u00e1n del dise\u00f1o definitivo del contrato y de las obligaciones que establezca la licitaci\u00f3n.<\/p>\n\n\n\n<h3 class=\"wp-block-heading\"><strong>Una postura que evolucion\u00f3<\/strong><\/h3>\n\n\n\n<p class=\"wp-block-paragraph\">Durante a\u00f1os, dirigentes y gobiernos de Morena cuestionaron diversos proyectos financiados mediante esquemas de participaci\u00f3n privada.<\/p>\n\n\n\n<p class=\"wp-block-paragraph\">Las cr\u00edticas se centraban en que esos mecanismos pod\u00edan representar una forma de trasladar deuda hacia administraciones futuras, incrementar el costo financiero de las obras o reducir la capacidad del Estado para controlar servicios p\u00fablicos estrat\u00e9gicos.<\/p>\n\n\n\n<p class=\"wp-block-paragraph\">Ahora, la rehabilitaci\u00f3n de la L\u00ednea 3 plantea un modelo en el que el capital privado vuelve a formar parte de la ecuaci\u00f3n para ejecutar una de las inversiones m\u00e1s importantes en la historia reciente del Metro.<\/p>\n\n\n\n<p class=\"wp-block-paragraph\">M\u00e1s que un cambio de nombre, la discusi\u00f3n gira en torno al equilibrio entre la necesidad de financiar infraestructura de gran escala y la conveniencia de asumir compromisos presupuestales durante varios a\u00f1os.<\/p>\n\n\n\n<figure class=\"wp-block-image\" id=\"attachment_183533\"><img decoding=\"async\" src=\"https:\/\/capital-cdmx.org\/wp-content\/uploads\/2026\/07\/4638768c-9474-441e-b833-151b18ea4de1-300x200.png.webp\" alt=\"4638768C-9474-441E-B833-151B18EA4DE1\"\/><figcaption class=\"wp-element-caption\">Los datos clave.<\/figcaption><\/figure>\n\n\n\n<h3 class=\"wp-block-heading\"><strong>\u00bfPor qu\u00e9 recurrir ahora a este esquema?<\/strong><\/h3>\n\n\n\n<p class=\"wp-block-paragraph\">La rehabilitaci\u00f3n integral de la L\u00ednea 3 representa una inversi\u00f3n dif\u00edcil de absorber mediante el presupuesto anual ordinario de la Ciudad de M\u00e9xico.<\/p>\n\n\n\n<p class=\"wp-block-paragraph\">Distribuir el financiamiento a trav\u00e9s de un esquema de coinversi\u00f3n permitir\u00eda iniciar las obras sin realizar un desembolso inmediato por la totalidad del proyecto.<\/p>\n\n\n\n<p class=\"wp-block-paragraph\">Adem\u00e1s, el modelo puede incorporar incentivos para que la empresa responsable mantenga determinados niveles de calidad y disponibilidad durante la vida del contrato, ya que parte de los pagos suelen condicionarse al cumplimiento de esos indicadores.<\/p>\n\n\n\n<p class=\"wp-block-paragraph\">Para el Gobierno capitalino, ese mecanismo permitir\u00eda acelerar la modernizaci\u00f3n de una l\u00ednea que transporta diariamente a cientos de miles de usuarios.<\/p>\n\n\n\n<h3 class=\"wp-block-heading\"><strong>El debate apenas comienza<\/strong><\/h3>\n\n\n\n<p class=\"wp-block-paragraph\">M\u00e1s all\u00e1 de la discusi\u00f3n jur\u00eddica sobre si el modelo corresponde o no a un PPS o una APP, la rehabilitaci\u00f3n de la L\u00ednea 3 abre una conversaci\u00f3n m\u00e1s amplia sobre la pol\u00edtica p\u00fablica en materia de infraestructura.<\/p>\n\n\n\n<p class=\"wp-block-paragraph\">La Ciudad enfrenta el reto de modernizar sistemas construidos hace m\u00e1s de cinco d\u00e9cadas con recursos limitados y necesidades crecientes de inversi\u00f3n.<\/p>\n\n\n\n<p class=\"wp-block-paragraph\">En ese contexto, el uso de capital privado vuelve a ocupar un lugar en la estrategia gubernamental.<\/p>\n\n\n\n<p class=\"wp-block-paragraph\">La pregunta ya no es \u00fanicamente c\u00f3mo se financiar\u00e1 la L\u00ednea 3, sino cu\u00e1les ser\u00e1n las condiciones del contrato, qu\u00e9 riesgos asumir\u00e1 cada parte y qu\u00e9 mecanismos existir\u00e1n para garantizar transparencia, competencia y rendici\u00f3n de cuentas durante toda la vida del proyecto.<\/p>\n","protected":false},"excerpt":{"rendered":"<p>Por Redacci\u00f3n QP Durante a\u00f1os, los gobiernos emanados de la izquierda criticaron los esquemas mediante&#8230;<\/p>\n","protected":false},"author":2,"featured_media":131376,"comment_status":"open","ping_status":"open","sticky":false,"template":"","format":"standard","meta":{"footnotes":""},"categories":[55],"tags":[],"class_list":["post-131375","post","type-post","status-publish","format-standard","has-post-thumbnail","hentry","category-cdmx"],"yoast_head":"<!-- This site is optimized with the Yoast SEO plugin v27.9 - https:\/\/yoast.com\/product\/yoast-seo-wordpress\/ -->\n<title>Utilizan modelo neoliberal qu\u00e9 critican para la modernizaci\u00f3n de la L\u00ednea 3 del Metro -<\/title>\n<meta name=\"robots\" content=\"index, follow, max-snippet:-1, max-image-preview:large, max-video-preview:-1\" \/>\n<link rel=\"canonical\" href=\"https:\/\/quehacerpolitico.mx\/?p=131375\" \/>\n<meta property=\"og:locale\" content=\"es_MX\" \/>\n<meta property=\"og:type\" content=\"article\" \/>\n<meta property=\"og:title\" content=\"Utilizan modelo neoliberal qu\u00e9 critican para la modernizaci\u00f3n de la L\u00ednea 3 del Metro -\" \/>\n<meta property=\"og:description\" content=\"Por Redacci\u00f3n QP Durante a\u00f1os, los gobiernos emanados de la izquierda criticaron los esquemas mediante...\" \/>\n<meta property=\"og:url\" content=\"https:\/\/quehacerpolitico.mx\/?p=131375\" \/>\n<meta property=\"article:published_time\" content=\"2026-07-20T23:14:08+00:00\" \/>\n<meta property=\"article:modified_time\" content=\"2026-07-20T23:14:10+00:00\" \/>\n<meta property=\"og:image\" content=\"https:\/\/quehacerpolitico.mx\/wp-content\/uploads\/2026\/07\/IMG_9178.jpeg\" \/>\n\t<meta property=\"og:image:width\" content=\"1200\" \/>\n\t<meta property=\"og:image:height\" content=\"675\" \/>\n\t<meta property=\"og:image:type\" content=\"image\/jpeg\" \/>\n<meta name=\"author\" content=\"Redacci\u00f3n QP\" \/>\n<meta name=\"twitter:card\" content=\"summary_large_image\" \/>\n<meta name=\"twitter:label1\" content=\"Escrito por\" \/>\n\t<meta name=\"twitter:data1\" content=\"Redacci\u00f3n QP\" \/>\n\t<meta name=\"twitter:label2\" content=\"Tiempo de lectura\" \/>\n\t<meta name=\"twitter:data2\" content=\"4 minutos\" \/>\n<script type=\"application\/ld+json\" class=\"yoast-schema-graph\">{\"@context\":\"https:\\\/\\\/schema.org\",\"@graph\":[{\"@type\":\"Article\",\"@id\":\"https:\\\/\\\/quehacerpolitico.mx\\\/?p=131375#article\",\"isPartOf\":{\"@id\":\"https:\\\/\\\/quehacerpolitico.mx\\\/?p=131375\"},\"author\":{\"name\":\"Redacci\u00f3n QP\",\"@id\":\"https:\\\/\\\/quehacerpolitico.mx\\\/#\\\/schema\\\/person\\\/496d8ad2d1d3f8036101dca7ee39e585\"},\"headline\":\"Utilizan modelo neoliberal qu\u00e9 critican para la modernizaci\u00f3n de la L\u00ednea 3 del Metro\",\"datePublished\":\"2026-07-20T23:14:08+00:00\",\"dateModified\":\"2026-07-20T23:14:10+00:00\",\"mainEntityOfPage\":{\"@id\":\"https:\\\/\\\/quehacerpolitico.mx\\\/?p=131375\"},\"wordCount\":821,\"commentCount\":0,\"image\":{\"@id\":\"https:\\\/\\\/quehacerpolitico.mx\\\/?p=131375#primaryimage\"},\"thumbnailUrl\":\"https:\\\/\\\/quehacerpolitico.mx\\\/wp-content\\\/uploads\\\/2026\\\/07\\\/IMG_9178.jpeg\",\"articleSection\":[\"CDMX\"],\"inLanguage\":\"es\",\"potentialAction\":[{\"@type\":\"CommentAction\",\"name\":\"Comment\",\"target\":[\"https:\\\/\\\/quehacerpolitico.mx\\\/?p=131375#respond\"]}]},{\"@type\":\"WebPage\",\"@id\":\"https:\\\/\\\/quehacerpolitico.mx\\\/?p=131375\",\"url\":\"https:\\\/\\\/quehacerpolitico.mx\\\/?p=131375\",\"name\":\"Utilizan modelo neoliberal qu\u00e9 critican para la modernizaci\u00f3n de la L\u00ednea 3 del Metro -\",\"isPartOf\":{\"@id\":\"https:\\\/\\\/quehacerpolitico.mx\\\/#website\"},\"primaryImageOfPage\":{\"@id\":\"https:\\\/\\\/quehacerpolitico.mx\\\/?p=131375#primaryimage\"},\"image\":{\"@id\":\"https:\\\/\\\/quehacerpolitico.mx\\\/?p=131375#primaryimage\"},\"thumbnailUrl\":\"https:\\\/\\\/quehacerpolitico.mx\\\/wp-content\\\/uploads\\\/2026\\\/07\\\/IMG_9178.jpeg\",\"datePublished\":\"2026-07-20T23:14:08+00:00\",\"dateModified\":\"2026-07-20T23:14:10+00:00\",\"author\":{\"@id\":\"https:\\\/\\\/quehacerpolitico.mx\\\/#\\\/schema\\\/person\\\/496d8ad2d1d3f8036101dca7ee39e585\"},\"breadcrumb\":{\"@id\":\"https:\\\/\\\/quehacerpolitico.mx\\\/?p=131375#breadcrumb\"},\"inLanguage\":\"es\",\"potentialAction\":[{\"@type\":\"ReadAction\",\"target\":[\"https:\\\/\\\/quehacerpolitico.mx\\\/?p=131375\"]}]},{\"@type\":\"ImageObject\",\"inLanguage\":\"es\",\"@id\":\"https:\\\/\\\/quehacerpolitico.mx\\\/?p=131375#primaryimage\",\"url\":\"https:\\\/\\\/quehacerpolitico.mx\\\/wp-content\\\/uploads\\\/2026\\\/07\\\/IMG_9178.jpeg\",\"contentUrl\":\"https:\\\/\\\/quehacerpolitico.mx\\\/wp-content\\\/uploads\\\/2026\\\/07\\\/IMG_9178.jpeg\",\"width\":1200,\"height\":675,\"caption\":\"Despu\u00e9s de pruebas en las instalaciones el\u00e9ctricas y las telecomunicaciones la l\u00ednea 3 del metro fue reabierta en su totalidad, reanudando el tramo que va de La Raza a Indios Verdes el cual se hab\u00eda mantenido cerrado por el accidente del pasado s\u00e1bado.\"},{\"@type\":\"BreadcrumbList\",\"@id\":\"https:\\\/\\\/quehacerpolitico.mx\\\/?p=131375#breadcrumb\",\"itemListElement\":[{\"@type\":\"ListItem\",\"position\":1,\"name\":\"Inicio\",\"item\":\"https:\\\/\\\/quehacerpolitico.mx\\\/\"},{\"@type\":\"ListItem\",\"position\":2,\"name\":\"Utilizan modelo neoliberal qu\u00e9 critican para la modernizaci\u00f3n de la L\u00ednea 3 del Metro\"}]},{\"@type\":\"WebSite\",\"@id\":\"https:\\\/\\\/quehacerpolitico.mx\\\/#website\",\"url\":\"https:\\\/\\\/quehacerpolitico.mx\\\/\",\"name\":\"\",\"description\":\"\",\"potentialAction\":[{\"@type\":\"SearchAction\",\"target\":{\"@type\":\"EntryPoint\",\"urlTemplate\":\"https:\\\/\\\/quehacerpolitico.mx\\\/?s={search_term_string}\"},\"query-input\":{\"@type\":\"PropertyValueSpecification\",\"valueRequired\":true,\"valueName\":\"search_term_string\"}}],\"inLanguage\":\"es\"},{\"@type\":\"Person\",\"@id\":\"https:\\\/\\\/quehacerpolitico.mx\\\/#\\\/schema\\\/person\\\/496d8ad2d1d3f8036101dca7ee39e585\",\"name\":\"Redacci\u00f3n QP\",\"image\":{\"@type\":\"ImageObject\",\"inLanguage\":\"es\",\"@id\":\"https:\\\/\\\/secure.gravatar.com\\\/avatar\\\/c7164ed6fdec453195284ad24a5ae5b6e1eed2b848477fa2a4787ba9adf39a41?s=96&d=mm&r=g\",\"url\":\"https:\\\/\\\/secure.gravatar.com\\\/avatar\\\/c7164ed6fdec453195284ad24a5ae5b6e1eed2b848477fa2a4787ba9adf39a41?s=96&d=mm&r=g\",\"contentUrl\":\"https:\\\/\\\/secure.gravatar.com\\\/avatar\\\/c7164ed6fdec453195284ad24a5ae5b6e1eed2b848477fa2a4787ba9adf39a41?s=96&d=mm&r=g\",\"caption\":\"Redacci\u00f3n QP\"},\"url\":\"https:\\\/\\\/quehacerpolitico.mx\\\/?author=2\"}]}<\/script>\n<!-- \/ Yoast SEO plugin. -->","yoast_head_json":{"title":"Utilizan modelo neoliberal qu\u00e9 critican para la modernizaci\u00f3n de la L\u00ednea 3 del Metro -","robots":{"index":"index","follow":"follow","max-snippet":"max-snippet:-1","max-image-preview":"max-image-preview:large","max-video-preview":"max-video-preview:-1"},"canonical":"https:\/\/quehacerpolitico.mx\/?p=131375","og_locale":"es_MX","og_type":"article","og_title":"Utilizan modelo neoliberal qu\u00e9 critican para la modernizaci\u00f3n de la L\u00ednea 3 del Metro -","og_description":"Por Redacci\u00f3n QP Durante a\u00f1os, los gobiernos emanados de la izquierda criticaron los esquemas mediante...","og_url":"https:\/\/quehacerpolitico.mx\/?p=131375","article_published_time":"2026-07-20T23:14:08+00:00","article_modified_time":"2026-07-20T23:14:10+00:00","og_image":[{"width":1200,"height":675,"url":"https:\/\/quehacerpolitico.mx\/wp-content\/uploads\/2026\/07\/IMG_9178.jpeg","type":"image\/jpeg"}],"author":"Redacci\u00f3n QP","twitter_card":"summary_large_image","twitter_misc":{"Escrito por":"Redacci\u00f3n QP","Tiempo de lectura":"4 minutos"},"schema":{"@context":"https:\/\/schema.org","@graph":[{"@type":"Article","@id":"https:\/\/quehacerpolitico.mx\/?p=131375#article","isPartOf":{"@id":"https:\/\/quehacerpolitico.mx\/?p=131375"},"author":{"name":"Redacci\u00f3n QP","@id":"https:\/\/quehacerpolitico.mx\/#\/schema\/person\/496d8ad2d1d3f8036101dca7ee39e585"},"headline":"Utilizan modelo neoliberal qu\u00e9 critican para la modernizaci\u00f3n de la L\u00ednea 3 del Metro","datePublished":"2026-07-20T23:14:08+00:00","dateModified":"2026-07-20T23:14:10+00:00","mainEntityOfPage":{"@id":"https:\/\/quehacerpolitico.mx\/?p=131375"},"wordCount":821,"commentCount":0,"image":{"@id":"https:\/\/quehacerpolitico.mx\/?p=131375#primaryimage"},"thumbnailUrl":"https:\/\/quehacerpolitico.mx\/wp-content\/uploads\/2026\/07\/IMG_9178.jpeg","articleSection":["CDMX"],"inLanguage":"es","potentialAction":[{"@type":"CommentAction","name":"Comment","target":["https:\/\/quehacerpolitico.mx\/?p=131375#respond"]}]},{"@type":"WebPage","@id":"https:\/\/quehacerpolitico.mx\/?p=131375","url":"https:\/\/quehacerpolitico.mx\/?p=131375","name":"Utilizan modelo neoliberal qu\u00e9 critican para la modernizaci\u00f3n de la L\u00ednea 3 del Metro -","isPartOf":{"@id":"https:\/\/quehacerpolitico.mx\/#website"},"primaryImageOfPage":{"@id":"https:\/\/quehacerpolitico.mx\/?p=131375#primaryimage"},"image":{"@id":"https:\/\/quehacerpolitico.mx\/?p=131375#primaryimage"},"thumbnailUrl":"https:\/\/quehacerpolitico.mx\/wp-content\/uploads\/2026\/07\/IMG_9178.jpeg","datePublished":"2026-07-20T23:14:08+00:00","dateModified":"2026-07-20T23:14:10+00:00","author":{"@id":"https:\/\/quehacerpolitico.mx\/#\/schema\/person\/496d8ad2d1d3f8036101dca7ee39e585"},"breadcrumb":{"@id":"https:\/\/quehacerpolitico.mx\/?p=131375#breadcrumb"},"inLanguage":"es","potentialAction":[{"@type":"ReadAction","target":["https:\/\/quehacerpolitico.mx\/?p=131375"]}]},{"@type":"ImageObject","inLanguage":"es","@id":"https:\/\/quehacerpolitico.mx\/?p=131375#primaryimage","url":"https:\/\/quehacerpolitico.mx\/wp-content\/uploads\/2026\/07\/IMG_9178.jpeg","contentUrl":"https:\/\/quehacerpolitico.mx\/wp-content\/uploads\/2026\/07\/IMG_9178.jpeg","width":1200,"height":675,"caption":"Despu\u00e9s de pruebas en las instalaciones el\u00e9ctricas y las telecomunicaciones la l\u00ednea 3 del metro fue reabierta en su totalidad, reanudando el tramo que va de La Raza a Indios Verdes el cual se hab\u00eda mantenido cerrado por el accidente del pasado s\u00e1bado."},{"@type":"BreadcrumbList","@id":"https:\/\/quehacerpolitico.mx\/?p=131375#breadcrumb","itemListElement":[{"@type":"ListItem","position":1,"name":"Inicio","item":"https:\/\/quehacerpolitico.mx\/"},{"@type":"ListItem","position":2,"name":"Utilizan modelo neoliberal qu\u00e9 critican para la modernizaci\u00f3n de la L\u00ednea 3 del Metro"}]},{"@type":"WebSite","@id":"https:\/\/quehacerpolitico.mx\/#website","url":"https:\/\/quehacerpolitico.mx\/","name":"","description":"","potentialAction":[{"@type":"SearchAction","target":{"@type":"EntryPoint","urlTemplate":"https:\/\/quehacerpolitico.mx\/?s={search_term_string}"},"query-input":{"@type":"PropertyValueSpecification","valueRequired":true,"valueName":"search_term_string"}}],"inLanguage":"es"},{"@type":"Person","@id":"https:\/\/quehacerpolitico.mx\/#\/schema\/person\/496d8ad2d1d3f8036101dca7ee39e585","name":"Redacci\u00f3n QP","image":{"@type":"ImageObject","inLanguage":"es","@id":"https:\/\/secure.gravatar.com\/avatar\/c7164ed6fdec453195284ad24a5ae5b6e1eed2b848477fa2a4787ba9adf39a41?s=96&d=mm&r=g","url":"https:\/\/secure.gravatar.com\/avatar\/c7164ed6fdec453195284ad24a5ae5b6e1eed2b848477fa2a4787ba9adf39a41?s=96&d=mm&r=g","contentUrl":"https:\/\/secure.gravatar.com\/avatar\/c7164ed6fdec453195284ad24a5ae5b6e1eed2b848477fa2a4787ba9adf39a41?s=96&d=mm&r=g","caption":"Redacci\u00f3n QP"},"url":"https:\/\/quehacerpolitico.mx\/?author=2"}]}},"featured_image_urls":{"full":["https:\/\/quehacerpolitico.mx\/wp-content\/uploads\/2026\/07\/IMG_9178.jpeg",1200,675,false],"thumbnail":["https:\/\/quehacerpolitico.mx\/wp-content\/uploads\/2026\/07\/IMG_9178-150x150.jpeg",150,150,true],"medium":["https:\/\/quehacerpolitico.mx\/wp-content\/uploads\/2026\/07\/IMG_9178-300x169.jpeg",300,169,true],"medium_large":["https:\/\/quehacerpolitico.mx\/wp-content\/uploads\/2026\/07\/IMG_9178-768x432.jpeg",640,360,true],"large":["https:\/\/quehacerpolitico.mx\/wp-content\/uploads\/2026\/07\/IMG_9178-1024x576.jpeg",640,360,true],"1536x1536":["https:\/\/quehacerpolitico.mx\/wp-content\/uploads\/2026\/07\/IMG_9178.jpeg",1200,675,false],"2048x2048":["https:\/\/quehacerpolitico.mx\/wp-content\/uploads\/2026\/07\/IMG_9178.jpeg",1200,675,false],"covernews-featured":["https:\/\/quehacerpolitico.mx\/wp-content\/uploads\/2026\/07\/IMG_9178-1024x576.jpeg",1024,576,true],"covernews-medium":["https:\/\/quehacerpolitico.mx\/wp-content\/uploads\/2026\/07\/IMG_9178-540x340.jpeg",540,340,true]},"author_info":{"display_name":"Redacci\u00f3n QP","author_link":"https:\/\/quehacerpolitico.mx\/?author=2"},"category_info":"<a href=\"https:\/\/quehacerpolitico.mx\/?cat=55\" rel=\"category\">CDMX<\/a>","tag_info":"CDMX","comment_count":"0","_links":{"self":[{"href":"https:\/\/quehacerpolitico.mx\/index.php?rest_route=\/wp\/v2\/posts\/131375","targetHints":{"allow":["GET"]}}],"collection":[{"href":"https:\/\/quehacerpolitico.mx\/index.php?rest_route=\/wp\/v2\/posts"}],"about":[{"href":"https:\/\/quehacerpolitico.mx\/index.php?rest_route=\/wp\/v2\/types\/post"}],"author":[{"embeddable":true,"href":"https:\/\/quehacerpolitico.mx\/index.php?rest_route=\/wp\/v2\/users\/2"}],"replies":[{"embeddable":true,"href":"https:\/\/quehacerpolitico.mx\/index.php?rest_route=%2Fwp%2Fv2%2Fcomments&post=131375"}],"version-history":[{"count":1,"href":"https:\/\/quehacerpolitico.mx\/index.php?rest_route=\/wp\/v2\/posts\/131375\/revisions"}],"predecessor-version":[{"id":131377,"href":"https:\/\/quehacerpolitico.mx\/index.php?rest_route=\/wp\/v2\/posts\/131375\/revisions\/131377"}],"wp:featuredmedia":[{"embeddable":true,"href":"https:\/\/quehacerpolitico.mx\/index.php?rest_route=\/wp\/v2\/media\/131376"}],"wp:attachment":[{"href":"https:\/\/quehacerpolitico.mx\/index.php?rest_route=%2Fwp%2Fv2%2Fmedia&parent=131375"}],"wp:term":[{"taxonomy":"category","embeddable":true,"href":"https:\/\/quehacerpolitico.mx\/index.php?rest_route=%2Fwp%2Fv2%2Fcategories&post=131375"},{"taxonomy":"post_tag","embeddable":true,"href":"https:\/\/quehacerpolitico.mx\/index.php?rest_route=%2Fwp%2Fv2%2Ftags&post=131375"}],"curies":[{"name":"wp","href":"https:\/\/api.w.org\/{rel}","templated":true}]}}