{"id":13136,"date":"2019-01-02T14:53:28","date_gmt":"2019-01-02T14:53:28","guid":{"rendered":"http:\/\/quehacerpolitico.mx\/me-dolio-mucho-amlo-expresa-tristeza-por-asesinato-del-alcalde-de-tlaxiaco\/"},"modified":"2019-01-02T14:53:28","modified_gmt":"2019-01-02T14:53:28","slug":"me-dolio-mucho-amlo-expresa-tristeza-por-asesinato-del-alcalde-de-tlaxiaco","status":"publish","type":"post","link":"https:\/\/quehacerpolitico.mx\/?p=13136","title":{"rendered":"\u201cMe doli\u00f3 mucho\u201d, AMLO expresa tristeza por asesinato del alcalde de Tlaxiaco"},"content":{"rendered":"<h1 class=\"amp-wp-title\">\u201cMe doli\u00f3 mucho\u201d, AMLO expresa tristeza por asesinato del alcalde de Tlaxiaco<\/h1>\n<p>Por Redacci\u00f3n QP<\/p>\n<p>El Presidente Andr\u00e9s Manuel L\u00f3pez Obrador expres\u00f3 su pesar por el asesinato cometido contra el alcalde de Tlaxiaco, Oaxaca, Alejandro Aparicio Santiago, quien s\u00f3lo llevaba una hora en el cargo.<\/p>\n<blockquote>\n<p>\u201cMe entristece el asesinato [\u2026] ayer habl\u00e9 con sus esposa Victoria. Me doli\u00f3 mucho. Le extern\u00e9 mi p\u00e9same, y al mismo tiempo habl\u00e9 con el gobernador de Oaxaca -Alejandro Murat- para que se act\u00fae\u201d, coment\u00f3.<\/p>\n<\/blockquote>\n<p>En su conferencia matutina, el mandatario abord\u00f3 el tema que ayer gener\u00f3 conmoci\u00f3n en el estado sure\u00f1o, debido a que Aparicio Santiago s\u00f3lo llevaba una hora en el cargo y lo atacaron cuando realizaba un recorrido por el municipio.<\/p>\n<p>Al respecto, <strong>L\u00f3pez Obrador<\/strong> confirm\u00f3 que se detuvo a uno de los dos presuntos responsables. Asimismo, calific\u00f3 el hecho de asesinato cobarde porque mataron al edil por la espalda y despu\u00e9s lo remataron.<\/p>\n<p>Sin embargo, precis\u00f3 que la gente detuvo al agresor y ya se tomaron las medidas necesarias, adem\u00e1s de comenzar la investigaci\u00f3n correspondiente.<\/p>\n<p>En su primera conferencia del a\u00f1o 2019, AMLO sostuvo que este tipo de cr\u00edmenes no son algo normal en esa zona de la mixteca, \u201cpor eso me llam\u00f3 mucho la atenci\u00f3n. Oaxaca es de los estados con menos violencia, sobre todo en comunidades ind\u00edgenas\u201d.<\/p>\n","protected":false},"excerpt":{"rendered":"<p>\u201cMe doli\u00f3 mucho\u201d, AMLO expresa tristeza por asesinato del alcalde de Tlaxiaco<br \/>\nPor Redacci\u00f3n QP<\/p>\n","protected":false},"author":2,"featured_media":13135,"comment_status":"open","ping_status":"open","sticky":false,"template":"","format":"standard","meta":{"_monsterinsights_skip_tracking":false,"_monsterinsights_sitenote_active":false,"_monsterinsights_sitenote_note":"","_monsterinsights_sitenote_category":0,"footnotes":""},"categories":[2],"tags":[],"class_list":["post-13136","post","type-post","status-publish","format-standard","has-post-thumbnail","hentry","category-noticias"],"yoast_head":"<!-- This site is optimized with the Yoast SEO plugin v27.3 - https:\/\/yoast.com\/product\/yoast-seo-wordpress\/ -->\n<title>\u201cMe doli\u00f3 mucho\u201d, AMLO expresa tristeza por asesinato del alcalde de Tlaxiaco -<\/title>\n<meta name=\"robots\" content=\"index, follow, max-snippet:-1, max-image-preview:large, max-video-preview:-1\" \/>\n<link rel=\"canonical\" href=\"https:\/\/quehacerpolitico.mx\/?p=13136\" \/>\n<meta property=\"og:locale\" content=\"es_MX\" \/>\n<meta property=\"og:type\" content=\"article\" \/>\n<meta property=\"og:title\" content=\"\u201cMe doli\u00f3 mucho\u201d, AMLO expresa tristeza por asesinato del alcalde de Tlaxiaco -\" \/>\n<meta property=\"og:description\" content=\"\u201cMe doli\u00f3 mucho\u201d, AMLO expresa tristeza por asesinato del alcalde de Tlaxiaco Por Redacci\u00f3n QP\" \/>\n<meta property=\"og:url\" content=\"https:\/\/quehacerpolitico.mx\/?p=13136\" \/>\n<meta property=\"article:published_time\" content=\"2019-01-02T14:53:28+00:00\" \/>\n<meta name=\"author\" content=\"Redacci\u00f3n QP\" \/>\n<meta name=\"twitter:card\" content=\"summary_large_image\" \/>\n<meta name=\"twitter:label1\" content=\"Escrito por\" \/>\n\t<meta name=\"twitter:data1\" content=\"Redacci\u00f3n QP\" \/>\n\t<meta name=\"twitter:label2\" content=\"Tiempo de lectura\" \/>\n\t<meta name=\"twitter:data2\" content=\"1 minuto\" \/>\n<script type=\"application\/ld+json\" class=\"yoast-schema-graph\">{\"@context\":\"https:\\\/\\\/schema.org\",\"@graph\":[{\"@type\":\"Article\",\"@id\":\"https:\\\/\\\/quehacerpolitico.mx\\\/?p=13136#article\",\"isPartOf\":{\"@id\":\"https:\\\/\\\/quehacerpolitico.mx\\\/?p=13136\"},\"author\":{\"name\":\"Redacci\u00f3n QP\",\"@id\":\"https:\\\/\\\/quehacerpolitico.mx\\\/#\\\/schema\\\/person\\\/496d8ad2d1d3f8036101dca7ee39e585\"},\"headline\":\"\u201cMe doli\u00f3 mucho\u201d, AMLO expresa tristeza por asesinato del alcalde de Tlaxiaco\",\"datePublished\":\"2019-01-02T14:53:28+00:00\",\"mainEntityOfPage\":{\"@id\":\"https:\\\/\\\/quehacerpolitico.mx\\\/?p=13136\"},\"wordCount\":245,\"commentCount\":0,\"image\":{\"@id\":\"https:\\\/\\\/quehacerpolitico.mx\\\/?p=13136#primaryimage\"},\"thumbnailUrl\":\"\",\"articleSection\":[\"Noticias\"],\"inLanguage\":\"es\",\"potentialAction\":[{\"@type\":\"CommentAction\",\"name\":\"Comment\",\"target\":[\"https:\\\/\\\/quehacerpolitico.mx\\\/?p=13136#respond\"]}]},{\"@type\":\"WebPage\",\"@id\":\"https:\\\/\\\/quehacerpolitico.mx\\\/?p=13136\",\"url\":\"https:\\\/\\\/quehacerpolitico.mx\\\/?p=13136\",\"name\":\"\u201cMe doli\u00f3 mucho\u201d, AMLO expresa tristeza por asesinato del alcalde de Tlaxiaco -\",\"isPartOf\":{\"@id\":\"https:\\\/\\\/quehacerpolitico.mx\\\/#website\"},\"primaryImageOfPage\":{\"@id\":\"https:\\\/\\\/quehacerpolitico.mx\\\/?p=13136#primaryimage\"},\"image\":{\"@id\":\"https:\\\/\\\/quehacerpolitico.mx\\\/?p=13136#primaryimage\"},\"thumbnailUrl\":\"\",\"datePublished\":\"2019-01-02T14:53:28+00:00\",\"author\":{\"@id\":\"https:\\\/\\\/quehacerpolitico.mx\\\/#\\\/schema\\\/person\\\/496d8ad2d1d3f8036101dca7ee39e585\"},\"breadcrumb\":{\"@id\":\"https:\\\/\\\/quehacerpolitico.mx\\\/?p=13136#breadcrumb\"},\"inLanguage\":\"es\",\"potentialAction\":[{\"@type\":\"ReadAction\",\"target\":[\"https:\\\/\\\/quehacerpolitico.mx\\\/?p=13136\"]}]},{\"@type\":\"ImageObject\",\"inLanguage\":\"es\",\"@id\":\"https:\\\/\\\/quehacerpolitico.mx\\\/?p=13136#primaryimage\",\"url\":\"\",\"contentUrl\":\"\"},{\"@type\":\"BreadcrumbList\",\"@id\":\"https:\\\/\\\/quehacerpolitico.mx\\\/?p=13136#breadcrumb\",\"itemListElement\":[{\"@type\":\"ListItem\",\"position\":1,\"name\":\"Inicio\",\"item\":\"https:\\\/\\\/quehacerpolitico.mx\\\/\"},{\"@type\":\"ListItem\",\"position\":2,\"name\":\"\u201cMe doli\u00f3 mucho\u201d, AMLO expresa tristeza por asesinato del alcalde de Tlaxiaco\"}]},{\"@type\":\"WebSite\",\"@id\":\"https:\\\/\\\/quehacerpolitico.mx\\\/#website\",\"url\":\"https:\\\/\\\/quehacerpolitico.mx\\\/\",\"name\":\"\",\"description\":\"\",\"potentialAction\":[{\"@type\":\"SearchAction\",\"target\":{\"@type\":\"EntryPoint\",\"urlTemplate\":\"https:\\\/\\\/quehacerpolitico.mx\\\/?s={search_term_string}\"},\"query-input\":{\"@type\":\"PropertyValueSpecification\",\"valueRequired\":true,\"valueName\":\"search_term_string\"}}],\"inLanguage\":\"es\"},{\"@type\":\"Person\",\"@id\":\"https:\\\/\\\/quehacerpolitico.mx\\\/#\\\/schema\\\/person\\\/496d8ad2d1d3f8036101dca7ee39e585\",\"name\":\"Redacci\u00f3n QP\",\"image\":{\"@type\":\"ImageObject\",\"inLanguage\":\"es\",\"@id\":\"https:\\\/\\\/secure.gravatar.com\\\/avatar\\\/c7164ed6fdec453195284ad24a5ae5b6e1eed2b848477fa2a4787ba9adf39a41?s=96&d=mm&r=g\",\"url\":\"https:\\\/\\\/secure.gravatar.com\\\/avatar\\\/c7164ed6fdec453195284ad24a5ae5b6e1eed2b848477fa2a4787ba9adf39a41?s=96&d=mm&r=g\",\"contentUrl\":\"https:\\\/\\\/secure.gravatar.com\\\/avatar\\\/c7164ed6fdec453195284ad24a5ae5b6e1eed2b848477fa2a4787ba9adf39a41?s=96&d=mm&r=g\",\"caption\":\"Redacci\u00f3n QP\"},\"url\":\"https:\\\/\\\/quehacerpolitico.mx\\\/?author=2\"}]}<\/script>\n<!-- \/ Yoast SEO plugin. -->","yoast_head_json":{"title":"\u201cMe doli\u00f3 mucho\u201d, AMLO expresa tristeza por asesinato del alcalde de Tlaxiaco -","robots":{"index":"index","follow":"follow","max-snippet":"max-snippet:-1","max-image-preview":"max-image-preview:large","max-video-preview":"max-video-preview:-1"},"canonical":"https:\/\/quehacerpolitico.mx\/?p=13136","og_locale":"es_MX","og_type":"article","og_title":"\u201cMe doli\u00f3 mucho\u201d, AMLO expresa tristeza por asesinato del alcalde de Tlaxiaco -","og_description":"\u201cMe doli\u00f3 mucho\u201d, AMLO expresa tristeza por asesinato del alcalde de Tlaxiaco Por Redacci\u00f3n QP","og_url":"https:\/\/quehacerpolitico.mx\/?p=13136","article_published_time":"2019-01-02T14:53:28+00:00","author":"Redacci\u00f3n QP","twitter_card":"summary_large_image","twitter_misc":{"Escrito por":"Redacci\u00f3n QP","Tiempo de lectura":"1 minuto"},"schema":{"@context":"https:\/\/schema.org","@graph":[{"@type":"Article","@id":"https:\/\/quehacerpolitico.mx\/?p=13136#article","isPartOf":{"@id":"https:\/\/quehacerpolitico.mx\/?p=13136"},"author":{"name":"Redacci\u00f3n QP","@id":"https:\/\/quehacerpolitico.mx\/#\/schema\/person\/496d8ad2d1d3f8036101dca7ee39e585"},"headline":"\u201cMe doli\u00f3 mucho\u201d, AMLO expresa tristeza por asesinato del alcalde de Tlaxiaco","datePublished":"2019-01-02T14:53:28+00:00","mainEntityOfPage":{"@id":"https:\/\/quehacerpolitico.mx\/?p=13136"},"wordCount":245,"commentCount":0,"image":{"@id":"https:\/\/quehacerpolitico.mx\/?p=13136#primaryimage"},"thumbnailUrl":"","articleSection":["Noticias"],"inLanguage":"es","potentialAction":[{"@type":"CommentAction","name":"Comment","target":["https:\/\/quehacerpolitico.mx\/?p=13136#respond"]}]},{"@type":"WebPage","@id":"https:\/\/quehacerpolitico.mx\/?p=13136","url":"https:\/\/quehacerpolitico.mx\/?p=13136","name":"\u201cMe doli\u00f3 mucho\u201d, AMLO expresa tristeza por asesinato del alcalde de Tlaxiaco -","isPartOf":{"@id":"https:\/\/quehacerpolitico.mx\/#website"},"primaryImageOfPage":{"@id":"https:\/\/quehacerpolitico.mx\/?p=13136#primaryimage"},"image":{"@id":"https:\/\/quehacerpolitico.mx\/?p=13136#primaryimage"},"thumbnailUrl":"","datePublished":"2019-01-02T14:53:28+00:00","author":{"@id":"https:\/\/quehacerpolitico.mx\/#\/schema\/person\/496d8ad2d1d3f8036101dca7ee39e585"},"breadcrumb":{"@id":"https:\/\/quehacerpolitico.mx\/?p=13136#breadcrumb"},"inLanguage":"es","potentialAction":[{"@type":"ReadAction","target":["https:\/\/quehacerpolitico.mx\/?p=13136"]}]},{"@type":"ImageObject","inLanguage":"es","@id":"https:\/\/quehacerpolitico.mx\/?p=13136#primaryimage","url":"","contentUrl":""},{"@type":"BreadcrumbList","@id":"https:\/\/quehacerpolitico.mx\/?p=13136#breadcrumb","itemListElement":[{"@type":"ListItem","position":1,"name":"Inicio","item":"https:\/\/quehacerpolitico.mx\/"},{"@type":"ListItem","position":2,"name":"\u201cMe doli\u00f3 mucho\u201d, AMLO expresa tristeza por asesinato del alcalde de Tlaxiaco"}]},{"@type":"WebSite","@id":"https:\/\/quehacerpolitico.mx\/#website","url":"https:\/\/quehacerpolitico.mx\/","name":"","description":"","potentialAction":[{"@type":"SearchAction","target":{"@type":"EntryPoint","urlTemplate":"https:\/\/quehacerpolitico.mx\/?s={search_term_string}"},"query-input":{"@type":"PropertyValueSpecification","valueRequired":true,"valueName":"search_term_string"}}],"inLanguage":"es"},{"@type":"Person","@id":"https:\/\/quehacerpolitico.mx\/#\/schema\/person\/496d8ad2d1d3f8036101dca7ee39e585","name":"Redacci\u00f3n QP","image":{"@type":"ImageObject","inLanguage":"es","@id":"https:\/\/secure.gravatar.com\/avatar\/c7164ed6fdec453195284ad24a5ae5b6e1eed2b848477fa2a4787ba9adf39a41?s=96&d=mm&r=g","url":"https:\/\/secure.gravatar.com\/avatar\/c7164ed6fdec453195284ad24a5ae5b6e1eed2b848477fa2a4787ba9adf39a41?s=96&d=mm&r=g","contentUrl":"https:\/\/secure.gravatar.com\/avatar\/c7164ed6fdec453195284ad24a5ae5b6e1eed2b848477fa2a4787ba9adf39a41?s=96&d=mm&r=g","caption":"Redacci\u00f3n QP"},"url":"https:\/\/quehacerpolitico.mx\/?author=2"}]}},"featured_image_urls":{"full":"","thumbnail":"","medium":"","medium_large":"","large":"","1536x1536":"","2048x2048":"","covernews-featured":"","covernews-medium":""},"author_info":{"display_name":"Redacci\u00f3n QP","author_link":"https:\/\/quehacerpolitico.mx\/?author=2"},"category_info":"<a href=\"https:\/\/quehacerpolitico.mx\/?cat=2\" rel=\"category\">Noticias<\/a>","tag_info":"Noticias","comment_count":"0","_links":{"self":[{"href":"https:\/\/quehacerpolitico.mx\/index.php?rest_route=\/wp\/v2\/posts\/13136","targetHints":{"allow":["GET"]}}],"collection":[{"href":"https:\/\/quehacerpolitico.mx\/index.php?rest_route=\/wp\/v2\/posts"}],"about":[{"href":"https:\/\/quehacerpolitico.mx\/index.php?rest_route=\/wp\/v2\/types\/post"}],"author":[{"embeddable":true,"href":"https:\/\/quehacerpolitico.mx\/index.php?rest_route=\/wp\/v2\/users\/2"}],"replies":[{"embeddable":true,"href":"https:\/\/quehacerpolitico.mx\/index.php?rest_route=%2Fwp%2Fv2%2Fcomments&post=13136"}],"version-history":[{"count":0,"href":"https:\/\/quehacerpolitico.mx\/index.php?rest_route=\/wp\/v2\/posts\/13136\/revisions"}],"wp:featuredmedia":[{"embeddable":true,"href":"https:\/\/quehacerpolitico.mx\/index.php?rest_route=\/"}],"wp:attachment":[{"href":"https:\/\/quehacerpolitico.mx\/index.php?rest_route=%2Fwp%2Fv2%2Fmedia&parent=13136"}],"wp:term":[{"taxonomy":"category","embeddable":true,"href":"https:\/\/quehacerpolitico.mx\/index.php?rest_route=%2Fwp%2Fv2%2Fcategories&post=13136"},{"taxonomy":"post_tag","embeddable":true,"href":"https:\/\/quehacerpolitico.mx\/index.php?rest_route=%2Fwp%2Fv2%2Ftags&post=13136"}],"curies":[{"name":"wp","href":"https:\/\/api.w.org\/{rel}","templated":true}]}}