{"id":13128,"date":"2019-01-02T14:27:10","date_gmt":"2019-01-02T14:27:10","guid":{"rendered":"http:\/\/quehacerpolitico.mx\/amlo-lanza-la-convocatoria-para-ingresar-a-la-guardia-nacional\/"},"modified":"2019-01-02T14:27:10","modified_gmt":"2019-01-02T14:27:10","slug":"amlo-lanza-la-convocatoria-para-ingresar-a-la-guardia-nacional","status":"publish","type":"post","link":"https:\/\/quehacerpolitico.mx\/?p=13128","title":{"rendered":"AMLO lanza la convocatoria para ingresar a la Guardia Nacional"},"content":{"rendered":"<h1 class=\"amp-wp-title\">AMLO lanza la convocatoria para ingresar a la Guardia Nacional<\/h1>\n<p>Por Redacci\u00f3n QP<\/p>\n<p>Andr\u00e9s Manuel L\u00f3pez Obrador, Presidente de M\u00e9xico, present\u00f3 este mi\u00e9rcoles la convocatoria para reclutar nuevos elementos para las Fuerzas Armadas con miras a la creaci\u00f3n de la Guardia Nacional. \u201cHoy precisamente, para atender el problema de la inseguridad y la violencia, vamos a dar a conocer el plan de incorporaci\u00f3n de convocatoria de reclutamiento de j\u00f3venes que quieran formar parte de la Guardia Nacional\u201d, dijo.<\/p>\n<p>L\u00f3pez Obrador record\u00f3 que M\u00e9xico tiene pocos polic\u00edas para atender el problema de la inseguridad. \u201cNecesitamos reclutar, en un per\u00edodo de tres a cuatro a\u00f1os alrededor de 50 mil nuevos elementos para la seguridad p\u00fablica, para que funcionen bien las coordinaciones territoriales\u201d, detall\u00f3.<\/p>\n<p>Tambi\u00e9n dijo que se trata de \u201cuna contribuci\u00f3n\u201d, para que los j\u00f3venes que vayan a pertenecer a la Guardia tendr\u00e1n la misi\u00f3n de cuidar a todos los ciudadanos.<\/p>\n<blockquote>\n<p>\u201cEs un trabajo muy digno, honroso, por eso hacemos esta convocatoria a todos los que quieran pertenecer a esta Guardia Nacional, formarse para proteger a los ciudadanos, garantizar la seguridad y al mismo tiempo respetar derechos humanos, no actuar con prepotencia, ser muy fraternos. Tener autoridad y al mismo tiempo no actuar con prepotencia sino con respeto a los derechos de las personas\u201d, destac\u00f3 el Jefe del Ejecutivo federal en su primera conferencia de prensa matutina de 2019.<\/p>\n<\/blockquote>\n<p>El titular de la Secretar\u00eda de la Defensa Nacional (Sedena), Luis Cresencio Sandoval, dijo que el Presidente L\u00f3pez Obrador, en el Plan Nacional de Paz y Seguridad, instruy\u00f3 a las Fuerzas Armadas a que apoyen de manera determinante las actividades en materia de seguridad p\u00fablica.<\/p>\n<p>Dijo que desde el 1 de diciembre se despleg\u00f3 en las 150 coordinaciones de seguridad a elementos de las polic\u00edas militares, navales y federal con miras a la creaci\u00f3n de la Guardia Nacional.<\/p>\n<p>\u201cEste personal constituir\u00e1 la Guardia Nacional, mismo que ya dispone de adiestramiento policial y capacitaci\u00f3n en derechos humanos\u201d, precis\u00f3.<\/p>\n<p>El titular de la Sedena detall\u00f3 que se llevan a cabo tres etapas: la primera es la integraci\u00f3n de la polic\u00eda naval, militar y federal, quienes ya iniciaron actividades en cuesti\u00f3n de capacitaci\u00f3n; la segunda, que militares, navales y federales en activo soliciten su adhesi\u00f3n a este nuevo cuerpo, y\u00a0la tercera, la captaci\u00f3n de personal civil que desee incorporarse a este nuevo cuerpo, que es la que arranca hoy.<\/p>\n<p><strong>SOBRE LAS PRESTACIONES DE LA GUARDIA<\/strong>: El Presidente expuso que la convocatoria para los j\u00f3venes para la Guardia Nacional es el que ya tienen establecido tanto el Ej\u00e9rcito com la Marina.<\/p>\n<blockquote>\n<p>\u201cHay ya una serie de procedimientos, van a ser los mismos. Yo creo que ahora el elemento nuevo es que se est\u00e1 convocando para la incorporaci\u00f3n a esta nueva fuerza, el Presidente de al Rep\u00fablica. Porque les estoy pidiendo a los mexicanos, mujeres y hombres, a las familias, que nos ayuden\u201d, dijo.<\/p>\n<\/blockquote>\n<p>\u201cEs parte del prop\u00f3sito de convocar a todos para enfrentar juntos los grandes problemas de la pa\u00eds\u201d, a\u00f1adi\u00f3. Dijo que se les dar\u00e1 la seguridad de que es un trabajo \u201chonrado, digno, de dimensi\u00f3n social\u201d. Lo calific\u00f3 como \u201cuna contribuci\u00f3n al pa\u00eds, a la Naci\u00f3n, a la sociedad\u201d y pidi\u00f3 que se vea de esa forma.<\/p>\n<p>L\u00f3pez Obrador destac\u00f3 que es un \u201cempleo remunerado, con seguridad social, se puede convertir en una forma de vida que da tambi\u00e9n mucha satisfacci\u00f3n y mucho orgullo el trabajar en las Fuerzas Armadas de M\u00e9xico\u201d.<\/p>\n<p><strong>SOBRE LOS AVANCES HACIA 2019<\/strong>: El Presidente Andr\u00e9s Manuel L\u00f3pez Obrador reiter\u00f3 esta ma\u00f1ana que piensa que este 2019 le ir\u00e1 muy bien al pa\u00eds.<\/p>\n<p>\u201cYo pienso que nos va a ir muy bien este a\u00f1o, estoy optimista, porque, lo mencion\u00e9 ayer, hay condiciones inmejorables para conseguir\u201d, dijo en su conferencia de prensa esta ma\u00f1ana.<\/p>\n<p>Destac\u00f3 que su Gobierno busca \u201cque haya empleos, que haya buenos salarios, que mejoren las condiciones de vida, es decir que se garantice el derecho a la educaci\u00f3n, a la salud, y que se consiga la paz en el pa\u00eds\u201d.<\/p>\n<p>\u201cEstamos trabajando con ese prop\u00f3sito y vamos bien\u201d, recalc\u00f3.<\/p>\n<blockquote>\n<p>\u201cPuedo asegurar que existe equilibrios macroecon\u00f3micos no tenemos ninguna se\u00f1al de que caigamos en crisis financiera. Por el contrario, en el mes que llevamos y dos d\u00edas se ha fortalecido nuestro moneda, la bolsa se mantiene estable, a pesar de que las bolsas en otros pa\u00edses han tenido dificultad\u201d, agreg\u00f3.<\/p>\n<\/blockquote>\n<p>Ayer, el Presidente Andr\u00e9s Manuel L\u00f3pez Obrador env\u00edo un mensaje con motivo del A\u00f1o Nuevo a los mexicanos y dijo que est\u00e1 optimista y que la transformaci\u00f3n de M\u00e9xico va a dar frutos.<\/p>\n<blockquote>\n<p>\u201cDeseo a las mexicanas y a los mexicanos, lo mejor para este a\u00f1o. Yo tengo motivos para estar optimista, pienso que nos va a ir bien, vamos a llevar a cabo la transformaci\u00f3n de M\u00e9xico, ya inici\u00f3 la transformaci\u00f3n del pa\u00eds\u201d, dijo L\u00f3pez Obrador en un mensaje en video desde su rancho en Palenque y grabado por su esposa, Beatriz Guti\u00e9rrez.<\/p>\n<\/blockquote>\n<p>El mandatario asegur\u00f3 que la transformaci\u00f3n del pa\u00eds va a dar frutos y destac\u00f3 que ya se est\u00e1n sentando las bases para ello.<\/p>\n<p>\u201cLlevamos un mes en el Gobierno y pienso que se han sentado las bases, falta todav\u00eda pero ya se avanz\u00f3\u201d, consider\u00f3.<\/p>\n<p>https:\/\/www.facebook.com\/lopezobrador.org.mx\/videos\/426939927844200\/<\/p>\n","protected":false},"excerpt":{"rendered":"<p>AMLO lanza la convocatoria para ingresar a la Guardia Nacional<br \/>\nPor Redacci\u00f3n QP<\/p>\n","protected":false},"author":2,"featured_media":13127,"comment_status":"open","ping_status":"open","sticky":false,"template":"","format":"standard","meta":{"_monsterinsights_skip_tracking":false,"_monsterinsights_sitenote_active":false,"_monsterinsights_sitenote_note":"","_monsterinsights_sitenote_category":0,"footnotes":""},"categories":[2],"tags":[],"class_list":["post-13128","post","type-post","status-publish","format-standard","has-post-thumbnail","hentry","category-noticias"],"yoast_head":"<!-- This site is optimized with the Yoast SEO plugin v27.3 - https:\/\/yoast.com\/product\/yoast-seo-wordpress\/ -->\n<title>AMLO lanza la convocatoria para ingresar a la Guardia Nacional -<\/title>\n<meta name=\"robots\" content=\"index, follow, max-snippet:-1, max-image-preview:large, max-video-preview:-1\" \/>\n<link rel=\"canonical\" href=\"https:\/\/quehacerpolitico.mx\/?p=13128\" \/>\n<meta property=\"og:locale\" content=\"es_MX\" \/>\n<meta property=\"og:type\" content=\"article\" \/>\n<meta property=\"og:title\" content=\"AMLO lanza la convocatoria para ingresar a la Guardia Nacional -\" \/>\n<meta property=\"og:description\" content=\"AMLO lanza la convocatoria para ingresar a la Guardia Nacional Por Redacci\u00f3n QP\" \/>\n<meta property=\"og:url\" content=\"https:\/\/quehacerpolitico.mx\/?p=13128\" \/>\n<meta property=\"article:published_time\" content=\"2019-01-02T14:27:10+00:00\" \/>\n<meta name=\"author\" content=\"Redacci\u00f3n QP\" \/>\n<meta name=\"twitter:card\" content=\"summary_large_image\" \/>\n<meta name=\"twitter:label1\" content=\"Escrito por\" \/>\n\t<meta name=\"twitter:data1\" content=\"Redacci\u00f3n QP\" \/>\n\t<meta name=\"twitter:label2\" content=\"Tiempo de lectura\" \/>\n\t<meta name=\"twitter:data2\" content=\"5 minutos\" \/>\n<script type=\"application\/ld+json\" class=\"yoast-schema-graph\">{\"@context\":\"https:\\\/\\\/schema.org\",\"@graph\":[{\"@type\":\"Article\",\"@id\":\"https:\\\/\\\/quehacerpolitico.mx\\\/?p=13128#article\",\"isPartOf\":{\"@id\":\"https:\\\/\\\/quehacerpolitico.mx\\\/?p=13128\"},\"author\":{\"name\":\"Redacci\u00f3n QP\",\"@id\":\"https:\\\/\\\/quehacerpolitico.mx\\\/#\\\/schema\\\/person\\\/496d8ad2d1d3f8036101dca7ee39e585\"},\"headline\":\"AMLO lanza la convocatoria para ingresar a la Guardia Nacional\",\"datePublished\":\"2019-01-02T14:27:10+00:00\",\"mainEntityOfPage\":{\"@id\":\"https:\\\/\\\/quehacerpolitico.mx\\\/?p=13128\"},\"wordCount\":948,\"commentCount\":0,\"image\":{\"@id\":\"https:\\\/\\\/quehacerpolitico.mx\\\/?p=13128#primaryimage\"},\"thumbnailUrl\":\"\",\"articleSection\":[\"Noticias\"],\"inLanguage\":\"es\",\"potentialAction\":[{\"@type\":\"CommentAction\",\"name\":\"Comment\",\"target\":[\"https:\\\/\\\/quehacerpolitico.mx\\\/?p=13128#respond\"]}]},{\"@type\":\"WebPage\",\"@id\":\"https:\\\/\\\/quehacerpolitico.mx\\\/?p=13128\",\"url\":\"https:\\\/\\\/quehacerpolitico.mx\\\/?p=13128\",\"name\":\"AMLO lanza la convocatoria para ingresar a la Guardia Nacional -\",\"isPartOf\":{\"@id\":\"https:\\\/\\\/quehacerpolitico.mx\\\/#website\"},\"primaryImageOfPage\":{\"@id\":\"https:\\\/\\\/quehacerpolitico.mx\\\/?p=13128#primaryimage\"},\"image\":{\"@id\":\"https:\\\/\\\/quehacerpolitico.mx\\\/?p=13128#primaryimage\"},\"thumbnailUrl\":\"\",\"datePublished\":\"2019-01-02T14:27:10+00:00\",\"author\":{\"@id\":\"https:\\\/\\\/quehacerpolitico.mx\\\/#\\\/schema\\\/person\\\/496d8ad2d1d3f8036101dca7ee39e585\"},\"breadcrumb\":{\"@id\":\"https:\\\/\\\/quehacerpolitico.mx\\\/?p=13128#breadcrumb\"},\"inLanguage\":\"es\",\"potentialAction\":[{\"@type\":\"ReadAction\",\"target\":[\"https:\\\/\\\/quehacerpolitico.mx\\\/?p=13128\"]}]},{\"@type\":\"ImageObject\",\"inLanguage\":\"es\",\"@id\":\"https:\\\/\\\/quehacerpolitico.mx\\\/?p=13128#primaryimage\",\"url\":\"\",\"contentUrl\":\"\"},{\"@type\":\"BreadcrumbList\",\"@id\":\"https:\\\/\\\/quehacerpolitico.mx\\\/?p=13128#breadcrumb\",\"itemListElement\":[{\"@type\":\"ListItem\",\"position\":1,\"name\":\"Inicio\",\"item\":\"https:\\\/\\\/quehacerpolitico.mx\\\/\"},{\"@type\":\"ListItem\",\"position\":2,\"name\":\"AMLO lanza la convocatoria para ingresar a la Guardia Nacional\"}]},{\"@type\":\"WebSite\",\"@id\":\"https:\\\/\\\/quehacerpolitico.mx\\\/#website\",\"url\":\"https:\\\/\\\/quehacerpolitico.mx\\\/\",\"name\":\"\",\"description\":\"\",\"potentialAction\":[{\"@type\":\"SearchAction\",\"target\":{\"@type\":\"EntryPoint\",\"urlTemplate\":\"https:\\\/\\\/quehacerpolitico.mx\\\/?s={search_term_string}\"},\"query-input\":{\"@type\":\"PropertyValueSpecification\",\"valueRequired\":true,\"valueName\":\"search_term_string\"}}],\"inLanguage\":\"es\"},{\"@type\":\"Person\",\"@id\":\"https:\\\/\\\/quehacerpolitico.mx\\\/#\\\/schema\\\/person\\\/496d8ad2d1d3f8036101dca7ee39e585\",\"name\":\"Redacci\u00f3n QP\",\"image\":{\"@type\":\"ImageObject\",\"inLanguage\":\"es\",\"@id\":\"https:\\\/\\\/secure.gravatar.com\\\/avatar\\\/c7164ed6fdec453195284ad24a5ae5b6e1eed2b848477fa2a4787ba9adf39a41?s=96&d=mm&r=g\",\"url\":\"https:\\\/\\\/secure.gravatar.com\\\/avatar\\\/c7164ed6fdec453195284ad24a5ae5b6e1eed2b848477fa2a4787ba9adf39a41?s=96&d=mm&r=g\",\"contentUrl\":\"https:\\\/\\\/secure.gravatar.com\\\/avatar\\\/c7164ed6fdec453195284ad24a5ae5b6e1eed2b848477fa2a4787ba9adf39a41?s=96&d=mm&r=g\",\"caption\":\"Redacci\u00f3n QP\"},\"url\":\"https:\\\/\\\/quehacerpolitico.mx\\\/?author=2\"}]}<\/script>\n<!-- \/ Yoast SEO plugin. -->","yoast_head_json":{"title":"AMLO lanza la convocatoria para ingresar a la Guardia Nacional -","robots":{"index":"index","follow":"follow","max-snippet":"max-snippet:-1","max-image-preview":"max-image-preview:large","max-video-preview":"max-video-preview:-1"},"canonical":"https:\/\/quehacerpolitico.mx\/?p=13128","og_locale":"es_MX","og_type":"article","og_title":"AMLO lanza la convocatoria para ingresar a la Guardia Nacional -","og_description":"AMLO lanza la convocatoria para ingresar a la Guardia Nacional Por Redacci\u00f3n QP","og_url":"https:\/\/quehacerpolitico.mx\/?p=13128","article_published_time":"2019-01-02T14:27:10+00:00","author":"Redacci\u00f3n QP","twitter_card":"summary_large_image","twitter_misc":{"Escrito por":"Redacci\u00f3n QP","Tiempo de lectura":"5 minutos"},"schema":{"@context":"https:\/\/schema.org","@graph":[{"@type":"Article","@id":"https:\/\/quehacerpolitico.mx\/?p=13128#article","isPartOf":{"@id":"https:\/\/quehacerpolitico.mx\/?p=13128"},"author":{"name":"Redacci\u00f3n QP","@id":"https:\/\/quehacerpolitico.mx\/#\/schema\/person\/496d8ad2d1d3f8036101dca7ee39e585"},"headline":"AMLO lanza la convocatoria para ingresar a la Guardia Nacional","datePublished":"2019-01-02T14:27:10+00:00","mainEntityOfPage":{"@id":"https:\/\/quehacerpolitico.mx\/?p=13128"},"wordCount":948,"commentCount":0,"image":{"@id":"https:\/\/quehacerpolitico.mx\/?p=13128#primaryimage"},"thumbnailUrl":"","articleSection":["Noticias"],"inLanguage":"es","potentialAction":[{"@type":"CommentAction","name":"Comment","target":["https:\/\/quehacerpolitico.mx\/?p=13128#respond"]}]},{"@type":"WebPage","@id":"https:\/\/quehacerpolitico.mx\/?p=13128","url":"https:\/\/quehacerpolitico.mx\/?p=13128","name":"AMLO lanza la convocatoria para ingresar a la Guardia Nacional -","isPartOf":{"@id":"https:\/\/quehacerpolitico.mx\/#website"},"primaryImageOfPage":{"@id":"https:\/\/quehacerpolitico.mx\/?p=13128#primaryimage"},"image":{"@id":"https:\/\/quehacerpolitico.mx\/?p=13128#primaryimage"},"thumbnailUrl":"","datePublished":"2019-01-02T14:27:10+00:00","author":{"@id":"https:\/\/quehacerpolitico.mx\/#\/schema\/person\/496d8ad2d1d3f8036101dca7ee39e585"},"breadcrumb":{"@id":"https:\/\/quehacerpolitico.mx\/?p=13128#breadcrumb"},"inLanguage":"es","potentialAction":[{"@type":"ReadAction","target":["https:\/\/quehacerpolitico.mx\/?p=13128"]}]},{"@type":"ImageObject","inLanguage":"es","@id":"https:\/\/quehacerpolitico.mx\/?p=13128#primaryimage","url":"","contentUrl":""},{"@type":"BreadcrumbList","@id":"https:\/\/quehacerpolitico.mx\/?p=13128#breadcrumb","itemListElement":[{"@type":"ListItem","position":1,"name":"Inicio","item":"https:\/\/quehacerpolitico.mx\/"},{"@type":"ListItem","position":2,"name":"AMLO lanza la convocatoria para ingresar a la Guardia Nacional"}]},{"@type":"WebSite","@id":"https:\/\/quehacerpolitico.mx\/#website","url":"https:\/\/quehacerpolitico.mx\/","name":"","description":"","potentialAction":[{"@type":"SearchAction","target":{"@type":"EntryPoint","urlTemplate":"https:\/\/quehacerpolitico.mx\/?s={search_term_string}"},"query-input":{"@type":"PropertyValueSpecification","valueRequired":true,"valueName":"search_term_string"}}],"inLanguage":"es"},{"@type":"Person","@id":"https:\/\/quehacerpolitico.mx\/#\/schema\/person\/496d8ad2d1d3f8036101dca7ee39e585","name":"Redacci\u00f3n QP","image":{"@type":"ImageObject","inLanguage":"es","@id":"https:\/\/secure.gravatar.com\/avatar\/c7164ed6fdec453195284ad24a5ae5b6e1eed2b848477fa2a4787ba9adf39a41?s=96&d=mm&r=g","url":"https:\/\/secure.gravatar.com\/avatar\/c7164ed6fdec453195284ad24a5ae5b6e1eed2b848477fa2a4787ba9adf39a41?s=96&d=mm&r=g","contentUrl":"https:\/\/secure.gravatar.com\/avatar\/c7164ed6fdec453195284ad24a5ae5b6e1eed2b848477fa2a4787ba9adf39a41?s=96&d=mm&r=g","caption":"Redacci\u00f3n QP"},"url":"https:\/\/quehacerpolitico.mx\/?author=2"}]}},"featured_image_urls":{"full":"","thumbnail":"","medium":"","medium_large":"","large":"","1536x1536":"","2048x2048":"","covernews-featured":"","covernews-medium":""},"author_info":{"display_name":"Redacci\u00f3n QP","author_link":"https:\/\/quehacerpolitico.mx\/?author=2"},"category_info":"<a href=\"https:\/\/quehacerpolitico.mx\/?cat=2\" rel=\"category\">Noticias<\/a>","tag_info":"Noticias","comment_count":"0","_links":{"self":[{"href":"https:\/\/quehacerpolitico.mx\/index.php?rest_route=\/wp\/v2\/posts\/13128","targetHints":{"allow":["GET"]}}],"collection":[{"href":"https:\/\/quehacerpolitico.mx\/index.php?rest_route=\/wp\/v2\/posts"}],"about":[{"href":"https:\/\/quehacerpolitico.mx\/index.php?rest_route=\/wp\/v2\/types\/post"}],"author":[{"embeddable":true,"href":"https:\/\/quehacerpolitico.mx\/index.php?rest_route=\/wp\/v2\/users\/2"}],"replies":[{"embeddable":true,"href":"https:\/\/quehacerpolitico.mx\/index.php?rest_route=%2Fwp%2Fv2%2Fcomments&post=13128"}],"version-history":[{"count":0,"href":"https:\/\/quehacerpolitico.mx\/index.php?rest_route=\/wp\/v2\/posts\/13128\/revisions"}],"wp:featuredmedia":[{"embeddable":true,"href":"https:\/\/quehacerpolitico.mx\/index.php?rest_route=\/"}],"wp:attachment":[{"href":"https:\/\/quehacerpolitico.mx\/index.php?rest_route=%2Fwp%2Fv2%2Fmedia&parent=13128"}],"wp:term":[{"taxonomy":"category","embeddable":true,"href":"https:\/\/quehacerpolitico.mx\/index.php?rest_route=%2Fwp%2Fv2%2Fcategories&post=13128"},{"taxonomy":"post_tag","embeddable":true,"href":"https:\/\/quehacerpolitico.mx\/index.php?rest_route=%2Fwp%2Fv2%2Ftags&post=13128"}],"curies":[{"name":"wp","href":"https:\/\/api.w.org\/{rel}","templated":true}]}}