{"id":13088,"date":"2019-01-02T04:35:49","date_gmt":"2019-01-02T04:35:49","guid":{"rendered":"http:\/\/quehacerpolitico.mx\/violento-primer-dia-de-2019-en-la-cdmx-y-edomex-ejecuciones-abuso-sexual-cuerpos-abandonados\/"},"modified":"2019-01-02T04:35:49","modified_gmt":"2019-01-02T04:35:49","slug":"violento-primer-dia-de-2019-en-la-cdmx-y-edomex-ejecuciones-abuso-sexual-cuerpos-abandonados","status":"publish","type":"post","link":"https:\/\/quehacerpolitico.mx\/?p=13088","title":{"rendered":"Violento primer d\u00eda de 2019 en la CdMx y Edomex: ejecuciones, abuso sexual, cuerpos abandonados\u2026"},"content":{"rendered":"<h1>Violento primer d\u00eda de 2019 en la CdMx y Edomex: ejecuciones, abuso sexual, cuerpos abandonados\u2026<\/h1>\n<p>Por Redacci\u00f3n QP<\/p>\n<p><strong>Fue un violento<\/strong> inicio de a\u00f1o para la capital y el<strong> Estado de M\u00e9xico<\/strong>. Al menos cuatro asesinatos violentos marcan con sangre el <strong>amanecer del 2019<\/strong>.<\/p>\n<blockquote>\n<p>La madrugada de este martes, <strong>una\u00a0ni\u00f1a\u00a0fue\u00a0hallada\u00a0sin vida<\/strong>\u00a0y con signos de\u00a0abuso sexual\u00a0en una colonia <strong>del municipio de\u00a0Valle de Chalco<\/strong>, en el\u00a0Estado de M\u00e9xico.<\/p>\n<\/blockquote>\n<p>Las autoridades sugieren que puede tratarse de Camila, una peque\u00f1a que habr\u00eda sido reportada como desaparecida desde las 19 horas del lunes 31 de diciembre.<\/p>\n<p>En la capital mexicana, tambi\u00e9n durante la madrugada, fue localizado el cuerpo de una persona en Tepito, en la Alcald\u00eda de Cuauht\u00e9moc.<\/p>\n<blockquote>\n<p>Medios nacionales y locales informaron que el cad\u00e1ver fue envuelto en una cobija y abandonado en la esquina de Estanquillo y Jes\u00fas Carranza, en la demarcaci\u00f3n capitalina.<\/p>\n<\/blockquote>\n<p>En la Alcald\u00eda de Miguel Hidalgo, despu\u00e9s de las 9:30 horas, una persona recibi\u00f3 un tiro en la cabeza y perdi\u00f3 la vida en la colonia Ahuehuetes An\u00e1huac.<\/p>\n<p>La epidemia violenta se prolong\u00f3 hasta Iztacalco, donde cuatro personas fueron baleadas.\u00a0De acuerdo con la Procuradur\u00eda General de Justicia de la Ciudad de M\u00e9xico (PGJ-CdMX), un sujeto ingres\u00f3 a un domicilio en la colonia INPI Picos y dispar\u00f3 contra dos mujeres y dos ni\u00f1os.\u00a0Los lesionados fueron trasladados hasta un hospital. Se desconoce el m\u00f3vil del ataque.<\/p>\n<p>En la misma Alcald\u00eda de Iztacalco, un joven fue acribillado y asesinado durante la primer jornada de este martes.<\/p>\n<p>https:\/\/twitter.com\/mreldiablo8\/status\/1080265345825427457?s=21<\/p>\n<blockquote class=\"twitter-tweet\" data-width=\"550\" data-dnt=\"true\">\n<p lang=\"es\" dir=\"ltr\">SI RECONOCEN A ESTE HDP <a href=\"https:\/\/twitter.com\/hashtag\/DEN%C3%9ANCIENLO?src=hash&amp;ref_src=twsrc%5Etfw\">#DEN\u00daNCIENLO<\/a> <a href=\"https:\/\/twitter.com\/hashtag\/JusticiaParaCamila?src=hash&amp;ref_src=twsrc%5Etfw\">#JusticiaParaCamila<\/a> <a href=\"https:\/\/twitter.com\/hashtag\/Feminicidio?src=hash&amp;ref_src=twsrc%5Etfw\">#Feminicidio<\/a> <a href=\"https:\/\/twitter.com\/hashtag\/ValleDeChalco?src=hash&amp;ref_src=twsrc%5Etfw\">#ValleDeChalco<\/a> <a href=\"https:\/\/twitter.com\/hashtag\/EdoM%C3%A9x?src=hash&amp;ref_src=twsrc%5Etfw\">#EdoM\u00e9x<\/a> @Princesabathory <a href=\"https:\/\/t.co\/xGDjr8XJ0I\">https:\/\/t.co\/xGDjr8XJ0I<\/a><\/p>\n<p>&mdash; JORGE BECERRIL JB\/8 (@MrElDiablo8) <a href=\"https:\/\/twitter.com\/MrElDiablo8\/status\/1080275850078105600?ref_src=twsrc%5Etfw\">January 2, 2019<\/a><\/p><\/blockquote>\n<p><script async src=\"https:\/\/platform.twitter.com\/widgets.js\" charset=\"utf-8\"><\/script><\/p>\n","protected":false},"excerpt":{"rendered":"<p>Violento primer d\u00eda de 2019 en la CdMx y Edomex: ejecuciones, abuso sexual, cuerpos abandonados\u2026<br \/>\nPor Redacci\u00f3n QP<\/p>\n","protected":false},"author":2,"featured_media":13087,"comment_status":"open","ping_status":"open","sticky":false,"template":"","format":"standard","meta":{"_monsterinsights_skip_tracking":false,"_monsterinsights_sitenote_active":false,"_monsterinsights_sitenote_note":"","_monsterinsights_sitenote_category":0,"footnotes":""},"categories":[2],"tags":[],"class_list":["post-13088","post","type-post","status-publish","format-standard","has-post-thumbnail","hentry","category-noticias"],"yoast_head":"<!-- This site is optimized with the Yoast SEO plugin v27.3 - https:\/\/yoast.com\/product\/yoast-seo-wordpress\/ -->\n<title>Violento primer d\u00eda de 2019 en la CdMx y Edomex: ejecuciones, abuso sexual, cuerpos abandonados\u2026 -<\/title>\n<meta name=\"robots\" content=\"index, follow, max-snippet:-1, max-image-preview:large, max-video-preview:-1\" \/>\n<link rel=\"canonical\" href=\"https:\/\/quehacerpolitico.mx\/?p=13088\" \/>\n<meta property=\"og:locale\" content=\"es_MX\" \/>\n<meta property=\"og:type\" content=\"article\" \/>\n<meta property=\"og:title\" content=\"Violento primer d\u00eda de 2019 en la CdMx y Edomex: ejecuciones, abuso sexual, cuerpos abandonados\u2026 -\" \/>\n<meta property=\"og:description\" content=\"Violento primer d\u00eda de 2019 en la CdMx y Edomex: ejecuciones, abuso sexual, cuerpos abandonados\u2026 Por Redacci\u00f3n QP\" \/>\n<meta property=\"og:url\" content=\"https:\/\/quehacerpolitico.mx\/?p=13088\" \/>\n<meta property=\"article:published_time\" content=\"2019-01-02T04:35:49+00:00\" \/>\n<meta name=\"author\" content=\"Redacci\u00f3n QP\" \/>\n<meta name=\"twitter:card\" content=\"summary_large_image\" \/>\n<meta name=\"twitter:label1\" content=\"Escrito por\" \/>\n\t<meta name=\"twitter:data1\" content=\"Redacci\u00f3n QP\" \/>\n\t<meta name=\"twitter:label2\" content=\"Tiempo de lectura\" \/>\n\t<meta name=\"twitter:data2\" content=\"1 minuto\" \/>\n<script type=\"application\/ld+json\" class=\"yoast-schema-graph\">{\"@context\":\"https:\\\/\\\/schema.org\",\"@graph\":[{\"@type\":\"Article\",\"@id\":\"https:\\\/\\\/quehacerpolitico.mx\\\/?p=13088#article\",\"isPartOf\":{\"@id\":\"https:\\\/\\\/quehacerpolitico.mx\\\/?p=13088\"},\"author\":{\"name\":\"Redacci\u00f3n QP\",\"@id\":\"https:\\\/\\\/quehacerpolitico.mx\\\/#\\\/schema\\\/person\\\/496d8ad2d1d3f8036101dca7ee39e585\"},\"headline\":\"Violento primer d\u00eda de 2019 en la CdMx y Edomex: ejecuciones, abuso sexual, cuerpos abandonados\u2026\",\"datePublished\":\"2019-01-02T04:35:49+00:00\",\"mainEntityOfPage\":{\"@id\":\"https:\\\/\\\/quehacerpolitico.mx\\\/?p=13088\"},\"wordCount\":298,\"commentCount\":0,\"image\":{\"@id\":\"https:\\\/\\\/quehacerpolitico.mx\\\/?p=13088#primaryimage\"},\"thumbnailUrl\":\"\",\"articleSection\":[\"Noticias\"],\"inLanguage\":\"es\",\"potentialAction\":[{\"@type\":\"CommentAction\",\"name\":\"Comment\",\"target\":[\"https:\\\/\\\/quehacerpolitico.mx\\\/?p=13088#respond\"]}]},{\"@type\":\"WebPage\",\"@id\":\"https:\\\/\\\/quehacerpolitico.mx\\\/?p=13088\",\"url\":\"https:\\\/\\\/quehacerpolitico.mx\\\/?p=13088\",\"name\":\"Violento primer d\u00eda de 2019 en la CdMx y Edomex: ejecuciones, abuso sexual, cuerpos abandonados\u2026 -\",\"isPartOf\":{\"@id\":\"https:\\\/\\\/quehacerpolitico.mx\\\/#website\"},\"primaryImageOfPage\":{\"@id\":\"https:\\\/\\\/quehacerpolitico.mx\\\/?p=13088#primaryimage\"},\"image\":{\"@id\":\"https:\\\/\\\/quehacerpolitico.mx\\\/?p=13088#primaryimage\"},\"thumbnailUrl\":\"\",\"datePublished\":\"2019-01-02T04:35:49+00:00\",\"author\":{\"@id\":\"https:\\\/\\\/quehacerpolitico.mx\\\/#\\\/schema\\\/person\\\/496d8ad2d1d3f8036101dca7ee39e585\"},\"breadcrumb\":{\"@id\":\"https:\\\/\\\/quehacerpolitico.mx\\\/?p=13088#breadcrumb\"},\"inLanguage\":\"es\",\"potentialAction\":[{\"@type\":\"ReadAction\",\"target\":[\"https:\\\/\\\/quehacerpolitico.mx\\\/?p=13088\"]}]},{\"@type\":\"ImageObject\",\"inLanguage\":\"es\",\"@id\":\"https:\\\/\\\/quehacerpolitico.mx\\\/?p=13088#primaryimage\",\"url\":\"\",\"contentUrl\":\"\"},{\"@type\":\"BreadcrumbList\",\"@id\":\"https:\\\/\\\/quehacerpolitico.mx\\\/?p=13088#breadcrumb\",\"itemListElement\":[{\"@type\":\"ListItem\",\"position\":1,\"name\":\"Inicio\",\"item\":\"https:\\\/\\\/quehacerpolitico.mx\\\/\"},{\"@type\":\"ListItem\",\"position\":2,\"name\":\"Violento primer d\u00eda de 2019 en la CdMx y Edomex: ejecuciones, abuso sexual, cuerpos abandonados\u2026\"}]},{\"@type\":\"WebSite\",\"@id\":\"https:\\\/\\\/quehacerpolitico.mx\\\/#website\",\"url\":\"https:\\\/\\\/quehacerpolitico.mx\\\/\",\"name\":\"\",\"description\":\"\",\"potentialAction\":[{\"@type\":\"SearchAction\",\"target\":{\"@type\":\"EntryPoint\",\"urlTemplate\":\"https:\\\/\\\/quehacerpolitico.mx\\\/?s={search_term_string}\"},\"query-input\":{\"@type\":\"PropertyValueSpecification\",\"valueRequired\":true,\"valueName\":\"search_term_string\"}}],\"inLanguage\":\"es\"},{\"@type\":\"Person\",\"@id\":\"https:\\\/\\\/quehacerpolitico.mx\\\/#\\\/schema\\\/person\\\/496d8ad2d1d3f8036101dca7ee39e585\",\"name\":\"Redacci\u00f3n QP\",\"image\":{\"@type\":\"ImageObject\",\"inLanguage\":\"es\",\"@id\":\"https:\\\/\\\/secure.gravatar.com\\\/avatar\\\/c7164ed6fdec453195284ad24a5ae5b6e1eed2b848477fa2a4787ba9adf39a41?s=96&d=mm&r=g\",\"url\":\"https:\\\/\\\/secure.gravatar.com\\\/avatar\\\/c7164ed6fdec453195284ad24a5ae5b6e1eed2b848477fa2a4787ba9adf39a41?s=96&d=mm&r=g\",\"contentUrl\":\"https:\\\/\\\/secure.gravatar.com\\\/avatar\\\/c7164ed6fdec453195284ad24a5ae5b6e1eed2b848477fa2a4787ba9adf39a41?s=96&d=mm&r=g\",\"caption\":\"Redacci\u00f3n QP\"},\"url\":\"https:\\\/\\\/quehacerpolitico.mx\\\/?author=2\"}]}<\/script>\n<!-- \/ Yoast SEO plugin. -->","yoast_head_json":{"title":"Violento primer d\u00eda de 2019 en la CdMx y Edomex: ejecuciones, abuso sexual, cuerpos abandonados\u2026 -","robots":{"index":"index","follow":"follow","max-snippet":"max-snippet:-1","max-image-preview":"max-image-preview:large","max-video-preview":"max-video-preview:-1"},"canonical":"https:\/\/quehacerpolitico.mx\/?p=13088","og_locale":"es_MX","og_type":"article","og_title":"Violento primer d\u00eda de 2019 en la CdMx y Edomex: ejecuciones, abuso sexual, cuerpos abandonados\u2026 -","og_description":"Violento primer d\u00eda de 2019 en la CdMx y Edomex: ejecuciones, abuso sexual, cuerpos abandonados\u2026 Por Redacci\u00f3n QP","og_url":"https:\/\/quehacerpolitico.mx\/?p=13088","article_published_time":"2019-01-02T04:35:49+00:00","author":"Redacci\u00f3n QP","twitter_card":"summary_large_image","twitter_misc":{"Escrito por":"Redacci\u00f3n QP","Tiempo de lectura":"1 minuto"},"schema":{"@context":"https:\/\/schema.org","@graph":[{"@type":"Article","@id":"https:\/\/quehacerpolitico.mx\/?p=13088#article","isPartOf":{"@id":"https:\/\/quehacerpolitico.mx\/?p=13088"},"author":{"name":"Redacci\u00f3n QP","@id":"https:\/\/quehacerpolitico.mx\/#\/schema\/person\/496d8ad2d1d3f8036101dca7ee39e585"},"headline":"Violento primer d\u00eda de 2019 en la CdMx y Edomex: ejecuciones, abuso sexual, cuerpos abandonados\u2026","datePublished":"2019-01-02T04:35:49+00:00","mainEntityOfPage":{"@id":"https:\/\/quehacerpolitico.mx\/?p=13088"},"wordCount":298,"commentCount":0,"image":{"@id":"https:\/\/quehacerpolitico.mx\/?p=13088#primaryimage"},"thumbnailUrl":"","articleSection":["Noticias"],"inLanguage":"es","potentialAction":[{"@type":"CommentAction","name":"Comment","target":["https:\/\/quehacerpolitico.mx\/?p=13088#respond"]}]},{"@type":"WebPage","@id":"https:\/\/quehacerpolitico.mx\/?p=13088","url":"https:\/\/quehacerpolitico.mx\/?p=13088","name":"Violento primer d\u00eda de 2019 en la CdMx y Edomex: ejecuciones, abuso sexual, cuerpos abandonados\u2026 -","isPartOf":{"@id":"https:\/\/quehacerpolitico.mx\/#website"},"primaryImageOfPage":{"@id":"https:\/\/quehacerpolitico.mx\/?p=13088#primaryimage"},"image":{"@id":"https:\/\/quehacerpolitico.mx\/?p=13088#primaryimage"},"thumbnailUrl":"","datePublished":"2019-01-02T04:35:49+00:00","author":{"@id":"https:\/\/quehacerpolitico.mx\/#\/schema\/person\/496d8ad2d1d3f8036101dca7ee39e585"},"breadcrumb":{"@id":"https:\/\/quehacerpolitico.mx\/?p=13088#breadcrumb"},"inLanguage":"es","potentialAction":[{"@type":"ReadAction","target":["https:\/\/quehacerpolitico.mx\/?p=13088"]}]},{"@type":"ImageObject","inLanguage":"es","@id":"https:\/\/quehacerpolitico.mx\/?p=13088#primaryimage","url":"","contentUrl":""},{"@type":"BreadcrumbList","@id":"https:\/\/quehacerpolitico.mx\/?p=13088#breadcrumb","itemListElement":[{"@type":"ListItem","position":1,"name":"Inicio","item":"https:\/\/quehacerpolitico.mx\/"},{"@type":"ListItem","position":2,"name":"Violento primer d\u00eda de 2019 en la CdMx y Edomex: ejecuciones, abuso sexual, cuerpos abandonados\u2026"}]},{"@type":"WebSite","@id":"https:\/\/quehacerpolitico.mx\/#website","url":"https:\/\/quehacerpolitico.mx\/","name":"","description":"","potentialAction":[{"@type":"SearchAction","target":{"@type":"EntryPoint","urlTemplate":"https:\/\/quehacerpolitico.mx\/?s={search_term_string}"},"query-input":{"@type":"PropertyValueSpecification","valueRequired":true,"valueName":"search_term_string"}}],"inLanguage":"es"},{"@type":"Person","@id":"https:\/\/quehacerpolitico.mx\/#\/schema\/person\/496d8ad2d1d3f8036101dca7ee39e585","name":"Redacci\u00f3n QP","image":{"@type":"ImageObject","inLanguage":"es","@id":"https:\/\/secure.gravatar.com\/avatar\/c7164ed6fdec453195284ad24a5ae5b6e1eed2b848477fa2a4787ba9adf39a41?s=96&d=mm&r=g","url":"https:\/\/secure.gravatar.com\/avatar\/c7164ed6fdec453195284ad24a5ae5b6e1eed2b848477fa2a4787ba9adf39a41?s=96&d=mm&r=g","contentUrl":"https:\/\/secure.gravatar.com\/avatar\/c7164ed6fdec453195284ad24a5ae5b6e1eed2b848477fa2a4787ba9adf39a41?s=96&d=mm&r=g","caption":"Redacci\u00f3n QP"},"url":"https:\/\/quehacerpolitico.mx\/?author=2"}]}},"featured_image_urls":{"full":"","thumbnail":"","medium":"","medium_large":"","large":"","1536x1536":"","2048x2048":"","covernews-featured":"","covernews-medium":""},"author_info":{"display_name":"Redacci\u00f3n QP","author_link":"https:\/\/quehacerpolitico.mx\/?author=2"},"category_info":"<a href=\"https:\/\/quehacerpolitico.mx\/?cat=2\" rel=\"category\">Noticias<\/a>","tag_info":"Noticias","comment_count":"0","_links":{"self":[{"href":"https:\/\/quehacerpolitico.mx\/index.php?rest_route=\/wp\/v2\/posts\/13088","targetHints":{"allow":["GET"]}}],"collection":[{"href":"https:\/\/quehacerpolitico.mx\/index.php?rest_route=\/wp\/v2\/posts"}],"about":[{"href":"https:\/\/quehacerpolitico.mx\/index.php?rest_route=\/wp\/v2\/types\/post"}],"author":[{"embeddable":true,"href":"https:\/\/quehacerpolitico.mx\/index.php?rest_route=\/wp\/v2\/users\/2"}],"replies":[{"embeddable":true,"href":"https:\/\/quehacerpolitico.mx\/index.php?rest_route=%2Fwp%2Fv2%2Fcomments&post=13088"}],"version-history":[{"count":0,"href":"https:\/\/quehacerpolitico.mx\/index.php?rest_route=\/wp\/v2\/posts\/13088\/revisions"}],"wp:featuredmedia":[{"embeddable":true,"href":"https:\/\/quehacerpolitico.mx\/index.php?rest_route=\/"}],"wp:attachment":[{"href":"https:\/\/quehacerpolitico.mx\/index.php?rest_route=%2Fwp%2Fv2%2Fmedia&parent=13088"}],"wp:term":[{"taxonomy":"category","embeddable":true,"href":"https:\/\/quehacerpolitico.mx\/index.php?rest_route=%2Fwp%2Fv2%2Fcategories&post=13088"},{"taxonomy":"post_tag","embeddable":true,"href":"https:\/\/quehacerpolitico.mx\/index.php?rest_route=%2Fwp%2Fv2%2Ftags&post=13088"}],"curies":[{"name":"wp","href":"https:\/\/api.w.org\/{rel}","templated":true}]}}