{"id":13074,"date":"2019-01-02T02:20:10","date_gmt":"2019-01-02T02:20:10","guid":{"rendered":"http:\/\/quehacerpolitico.mx\/al-menos-10-de-los-policias-de-la-cdmx-faltan-a-su-trabajo\/"},"modified":"2019-01-02T02:20:10","modified_gmt":"2019-01-02T02:20:10","slug":"al-menos-10-de-los-policias-de-la-cdmx-faltan-a-su-trabajo","status":"publish","type":"post","link":"https:\/\/quehacerpolitico.mx\/?p=13074","title":{"rendered":"Al menos 10% de los polic\u00edas de la CDMX faltan a su trabajo"},"content":{"rendered":"<h1 class=\"amp-wp-title\">Al menos 10% de los polic\u00edas de la CDMX faltan a su trabajo<\/h1>\n<p>Por Redacci\u00f3n QP<\/p>\n<p>La <strong>Polic\u00eda<\/strong> de la Ciudad de M\u00e9xico afronta un problema de <strong>ausentismo<\/strong> que afecta a por los menos<strong>10% de su planta<\/strong> debido a las condiciones laborales que afectan a algunos de sus elementos.<\/p>\n<p>As\u00ed lo dio a conocer la jefa de Gobierno, <strong>Claudia Sheinbaum,<\/strong> como parte de los resultados que obtuvo luego de realizar recorridos de supervisi\u00f3n en 35 de los 70 sectores de la <strong>Secretar\u00eda de Seguridad Ciudadana (SSC)<\/strong>.<\/p>\n<p>La jefa de Gobierno explic\u00f3 que el objetivo fue revisar las condiciones generales en las <strong>Unidades de Protecci\u00f3n Ciudadana (UPC)<\/strong>, \u00e1reas comunes como casilleros, regaderas, sanitarios, instalaciones el\u00e9ctricas, de agua y wifi.<\/p>\n<p><strong>Sheinbaum<\/strong> tambi\u00e9n pidi\u00f3 conocer la duraci\u00f3n de los turnos, pases de lista y el<strong> nivel de fatiga de los elementos<\/strong>, factores que indic\u00f3 influyen en que por lo menos 10% de la planta de la <strong>SSC<\/strong> incurra en faltas laborales.<\/p>\n<p>Destac\u00f3 que al conocer este tipo de factores sociales, <strong>laborales<\/strong> y de infraestructura su administraci\u00f3n tendr\u00e1 elementos para desarrollar <strong>mejoras<\/strong> que dignifiquen las condiciones de las y los <strong>polic\u00edas<\/strong> de la Ciudad de M\u00e9xico.<\/p>\n<blockquote>\n<p>\u201cYa se trabaja en solucionar situaciones de faltas laborales, abastecimiento de agua, rehabilitaci\u00f3n de casilleros, regaderas, dormitorios, gimnasios y de otras infraestructuras en las bases policiales con que cuenta la SSC\u201d, expuso la jefa de Gobierno.<\/p>\n<\/blockquote>\n<p>Agreg\u00f3 que este a\u00f1o comenzar\u00e1 una serie de mejoras en las <strong>UPC<\/strong> para que sus elementos cuenten con servicios de biblioteca y tableros de ajedrez, con los que buscar\u00e1 la integraci\u00f3n de las comunidades <strong>policiacas<\/strong> el desarrollo de sus elementos.<\/p>\n<p>Los recorridos de supervisi\u00f3n se llevaron a cabo desde el 6 de diciembre del a\u00f1o pasado en las <strong>UPC<\/strong>ubicadas en las alcald\u00edas <strong>Magdalena Contreras<\/strong>, Cuajimalpa, <strong>Gustavo A. Madero<\/strong>, Iztacalco, <strong>Iztapalapa,<\/strong> Coyoac\u00e1n, Cuauht\u00e9moc, \u00c1lvaro Obreg\u00f3n y Azcapotzalco.<\/p>\n<blockquote>\n<p>\u201cLa Polic\u00eda de la ciudad ha demostrado que con disciplina, buen mando e incentivos es capaz de combatir la inseguridad\u201d, asegur\u00f3 Sheinbaum.<\/p>\n<\/blockquote>\n<p>A la fecha, la mandataria local ya cubri\u00f3 50% de las <strong>UPC<\/strong> de la ciudad y durante ese mes continuar\u00e1 con los recorridos para conocer las condiciones laborales de los polic\u00edas, as\u00ed como el estado de las instalaciones.<\/p>\n","protected":false},"excerpt":{"rendered":"<p>Al menos 10% de los polic\u00edas de la CDMX faltan a su trabajo<br \/>\nPor Redacci\u00f3n QP<\/p>\n","protected":false},"author":2,"featured_media":13073,"comment_status":"open","ping_status":"open","sticky":false,"template":"","format":"standard","meta":{"_monsterinsights_skip_tracking":false,"_monsterinsights_sitenote_active":false,"_monsterinsights_sitenote_note":"","_monsterinsights_sitenote_category":0,"footnotes":""},"categories":[55],"tags":[],"class_list":["post-13074","post","type-post","status-publish","format-standard","has-post-thumbnail","hentry","category-cdmx"],"yoast_head":"<!-- This site is optimized with the Yoast SEO plugin v27.3 - https:\/\/yoast.com\/product\/yoast-seo-wordpress\/ -->\n<title>Al menos 10% de los polic\u00edas de la CDMX faltan a su trabajo -<\/title>\n<meta name=\"robots\" content=\"index, follow, max-snippet:-1, max-image-preview:large, max-video-preview:-1\" \/>\n<link rel=\"canonical\" href=\"https:\/\/quehacerpolitico.mx\/?p=13074\" \/>\n<meta property=\"og:locale\" content=\"es_MX\" \/>\n<meta property=\"og:type\" content=\"article\" \/>\n<meta property=\"og:title\" content=\"Al menos 10% de los polic\u00edas de la CDMX faltan a su trabajo -\" \/>\n<meta property=\"og:description\" content=\"Al menos 10% de los polic\u00edas de la CDMX faltan a su trabajo Por Redacci\u00f3n QP\" \/>\n<meta property=\"og:url\" content=\"https:\/\/quehacerpolitico.mx\/?p=13074\" \/>\n<meta property=\"article:published_time\" content=\"2019-01-02T02:20:10+00:00\" \/>\n<meta name=\"author\" content=\"Redacci\u00f3n QP\" \/>\n<meta name=\"twitter:card\" content=\"summary_large_image\" \/>\n<meta name=\"twitter:label1\" content=\"Escrito por\" \/>\n\t<meta name=\"twitter:data1\" content=\"Redacci\u00f3n QP\" \/>\n\t<meta name=\"twitter:label2\" content=\"Tiempo de lectura\" \/>\n\t<meta name=\"twitter:data2\" content=\"2 minutos\" \/>\n<script type=\"application\/ld+json\" class=\"yoast-schema-graph\">{\"@context\":\"https:\\\/\\\/schema.org\",\"@graph\":[{\"@type\":\"Article\",\"@id\":\"https:\\\/\\\/quehacerpolitico.mx\\\/?p=13074#article\",\"isPartOf\":{\"@id\":\"https:\\\/\\\/quehacerpolitico.mx\\\/?p=13074\"},\"author\":{\"name\":\"Redacci\u00f3n QP\",\"@id\":\"https:\\\/\\\/quehacerpolitico.mx\\\/#\\\/schema\\\/person\\\/496d8ad2d1d3f8036101dca7ee39e585\"},\"headline\":\"Al menos 10% de los polic\u00edas de la CDMX faltan a su trabajo\",\"datePublished\":\"2019-01-02T02:20:10+00:00\",\"mainEntityOfPage\":{\"@id\":\"https:\\\/\\\/quehacerpolitico.mx\\\/?p=13074\"},\"wordCount\":395,\"commentCount\":0,\"image\":{\"@id\":\"https:\\\/\\\/quehacerpolitico.mx\\\/?p=13074#primaryimage\"},\"thumbnailUrl\":\"\",\"articleSection\":[\"CDMX\"],\"inLanguage\":\"es\",\"potentialAction\":[{\"@type\":\"CommentAction\",\"name\":\"Comment\",\"target\":[\"https:\\\/\\\/quehacerpolitico.mx\\\/?p=13074#respond\"]}]},{\"@type\":\"WebPage\",\"@id\":\"https:\\\/\\\/quehacerpolitico.mx\\\/?p=13074\",\"url\":\"https:\\\/\\\/quehacerpolitico.mx\\\/?p=13074\",\"name\":\"Al menos 10% de los polic\u00edas de la CDMX faltan a su trabajo -\",\"isPartOf\":{\"@id\":\"https:\\\/\\\/quehacerpolitico.mx\\\/#website\"},\"primaryImageOfPage\":{\"@id\":\"https:\\\/\\\/quehacerpolitico.mx\\\/?p=13074#primaryimage\"},\"image\":{\"@id\":\"https:\\\/\\\/quehacerpolitico.mx\\\/?p=13074#primaryimage\"},\"thumbnailUrl\":\"\",\"datePublished\":\"2019-01-02T02:20:10+00:00\",\"author\":{\"@id\":\"https:\\\/\\\/quehacerpolitico.mx\\\/#\\\/schema\\\/person\\\/496d8ad2d1d3f8036101dca7ee39e585\"},\"breadcrumb\":{\"@id\":\"https:\\\/\\\/quehacerpolitico.mx\\\/?p=13074#breadcrumb\"},\"inLanguage\":\"es\",\"potentialAction\":[{\"@type\":\"ReadAction\",\"target\":[\"https:\\\/\\\/quehacerpolitico.mx\\\/?p=13074\"]}]},{\"@type\":\"ImageObject\",\"inLanguage\":\"es\",\"@id\":\"https:\\\/\\\/quehacerpolitico.mx\\\/?p=13074#primaryimage\",\"url\":\"\",\"contentUrl\":\"\"},{\"@type\":\"BreadcrumbList\",\"@id\":\"https:\\\/\\\/quehacerpolitico.mx\\\/?p=13074#breadcrumb\",\"itemListElement\":[{\"@type\":\"ListItem\",\"position\":1,\"name\":\"Inicio\",\"item\":\"https:\\\/\\\/quehacerpolitico.mx\\\/\"},{\"@type\":\"ListItem\",\"position\":2,\"name\":\"Al menos 10% de los polic\u00edas de la CDMX faltan a su trabajo\"}]},{\"@type\":\"WebSite\",\"@id\":\"https:\\\/\\\/quehacerpolitico.mx\\\/#website\",\"url\":\"https:\\\/\\\/quehacerpolitico.mx\\\/\",\"name\":\"\",\"description\":\"\",\"potentialAction\":[{\"@type\":\"SearchAction\",\"target\":{\"@type\":\"EntryPoint\",\"urlTemplate\":\"https:\\\/\\\/quehacerpolitico.mx\\\/?s={search_term_string}\"},\"query-input\":{\"@type\":\"PropertyValueSpecification\",\"valueRequired\":true,\"valueName\":\"search_term_string\"}}],\"inLanguage\":\"es\"},{\"@type\":\"Person\",\"@id\":\"https:\\\/\\\/quehacerpolitico.mx\\\/#\\\/schema\\\/person\\\/496d8ad2d1d3f8036101dca7ee39e585\",\"name\":\"Redacci\u00f3n QP\",\"image\":{\"@type\":\"ImageObject\",\"inLanguage\":\"es\",\"@id\":\"https:\\\/\\\/secure.gravatar.com\\\/avatar\\\/c7164ed6fdec453195284ad24a5ae5b6e1eed2b848477fa2a4787ba9adf39a41?s=96&d=mm&r=g\",\"url\":\"https:\\\/\\\/secure.gravatar.com\\\/avatar\\\/c7164ed6fdec453195284ad24a5ae5b6e1eed2b848477fa2a4787ba9adf39a41?s=96&d=mm&r=g\",\"contentUrl\":\"https:\\\/\\\/secure.gravatar.com\\\/avatar\\\/c7164ed6fdec453195284ad24a5ae5b6e1eed2b848477fa2a4787ba9adf39a41?s=96&d=mm&r=g\",\"caption\":\"Redacci\u00f3n QP\"},\"url\":\"https:\\\/\\\/quehacerpolitico.mx\\\/?author=2\"}]}<\/script>\n<!-- \/ Yoast SEO plugin. -->","yoast_head_json":{"title":"Al menos 10% de los polic\u00edas de la CDMX faltan a su trabajo -","robots":{"index":"index","follow":"follow","max-snippet":"max-snippet:-1","max-image-preview":"max-image-preview:large","max-video-preview":"max-video-preview:-1"},"canonical":"https:\/\/quehacerpolitico.mx\/?p=13074","og_locale":"es_MX","og_type":"article","og_title":"Al menos 10% de los polic\u00edas de la CDMX faltan a su trabajo -","og_description":"Al menos 10% de los polic\u00edas de la CDMX faltan a su trabajo Por Redacci\u00f3n QP","og_url":"https:\/\/quehacerpolitico.mx\/?p=13074","article_published_time":"2019-01-02T02:20:10+00:00","author":"Redacci\u00f3n QP","twitter_card":"summary_large_image","twitter_misc":{"Escrito por":"Redacci\u00f3n QP","Tiempo de lectura":"2 minutos"},"schema":{"@context":"https:\/\/schema.org","@graph":[{"@type":"Article","@id":"https:\/\/quehacerpolitico.mx\/?p=13074#article","isPartOf":{"@id":"https:\/\/quehacerpolitico.mx\/?p=13074"},"author":{"name":"Redacci\u00f3n QP","@id":"https:\/\/quehacerpolitico.mx\/#\/schema\/person\/496d8ad2d1d3f8036101dca7ee39e585"},"headline":"Al menos 10% de los polic\u00edas de la CDMX faltan a su trabajo","datePublished":"2019-01-02T02:20:10+00:00","mainEntityOfPage":{"@id":"https:\/\/quehacerpolitico.mx\/?p=13074"},"wordCount":395,"commentCount":0,"image":{"@id":"https:\/\/quehacerpolitico.mx\/?p=13074#primaryimage"},"thumbnailUrl":"","articleSection":["CDMX"],"inLanguage":"es","potentialAction":[{"@type":"CommentAction","name":"Comment","target":["https:\/\/quehacerpolitico.mx\/?p=13074#respond"]}]},{"@type":"WebPage","@id":"https:\/\/quehacerpolitico.mx\/?p=13074","url":"https:\/\/quehacerpolitico.mx\/?p=13074","name":"Al menos 10% de los polic\u00edas de la CDMX faltan a su trabajo -","isPartOf":{"@id":"https:\/\/quehacerpolitico.mx\/#website"},"primaryImageOfPage":{"@id":"https:\/\/quehacerpolitico.mx\/?p=13074#primaryimage"},"image":{"@id":"https:\/\/quehacerpolitico.mx\/?p=13074#primaryimage"},"thumbnailUrl":"","datePublished":"2019-01-02T02:20:10+00:00","author":{"@id":"https:\/\/quehacerpolitico.mx\/#\/schema\/person\/496d8ad2d1d3f8036101dca7ee39e585"},"breadcrumb":{"@id":"https:\/\/quehacerpolitico.mx\/?p=13074#breadcrumb"},"inLanguage":"es","potentialAction":[{"@type":"ReadAction","target":["https:\/\/quehacerpolitico.mx\/?p=13074"]}]},{"@type":"ImageObject","inLanguage":"es","@id":"https:\/\/quehacerpolitico.mx\/?p=13074#primaryimage","url":"","contentUrl":""},{"@type":"BreadcrumbList","@id":"https:\/\/quehacerpolitico.mx\/?p=13074#breadcrumb","itemListElement":[{"@type":"ListItem","position":1,"name":"Inicio","item":"https:\/\/quehacerpolitico.mx\/"},{"@type":"ListItem","position":2,"name":"Al menos 10% de los polic\u00edas de la CDMX faltan a su trabajo"}]},{"@type":"WebSite","@id":"https:\/\/quehacerpolitico.mx\/#website","url":"https:\/\/quehacerpolitico.mx\/","name":"","description":"","potentialAction":[{"@type":"SearchAction","target":{"@type":"EntryPoint","urlTemplate":"https:\/\/quehacerpolitico.mx\/?s={search_term_string}"},"query-input":{"@type":"PropertyValueSpecification","valueRequired":true,"valueName":"search_term_string"}}],"inLanguage":"es"},{"@type":"Person","@id":"https:\/\/quehacerpolitico.mx\/#\/schema\/person\/496d8ad2d1d3f8036101dca7ee39e585","name":"Redacci\u00f3n QP","image":{"@type":"ImageObject","inLanguage":"es","@id":"https:\/\/secure.gravatar.com\/avatar\/c7164ed6fdec453195284ad24a5ae5b6e1eed2b848477fa2a4787ba9adf39a41?s=96&d=mm&r=g","url":"https:\/\/secure.gravatar.com\/avatar\/c7164ed6fdec453195284ad24a5ae5b6e1eed2b848477fa2a4787ba9adf39a41?s=96&d=mm&r=g","contentUrl":"https:\/\/secure.gravatar.com\/avatar\/c7164ed6fdec453195284ad24a5ae5b6e1eed2b848477fa2a4787ba9adf39a41?s=96&d=mm&r=g","caption":"Redacci\u00f3n QP"},"url":"https:\/\/quehacerpolitico.mx\/?author=2"}]}},"featured_image_urls":{"full":"","thumbnail":"","medium":"","medium_large":"","large":"","1536x1536":"","2048x2048":"","covernews-featured":"","covernews-medium":""},"author_info":{"display_name":"Redacci\u00f3n QP","author_link":"https:\/\/quehacerpolitico.mx\/?author=2"},"category_info":"<a href=\"https:\/\/quehacerpolitico.mx\/?cat=55\" rel=\"category\">CDMX<\/a>","tag_info":"CDMX","comment_count":"0","_links":{"self":[{"href":"https:\/\/quehacerpolitico.mx\/index.php?rest_route=\/wp\/v2\/posts\/13074","targetHints":{"allow":["GET"]}}],"collection":[{"href":"https:\/\/quehacerpolitico.mx\/index.php?rest_route=\/wp\/v2\/posts"}],"about":[{"href":"https:\/\/quehacerpolitico.mx\/index.php?rest_route=\/wp\/v2\/types\/post"}],"author":[{"embeddable":true,"href":"https:\/\/quehacerpolitico.mx\/index.php?rest_route=\/wp\/v2\/users\/2"}],"replies":[{"embeddable":true,"href":"https:\/\/quehacerpolitico.mx\/index.php?rest_route=%2Fwp%2Fv2%2Fcomments&post=13074"}],"version-history":[{"count":0,"href":"https:\/\/quehacerpolitico.mx\/index.php?rest_route=\/wp\/v2\/posts\/13074\/revisions"}],"wp:featuredmedia":[{"embeddable":true,"href":"https:\/\/quehacerpolitico.mx\/index.php?rest_route=\/"}],"wp:attachment":[{"href":"https:\/\/quehacerpolitico.mx\/index.php?rest_route=%2Fwp%2Fv2%2Fmedia&parent=13074"}],"wp:term":[{"taxonomy":"category","embeddable":true,"href":"https:\/\/quehacerpolitico.mx\/index.php?rest_route=%2Fwp%2Fv2%2Fcategories&post=13074"},{"taxonomy":"post_tag","embeddable":true,"href":"https:\/\/quehacerpolitico.mx\/index.php?rest_route=%2Fwp%2Fv2%2Ftags&post=13074"}],"curies":[{"name":"wp","href":"https:\/\/api.w.org\/{rel}","templated":true}]}}