{"id":13052,"date":"2019-01-01T16:18:44","date_gmt":"2019-01-01T16:18:44","guid":{"rendered":"http:\/\/quehacerpolitico.mx\/quiere-amlo-servicio-medico-de-primer-mundo-en-mexico\/"},"modified":"2019-01-01T16:18:44","modified_gmt":"2019-01-01T16:18:44","slug":"quiere-amlo-servicio-medico-de-primer-mundo-en-mexico","status":"publish","type":"post","link":"https:\/\/quehacerpolitico.mx\/?p=13052","title":{"rendered":"Quiere AMLO servicio m\u00e9dico de primer mundo en M\u00e9xico"},"content":{"rendered":"<h1 class=\"news-title\">Quiere AMLO servicio m\u00e9dico de primer mundo en M\u00e9xico<\/h1>\n<p>Por Redacci\u00f3n QP<\/p>\n<header class=\"news-header\">\n<div class=\"news-subtitle\">\n<p>Al ser entrevistado el mandatario habl\u00f3 sobre expectativas para el sector salud, sus deseos de A\u00f1o Nuevo y si vigilara a los gobernadores de su partido<\/p>\n<\/div>\n<\/header>\n<div class=\"news-content\">\n<div class=\"news-body row\">\n<p>El presidente Andr\u00e9s Manuel L\u00f3pez Obrador afirm\u00f3 que uno de sus objetivos y desaf\u00edos es lograr que el servicio m\u00e9dico en el pa\u00eds mejore y lleguen a ser como el de Canad\u00e1, Reino Unido o los pa\u00edses n\u00f3rdicos, donde haya atenci\u00f3n gratuita de calidad y medicamentos para todos los mexicanos.\u00a0<\/p>\n<p><strong>Entrevistado al acudir como invitado a la toma de protesta de Ad\u00e1n Augusto L\u00f3pez Hern\u00e1ndez como nuevo gobernador de Tabasco, L\u00f3pez Obrador afirm\u00f3 que est\u00e1 comprometido con el pueblo de M\u00e9xico para que se logre la felicidad, eso es lo que desea para el a\u00f1o pr\u00f3ximo, que no haya sufrimiento, que no haya tristezas y que haya mucha alegr\u00eda para todos los mexicanos.<\/strong><\/p>\n<p>&#8220;Que podamos cumplir todos los compromisos. Estoy seguro de que lo voy a lograr porque ya iniciamos; no hemos perdido el impulso y ya est\u00e1n en marcha muchas acciones para que se acabe la corrupci\u00f3n y para que todo ese dinero, que antes se iba por el ca\u00f1o de la corrupci\u00f3n, se utilice ahora para el bienestar del pueblo, ese es el prop\u00f3sito, vamos bien&#8221;, indic\u00f3 el mandatario.\u00a0<\/p>\n<p>L\u00f3pez Obrador se\u00f1al\u00f3 que uno de sus desaf\u00edos m\u00e1s importantes es que mejore todo el sistema de salud p\u00fablica, porque actualmente hay centros de salud abandonados, hospitales sin m\u00e9dicos, sin medicamentos y con mucha corrupci\u00f3n.\u00a0<\/p>\n<p>&#8220;<strong>Tengo el reto, el desafi\u00f3 de lograr en poco tiempo levantar el sistema de salud p\u00fablica y que sea un sistema de salud como el de Canad\u00e1, Reino Unido como el de los pa\u00edses n\u00f3rdicos<\/strong>, la atenci\u00f3n m\u00e9dica y los medicamentos gratuitos para todos de manera especial para los que no tienen seguridad social&#8221;, apunt\u00f3.\u00a0<\/p>\n<p><strong>Al ser cuestionado si vigilar\u00e1 la actuaci\u00f3n del nuevo gobernador del estado, Ad\u00e1n Augusto L\u00f3pez Hern\u00e1ndez, el mandatario de la naci\u00f3n asegur\u00f3 que ni \u00e9l, ni el de Veracruz, Cuitl\u00e1huacGarc\u00eda, ni la jefa de gobierno de la Ciudad de M\u00e9xico, Claudia Sheinbaum, lo necesitan porque est\u00e1n cumpliendo con su responsabilidad<\/strong> y eso le quita un peso de encima y le permite ocuparse de otros estados donde hay m\u00e1s problemas, recalc\u00f3.<\/p>\n<\/div>\n<\/div>\n","protected":false},"excerpt":{"rendered":"<p>Quiere AMLO servicio m\u00e9dico de primer mundo en M\u00e9xico<br \/>\nPor Redacci\u00f3n QP<\/p>\n","protected":false},"author":2,"featured_media":13051,"comment_status":"open","ping_status":"open","sticky":false,"template":"","format":"standard","meta":{"_monsterinsights_skip_tracking":false,"_monsterinsights_sitenote_active":false,"_monsterinsights_sitenote_note":"","_monsterinsights_sitenote_category":0,"footnotes":""},"categories":[2],"tags":[],"class_list":["post-13052","post","type-post","status-publish","format-standard","has-post-thumbnail","hentry","category-noticias"],"yoast_head":"<!-- This site is optimized with the Yoast SEO plugin v27.3 - https:\/\/yoast.com\/product\/yoast-seo-wordpress\/ -->\n<title>Quiere AMLO servicio m\u00e9dico de primer mundo en M\u00e9xico -<\/title>\n<meta name=\"robots\" content=\"index, follow, max-snippet:-1, max-image-preview:large, max-video-preview:-1\" \/>\n<link rel=\"canonical\" href=\"https:\/\/quehacerpolitico.mx\/?p=13052\" \/>\n<meta property=\"og:locale\" content=\"es_MX\" \/>\n<meta property=\"og:type\" content=\"article\" \/>\n<meta property=\"og:title\" content=\"Quiere AMLO servicio m\u00e9dico de primer mundo en M\u00e9xico -\" \/>\n<meta property=\"og:description\" content=\"Quiere AMLO servicio m\u00e9dico de primer mundo en M\u00e9xico Por Redacci\u00f3n QP\" \/>\n<meta property=\"og:url\" content=\"https:\/\/quehacerpolitico.mx\/?p=13052\" \/>\n<meta property=\"article:published_time\" content=\"2019-01-01T16:18:44+00:00\" \/>\n<meta name=\"author\" content=\"Redacci\u00f3n QP\" \/>\n<meta name=\"twitter:card\" content=\"summary_large_image\" \/>\n<meta name=\"twitter:label1\" content=\"Escrito por\" \/>\n\t<meta name=\"twitter:data1\" content=\"Redacci\u00f3n QP\" \/>\n\t<meta name=\"twitter:label2\" content=\"Tiempo de lectura\" \/>\n\t<meta name=\"twitter:data2\" content=\"2 minutos\" \/>\n<script type=\"application\/ld+json\" class=\"yoast-schema-graph\">{\"@context\":\"https:\\\/\\\/schema.org\",\"@graph\":[{\"@type\":\"Article\",\"@id\":\"https:\\\/\\\/quehacerpolitico.mx\\\/?p=13052#article\",\"isPartOf\":{\"@id\":\"https:\\\/\\\/quehacerpolitico.mx\\\/?p=13052\"},\"author\":{\"name\":\"Redacci\u00f3n QP\",\"@id\":\"https:\\\/\\\/quehacerpolitico.mx\\\/#\\\/schema\\\/person\\\/496d8ad2d1d3f8036101dca7ee39e585\"},\"headline\":\"Quiere AMLO servicio m\u00e9dico de primer mundo en M\u00e9xico\",\"datePublished\":\"2019-01-01T16:18:44+00:00\",\"mainEntityOfPage\":{\"@id\":\"https:\\\/\\\/quehacerpolitico.mx\\\/?p=13052\"},\"wordCount\":437,\"commentCount\":0,\"image\":{\"@id\":\"https:\\\/\\\/quehacerpolitico.mx\\\/?p=13052#primaryimage\"},\"thumbnailUrl\":\"\",\"articleSection\":[\"Noticias\"],\"inLanguage\":\"es\",\"potentialAction\":[{\"@type\":\"CommentAction\",\"name\":\"Comment\",\"target\":[\"https:\\\/\\\/quehacerpolitico.mx\\\/?p=13052#respond\"]}]},{\"@type\":\"WebPage\",\"@id\":\"https:\\\/\\\/quehacerpolitico.mx\\\/?p=13052\",\"url\":\"https:\\\/\\\/quehacerpolitico.mx\\\/?p=13052\",\"name\":\"Quiere AMLO servicio m\u00e9dico de primer mundo en M\u00e9xico -\",\"isPartOf\":{\"@id\":\"https:\\\/\\\/quehacerpolitico.mx\\\/#website\"},\"primaryImageOfPage\":{\"@id\":\"https:\\\/\\\/quehacerpolitico.mx\\\/?p=13052#primaryimage\"},\"image\":{\"@id\":\"https:\\\/\\\/quehacerpolitico.mx\\\/?p=13052#primaryimage\"},\"thumbnailUrl\":\"\",\"datePublished\":\"2019-01-01T16:18:44+00:00\",\"author\":{\"@id\":\"https:\\\/\\\/quehacerpolitico.mx\\\/#\\\/schema\\\/person\\\/496d8ad2d1d3f8036101dca7ee39e585\"},\"breadcrumb\":{\"@id\":\"https:\\\/\\\/quehacerpolitico.mx\\\/?p=13052#breadcrumb\"},\"inLanguage\":\"es\",\"potentialAction\":[{\"@type\":\"ReadAction\",\"target\":[\"https:\\\/\\\/quehacerpolitico.mx\\\/?p=13052\"]}]},{\"@type\":\"ImageObject\",\"inLanguage\":\"es\",\"@id\":\"https:\\\/\\\/quehacerpolitico.mx\\\/?p=13052#primaryimage\",\"url\":\"\",\"contentUrl\":\"\"},{\"@type\":\"BreadcrumbList\",\"@id\":\"https:\\\/\\\/quehacerpolitico.mx\\\/?p=13052#breadcrumb\",\"itemListElement\":[{\"@type\":\"ListItem\",\"position\":1,\"name\":\"Inicio\",\"item\":\"https:\\\/\\\/quehacerpolitico.mx\\\/\"},{\"@type\":\"ListItem\",\"position\":2,\"name\":\"Quiere AMLO servicio m\u00e9dico de primer mundo en M\u00e9xico\"}]},{\"@type\":\"WebSite\",\"@id\":\"https:\\\/\\\/quehacerpolitico.mx\\\/#website\",\"url\":\"https:\\\/\\\/quehacerpolitico.mx\\\/\",\"name\":\"\",\"description\":\"\",\"potentialAction\":[{\"@type\":\"SearchAction\",\"target\":{\"@type\":\"EntryPoint\",\"urlTemplate\":\"https:\\\/\\\/quehacerpolitico.mx\\\/?s={search_term_string}\"},\"query-input\":{\"@type\":\"PropertyValueSpecification\",\"valueRequired\":true,\"valueName\":\"search_term_string\"}}],\"inLanguage\":\"es\"},{\"@type\":\"Person\",\"@id\":\"https:\\\/\\\/quehacerpolitico.mx\\\/#\\\/schema\\\/person\\\/496d8ad2d1d3f8036101dca7ee39e585\",\"name\":\"Redacci\u00f3n QP\",\"image\":{\"@type\":\"ImageObject\",\"inLanguage\":\"es\",\"@id\":\"https:\\\/\\\/secure.gravatar.com\\\/avatar\\\/c7164ed6fdec453195284ad24a5ae5b6e1eed2b848477fa2a4787ba9adf39a41?s=96&d=mm&r=g\",\"url\":\"https:\\\/\\\/secure.gravatar.com\\\/avatar\\\/c7164ed6fdec453195284ad24a5ae5b6e1eed2b848477fa2a4787ba9adf39a41?s=96&d=mm&r=g\",\"contentUrl\":\"https:\\\/\\\/secure.gravatar.com\\\/avatar\\\/c7164ed6fdec453195284ad24a5ae5b6e1eed2b848477fa2a4787ba9adf39a41?s=96&d=mm&r=g\",\"caption\":\"Redacci\u00f3n QP\"},\"url\":\"https:\\\/\\\/quehacerpolitico.mx\\\/?author=2\"}]}<\/script>\n<!-- \/ Yoast SEO plugin. -->","yoast_head_json":{"title":"Quiere AMLO servicio m\u00e9dico de primer mundo en M\u00e9xico -","robots":{"index":"index","follow":"follow","max-snippet":"max-snippet:-1","max-image-preview":"max-image-preview:large","max-video-preview":"max-video-preview:-1"},"canonical":"https:\/\/quehacerpolitico.mx\/?p=13052","og_locale":"es_MX","og_type":"article","og_title":"Quiere AMLO servicio m\u00e9dico de primer mundo en M\u00e9xico -","og_description":"Quiere AMLO servicio m\u00e9dico de primer mundo en M\u00e9xico Por Redacci\u00f3n QP","og_url":"https:\/\/quehacerpolitico.mx\/?p=13052","article_published_time":"2019-01-01T16:18:44+00:00","author":"Redacci\u00f3n QP","twitter_card":"summary_large_image","twitter_misc":{"Escrito por":"Redacci\u00f3n QP","Tiempo de lectura":"2 minutos"},"schema":{"@context":"https:\/\/schema.org","@graph":[{"@type":"Article","@id":"https:\/\/quehacerpolitico.mx\/?p=13052#article","isPartOf":{"@id":"https:\/\/quehacerpolitico.mx\/?p=13052"},"author":{"name":"Redacci\u00f3n QP","@id":"https:\/\/quehacerpolitico.mx\/#\/schema\/person\/496d8ad2d1d3f8036101dca7ee39e585"},"headline":"Quiere AMLO servicio m\u00e9dico de primer mundo en M\u00e9xico","datePublished":"2019-01-01T16:18:44+00:00","mainEntityOfPage":{"@id":"https:\/\/quehacerpolitico.mx\/?p=13052"},"wordCount":437,"commentCount":0,"image":{"@id":"https:\/\/quehacerpolitico.mx\/?p=13052#primaryimage"},"thumbnailUrl":"","articleSection":["Noticias"],"inLanguage":"es","potentialAction":[{"@type":"CommentAction","name":"Comment","target":["https:\/\/quehacerpolitico.mx\/?p=13052#respond"]}]},{"@type":"WebPage","@id":"https:\/\/quehacerpolitico.mx\/?p=13052","url":"https:\/\/quehacerpolitico.mx\/?p=13052","name":"Quiere AMLO servicio m\u00e9dico de primer mundo en M\u00e9xico -","isPartOf":{"@id":"https:\/\/quehacerpolitico.mx\/#website"},"primaryImageOfPage":{"@id":"https:\/\/quehacerpolitico.mx\/?p=13052#primaryimage"},"image":{"@id":"https:\/\/quehacerpolitico.mx\/?p=13052#primaryimage"},"thumbnailUrl":"","datePublished":"2019-01-01T16:18:44+00:00","author":{"@id":"https:\/\/quehacerpolitico.mx\/#\/schema\/person\/496d8ad2d1d3f8036101dca7ee39e585"},"breadcrumb":{"@id":"https:\/\/quehacerpolitico.mx\/?p=13052#breadcrumb"},"inLanguage":"es","potentialAction":[{"@type":"ReadAction","target":["https:\/\/quehacerpolitico.mx\/?p=13052"]}]},{"@type":"ImageObject","inLanguage":"es","@id":"https:\/\/quehacerpolitico.mx\/?p=13052#primaryimage","url":"","contentUrl":""},{"@type":"BreadcrumbList","@id":"https:\/\/quehacerpolitico.mx\/?p=13052#breadcrumb","itemListElement":[{"@type":"ListItem","position":1,"name":"Inicio","item":"https:\/\/quehacerpolitico.mx\/"},{"@type":"ListItem","position":2,"name":"Quiere AMLO servicio m\u00e9dico de primer mundo en M\u00e9xico"}]},{"@type":"WebSite","@id":"https:\/\/quehacerpolitico.mx\/#website","url":"https:\/\/quehacerpolitico.mx\/","name":"","description":"","potentialAction":[{"@type":"SearchAction","target":{"@type":"EntryPoint","urlTemplate":"https:\/\/quehacerpolitico.mx\/?s={search_term_string}"},"query-input":{"@type":"PropertyValueSpecification","valueRequired":true,"valueName":"search_term_string"}}],"inLanguage":"es"},{"@type":"Person","@id":"https:\/\/quehacerpolitico.mx\/#\/schema\/person\/496d8ad2d1d3f8036101dca7ee39e585","name":"Redacci\u00f3n QP","image":{"@type":"ImageObject","inLanguage":"es","@id":"https:\/\/secure.gravatar.com\/avatar\/c7164ed6fdec453195284ad24a5ae5b6e1eed2b848477fa2a4787ba9adf39a41?s=96&d=mm&r=g","url":"https:\/\/secure.gravatar.com\/avatar\/c7164ed6fdec453195284ad24a5ae5b6e1eed2b848477fa2a4787ba9adf39a41?s=96&d=mm&r=g","contentUrl":"https:\/\/secure.gravatar.com\/avatar\/c7164ed6fdec453195284ad24a5ae5b6e1eed2b848477fa2a4787ba9adf39a41?s=96&d=mm&r=g","caption":"Redacci\u00f3n QP"},"url":"https:\/\/quehacerpolitico.mx\/?author=2"}]}},"featured_image_urls":{"full":"","thumbnail":"","medium":"","medium_large":"","large":"","1536x1536":"","2048x2048":"","covernews-featured":"","covernews-medium":""},"author_info":{"display_name":"Redacci\u00f3n QP","author_link":"https:\/\/quehacerpolitico.mx\/?author=2"},"category_info":"<a href=\"https:\/\/quehacerpolitico.mx\/?cat=2\" rel=\"category\">Noticias<\/a>","tag_info":"Noticias","comment_count":"0","_links":{"self":[{"href":"https:\/\/quehacerpolitico.mx\/index.php?rest_route=\/wp\/v2\/posts\/13052","targetHints":{"allow":["GET"]}}],"collection":[{"href":"https:\/\/quehacerpolitico.mx\/index.php?rest_route=\/wp\/v2\/posts"}],"about":[{"href":"https:\/\/quehacerpolitico.mx\/index.php?rest_route=\/wp\/v2\/types\/post"}],"author":[{"embeddable":true,"href":"https:\/\/quehacerpolitico.mx\/index.php?rest_route=\/wp\/v2\/users\/2"}],"replies":[{"embeddable":true,"href":"https:\/\/quehacerpolitico.mx\/index.php?rest_route=%2Fwp%2Fv2%2Fcomments&post=13052"}],"version-history":[{"count":0,"href":"https:\/\/quehacerpolitico.mx\/index.php?rest_route=\/wp\/v2\/posts\/13052\/revisions"}],"wp:featuredmedia":[{"embeddable":true,"href":"https:\/\/quehacerpolitico.mx\/index.php?rest_route=\/"}],"wp:attachment":[{"href":"https:\/\/quehacerpolitico.mx\/index.php?rest_route=%2Fwp%2Fv2%2Fmedia&parent=13052"}],"wp:term":[{"taxonomy":"category","embeddable":true,"href":"https:\/\/quehacerpolitico.mx\/index.php?rest_route=%2Fwp%2Fv2%2Fcategories&post=13052"},{"taxonomy":"post_tag","embeddable":true,"href":"https:\/\/quehacerpolitico.mx\/index.php?rest_route=%2Fwp%2Fv2%2Ftags&post=13052"}],"curies":[{"name":"wp","href":"https:\/\/api.w.org\/{rel}","templated":true}]}}