{"id":130463,"date":"2026-04-29T14:57:17","date_gmt":"2026-04-29T20:57:17","guid":{"rendered":"https:\/\/quehacerpolitico.mx\/?p=130463"},"modified":"2026-04-29T14:57:23","modified_gmt":"2026-04-29T20:57:23","slug":"eu-solicita-extradicion-de-ruben-rocha-y-otros-nueve-acusados-la-cancilleria-responde-que-no-les-mandaron-pruebas","status":"publish","type":"post","link":"https:\/\/quehacerpolitico.mx\/?p=130463","title":{"rendered":"EU solicita extradici\u00f3n de Rub\u00e9n Rocha y otros nueve acusados; la Canciller\u00eda responde que no les mandaron pruebas"},"content":{"rendered":"\n<p>Por Redacci\u00f3n QP<\/p>\n\n\n\n<p>La dependencia se\u00f1al\u00f3 que la solicitud no cuenta con elementos probatorios de las acusaciones del gobierno de Estados Unidos, pero fue turnada a la Fiscal\u00eda General de la Rep\u00fablica para determinar si estos existen<\/p>\n\n\n\n<p>La&nbsp;<strong>Secretar\u00eda de Relaciones Exteriores<\/strong>(SRE) inform\u00f3 que ya&nbsp;<strong>recibi\u00f3 la solicitud de detenci\u00f3n con fines de extradici\u00f3n&nbsp;<\/strong>luego de la acusaci\u00f3n presentada ante una corte de Estados Unidos en contra del&nbsp;<strong>gobernador de Sinaloa, Rub\u00e9n Rocha Moya,<\/strong>&nbsp;y diversos funcionarios y exfuncionarios de ese estado por presuntos v\u00ednculos con el C\u00e1rtel de Sinaloa.<\/p>\n\n\n\n<figure class=\"wp-block-image size-large\"><img loading=\"lazy\" decoding=\"async\" width=\"1022\" height=\"1024\" src=\"https:\/\/quehacerpolitico.mx\/wp-content\/uploads\/2026\/04\/IMG_8229-1022x1024.jpeg\" alt=\"\" class=\"wp-image-130464\" srcset=\"https:\/\/quehacerpolitico.mx\/wp-content\/uploads\/2026\/04\/IMG_8229-1022x1024.jpeg 1022w, https:\/\/quehacerpolitico.mx\/wp-content\/uploads\/2026\/04\/IMG_8229-300x300.jpeg 300w, https:\/\/quehacerpolitico.mx\/wp-content\/uploads\/2026\/04\/IMG_8229-150x150.jpeg 150w, https:\/\/quehacerpolitico.mx\/wp-content\/uploads\/2026\/04\/IMG_8229-768x770.jpeg 768w, https:\/\/quehacerpolitico.mx\/wp-content\/uploads\/2026\/04\/IMG_8229-1024x1026.jpeg 1024w, https:\/\/quehacerpolitico.mx\/wp-content\/uploads\/2026\/04\/IMG_8229.jpeg 1338w\" sizes=\"auto, (max-width: 1022px) 100vw, 1022px\" \/><\/figure>\n\n\n\n<p>La Canciller\u00eda destac\u00f3 que<strong>&nbsp;la solicitud no cuenta con elementos probatorios de las acusaciones<\/strong>&nbsp;del gobierno de Estados Unidos, pero<strong>&nbsp;fue turnada a la Fiscal\u00eda General de la Rep\u00fablica<\/strong>&nbsp;(FGR), que encabeza Ernestina Godoy, para determinar si existen elementos probatorios contra los funcionarios morenistas.<\/p>\n\n\n\n<p>&#8220;Los documentos que fueron recibidos por parte de la Embajada de los Estados Unidos, de acuerdo a la revisi\u00f3n jur\u00eddica de la SRE en el marco del\u00a0<strong>Tratado de Extradici\u00f3n bilateral<\/strong>, no cuenta con elementos de prueba&#8221;, dijo la dependencia en un comunicado.<\/p>\n\n\n\n<figure class=\"wp-block-gallery has-nested-images columns-default is-cropped wp-block-gallery-1 is-layout-flex wp-block-gallery-is-layout-flex\">\n<figure class=\"wp-block-image size-large\"><img loading=\"lazy\" decoding=\"async\" width=\"963\" height=\"790\" data-id=\"130466\" src=\"https:\/\/quehacerpolitico.mx\/wp-content\/uploads\/2026\/04\/IMG_8232.jpeg\" alt=\"\" class=\"wp-image-130466\" srcset=\"https:\/\/quehacerpolitico.mx\/wp-content\/uploads\/2026\/04\/IMG_8232.jpeg 963w, https:\/\/quehacerpolitico.mx\/wp-content\/uploads\/2026\/04\/IMG_8232-300x246.jpeg 300w, https:\/\/quehacerpolitico.mx\/wp-content\/uploads\/2026\/04\/IMG_8232-768x630.jpeg 768w\" sizes=\"auto, (max-width: 963px) 100vw, 963px\" \/><\/figure>\n\n\n\n<figure class=\"wp-block-image size-large\"><img loading=\"lazy\" decoding=\"async\" width=\"1015\" height=\"1024\" data-id=\"130467\" src=\"https:\/\/quehacerpolitico.mx\/wp-content\/uploads\/2026\/04\/IMG_8233-1015x1024.jpeg\" alt=\"\" class=\"wp-image-130467\" srcset=\"https:\/\/quehacerpolitico.mx\/wp-content\/uploads\/2026\/04\/IMG_8233-1015x1024.jpeg 1015w, https:\/\/quehacerpolitico.mx\/wp-content\/uploads\/2026\/04\/IMG_8233-297x300.jpeg 297w, https:\/\/quehacerpolitico.mx\/wp-content\/uploads\/2026\/04\/IMG_8233-150x150.jpeg 150w, https:\/\/quehacerpolitico.mx\/wp-content\/uploads\/2026\/04\/IMG_8233-768x775.jpeg 768w, https:\/\/quehacerpolitico.mx\/wp-content\/uploads\/2026\/04\/IMG_8233-1024x1033.jpeg 1024w, https:\/\/quehacerpolitico.mx\/wp-content\/uploads\/2026\/04\/IMG_8233.jpeg 1366w\" sizes=\"auto, (max-width: 1015px) 100vw, 1015px\" \/><\/figure>\n<\/figure>\n\n\n\n<p>La Canciller\u00eda tambi\u00e9n dio a conocer que la solicitud del gobierno que encabeza el presidente Donald Trump fue recibida ayer martes a las 18 horas.<\/p>\n\n\n\n<p>Este mi\u00e9rcoles, el Departamento de Justicia de EU hizo p\u00fablica la\u00a0<strong>acusaci\u00f3n en contra de Rocha Moya,\u00a0<\/strong>gobernador de Sinaloa; el senador de Morena por ese estado<strong>\u00a0Enrique Inzunza C\u00e1zarez; Juan de Dios G\u00e1mez<\/strong>, alcalde de Culiac\u00e1n, entre otros funcionarios estatales.<\/p>\n\n\n\n<figure class=\"wp-block-image size-large\"><img loading=\"lazy\" decoding=\"async\" width=\"798\" height=\"1024\" src=\"https:\/\/quehacerpolitico.mx\/wp-content\/uploads\/2026\/04\/IMG_8231-798x1024.jpeg\" alt=\"\" class=\"wp-image-130465\" srcset=\"https:\/\/quehacerpolitico.mx\/wp-content\/uploads\/2026\/04\/IMG_8231-798x1024.jpeg 798w, https:\/\/quehacerpolitico.mx\/wp-content\/uploads\/2026\/04\/IMG_8231-234x300.jpeg 234w, https:\/\/quehacerpolitico.mx\/wp-content\/uploads\/2026\/04\/IMG_8231-768x985.jpeg 768w, https:\/\/quehacerpolitico.mx\/wp-content\/uploads\/2026\/04\/IMG_8231-1197x1536.jpeg 1197w, https:\/\/quehacerpolitico.mx\/wp-content\/uploads\/2026\/04\/IMG_8231-1024x1314.jpeg 1024w, https:\/\/quehacerpolitico.mx\/wp-content\/uploads\/2026\/04\/IMG_8231.jpeg 1222w\" sizes=\"auto, (max-width: 798px) 100vw, 798px\" \/><\/figure>\n\n\n\n<p>El gobierno estadounidense acusa a los funcionarios de<strong>&nbsp;tener v\u00ednculos con el C\u00e1rtel de Sinaloa<\/strong>, espec\u00edficamente la fracci\u00f3n de &#8220;Los Chapitos&#8221;.&nbsp;<\/p>\n\n\n\n<p>La Canciller\u00eda asegur\u00f3 que&nbsp;<strong>se enviar\u00e1 un extra\u00f1amiento&nbsp;<\/strong>al gobierno de Estados Unidos por &#8220;la forma en que se dio a conocer&#8221; p\u00fablicamente la acusaci\u00f3n formal en contra de Rub\u00e9n Rocha y los dem\u00e1s funcionarios.<\/p>\n\n\n\n<figure class=\"wp-block-image size-large\"><img loading=\"lazy\" decoding=\"async\" width=\"705\" height=\"1024\" src=\"https:\/\/quehacerpolitico.mx\/wp-content\/uploads\/2026\/04\/IMG_8230-705x1024.jpeg\" alt=\"\" class=\"wp-image-130468\" srcset=\"https:\/\/quehacerpolitico.mx\/wp-content\/uploads\/2026\/04\/IMG_8230-705x1024.jpeg 705w, https:\/\/quehacerpolitico.mx\/wp-content\/uploads\/2026\/04\/IMG_8230-207x300.jpeg 207w, https:\/\/quehacerpolitico.mx\/wp-content\/uploads\/2026\/04\/IMG_8230-768x1115.jpeg 768w, https:\/\/quehacerpolitico.mx\/wp-content\/uploads\/2026\/04\/IMG_8230-1058x1536.jpeg 1058w, https:\/\/quehacerpolitico.mx\/wp-content\/uploads\/2026\/04\/IMG_8230-1024x1486.jpeg 1024w, https:\/\/quehacerpolitico.mx\/wp-content\/uploads\/2026\/04\/IMG_8230.jpeg 1125w\" sizes=\"auto, (max-width: 705px) 100vw, 705px\" \/><\/figure>\n","protected":false},"excerpt":{"rendered":"<p>Por Redacci\u00f3n QP La dependencia se\u00f1al\u00f3 que la solicitud no cuenta con elementos probatorios de&#8230;<\/p>\n","protected":false},"author":2,"featured_media":130469,"comment_status":"open","ping_status":"open","sticky":false,"template":"","format":"standard","meta":{"_monsterinsights_skip_tracking":false,"_monsterinsights_sitenote_active":false,"_monsterinsights_sitenote_note":"","_monsterinsights_sitenote_category":0,"footnotes":""},"categories":[280,2],"tags":[],"class_list":["post-130463","post","type-post","status-publish","format-standard","has-post-thumbnail","hentry","category-nacionales","category-noticias"],"yoast_head":"<!-- This site is optimized with the Yoast SEO plugin v27.3 - https:\/\/yoast.com\/product\/yoast-seo-wordpress\/ -->\n<title>EU solicita extradici\u00f3n de Rub\u00e9n Rocha y otros nueve acusados; la Canciller\u00eda responde que no les mandaron pruebas -<\/title>\n<meta name=\"robots\" content=\"index, follow, max-snippet:-1, max-image-preview:large, max-video-preview:-1\" \/>\n<link rel=\"canonical\" href=\"https:\/\/quehacerpolitico.mx\/?p=130463\" \/>\n<meta property=\"og:locale\" content=\"es_MX\" \/>\n<meta property=\"og:type\" content=\"article\" \/>\n<meta property=\"og:title\" content=\"EU solicita extradici\u00f3n de Rub\u00e9n Rocha y otros nueve acusados; la Canciller\u00eda responde que no les mandaron pruebas -\" \/>\n<meta property=\"og:description\" content=\"Por Redacci\u00f3n QP La dependencia se\u00f1al\u00f3 que la solicitud no cuenta con elementos probatorios de...\" \/>\n<meta property=\"og:url\" content=\"https:\/\/quehacerpolitico.mx\/?p=130463\" \/>\n<meta property=\"article:published_time\" content=\"2026-04-29T20:57:17+00:00\" \/>\n<meta property=\"article:modified_time\" content=\"2026-04-29T20:57:23+00:00\" \/>\n<meta property=\"og:image\" content=\"http:\/\/quehacerpolitico.mx\/wp-content\/uploads\/2026\/04\/IMG_8228.jpeg\" \/>\n\t<meta property=\"og:image:width\" content=\"1068\" \/>\n\t<meta property=\"og:image:height\" content=\"712\" \/>\n\t<meta property=\"og:image:type\" content=\"image\/jpeg\" \/>\n<meta name=\"author\" content=\"Redacci\u00f3n QP\" \/>\n<meta name=\"twitter:card\" content=\"summary_large_image\" \/>\n<meta name=\"twitter:label1\" content=\"Escrito por\" \/>\n\t<meta name=\"twitter:data1\" content=\"Redacci\u00f3n QP\" \/>\n\t<meta name=\"twitter:label2\" content=\"Tiempo de lectura\" \/>\n\t<meta name=\"twitter:data2\" content=\"3 minutos\" \/>\n<script type=\"application\/ld+json\" class=\"yoast-schema-graph\">{\"@context\":\"https:\\\/\\\/schema.org\",\"@graph\":[{\"@type\":\"Article\",\"@id\":\"https:\\\/\\\/quehacerpolitico.mx\\\/?p=130463#article\",\"isPartOf\":{\"@id\":\"https:\\\/\\\/quehacerpolitico.mx\\\/?p=130463\"},\"author\":{\"name\":\"Redacci\u00f3n QP\",\"@id\":\"https:\\\/\\\/quehacerpolitico.mx\\\/#\\\/schema\\\/person\\\/496d8ad2d1d3f8036101dca7ee39e585\"},\"headline\":\"EU solicita extradici\u00f3n de Rub\u00e9n Rocha y otros nueve acusados; la Canciller\u00eda responde que no les mandaron pruebas\",\"datePublished\":\"2026-04-29T20:57:17+00:00\",\"dateModified\":\"2026-04-29T20:57:23+00:00\",\"mainEntityOfPage\":{\"@id\":\"https:\\\/\\\/quehacerpolitico.mx\\\/?p=130463\"},\"wordCount\":368,\"commentCount\":0,\"image\":{\"@id\":\"https:\\\/\\\/quehacerpolitico.mx\\\/?p=130463#primaryimage\"},\"thumbnailUrl\":\"https:\\\/\\\/quehacerpolitico.mx\\\/wp-content\\\/uploads\\\/2026\\\/04\\\/IMG_8228.jpeg\",\"articleSection\":[\"Nacionales\",\"Noticias\"],\"inLanguage\":\"es\",\"potentialAction\":[{\"@type\":\"CommentAction\",\"name\":\"Comment\",\"target\":[\"https:\\\/\\\/quehacerpolitico.mx\\\/?p=130463#respond\"]}]},{\"@type\":\"WebPage\",\"@id\":\"https:\\\/\\\/quehacerpolitico.mx\\\/?p=130463\",\"url\":\"https:\\\/\\\/quehacerpolitico.mx\\\/?p=130463\",\"name\":\"EU solicita extradici\u00f3n de Rub\u00e9n Rocha y otros nueve acusados; la Canciller\u00eda responde que no les mandaron pruebas -\",\"isPartOf\":{\"@id\":\"https:\\\/\\\/quehacerpolitico.mx\\\/#website\"},\"primaryImageOfPage\":{\"@id\":\"https:\\\/\\\/quehacerpolitico.mx\\\/?p=130463#primaryimage\"},\"image\":{\"@id\":\"https:\\\/\\\/quehacerpolitico.mx\\\/?p=130463#primaryimage\"},\"thumbnailUrl\":\"https:\\\/\\\/quehacerpolitico.mx\\\/wp-content\\\/uploads\\\/2026\\\/04\\\/IMG_8228.jpeg\",\"datePublished\":\"2026-04-29T20:57:17+00:00\",\"dateModified\":\"2026-04-29T20:57:23+00:00\",\"author\":{\"@id\":\"https:\\\/\\\/quehacerpolitico.mx\\\/#\\\/schema\\\/person\\\/496d8ad2d1d3f8036101dca7ee39e585\"},\"breadcrumb\":{\"@id\":\"https:\\\/\\\/quehacerpolitico.mx\\\/?p=130463#breadcrumb\"},\"inLanguage\":\"es\",\"potentialAction\":[{\"@type\":\"ReadAction\",\"target\":[\"https:\\\/\\\/quehacerpolitico.mx\\\/?p=130463\"]}]},{\"@type\":\"ImageObject\",\"inLanguage\":\"es\",\"@id\":\"https:\\\/\\\/quehacerpolitico.mx\\\/?p=130463#primaryimage\",\"url\":\"https:\\\/\\\/quehacerpolitico.mx\\\/wp-content\\\/uploads\\\/2026\\\/04\\\/IMG_8228.jpeg\",\"contentUrl\":\"https:\\\/\\\/quehacerpolitico.mx\\\/wp-content\\\/uploads\\\/2026\\\/04\\\/IMG_8228.jpeg\",\"width\":1068,\"height\":712},{\"@type\":\"BreadcrumbList\",\"@id\":\"https:\\\/\\\/quehacerpolitico.mx\\\/?p=130463#breadcrumb\",\"itemListElement\":[{\"@type\":\"ListItem\",\"position\":1,\"name\":\"Inicio\",\"item\":\"https:\\\/\\\/quehacerpolitico.mx\\\/\"},{\"@type\":\"ListItem\",\"position\":2,\"name\":\"EU solicita extradici\u00f3n de Rub\u00e9n Rocha y otros nueve acusados; la Canciller\u00eda responde que no les mandaron pruebas\"}]},{\"@type\":\"WebSite\",\"@id\":\"https:\\\/\\\/quehacerpolitico.mx\\\/#website\",\"url\":\"https:\\\/\\\/quehacerpolitico.mx\\\/\",\"name\":\"\",\"description\":\"\",\"potentialAction\":[{\"@type\":\"SearchAction\",\"target\":{\"@type\":\"EntryPoint\",\"urlTemplate\":\"https:\\\/\\\/quehacerpolitico.mx\\\/?s={search_term_string}\"},\"query-input\":{\"@type\":\"PropertyValueSpecification\",\"valueRequired\":true,\"valueName\":\"search_term_string\"}}],\"inLanguage\":\"es\"},{\"@type\":\"Person\",\"@id\":\"https:\\\/\\\/quehacerpolitico.mx\\\/#\\\/schema\\\/person\\\/496d8ad2d1d3f8036101dca7ee39e585\",\"name\":\"Redacci\u00f3n QP\",\"image\":{\"@type\":\"ImageObject\",\"inLanguage\":\"es\",\"@id\":\"https:\\\/\\\/secure.gravatar.com\\\/avatar\\\/c7164ed6fdec453195284ad24a5ae5b6e1eed2b848477fa2a4787ba9adf39a41?s=96&d=mm&r=g\",\"url\":\"https:\\\/\\\/secure.gravatar.com\\\/avatar\\\/c7164ed6fdec453195284ad24a5ae5b6e1eed2b848477fa2a4787ba9adf39a41?s=96&d=mm&r=g\",\"contentUrl\":\"https:\\\/\\\/secure.gravatar.com\\\/avatar\\\/c7164ed6fdec453195284ad24a5ae5b6e1eed2b848477fa2a4787ba9adf39a41?s=96&d=mm&r=g\",\"caption\":\"Redacci\u00f3n QP\"},\"url\":\"https:\\\/\\\/quehacerpolitico.mx\\\/?author=2\"}]}<\/script>\n<!-- \/ Yoast SEO plugin. -->","yoast_head_json":{"title":"EU solicita extradici\u00f3n de Rub\u00e9n Rocha y otros nueve acusados; la Canciller\u00eda responde que no les mandaron pruebas -","robots":{"index":"index","follow":"follow","max-snippet":"max-snippet:-1","max-image-preview":"max-image-preview:large","max-video-preview":"max-video-preview:-1"},"canonical":"https:\/\/quehacerpolitico.mx\/?p=130463","og_locale":"es_MX","og_type":"article","og_title":"EU solicita extradici\u00f3n de Rub\u00e9n Rocha y otros nueve acusados; la Canciller\u00eda responde que no les mandaron pruebas -","og_description":"Por Redacci\u00f3n QP La dependencia se\u00f1al\u00f3 que la solicitud no cuenta con elementos probatorios de...","og_url":"https:\/\/quehacerpolitico.mx\/?p=130463","article_published_time":"2026-04-29T20:57:17+00:00","article_modified_time":"2026-04-29T20:57:23+00:00","og_image":[{"width":1068,"height":712,"url":"http:\/\/quehacerpolitico.mx\/wp-content\/uploads\/2026\/04\/IMG_8228.jpeg","type":"image\/jpeg"}],"author":"Redacci\u00f3n QP","twitter_card":"summary_large_image","twitter_misc":{"Escrito por":"Redacci\u00f3n QP","Tiempo de lectura":"3 minutos"},"schema":{"@context":"https:\/\/schema.org","@graph":[{"@type":"Article","@id":"https:\/\/quehacerpolitico.mx\/?p=130463#article","isPartOf":{"@id":"https:\/\/quehacerpolitico.mx\/?p=130463"},"author":{"name":"Redacci\u00f3n QP","@id":"https:\/\/quehacerpolitico.mx\/#\/schema\/person\/496d8ad2d1d3f8036101dca7ee39e585"},"headline":"EU solicita extradici\u00f3n de Rub\u00e9n Rocha y otros nueve acusados; la Canciller\u00eda responde que no les mandaron pruebas","datePublished":"2026-04-29T20:57:17+00:00","dateModified":"2026-04-29T20:57:23+00:00","mainEntityOfPage":{"@id":"https:\/\/quehacerpolitico.mx\/?p=130463"},"wordCount":368,"commentCount":0,"image":{"@id":"https:\/\/quehacerpolitico.mx\/?p=130463#primaryimage"},"thumbnailUrl":"https:\/\/quehacerpolitico.mx\/wp-content\/uploads\/2026\/04\/IMG_8228.jpeg","articleSection":["Nacionales","Noticias"],"inLanguage":"es","potentialAction":[{"@type":"CommentAction","name":"Comment","target":["https:\/\/quehacerpolitico.mx\/?p=130463#respond"]}]},{"@type":"WebPage","@id":"https:\/\/quehacerpolitico.mx\/?p=130463","url":"https:\/\/quehacerpolitico.mx\/?p=130463","name":"EU solicita extradici\u00f3n de Rub\u00e9n Rocha y otros nueve acusados; la Canciller\u00eda responde que no les mandaron pruebas -","isPartOf":{"@id":"https:\/\/quehacerpolitico.mx\/#website"},"primaryImageOfPage":{"@id":"https:\/\/quehacerpolitico.mx\/?p=130463#primaryimage"},"image":{"@id":"https:\/\/quehacerpolitico.mx\/?p=130463#primaryimage"},"thumbnailUrl":"https:\/\/quehacerpolitico.mx\/wp-content\/uploads\/2026\/04\/IMG_8228.jpeg","datePublished":"2026-04-29T20:57:17+00:00","dateModified":"2026-04-29T20:57:23+00:00","author":{"@id":"https:\/\/quehacerpolitico.mx\/#\/schema\/person\/496d8ad2d1d3f8036101dca7ee39e585"},"breadcrumb":{"@id":"https:\/\/quehacerpolitico.mx\/?p=130463#breadcrumb"},"inLanguage":"es","potentialAction":[{"@type":"ReadAction","target":["https:\/\/quehacerpolitico.mx\/?p=130463"]}]},{"@type":"ImageObject","inLanguage":"es","@id":"https:\/\/quehacerpolitico.mx\/?p=130463#primaryimage","url":"https:\/\/quehacerpolitico.mx\/wp-content\/uploads\/2026\/04\/IMG_8228.jpeg","contentUrl":"https:\/\/quehacerpolitico.mx\/wp-content\/uploads\/2026\/04\/IMG_8228.jpeg","width":1068,"height":712},{"@type":"BreadcrumbList","@id":"https:\/\/quehacerpolitico.mx\/?p=130463#breadcrumb","itemListElement":[{"@type":"ListItem","position":1,"name":"Inicio","item":"https:\/\/quehacerpolitico.mx\/"},{"@type":"ListItem","position":2,"name":"EU solicita extradici\u00f3n de Rub\u00e9n Rocha y otros nueve acusados; la Canciller\u00eda responde que no les mandaron pruebas"}]},{"@type":"WebSite","@id":"https:\/\/quehacerpolitico.mx\/#website","url":"https:\/\/quehacerpolitico.mx\/","name":"","description":"","potentialAction":[{"@type":"SearchAction","target":{"@type":"EntryPoint","urlTemplate":"https:\/\/quehacerpolitico.mx\/?s={search_term_string}"},"query-input":{"@type":"PropertyValueSpecification","valueRequired":true,"valueName":"search_term_string"}}],"inLanguage":"es"},{"@type":"Person","@id":"https:\/\/quehacerpolitico.mx\/#\/schema\/person\/496d8ad2d1d3f8036101dca7ee39e585","name":"Redacci\u00f3n QP","image":{"@type":"ImageObject","inLanguage":"es","@id":"https:\/\/secure.gravatar.com\/avatar\/c7164ed6fdec453195284ad24a5ae5b6e1eed2b848477fa2a4787ba9adf39a41?s=96&d=mm&r=g","url":"https:\/\/secure.gravatar.com\/avatar\/c7164ed6fdec453195284ad24a5ae5b6e1eed2b848477fa2a4787ba9adf39a41?s=96&d=mm&r=g","contentUrl":"https:\/\/secure.gravatar.com\/avatar\/c7164ed6fdec453195284ad24a5ae5b6e1eed2b848477fa2a4787ba9adf39a41?s=96&d=mm&r=g","caption":"Redacci\u00f3n QP"},"url":"https:\/\/quehacerpolitico.mx\/?author=2"}]}},"featured_image_urls":{"full":["https:\/\/quehacerpolitico.mx\/wp-content\/uploads\/2026\/04\/IMG_8228.jpeg",1068,712,false],"thumbnail":["https:\/\/quehacerpolitico.mx\/wp-content\/uploads\/2026\/04\/IMG_8228-150x150.jpeg",150,150,true],"medium":["https:\/\/quehacerpolitico.mx\/wp-content\/uploads\/2026\/04\/IMG_8228-300x200.jpeg",300,200,true],"medium_large":["https:\/\/quehacerpolitico.mx\/wp-content\/uploads\/2026\/04\/IMG_8228-768x512.jpeg",640,427,true],"large":["https:\/\/quehacerpolitico.mx\/wp-content\/uploads\/2026\/04\/IMG_8228-1024x683.jpeg",640,427,true],"1536x1536":["https:\/\/quehacerpolitico.mx\/wp-content\/uploads\/2026\/04\/IMG_8228.jpeg",1068,712,false],"2048x2048":["https:\/\/quehacerpolitico.mx\/wp-content\/uploads\/2026\/04\/IMG_8228.jpeg",1068,712,false],"covernews-featured":["https:\/\/quehacerpolitico.mx\/wp-content\/uploads\/2026\/04\/IMG_8228-1024x683.jpeg",1024,683,true],"covernews-medium":["https:\/\/quehacerpolitico.mx\/wp-content\/uploads\/2026\/04\/IMG_8228-540x340.jpeg",540,340,true]},"author_info":{"display_name":"Redacci\u00f3n QP","author_link":"https:\/\/quehacerpolitico.mx\/?author=2"},"category_info":"<a href=\"https:\/\/quehacerpolitico.mx\/?cat=280\" rel=\"category\">Nacionales<\/a> <a href=\"https:\/\/quehacerpolitico.mx\/?cat=2\" rel=\"category\">Noticias<\/a>","tag_info":"Noticias","comment_count":"0","_links":{"self":[{"href":"https:\/\/quehacerpolitico.mx\/index.php?rest_route=\/wp\/v2\/posts\/130463","targetHints":{"allow":["GET"]}}],"collection":[{"href":"https:\/\/quehacerpolitico.mx\/index.php?rest_route=\/wp\/v2\/posts"}],"about":[{"href":"https:\/\/quehacerpolitico.mx\/index.php?rest_route=\/wp\/v2\/types\/post"}],"author":[{"embeddable":true,"href":"https:\/\/quehacerpolitico.mx\/index.php?rest_route=\/wp\/v2\/users\/2"}],"replies":[{"embeddable":true,"href":"https:\/\/quehacerpolitico.mx\/index.php?rest_route=%2Fwp%2Fv2%2Fcomments&post=130463"}],"version-history":[{"count":1,"href":"https:\/\/quehacerpolitico.mx\/index.php?rest_route=\/wp\/v2\/posts\/130463\/revisions"}],"predecessor-version":[{"id":130470,"href":"https:\/\/quehacerpolitico.mx\/index.php?rest_route=\/wp\/v2\/posts\/130463\/revisions\/130470"}],"wp:featuredmedia":[{"embeddable":true,"href":"https:\/\/quehacerpolitico.mx\/index.php?rest_route=\/wp\/v2\/media\/130469"}],"wp:attachment":[{"href":"https:\/\/quehacerpolitico.mx\/index.php?rest_route=%2Fwp%2Fv2%2Fmedia&parent=130463"}],"wp:term":[{"taxonomy":"category","embeddable":true,"href":"https:\/\/quehacerpolitico.mx\/index.php?rest_route=%2Fwp%2Fv2%2Fcategories&post=130463"},{"taxonomy":"post_tag","embeddable":true,"href":"https:\/\/quehacerpolitico.mx\/index.php?rest_route=%2Fwp%2Fv2%2Ftags&post=130463"}],"curies":[{"name":"wp","href":"https:\/\/api.w.org\/{rel}","templated":true}]}}