{"id":130453,"date":"2026-04-27T20:24:54","date_gmt":"2026-04-28T02:24:54","guid":{"rendered":"https:\/\/quehacerpolitico.mx\/?p=130453"},"modified":"2026-04-27T20:24:58","modified_gmt":"2026-04-28T02:24:58","slug":"fiscal-de-chihuahua-renuncia-una-semana-despues-de-operativo-con-agentes-de-eu","status":"publish","type":"post","link":"https:\/\/quehacerpolitico.mx\/?p=130453","title":{"rendered":"Fiscal de Chihuahua renuncia una semana despu\u00e9s de operativo con agentes de EU"},"content":{"rendered":"\n<p>Por Redacci\u00f3n QP<\/p>\n\n\n\n<p>C\u00e9sar Jauregui reconoci\u00f3 que existieron omisiones en cuanto a la informaci\u00f3n y gesti\u00f3n institucional del caso, por lo que indic\u00f3 que se retirar\u00e1 del cargo para permitir las investigaciones<\/p>\n\n\n\n<p>La tarde de este lunes,&nbsp;<strong>C\u00e9sar Jauregu<\/strong>i inform\u00f3 su renuncia como titular de la&nbsp;<strong>Fiscal\u00eda General de Chihuahua&nbsp;<\/strong>m\u00e1s de una semana despu\u00e9s de&nbsp;la muerte de dos agentes extranjeros tras un operativo.&nbsp;<\/p>\n\n\n\n<p>&#8220;Por congruencia con mi trayectoria y mis convicciones, entiendo que la medida m\u00e1s adecuada para corregir esta situaci\u00f3n es\u00a0<strong>poner a disposici\u00f3n mi cargo\u00a0<\/strong>para permitir que las investigaciones se desarrollen con autonom\u00eda, prontitud y exhaustividad, y para restablecer la confianza p\u00fablica&#8221;, dijo en un mensaje.<\/p>\n\n\n\n<p>El fiscal reconoci\u00f3 que existieron omisiones en cuanto a la informaci\u00f3n y gesti\u00f3n institucional del caso, que fue informado el pasado\u00a0<strong>domingo 19 de abril.<\/strong><\/p>\n\n\n\n<figure class=\"wp-block-embed is-type-rich is-provider-twitter wp-block-embed-twitter\"><div class=\"wp-block-embed__wrapper\">\n<blockquote class=\"twitter-tweet\" data-width=\"550\" data-dnt=\"true\"><p lang=\"es\" dir=\"ltr\">\ud83d\udea8 Renuncia Fiscal de Chihuahua en medio de pol\u00e9mica por la muerte de dos agentes de la CIA en el estado <a href=\"https:\/\/t.co\/0U94uZLvJg\">pic.twitter.com\/0U94uZLvJg<\/a><\/p>&mdash; Manuel Lopez San Martin (@MLopezSanMartin) <a href=\"https:\/\/twitter.com\/MLopezSanMartin\/status\/2048944451393871876?ref_src=twsrc%5Etfw\">April 28, 2026<\/a><\/blockquote><script async src=\"https:\/\/platform.twitter.com\/widgets.js\" charset=\"utf-8\"><\/script>\n<\/div><\/figure>\n\n\n\n<p>&#8220;Esta omisi\u00f3n vulner\u00f3 los mecanismos de control y comunicaci\u00f3n que, como titular de la Fiscal\u00eda General del Estado, ten\u00eda la obligaci\u00f3n de asegurar en su funcionamiento eficaz&#8221;, a\u00f1adi\u00f3.<\/p>\n\n\n\n<p>El domingo&nbsp;<strong>19 de abril,<\/strong>&nbsp;C\u00e9sar Jauregui inform\u00f3 la muerte del director de la&nbsp;Agencia Estatal de Investigaciones&nbsp;de Chihuahua,&nbsp;Pedro Rom\u00e1n Oseguera Cervantes; el agente&nbsp;Manuel Genaro M\u00e9ndez Montes&nbsp;y dos instructores de la&nbsp;embajada de Estados Unidos.&nbsp;<\/p>\n\n\n\n<p>De acuerdo con el fiscal estatal, los elementos regresaban en una camioneta que era parte de un convoy de cinco veh\u00edculos del operativo de destrucci\u00f3n de laboratorios&nbsp;clandestinos en el municipio de Morelos.&nbsp;<\/p>\n\n\n\n<p>Este lunes,&nbsp;<strong>Wendy Paola Ch\u00e1vez,<\/strong>encargada de la investigaci\u00f3n del caso neg\u00f3 la participaci\u00f3n de los elementos en el operativo y tambi\u00e9n inform\u00f3 que los altos mandos no ten\u00edan informaci\u00f3n.&nbsp;<\/p>\n\n\n\n<p>En un mensaje de la fiscal Wendy Paola Ch\u00e1vez, se presentaron avances en la investigaci\u00f3n del operativo realizado entre el 17 y 19 de abril de 2026, que deriv\u00f3 en el desmantelamiento de uno de los mayores laboratorios de metanfetaminas y drogas sint\u00e9ticas registrados en M\u00e9xico.<\/p>\n\n\n\n<p>La fiscal inform\u00f3:<\/p>\n\n\n\n<p>\ud83d\udd3aSaldo Mortal: En el siniestro perdieron la vida el Director de la Agencia Estatal de Investigaci\u00f3n (AEI), uno de sus escoltas y dos civiles de nacionalidad extranjera.<br>\ud83d\udd3aCiviles No Identificados: La investigaci\u00f3n revela que los extranjeros (presuntamente estadounidenses) se integraron al convoy desde el inicio en la ciudad de Chihuahua. Sin embargo, no vest\u00edan uniformes, no portaban armas y mantuvieron el rostro cubierto la mayor parte del tiempo.<\/p>\n\n\n\n<figure class=\"wp-block-gallery has-nested-images columns-default is-cropped wp-block-gallery-1 is-layout-flex wp-block-gallery-is-layout-flex\">\n<figure class=\"wp-block-image size-large\"><img loading=\"lazy\" decoding=\"async\" width=\"805\" height=\"1024\" data-id=\"130454\" src=\"https:\/\/quehacerpolitico.mx\/wp-content\/uploads\/2026\/04\/IMG_8213-805x1024.jpeg\" alt=\"\" class=\"wp-image-130454\" srcset=\"https:\/\/quehacerpolitico.mx\/wp-content\/uploads\/2026\/04\/IMG_8213-805x1024.jpeg 805w, https:\/\/quehacerpolitico.mx\/wp-content\/uploads\/2026\/04\/IMG_8213-236x300.jpeg 236w, https:\/\/quehacerpolitico.mx\/wp-content\/uploads\/2026\/04\/IMG_8213-768x978.jpeg 768w, https:\/\/quehacerpolitico.mx\/wp-content\/uploads\/2026\/04\/IMG_8213-1024x1303.jpeg 1024w, https:\/\/quehacerpolitico.mx\/wp-content\/uploads\/2026\/04\/IMG_8213.jpeg 1206w\" sizes=\"auto, (max-width: 805px) 100vw, 805px\" \/><\/figure>\n\n\n\n<figure class=\"wp-block-image size-large\"><img loading=\"lazy\" decoding=\"async\" width=\"803\" height=\"1024\" data-id=\"130455\" src=\"https:\/\/quehacerpolitico.mx\/wp-content\/uploads\/2026\/04\/IMG_8214-803x1024.jpeg\" alt=\"\" class=\"wp-image-130455\" srcset=\"https:\/\/quehacerpolitico.mx\/wp-content\/uploads\/2026\/04\/IMG_8214-803x1024.jpeg 803w, https:\/\/quehacerpolitico.mx\/wp-content\/uploads\/2026\/04\/IMG_8214-235x300.jpeg 235w, https:\/\/quehacerpolitico.mx\/wp-content\/uploads\/2026\/04\/IMG_8214-768x979.jpeg 768w, https:\/\/quehacerpolitico.mx\/wp-content\/uploads\/2026\/04\/IMG_8214-1204x1536.jpeg 1204w, https:\/\/quehacerpolitico.mx\/wp-content\/uploads\/2026\/04\/IMG_8214-1024x1306.jpeg 1024w, https:\/\/quehacerpolitico.mx\/wp-content\/uploads\/2026\/04\/IMG_8214.jpeg 1206w\" sizes=\"auto, (max-width: 803px) 100vw, 803px\" \/><\/figure>\n<\/figure>\n","protected":false},"excerpt":{"rendered":"<p>Por Redacci\u00f3n QP C\u00e9sar Jauregui reconoci\u00f3 que existieron omisiones en cuanto a la informaci\u00f3n y&#8230;<\/p>\n","protected":false},"author":2,"featured_media":130456,"comment_status":"open","ping_status":"open","sticky":false,"template":"","format":"standard","meta":{"_monsterinsights_skip_tracking":false,"_monsterinsights_sitenote_active":false,"_monsterinsights_sitenote_note":"","_monsterinsights_sitenote_category":0,"footnotes":""},"categories":[280,2],"tags":[],"class_list":["post-130453","post","type-post","status-publish","format-standard","has-post-thumbnail","hentry","category-nacionales","category-noticias"],"yoast_head":"<!-- This site is optimized with the Yoast SEO plugin v27.3 - https:\/\/yoast.com\/product\/yoast-seo-wordpress\/ -->\n<title>Fiscal de Chihuahua renuncia una semana despu\u00e9s de operativo con agentes de EU -<\/title>\n<meta name=\"robots\" content=\"index, follow, max-snippet:-1, max-image-preview:large, max-video-preview:-1\" \/>\n<link rel=\"canonical\" href=\"https:\/\/quehacerpolitico.mx\/?p=130453\" \/>\n<meta property=\"og:locale\" content=\"es_MX\" \/>\n<meta property=\"og:type\" content=\"article\" \/>\n<meta property=\"og:title\" content=\"Fiscal de Chihuahua renuncia una semana despu\u00e9s de operativo con agentes de EU -\" \/>\n<meta property=\"og:description\" content=\"Por Redacci\u00f3n QP C\u00e9sar Jauregui reconoci\u00f3 que existieron omisiones en cuanto a la informaci\u00f3n y...\" \/>\n<meta property=\"og:url\" content=\"https:\/\/quehacerpolitico.mx\/?p=130453\" \/>\n<meta property=\"article:published_time\" content=\"2026-04-28T02:24:54+00:00\" \/>\n<meta property=\"article:modified_time\" content=\"2026-04-28T02:24:58+00:00\" \/>\n<meta property=\"og:image\" content=\"http:\/\/quehacerpolitico.mx\/wp-content\/uploads\/2026\/04\/IMG_8212.jpeg\" \/>\n\t<meta property=\"og:image:width\" content=\"1179\" \/>\n\t<meta property=\"og:image:height\" content=\"658\" \/>\n\t<meta property=\"og:image:type\" content=\"image\/jpeg\" \/>\n<meta name=\"author\" content=\"Redacci\u00f3n QP\" \/>\n<meta name=\"twitter:card\" content=\"summary_large_image\" \/>\n<meta name=\"twitter:label1\" content=\"Escrito por\" \/>\n\t<meta name=\"twitter:data1\" content=\"Redacci\u00f3n QP\" \/>\n\t<meta name=\"twitter:label2\" content=\"Tiempo de lectura\" \/>\n\t<meta name=\"twitter:data2\" content=\"3 minutos\" \/>\n<script type=\"application\/ld+json\" class=\"yoast-schema-graph\">{\"@context\":\"https:\\\/\\\/schema.org\",\"@graph\":[{\"@type\":\"Article\",\"@id\":\"https:\\\/\\\/quehacerpolitico.mx\\\/?p=130453#article\",\"isPartOf\":{\"@id\":\"https:\\\/\\\/quehacerpolitico.mx\\\/?p=130453\"},\"author\":{\"name\":\"Redacci\u00f3n QP\",\"@id\":\"https:\\\/\\\/quehacerpolitico.mx\\\/#\\\/schema\\\/person\\\/496d8ad2d1d3f8036101dca7ee39e585\"},\"headline\":\"Fiscal de Chihuahua renuncia una semana despu\u00e9s de operativo con agentes de EU\",\"datePublished\":\"2026-04-28T02:24:54+00:00\",\"dateModified\":\"2026-04-28T02:24:58+00:00\",\"mainEntityOfPage\":{\"@id\":\"https:\\\/\\\/quehacerpolitico.mx\\\/?p=130453\"},\"wordCount\":455,\"commentCount\":0,\"image\":{\"@id\":\"https:\\\/\\\/quehacerpolitico.mx\\\/?p=130453#primaryimage\"},\"thumbnailUrl\":\"https:\\\/\\\/quehacerpolitico.mx\\\/wp-content\\\/uploads\\\/2026\\\/04\\\/IMG_8212.jpeg\",\"articleSection\":[\"Nacionales\",\"Noticias\"],\"inLanguage\":\"es\",\"potentialAction\":[{\"@type\":\"CommentAction\",\"name\":\"Comment\",\"target\":[\"https:\\\/\\\/quehacerpolitico.mx\\\/?p=130453#respond\"]}]},{\"@type\":\"WebPage\",\"@id\":\"https:\\\/\\\/quehacerpolitico.mx\\\/?p=130453\",\"url\":\"https:\\\/\\\/quehacerpolitico.mx\\\/?p=130453\",\"name\":\"Fiscal de Chihuahua renuncia una semana despu\u00e9s de operativo con agentes de EU -\",\"isPartOf\":{\"@id\":\"https:\\\/\\\/quehacerpolitico.mx\\\/#website\"},\"primaryImageOfPage\":{\"@id\":\"https:\\\/\\\/quehacerpolitico.mx\\\/?p=130453#primaryimage\"},\"image\":{\"@id\":\"https:\\\/\\\/quehacerpolitico.mx\\\/?p=130453#primaryimage\"},\"thumbnailUrl\":\"https:\\\/\\\/quehacerpolitico.mx\\\/wp-content\\\/uploads\\\/2026\\\/04\\\/IMG_8212.jpeg\",\"datePublished\":\"2026-04-28T02:24:54+00:00\",\"dateModified\":\"2026-04-28T02:24:58+00:00\",\"author\":{\"@id\":\"https:\\\/\\\/quehacerpolitico.mx\\\/#\\\/schema\\\/person\\\/496d8ad2d1d3f8036101dca7ee39e585\"},\"breadcrumb\":{\"@id\":\"https:\\\/\\\/quehacerpolitico.mx\\\/?p=130453#breadcrumb\"},\"inLanguage\":\"es\",\"potentialAction\":[{\"@type\":\"ReadAction\",\"target\":[\"https:\\\/\\\/quehacerpolitico.mx\\\/?p=130453\"]}]},{\"@type\":\"ImageObject\",\"inLanguage\":\"es\",\"@id\":\"https:\\\/\\\/quehacerpolitico.mx\\\/?p=130453#primaryimage\",\"url\":\"https:\\\/\\\/quehacerpolitico.mx\\\/wp-content\\\/uploads\\\/2026\\\/04\\\/IMG_8212.jpeg\",\"contentUrl\":\"https:\\\/\\\/quehacerpolitico.mx\\\/wp-content\\\/uploads\\\/2026\\\/04\\\/IMG_8212.jpeg\",\"width\":1179,\"height\":658},{\"@type\":\"BreadcrumbList\",\"@id\":\"https:\\\/\\\/quehacerpolitico.mx\\\/?p=130453#breadcrumb\",\"itemListElement\":[{\"@type\":\"ListItem\",\"position\":1,\"name\":\"Inicio\",\"item\":\"https:\\\/\\\/quehacerpolitico.mx\\\/\"},{\"@type\":\"ListItem\",\"position\":2,\"name\":\"Fiscal de Chihuahua renuncia una semana despu\u00e9s de operativo con agentes de EU\"}]},{\"@type\":\"WebSite\",\"@id\":\"https:\\\/\\\/quehacerpolitico.mx\\\/#website\",\"url\":\"https:\\\/\\\/quehacerpolitico.mx\\\/\",\"name\":\"\",\"description\":\"\",\"potentialAction\":[{\"@type\":\"SearchAction\",\"target\":{\"@type\":\"EntryPoint\",\"urlTemplate\":\"https:\\\/\\\/quehacerpolitico.mx\\\/?s={search_term_string}\"},\"query-input\":{\"@type\":\"PropertyValueSpecification\",\"valueRequired\":true,\"valueName\":\"search_term_string\"}}],\"inLanguage\":\"es\"},{\"@type\":\"Person\",\"@id\":\"https:\\\/\\\/quehacerpolitico.mx\\\/#\\\/schema\\\/person\\\/496d8ad2d1d3f8036101dca7ee39e585\",\"name\":\"Redacci\u00f3n QP\",\"image\":{\"@type\":\"ImageObject\",\"inLanguage\":\"es\",\"@id\":\"https:\\\/\\\/secure.gravatar.com\\\/avatar\\\/c7164ed6fdec453195284ad24a5ae5b6e1eed2b848477fa2a4787ba9adf39a41?s=96&d=mm&r=g\",\"url\":\"https:\\\/\\\/secure.gravatar.com\\\/avatar\\\/c7164ed6fdec453195284ad24a5ae5b6e1eed2b848477fa2a4787ba9adf39a41?s=96&d=mm&r=g\",\"contentUrl\":\"https:\\\/\\\/secure.gravatar.com\\\/avatar\\\/c7164ed6fdec453195284ad24a5ae5b6e1eed2b848477fa2a4787ba9adf39a41?s=96&d=mm&r=g\",\"caption\":\"Redacci\u00f3n QP\"},\"url\":\"https:\\\/\\\/quehacerpolitico.mx\\\/?author=2\"}]}<\/script>\n<!-- \/ Yoast SEO plugin. -->","yoast_head_json":{"title":"Fiscal de Chihuahua renuncia una semana despu\u00e9s de operativo con agentes de EU -","robots":{"index":"index","follow":"follow","max-snippet":"max-snippet:-1","max-image-preview":"max-image-preview:large","max-video-preview":"max-video-preview:-1"},"canonical":"https:\/\/quehacerpolitico.mx\/?p=130453","og_locale":"es_MX","og_type":"article","og_title":"Fiscal de Chihuahua renuncia una semana despu\u00e9s de operativo con agentes de EU -","og_description":"Por Redacci\u00f3n QP C\u00e9sar Jauregui reconoci\u00f3 que existieron omisiones en cuanto a la informaci\u00f3n y...","og_url":"https:\/\/quehacerpolitico.mx\/?p=130453","article_published_time":"2026-04-28T02:24:54+00:00","article_modified_time":"2026-04-28T02:24:58+00:00","og_image":[{"width":1179,"height":658,"url":"http:\/\/quehacerpolitico.mx\/wp-content\/uploads\/2026\/04\/IMG_8212.jpeg","type":"image\/jpeg"}],"author":"Redacci\u00f3n QP","twitter_card":"summary_large_image","twitter_misc":{"Escrito por":"Redacci\u00f3n QP","Tiempo de lectura":"3 minutos"},"schema":{"@context":"https:\/\/schema.org","@graph":[{"@type":"Article","@id":"https:\/\/quehacerpolitico.mx\/?p=130453#article","isPartOf":{"@id":"https:\/\/quehacerpolitico.mx\/?p=130453"},"author":{"name":"Redacci\u00f3n QP","@id":"https:\/\/quehacerpolitico.mx\/#\/schema\/person\/496d8ad2d1d3f8036101dca7ee39e585"},"headline":"Fiscal de Chihuahua renuncia una semana despu\u00e9s de operativo con agentes de EU","datePublished":"2026-04-28T02:24:54+00:00","dateModified":"2026-04-28T02:24:58+00:00","mainEntityOfPage":{"@id":"https:\/\/quehacerpolitico.mx\/?p=130453"},"wordCount":455,"commentCount":0,"image":{"@id":"https:\/\/quehacerpolitico.mx\/?p=130453#primaryimage"},"thumbnailUrl":"https:\/\/quehacerpolitico.mx\/wp-content\/uploads\/2026\/04\/IMG_8212.jpeg","articleSection":["Nacionales","Noticias"],"inLanguage":"es","potentialAction":[{"@type":"CommentAction","name":"Comment","target":["https:\/\/quehacerpolitico.mx\/?p=130453#respond"]}]},{"@type":"WebPage","@id":"https:\/\/quehacerpolitico.mx\/?p=130453","url":"https:\/\/quehacerpolitico.mx\/?p=130453","name":"Fiscal de Chihuahua renuncia una semana despu\u00e9s de operativo con agentes de EU -","isPartOf":{"@id":"https:\/\/quehacerpolitico.mx\/#website"},"primaryImageOfPage":{"@id":"https:\/\/quehacerpolitico.mx\/?p=130453#primaryimage"},"image":{"@id":"https:\/\/quehacerpolitico.mx\/?p=130453#primaryimage"},"thumbnailUrl":"https:\/\/quehacerpolitico.mx\/wp-content\/uploads\/2026\/04\/IMG_8212.jpeg","datePublished":"2026-04-28T02:24:54+00:00","dateModified":"2026-04-28T02:24:58+00:00","author":{"@id":"https:\/\/quehacerpolitico.mx\/#\/schema\/person\/496d8ad2d1d3f8036101dca7ee39e585"},"breadcrumb":{"@id":"https:\/\/quehacerpolitico.mx\/?p=130453#breadcrumb"},"inLanguage":"es","potentialAction":[{"@type":"ReadAction","target":["https:\/\/quehacerpolitico.mx\/?p=130453"]}]},{"@type":"ImageObject","inLanguage":"es","@id":"https:\/\/quehacerpolitico.mx\/?p=130453#primaryimage","url":"https:\/\/quehacerpolitico.mx\/wp-content\/uploads\/2026\/04\/IMG_8212.jpeg","contentUrl":"https:\/\/quehacerpolitico.mx\/wp-content\/uploads\/2026\/04\/IMG_8212.jpeg","width":1179,"height":658},{"@type":"BreadcrumbList","@id":"https:\/\/quehacerpolitico.mx\/?p=130453#breadcrumb","itemListElement":[{"@type":"ListItem","position":1,"name":"Inicio","item":"https:\/\/quehacerpolitico.mx\/"},{"@type":"ListItem","position":2,"name":"Fiscal de Chihuahua renuncia una semana despu\u00e9s de operativo con agentes de EU"}]},{"@type":"WebSite","@id":"https:\/\/quehacerpolitico.mx\/#website","url":"https:\/\/quehacerpolitico.mx\/","name":"","description":"","potentialAction":[{"@type":"SearchAction","target":{"@type":"EntryPoint","urlTemplate":"https:\/\/quehacerpolitico.mx\/?s={search_term_string}"},"query-input":{"@type":"PropertyValueSpecification","valueRequired":true,"valueName":"search_term_string"}}],"inLanguage":"es"},{"@type":"Person","@id":"https:\/\/quehacerpolitico.mx\/#\/schema\/person\/496d8ad2d1d3f8036101dca7ee39e585","name":"Redacci\u00f3n QP","image":{"@type":"ImageObject","inLanguage":"es","@id":"https:\/\/secure.gravatar.com\/avatar\/c7164ed6fdec453195284ad24a5ae5b6e1eed2b848477fa2a4787ba9adf39a41?s=96&d=mm&r=g","url":"https:\/\/secure.gravatar.com\/avatar\/c7164ed6fdec453195284ad24a5ae5b6e1eed2b848477fa2a4787ba9adf39a41?s=96&d=mm&r=g","contentUrl":"https:\/\/secure.gravatar.com\/avatar\/c7164ed6fdec453195284ad24a5ae5b6e1eed2b848477fa2a4787ba9adf39a41?s=96&d=mm&r=g","caption":"Redacci\u00f3n QP"},"url":"https:\/\/quehacerpolitico.mx\/?author=2"}]}},"featured_image_urls":{"full":["https:\/\/quehacerpolitico.mx\/wp-content\/uploads\/2026\/04\/IMG_8212.jpeg",1179,658,false],"thumbnail":["https:\/\/quehacerpolitico.mx\/wp-content\/uploads\/2026\/04\/IMG_8212-150x150.jpeg",150,150,true],"medium":["https:\/\/quehacerpolitico.mx\/wp-content\/uploads\/2026\/04\/IMG_8212-300x167.jpeg",300,167,true],"medium_large":["https:\/\/quehacerpolitico.mx\/wp-content\/uploads\/2026\/04\/IMG_8212-768x429.jpeg",640,358,true],"large":["https:\/\/quehacerpolitico.mx\/wp-content\/uploads\/2026\/04\/IMG_8212-1024x571.jpeg",640,357,true],"1536x1536":["https:\/\/quehacerpolitico.mx\/wp-content\/uploads\/2026\/04\/IMG_8212.jpeg",1179,658,false],"2048x2048":["https:\/\/quehacerpolitico.mx\/wp-content\/uploads\/2026\/04\/IMG_8212.jpeg",1179,658,false],"covernews-featured":["https:\/\/quehacerpolitico.mx\/wp-content\/uploads\/2026\/04\/IMG_8212-1024x571.jpeg",1024,571,true],"covernews-medium":["https:\/\/quehacerpolitico.mx\/wp-content\/uploads\/2026\/04\/IMG_8212-540x340.jpeg",540,340,true]},"author_info":{"display_name":"Redacci\u00f3n QP","author_link":"https:\/\/quehacerpolitico.mx\/?author=2"},"category_info":"<a href=\"https:\/\/quehacerpolitico.mx\/?cat=280\" rel=\"category\">Nacionales<\/a> <a href=\"https:\/\/quehacerpolitico.mx\/?cat=2\" rel=\"category\">Noticias<\/a>","tag_info":"Noticias","comment_count":"0","_links":{"self":[{"href":"https:\/\/quehacerpolitico.mx\/index.php?rest_route=\/wp\/v2\/posts\/130453","targetHints":{"allow":["GET"]}}],"collection":[{"href":"https:\/\/quehacerpolitico.mx\/index.php?rest_route=\/wp\/v2\/posts"}],"about":[{"href":"https:\/\/quehacerpolitico.mx\/index.php?rest_route=\/wp\/v2\/types\/post"}],"author":[{"embeddable":true,"href":"https:\/\/quehacerpolitico.mx\/index.php?rest_route=\/wp\/v2\/users\/2"}],"replies":[{"embeddable":true,"href":"https:\/\/quehacerpolitico.mx\/index.php?rest_route=%2Fwp%2Fv2%2Fcomments&post=130453"}],"version-history":[{"count":1,"href":"https:\/\/quehacerpolitico.mx\/index.php?rest_route=\/wp\/v2\/posts\/130453\/revisions"}],"predecessor-version":[{"id":130457,"href":"https:\/\/quehacerpolitico.mx\/index.php?rest_route=\/wp\/v2\/posts\/130453\/revisions\/130457"}],"wp:featuredmedia":[{"embeddable":true,"href":"https:\/\/quehacerpolitico.mx\/index.php?rest_route=\/wp\/v2\/media\/130456"}],"wp:attachment":[{"href":"https:\/\/quehacerpolitico.mx\/index.php?rest_route=%2Fwp%2Fv2%2Fmedia&parent=130453"}],"wp:term":[{"taxonomy":"category","embeddable":true,"href":"https:\/\/quehacerpolitico.mx\/index.php?rest_route=%2Fwp%2Fv2%2Fcategories&post=130453"},{"taxonomy":"post_tag","embeddable":true,"href":"https:\/\/quehacerpolitico.mx\/index.php?rest_route=%2Fwp%2Fv2%2Ftags&post=130453"}],"curies":[{"name":"wp","href":"https:\/\/api.w.org\/{rel}","templated":true}]}}