{"id":130425,"date":"2026-04-24T08:22:45","date_gmt":"2026-04-24T14:22:45","guid":{"rendered":"https:\/\/quehacerpolitico.mx\/?p=130425"},"modified":"2026-04-24T08:22:49","modified_gmt":"2026-04-24T14:22:49","slug":"el-quehacer-politico-a-traves-jose-alberto-prado-angeles-claudia-siempre-lo-supo","status":"publish","type":"post","link":"https:\/\/quehacerpolitico.mx\/?p=130425","title":{"rendered":"El Quehacer Pol\u00edtico a trav\u00e9s\/\/\/Jose Alberto Prado Angeles\/\/\/Claudia siempre lo supo"},"content":{"rendered":"\n<p>Por Jos\u00e9 Alberto Prado Angeles <\/p>\n\n\n\n<p>Director General y Editor<\/p>\n\n\n\n<p>La presidenta estaba enojada, muy enojada. \u201cComo se presta un gobierno estatal\u2026 -hace una pausa con mirada fija en el infinito- a la violaci\u00f3n de una ley\u2026 -otra pausa- es tan claro que vulnera la soberan\u00eda nacional\u201d. Claudia Sheinbaum se refer\u00eda a la supuesta intervenci\u00f3n de agentes de la Central de Inteligencia (CIA) en un operativo antidrogas el pasado fin de semana en Chihuahua. Y se fue en contra de la gobernadora panista Maru Campos y el Fiscal estatal C\u00e9sar Gustavo J\u00e1uregui, al se\u00f1alar que \u201cAqu\u00ed lo que hubo fue una falta estatal\u2026 Hay una falla del gobierno o del fiscal o del secretario de estado, pero no se est\u00e1 cumpliendo con el marco jur\u00eddico, ni con la Constituci\u00f3n\u2026 la principal falla est\u00e1 en el gobierno estatal que solicit\u00f3 esta colaboraci\u00f3n y eso est\u00e1 en contra de la Constituci\u00f3n y de la Ley de Seguridad Nacional\u201d.<\/p>\n\n\n\n<p>La presidenta -primera defensora de la soberan\u00eda y de la no intervenci\u00f3n-, adem\u00e1s de enojada por la supuesta violaci\u00f3n, estaba contrariada, porque ante los acontecimientos ella apareci\u00f3 como una mandataria desinformada, como lo reconoci\u00f3 el lunes, cuando en su conferencia ma\u00f1anera dijo, \u201cNo est\u00e1bamos enterados\u201d. Pero m\u00e1s que nada, estaba irritada porque la gobernadora no le contest\u00f3 el tel\u00e9fono: \u201cLa busqu\u00e9, no estaba en la oficina, contest\u00f3 su secretario particular\u201d, aunque quiso componer su contrariedad al decir que \u201c&#8230; ya no hubo comunicaci\u00f3n, pero ella va a ver al secretario de Seguridad -Garc\u00eda Harfuch-\u201d, refiri\u00e9ndose a la reuni\u00f3n \u201caclaratoria\u201d que ayer sostuvieron ambos funcionarios, de lo que, por supuesto no se dieron detalles inmediatamente, hasta no conversar personalmente Sheinbaum y Harfuch.<\/p>\n\n\n\n<p>Y m\u00e1s molesta debe estar Claudia Sheinbaum despu\u00e9s de lo publicado por el peri\u00f3dico Los Angeles Times, donde se asegura que en lo va del a\u00f1o la CIA habr\u00eda participado en por lo menos otros tres operativos en contra del narcotr\u00e1fico en Chihuahua. Ahora, ante el extra\u00f1amiento diplom\u00e1tico que ha hecho el gobierno de M\u00e9xico, habr\u00e1 que esperar la respuesta oficial del gobierno estadounidense, que deber\u00e1 confirmar o desmentir las \u201cincursiones\u201d de sus agentes en los operativos. Que, de ser ciertos, se ratificar\u00eda que a Sheinbaum la mantienen desinformada y ahora hasta ignorada, como sucedi\u00f3 con la llamada a la gobernadora, que no tuvo la gentileza de contestarle a la presidenta de la Rep\u00fablica.<\/p>\n\n\n\n<p>As\u00ed el Quehacer Pol\u00edtico Desde 1980, 46 a\u00f1os inquiriendo en la pol\u00edtica de M\u00e9xico, cuestionando, exponiendo, revelando y razonando.Es cuanto<\/p>\n","protected":false},"excerpt":{"rendered":"<p>Por Jos\u00e9 Alberto Prado Angeles Director General y Editor La presidenta estaba enojada, muy enojada&#8230;.<\/p>\n","protected":false},"author":2,"featured_media":130401,"comment_status":"open","ping_status":"open","sticky":false,"template":"","format":"standard","meta":{"_monsterinsights_skip_tracking":false,"_monsterinsights_sitenote_active":false,"_monsterinsights_sitenote_note":"","_monsterinsights_sitenote_category":0,"footnotes":""},"categories":[280,2],"tags":[],"class_list":["post-130425","post","type-post","status-publish","format-standard","has-post-thumbnail","hentry","category-nacionales","category-noticias"],"yoast_head":"<!-- This site is optimized with the Yoast SEO plugin v27.3 - https:\/\/yoast.com\/product\/yoast-seo-wordpress\/ -->\n<title>El Quehacer Pol\u00edtico a trav\u00e9s\/\/\/Jose Alberto Prado Angeles\/\/\/Claudia siempre lo supo -<\/title>\n<meta name=\"robots\" content=\"index, follow, max-snippet:-1, max-image-preview:large, max-video-preview:-1\" \/>\n<link rel=\"canonical\" href=\"https:\/\/quehacerpolitico.mx\/?p=130425\" \/>\n<meta property=\"og:locale\" content=\"es_MX\" \/>\n<meta property=\"og:type\" content=\"article\" \/>\n<meta property=\"og:title\" content=\"El Quehacer Pol\u00edtico a trav\u00e9s\/\/\/Jose Alberto Prado Angeles\/\/\/Claudia siempre lo supo -\" \/>\n<meta property=\"og:description\" content=\"Por Jos\u00e9 Alberto Prado Angeles Director General y Editor La presidenta estaba enojada, muy enojada....\" \/>\n<meta property=\"og:url\" content=\"https:\/\/quehacerpolitico.mx\/?p=130425\" \/>\n<meta property=\"article:published_time\" content=\"2026-04-24T14:22:45+00:00\" \/>\n<meta property=\"article:modified_time\" content=\"2026-04-24T14:22:49+00:00\" \/>\n<meta property=\"og:image\" content=\"http:\/\/quehacerpolitico.mx\/wp-content\/uploads\/2026\/04\/CFE46F7A-D13C-482A-9861-80444D153DB4-5.jpeg\" \/>\n\t<meta property=\"og:image:width\" content=\"1222\" \/>\n\t<meta property=\"og:image:height\" content=\"640\" \/>\n\t<meta property=\"og:image:type\" content=\"image\/jpeg\" \/>\n<meta name=\"author\" content=\"Redacci\u00f3n QP\" \/>\n<meta name=\"twitter:card\" content=\"summary_large_image\" \/>\n<meta name=\"twitter:label1\" content=\"Escrito por\" \/>\n\t<meta name=\"twitter:data1\" content=\"Redacci\u00f3n QP\" \/>\n\t<meta name=\"twitter:label2\" content=\"Tiempo de lectura\" \/>\n\t<meta name=\"twitter:data2\" content=\"3 minutos\" \/>\n<script type=\"application\/ld+json\" class=\"yoast-schema-graph\">{\"@context\":\"https:\\\/\\\/schema.org\",\"@graph\":[{\"@type\":\"Article\",\"@id\":\"https:\\\/\\\/quehacerpolitico.mx\\\/?p=130425#article\",\"isPartOf\":{\"@id\":\"https:\\\/\\\/quehacerpolitico.mx\\\/?p=130425\"},\"author\":{\"name\":\"Redacci\u00f3n QP\",\"@id\":\"https:\\\/\\\/quehacerpolitico.mx\\\/#\\\/schema\\\/person\\\/496d8ad2d1d3f8036101dca7ee39e585\"},\"headline\":\"El Quehacer Pol\u00edtico a trav\u00e9s\\\/\\\/\\\/Jose Alberto Prado Angeles\\\/\\\/\\\/Claudia siempre lo supo\",\"datePublished\":\"2026-04-24T14:22:45+00:00\",\"dateModified\":\"2026-04-24T14:22:49+00:00\",\"mainEntityOfPage\":{\"@id\":\"https:\\\/\\\/quehacerpolitico.mx\\\/?p=130425\"},\"wordCount\":461,\"commentCount\":0,\"image\":{\"@id\":\"https:\\\/\\\/quehacerpolitico.mx\\\/?p=130425#primaryimage\"},\"thumbnailUrl\":\"https:\\\/\\\/quehacerpolitico.mx\\\/wp-content\\\/uploads\\\/2026\\\/04\\\/CFE46F7A-D13C-482A-9861-80444D153DB4-5.jpeg\",\"articleSection\":[\"Nacionales\",\"Noticias\"],\"inLanguage\":\"es\",\"potentialAction\":[{\"@type\":\"CommentAction\",\"name\":\"Comment\",\"target\":[\"https:\\\/\\\/quehacerpolitico.mx\\\/?p=130425#respond\"]}]},{\"@type\":\"WebPage\",\"@id\":\"https:\\\/\\\/quehacerpolitico.mx\\\/?p=130425\",\"url\":\"https:\\\/\\\/quehacerpolitico.mx\\\/?p=130425\",\"name\":\"El Quehacer Pol\u00edtico a trav\u00e9s\\\/\\\/\\\/Jose Alberto Prado Angeles\\\/\\\/\\\/Claudia siempre lo supo -\",\"isPartOf\":{\"@id\":\"https:\\\/\\\/quehacerpolitico.mx\\\/#website\"},\"primaryImageOfPage\":{\"@id\":\"https:\\\/\\\/quehacerpolitico.mx\\\/?p=130425#primaryimage\"},\"image\":{\"@id\":\"https:\\\/\\\/quehacerpolitico.mx\\\/?p=130425#primaryimage\"},\"thumbnailUrl\":\"https:\\\/\\\/quehacerpolitico.mx\\\/wp-content\\\/uploads\\\/2026\\\/04\\\/CFE46F7A-D13C-482A-9861-80444D153DB4-5.jpeg\",\"datePublished\":\"2026-04-24T14:22:45+00:00\",\"dateModified\":\"2026-04-24T14:22:49+00:00\",\"author\":{\"@id\":\"https:\\\/\\\/quehacerpolitico.mx\\\/#\\\/schema\\\/person\\\/496d8ad2d1d3f8036101dca7ee39e585\"},\"breadcrumb\":{\"@id\":\"https:\\\/\\\/quehacerpolitico.mx\\\/?p=130425#breadcrumb\"},\"inLanguage\":\"es\",\"potentialAction\":[{\"@type\":\"ReadAction\",\"target\":[\"https:\\\/\\\/quehacerpolitico.mx\\\/?p=130425\"]}]},{\"@type\":\"ImageObject\",\"inLanguage\":\"es\",\"@id\":\"https:\\\/\\\/quehacerpolitico.mx\\\/?p=130425#primaryimage\",\"url\":\"https:\\\/\\\/quehacerpolitico.mx\\\/wp-content\\\/uploads\\\/2026\\\/04\\\/CFE46F7A-D13C-482A-9861-80444D153DB4-5.jpeg\",\"contentUrl\":\"https:\\\/\\\/quehacerpolitico.mx\\\/wp-content\\\/uploads\\\/2026\\\/04\\\/CFE46F7A-D13C-482A-9861-80444D153DB4-5.jpeg\",\"width\":1222,\"height\":640},{\"@type\":\"BreadcrumbList\",\"@id\":\"https:\\\/\\\/quehacerpolitico.mx\\\/?p=130425#breadcrumb\",\"itemListElement\":[{\"@type\":\"ListItem\",\"position\":1,\"name\":\"Inicio\",\"item\":\"https:\\\/\\\/quehacerpolitico.mx\\\/\"},{\"@type\":\"ListItem\",\"position\":2,\"name\":\"El Quehacer Pol\u00edtico a trav\u00e9s\\\/\\\/\\\/Jose Alberto Prado Angeles\\\/\\\/\\\/Claudia siempre lo supo\"}]},{\"@type\":\"WebSite\",\"@id\":\"https:\\\/\\\/quehacerpolitico.mx\\\/#website\",\"url\":\"https:\\\/\\\/quehacerpolitico.mx\\\/\",\"name\":\"\",\"description\":\"\",\"potentialAction\":[{\"@type\":\"SearchAction\",\"target\":{\"@type\":\"EntryPoint\",\"urlTemplate\":\"https:\\\/\\\/quehacerpolitico.mx\\\/?s={search_term_string}\"},\"query-input\":{\"@type\":\"PropertyValueSpecification\",\"valueRequired\":true,\"valueName\":\"search_term_string\"}}],\"inLanguage\":\"es\"},{\"@type\":\"Person\",\"@id\":\"https:\\\/\\\/quehacerpolitico.mx\\\/#\\\/schema\\\/person\\\/496d8ad2d1d3f8036101dca7ee39e585\",\"name\":\"Redacci\u00f3n QP\",\"image\":{\"@type\":\"ImageObject\",\"inLanguage\":\"es\",\"@id\":\"https:\\\/\\\/secure.gravatar.com\\\/avatar\\\/c7164ed6fdec453195284ad24a5ae5b6e1eed2b848477fa2a4787ba9adf39a41?s=96&d=mm&r=g\",\"url\":\"https:\\\/\\\/secure.gravatar.com\\\/avatar\\\/c7164ed6fdec453195284ad24a5ae5b6e1eed2b848477fa2a4787ba9adf39a41?s=96&d=mm&r=g\",\"contentUrl\":\"https:\\\/\\\/secure.gravatar.com\\\/avatar\\\/c7164ed6fdec453195284ad24a5ae5b6e1eed2b848477fa2a4787ba9adf39a41?s=96&d=mm&r=g\",\"caption\":\"Redacci\u00f3n QP\"},\"url\":\"https:\\\/\\\/quehacerpolitico.mx\\\/?author=2\"}]}<\/script>\n<!-- \/ Yoast SEO plugin. -->","yoast_head_json":{"title":"El Quehacer Pol\u00edtico a trav\u00e9s\/\/\/Jose Alberto Prado Angeles\/\/\/Claudia siempre lo supo -","robots":{"index":"index","follow":"follow","max-snippet":"max-snippet:-1","max-image-preview":"max-image-preview:large","max-video-preview":"max-video-preview:-1"},"canonical":"https:\/\/quehacerpolitico.mx\/?p=130425","og_locale":"es_MX","og_type":"article","og_title":"El Quehacer Pol\u00edtico a trav\u00e9s\/\/\/Jose Alberto Prado Angeles\/\/\/Claudia siempre lo supo -","og_description":"Por Jos\u00e9 Alberto Prado Angeles Director General y Editor La presidenta estaba enojada, muy enojada....","og_url":"https:\/\/quehacerpolitico.mx\/?p=130425","article_published_time":"2026-04-24T14:22:45+00:00","article_modified_time":"2026-04-24T14:22:49+00:00","og_image":[{"width":1222,"height":640,"url":"http:\/\/quehacerpolitico.mx\/wp-content\/uploads\/2026\/04\/CFE46F7A-D13C-482A-9861-80444D153DB4-5.jpeg","type":"image\/jpeg"}],"author":"Redacci\u00f3n QP","twitter_card":"summary_large_image","twitter_misc":{"Escrito por":"Redacci\u00f3n QP","Tiempo de lectura":"3 minutos"},"schema":{"@context":"https:\/\/schema.org","@graph":[{"@type":"Article","@id":"https:\/\/quehacerpolitico.mx\/?p=130425#article","isPartOf":{"@id":"https:\/\/quehacerpolitico.mx\/?p=130425"},"author":{"name":"Redacci\u00f3n QP","@id":"https:\/\/quehacerpolitico.mx\/#\/schema\/person\/496d8ad2d1d3f8036101dca7ee39e585"},"headline":"El Quehacer Pol\u00edtico a trav\u00e9s\/\/\/Jose Alberto Prado Angeles\/\/\/Claudia siempre lo supo","datePublished":"2026-04-24T14:22:45+00:00","dateModified":"2026-04-24T14:22:49+00:00","mainEntityOfPage":{"@id":"https:\/\/quehacerpolitico.mx\/?p=130425"},"wordCount":461,"commentCount":0,"image":{"@id":"https:\/\/quehacerpolitico.mx\/?p=130425#primaryimage"},"thumbnailUrl":"https:\/\/quehacerpolitico.mx\/wp-content\/uploads\/2026\/04\/CFE46F7A-D13C-482A-9861-80444D153DB4-5.jpeg","articleSection":["Nacionales","Noticias"],"inLanguage":"es","potentialAction":[{"@type":"CommentAction","name":"Comment","target":["https:\/\/quehacerpolitico.mx\/?p=130425#respond"]}]},{"@type":"WebPage","@id":"https:\/\/quehacerpolitico.mx\/?p=130425","url":"https:\/\/quehacerpolitico.mx\/?p=130425","name":"El Quehacer Pol\u00edtico a trav\u00e9s\/\/\/Jose Alberto Prado Angeles\/\/\/Claudia siempre lo supo -","isPartOf":{"@id":"https:\/\/quehacerpolitico.mx\/#website"},"primaryImageOfPage":{"@id":"https:\/\/quehacerpolitico.mx\/?p=130425#primaryimage"},"image":{"@id":"https:\/\/quehacerpolitico.mx\/?p=130425#primaryimage"},"thumbnailUrl":"https:\/\/quehacerpolitico.mx\/wp-content\/uploads\/2026\/04\/CFE46F7A-D13C-482A-9861-80444D153DB4-5.jpeg","datePublished":"2026-04-24T14:22:45+00:00","dateModified":"2026-04-24T14:22:49+00:00","author":{"@id":"https:\/\/quehacerpolitico.mx\/#\/schema\/person\/496d8ad2d1d3f8036101dca7ee39e585"},"breadcrumb":{"@id":"https:\/\/quehacerpolitico.mx\/?p=130425#breadcrumb"},"inLanguage":"es","potentialAction":[{"@type":"ReadAction","target":["https:\/\/quehacerpolitico.mx\/?p=130425"]}]},{"@type":"ImageObject","inLanguage":"es","@id":"https:\/\/quehacerpolitico.mx\/?p=130425#primaryimage","url":"https:\/\/quehacerpolitico.mx\/wp-content\/uploads\/2026\/04\/CFE46F7A-D13C-482A-9861-80444D153DB4-5.jpeg","contentUrl":"https:\/\/quehacerpolitico.mx\/wp-content\/uploads\/2026\/04\/CFE46F7A-D13C-482A-9861-80444D153DB4-5.jpeg","width":1222,"height":640},{"@type":"BreadcrumbList","@id":"https:\/\/quehacerpolitico.mx\/?p=130425#breadcrumb","itemListElement":[{"@type":"ListItem","position":1,"name":"Inicio","item":"https:\/\/quehacerpolitico.mx\/"},{"@type":"ListItem","position":2,"name":"El Quehacer Pol\u00edtico a trav\u00e9s\/\/\/Jose Alberto Prado Angeles\/\/\/Claudia siempre lo supo"}]},{"@type":"WebSite","@id":"https:\/\/quehacerpolitico.mx\/#website","url":"https:\/\/quehacerpolitico.mx\/","name":"","description":"","potentialAction":[{"@type":"SearchAction","target":{"@type":"EntryPoint","urlTemplate":"https:\/\/quehacerpolitico.mx\/?s={search_term_string}"},"query-input":{"@type":"PropertyValueSpecification","valueRequired":true,"valueName":"search_term_string"}}],"inLanguage":"es"},{"@type":"Person","@id":"https:\/\/quehacerpolitico.mx\/#\/schema\/person\/496d8ad2d1d3f8036101dca7ee39e585","name":"Redacci\u00f3n QP","image":{"@type":"ImageObject","inLanguage":"es","@id":"https:\/\/secure.gravatar.com\/avatar\/c7164ed6fdec453195284ad24a5ae5b6e1eed2b848477fa2a4787ba9adf39a41?s=96&d=mm&r=g","url":"https:\/\/secure.gravatar.com\/avatar\/c7164ed6fdec453195284ad24a5ae5b6e1eed2b848477fa2a4787ba9adf39a41?s=96&d=mm&r=g","contentUrl":"https:\/\/secure.gravatar.com\/avatar\/c7164ed6fdec453195284ad24a5ae5b6e1eed2b848477fa2a4787ba9adf39a41?s=96&d=mm&r=g","caption":"Redacci\u00f3n QP"},"url":"https:\/\/quehacerpolitico.mx\/?author=2"}]}},"featured_image_urls":{"full":["https:\/\/quehacerpolitico.mx\/wp-content\/uploads\/2026\/04\/CFE46F7A-D13C-482A-9861-80444D153DB4-5.jpeg",1222,640,false],"thumbnail":["https:\/\/quehacerpolitico.mx\/wp-content\/uploads\/2026\/04\/CFE46F7A-D13C-482A-9861-80444D153DB4-5-150x150.jpeg",150,150,true],"medium":["https:\/\/quehacerpolitico.mx\/wp-content\/uploads\/2026\/04\/CFE46F7A-D13C-482A-9861-80444D153DB4-5-300x157.jpeg",300,157,true],"medium_large":["https:\/\/quehacerpolitico.mx\/wp-content\/uploads\/2026\/04\/CFE46F7A-D13C-482A-9861-80444D153DB4-5-768x402.jpeg",640,335,true],"large":["https:\/\/quehacerpolitico.mx\/wp-content\/uploads\/2026\/04\/CFE46F7A-D13C-482A-9861-80444D153DB4-5-1024x536.jpeg",640,335,true],"1536x1536":["https:\/\/quehacerpolitico.mx\/wp-content\/uploads\/2026\/04\/CFE46F7A-D13C-482A-9861-80444D153DB4-5.jpeg",1222,640,false],"2048x2048":["https:\/\/quehacerpolitico.mx\/wp-content\/uploads\/2026\/04\/CFE46F7A-D13C-482A-9861-80444D153DB4-5.jpeg",1222,640,false],"covernews-featured":["https:\/\/quehacerpolitico.mx\/wp-content\/uploads\/2026\/04\/CFE46F7A-D13C-482A-9861-80444D153DB4-5-1024x536.jpeg",1024,536,true],"covernews-medium":["https:\/\/quehacerpolitico.mx\/wp-content\/uploads\/2026\/04\/CFE46F7A-D13C-482A-9861-80444D153DB4-5-540x340.jpeg",540,340,true]},"author_info":{"display_name":"Redacci\u00f3n QP","author_link":"https:\/\/quehacerpolitico.mx\/?author=2"},"category_info":"<a href=\"https:\/\/quehacerpolitico.mx\/?cat=280\" rel=\"category\">Nacionales<\/a> <a href=\"https:\/\/quehacerpolitico.mx\/?cat=2\" rel=\"category\">Noticias<\/a>","tag_info":"Noticias","comment_count":"0","_links":{"self":[{"href":"https:\/\/quehacerpolitico.mx\/index.php?rest_route=\/wp\/v2\/posts\/130425","targetHints":{"allow":["GET"]}}],"collection":[{"href":"https:\/\/quehacerpolitico.mx\/index.php?rest_route=\/wp\/v2\/posts"}],"about":[{"href":"https:\/\/quehacerpolitico.mx\/index.php?rest_route=\/wp\/v2\/types\/post"}],"author":[{"embeddable":true,"href":"https:\/\/quehacerpolitico.mx\/index.php?rest_route=\/wp\/v2\/users\/2"}],"replies":[{"embeddable":true,"href":"https:\/\/quehacerpolitico.mx\/index.php?rest_route=%2Fwp%2Fv2%2Fcomments&post=130425"}],"version-history":[{"count":1,"href":"https:\/\/quehacerpolitico.mx\/index.php?rest_route=\/wp\/v2\/posts\/130425\/revisions"}],"predecessor-version":[{"id":130426,"href":"https:\/\/quehacerpolitico.mx\/index.php?rest_route=\/wp\/v2\/posts\/130425\/revisions\/130426"}],"wp:featuredmedia":[{"embeddable":true,"href":"https:\/\/quehacerpolitico.mx\/index.php?rest_route=\/wp\/v2\/media\/130401"}],"wp:attachment":[{"href":"https:\/\/quehacerpolitico.mx\/index.php?rest_route=%2Fwp%2Fv2%2Fmedia&parent=130425"}],"wp:term":[{"taxonomy":"category","embeddable":true,"href":"https:\/\/quehacerpolitico.mx\/index.php?rest_route=%2Fwp%2Fv2%2Fcategories&post=130425"},{"taxonomy":"post_tag","embeddable":true,"href":"https:\/\/quehacerpolitico.mx\/index.php?rest_route=%2Fwp%2Fv2%2Ftags&post=130425"}],"curies":[{"name":"wp","href":"https:\/\/api.w.org\/{rel}","templated":true}]}}