{"id":130419,"date":"2026-04-23T12:38:14","date_gmt":"2026-04-23T18:38:14","guid":{"rendered":"https:\/\/quehacerpolitico.mx\/?p=130419"},"modified":"2026-04-23T12:38:23","modified_gmt":"2026-04-23T18:38:23","slug":"fuertes-lluvias-en-cdmx-dejan-afectaciones-en-dos-salones-del-conservatorio-nacional-de-musica","status":"publish","type":"post","link":"https:\/\/quehacerpolitico.mx\/?p=130419","title":{"rendered":"Fuertes lluvias en CDMX dejan afectaciones en dos salones del Conservatorio Nacional de M\u00fasica"},"content":{"rendered":"\n<p>Por Redacci\u00f3n QP<\/p>\n\n\n\n<p>Aunque no se detall\u00f3 sobre el tipo de da\u00f1os, el INBAL asegur\u00f3 que ya se encuentra atendiendo la situaci\u00f3n conforme a los dict\u00e1menes correspondientes; no se inform\u00f3 la cancelaci\u00f3n de clases<\/p>\n\n\n\n<p>La Secretar\u00eda de Cultura a trav\u00e9s del Instituto Nacional de Bellas Artes y Literatura (<strong>INBAL<\/strong>) revel\u00f3&nbsp;que dos salones del&nbsp;<strong>Conservatorio Nacional de M\u00fasica<\/strong>&nbsp;resultaron afectados tras las fuertes lluvias registradas en los \u00faltimos d\u00edas en la Ciudad de M\u00e9xico.&nbsp;<\/p>\n\n\n\n<p>Seg\u00fan el comunicado ambos salones se vieron afectados luego de que una\u00a0<strong>tuber\u00eda<\/strong>\u00a0presentara da\u00f1os el martes\u00a0a causa de la\u00a0<strong>acumulaci\u00f3n de residuos<\/strong>\u00a0en las bajadas pluviales.<\/p>\n\n\n\n<figure class=\"wp-block-embed is-type-rich is-provider-twitter wp-block-embed-twitter\"><div class=\"wp-block-embed__wrapper\">\n<blockquote class=\"twitter-tweet\" data-width=\"550\" data-dnt=\"true\"><p lang=\"es\" dir=\"ltr\">La secretaria de Cultura, Claudia Curiel de Icaza, reci\u00e9n pas\u00f3 al Conservatorio Nacional de M\u00fasica a decir que invirti\u00f3 47 MDP en la primera etapa de remodelaci\u00f3n de la escuela. Hoy se ve as\u00ed con la lluvia de hoy en la CDMX.  SOS. <a href=\"https:\/\/twitter.com\/Arouet_V?ref_src=twsrc%5Etfw\">@Arouet_V<\/a> <a href=\"https:\/\/twitter.com\/azucenau?ref_src=twsrc%5Etfw\">@azucenau<\/a> <a href=\"https:\/\/twitter.com\/lopezdoriga?ref_src=twsrc%5Etfw\">@lopezdoriga<\/a> <a href=\"https:\/\/twitter.com\/PedroFerriz?ref_src=twsrc%5Etfw\">@PedroFerriz<\/a> <a href=\"https:\/\/t.co\/LCl6xuaOGF\">pic.twitter.com\/LCl6xuaOGF<\/a><\/p>&mdash; Brand\u00e3o Veiga (@MaLoWC2506) <a href=\"https:\/\/twitter.com\/MaLoWC2506\/status\/2046788148978430381?ref_src=twsrc%5Etfw\">April 22, 2026<\/a><\/blockquote><script async src=\"https:\/\/platform.twitter.com\/widgets.js\" charset=\"utf-8\"><\/script>\n<\/div><\/figure>\n\n\n\n<p>Aunque no se detall\u00f3 sobre qu\u00e9 tipo de afectaciones se registraron en el interior de las dos\u00a0<strong>salas del Conservatorio Nacional de M\u00fasica,\u00a0<\/strong>el\u00a0<strong>INBAL<\/strong>\u00a0asegur\u00f3 que desde que se tuvo conocimiento de la situaci\u00f3n\u00a0ya se encuentran siendo atendidas conforme a los dict\u00e1menes correspondientes.<\/p>\n\n\n\n<p>Entre los trabajos para restaurar los salones destaca la verificaci\u00f3n del<strong> sistema de desag\u00fce<\/strong><\/p>\n\n\n\n<p>Cabe mencionar que durante esta semana se ha registrado en varios puntos del pa\u00eds la\u00a0<strong>presencia de fuertes precipitaciones<\/strong>\u00a0debido a las condiciones clim\u00e1tologicas.<\/p>\n\n\n\n<figure class=\"wp-block-embed is-type-rich is-provider-twitter wp-block-embed-twitter\"><div class=\"wp-block-embed__wrapper\">\n<blockquote class=\"twitter-tweet\" data-width=\"550\" data-dnt=\"true\"><p lang=\"es\" dir=\"ltr\">Se registr\u00f3 una afectaci\u00f3n en dos salones del Conservatorio Nacional de M\u00fasica tras las lluvias recientes en la Ciudad de M\u00e9xico.<br><br>Los da\u00f1os, originados por una tuber\u00eda obstruida en el sistema pluvial, ya son atendidos con supervisi\u00f3n t\u00e9cnica especializada.<br><br>El INBAL da\u2026 <a href=\"https:\/\/t.co\/fK9ZqoKhRt\">pic.twitter.com\/fK9ZqoKhRt<\/a><\/p>&mdash; Instituto Nacional de Bellas Artes y Literatura (@bellasartesinba) <a href=\"https:\/\/twitter.com\/bellasartesinba\/status\/2047308031579271539?ref_src=twsrc%5Etfw\">April 23, 2026<\/a><\/blockquote><script async src=\"https:\/\/platform.twitter.com\/widgets.js\" charset=\"utf-8\"><\/script>\n<\/div><\/figure>\n\n\n\n<p>En se sentido, a principios de mes se registraron goteras debido a las lluvias en la&nbsp;<strong>Terminal 1<\/strong>&nbsp;del Aeropuerto Internacional de la Ciudad de M\u00e9xico (<strong>AICM<\/strong>) en medio de las remodelaciones que el gobierno mexicano ha implementado debido al&nbsp;<strong>Mundial 2026.<\/strong><\/p>\n\n\n\n<p>Para este jueves,&nbsp;<a href=\"https:\/\/www.gob.mx\/smn\/prensa\/se-pronostican-lluvias-fuertes-en-zonas-del-norte-oriente-sur-y-sureste-de-mexico-ademas-de-la-peninsula-de-yucatan\">se esperan<strong>&nbsp;<\/strong>lluvias<strong><\/strong>fuertes<\/a><strong>&nbsp;<\/strong>en Coahuila,&nbsp;Puebla, Guerrero, Oaxaca, Chiapas y Yucat\u00e1n;&nbsp;<strong>chubascos<\/strong>en Nuevo Le\u00f3n, Tamaulipas, Michoac\u00e1n, Estado de M\u00e9xico, Morelos, Tlaxcala, Hidalgo, Veracruz y Quintana Roo.&nbsp;<\/p>\n\n\n\n<p>En&nbsp;Jalisco, Colima, San Luis Potos\u00ed, Quer\u00e9taro,&nbsp;<strong>Ciudad de M\u00e9xico<\/strong>, Tabasco y Campeche se esperan&nbsp;<strong>lluvias<\/strong>&nbsp;<strong>aisladas<\/strong>.&nbsp;<\/p>\n\n\n\n<p>Por su parte, el mi\u00e9rcoles, el Servicio Metere\u00f3logico Nacional (<strong>CONAGUA<\/strong>) a trav\u00e9s de sus cuentas oficiales comparti\u00f3 el pron\u00f3stico de 36 ciclones tropicales para la temporada de este a\u00f1o\u00a0en la cuencas de los\u00a0<strong>oc\u00e9anos Pac\u00edfico y Atl\u00e1ntico.<\/strong><\/p>\n\n\n\n<figure class=\"wp-block-embed is-type-rich is-provider-twitter wp-block-embed-twitter\"><div class=\"wp-block-embed__wrapper\">\n<blockquote class=\"twitter-tweet\" data-width=\"550\" data-dnt=\"true\"><p lang=\"es\" dir=\"ltr\">\ud83c\udf0e Este d\u00eda, el <a href=\"https:\/\/twitter.com\/hashtag\/SMNmx?src=hash&amp;ref_src=twsrc%5Etfw\">#SMNmx<\/a> present\u00f3 el <a href=\"https:\/\/twitter.com\/hashtag\/Pron%C3%B3stico?src=hash&amp;ref_src=twsrc%5Etfw\">#Pron\u00f3stico<\/a> para la <a href=\"https:\/\/twitter.com\/hashtag\/TemporadaDeLluviasYCiclonesTropicales?src=hash&amp;ref_src=twsrc%5Etfw\">#TemporadaDeLluviasYCiclonesTropicales<\/a> 2026 en las cuencas de los oc\u00e9anos <a href=\"https:\/\/twitter.com\/hashtag\/Pac%C3%ADfico?src=hash&amp;ref_src=twsrc%5Etfw\">#Pac\u00edfico<\/a> y <a href=\"https:\/\/twitter.com\/hashtag\/Atl%C3%A1ntico?src=hash&amp;ref_src=twsrc%5Etfw\">#Atl\u00e1ntico<\/a>.<br> <br>La prevenci\u00f3n es algo que nos corresponde a todas y todos, por ello, les invitamos a mantenerse informados sobre las\u2026 <a href=\"https:\/\/t.co\/vYr5Jc94Nc\">pic.twitter.com\/vYr5Jc94Nc<\/a><\/p>&mdash; CONAGUA Clima (@conagua_clima) <a href=\"https:\/\/twitter.com\/conagua_clima\/status\/2047116384157765909?ref_src=twsrc%5Etfw\">April 23, 2026<\/a><\/blockquote><script async src=\"https:\/\/platform.twitter.com\/widgets.js\" charset=\"utf-8\"><\/script>\n<\/div><\/figure>\n","protected":false},"excerpt":{"rendered":"<p>Por Redacci\u00f3n QP Aunque no se detall\u00f3 sobre el tipo de da\u00f1os, el INBAL asegur\u00f3&#8230;<\/p>\n","protected":false},"author":2,"featured_media":130420,"comment_status":"open","ping_status":"open","sticky":false,"template":"","format":"standard","meta":{"_monsterinsights_skip_tracking":false,"_monsterinsights_sitenote_active":false,"_monsterinsights_sitenote_note":"","_monsterinsights_sitenote_category":0,"footnotes":""},"categories":[55,58],"tags":[],"class_list":["post-130419","post","type-post","status-publish","format-standard","has-post-thumbnail","hentry","category-cdmx","category-cultura"],"yoast_head":"<!-- This site is optimized with the Yoast SEO plugin v27.3 - https:\/\/yoast.com\/product\/yoast-seo-wordpress\/ -->\n<title>Fuertes lluvias en CDMX dejan afectaciones en dos salones del Conservatorio Nacional de M\u00fasica -<\/title>\n<meta name=\"robots\" content=\"index, follow, max-snippet:-1, max-image-preview:large, max-video-preview:-1\" \/>\n<link rel=\"canonical\" href=\"https:\/\/quehacerpolitico.mx\/?p=130419\" \/>\n<meta property=\"og:locale\" content=\"es_MX\" \/>\n<meta property=\"og:type\" content=\"article\" \/>\n<meta property=\"og:title\" content=\"Fuertes lluvias en CDMX dejan afectaciones en dos salones del Conservatorio Nacional de M\u00fasica -\" \/>\n<meta property=\"og:description\" content=\"Por Redacci\u00f3n QP Aunque no se detall\u00f3 sobre el tipo de da\u00f1os, el INBAL asegur\u00f3...\" \/>\n<meta property=\"og:url\" content=\"https:\/\/quehacerpolitico.mx\/?p=130419\" \/>\n<meta property=\"article:published_time\" content=\"2026-04-23T18:38:14+00:00\" \/>\n<meta property=\"article:modified_time\" content=\"2026-04-23T18:38:23+00:00\" \/>\n<meta property=\"og:image\" content=\"http:\/\/quehacerpolitico.mx\/wp-content\/uploads\/2026\/04\/IMG_8161.jpeg\" \/>\n\t<meta property=\"og:image:width\" content=\"1089\" \/>\n\t<meta property=\"og:image:height\" content=\"666\" \/>\n\t<meta property=\"og:image:type\" content=\"image\/jpeg\" \/>\n<meta name=\"author\" content=\"Redacci\u00f3n QP\" \/>\n<meta name=\"twitter:card\" content=\"summary_large_image\" \/>\n<meta name=\"twitter:label1\" content=\"Escrito por\" \/>\n\t<meta name=\"twitter:data1\" content=\"Redacci\u00f3n QP\" \/>\n\t<meta name=\"twitter:label2\" content=\"Tiempo de lectura\" \/>\n\t<meta name=\"twitter:data2\" content=\"2 minutos\" \/>\n<script type=\"application\/ld+json\" class=\"yoast-schema-graph\">{\"@context\":\"https:\\\/\\\/schema.org\",\"@graph\":[{\"@type\":\"Article\",\"@id\":\"https:\\\/\\\/quehacerpolitico.mx\\\/?p=130419#article\",\"isPartOf\":{\"@id\":\"https:\\\/\\\/quehacerpolitico.mx\\\/?p=130419\"},\"author\":{\"name\":\"Redacci\u00f3n QP\",\"@id\":\"https:\\\/\\\/quehacerpolitico.mx\\\/#\\\/schema\\\/person\\\/496d8ad2d1d3f8036101dca7ee39e585\"},\"headline\":\"Fuertes lluvias en CDMX dejan afectaciones en dos salones del Conservatorio Nacional de M\u00fasica\",\"datePublished\":\"2026-04-23T18:38:14+00:00\",\"dateModified\":\"2026-04-23T18:38:23+00:00\",\"mainEntityOfPage\":{\"@id\":\"https:\\\/\\\/quehacerpolitico.mx\\\/?p=130419\"},\"wordCount\":397,\"commentCount\":0,\"image\":{\"@id\":\"https:\\\/\\\/quehacerpolitico.mx\\\/?p=130419#primaryimage\"},\"thumbnailUrl\":\"https:\\\/\\\/quehacerpolitico.mx\\\/wp-content\\\/uploads\\\/2026\\\/04\\\/IMG_8161.jpeg\",\"articleSection\":[\"CDMX\",\"Cultura y Entretenimiento\"],\"inLanguage\":\"es\",\"potentialAction\":[{\"@type\":\"CommentAction\",\"name\":\"Comment\",\"target\":[\"https:\\\/\\\/quehacerpolitico.mx\\\/?p=130419#respond\"]}]},{\"@type\":\"WebPage\",\"@id\":\"https:\\\/\\\/quehacerpolitico.mx\\\/?p=130419\",\"url\":\"https:\\\/\\\/quehacerpolitico.mx\\\/?p=130419\",\"name\":\"Fuertes lluvias en CDMX dejan afectaciones en dos salones del Conservatorio Nacional de M\u00fasica -\",\"isPartOf\":{\"@id\":\"https:\\\/\\\/quehacerpolitico.mx\\\/#website\"},\"primaryImageOfPage\":{\"@id\":\"https:\\\/\\\/quehacerpolitico.mx\\\/?p=130419#primaryimage\"},\"image\":{\"@id\":\"https:\\\/\\\/quehacerpolitico.mx\\\/?p=130419#primaryimage\"},\"thumbnailUrl\":\"https:\\\/\\\/quehacerpolitico.mx\\\/wp-content\\\/uploads\\\/2026\\\/04\\\/IMG_8161.jpeg\",\"datePublished\":\"2026-04-23T18:38:14+00:00\",\"dateModified\":\"2026-04-23T18:38:23+00:00\",\"author\":{\"@id\":\"https:\\\/\\\/quehacerpolitico.mx\\\/#\\\/schema\\\/person\\\/496d8ad2d1d3f8036101dca7ee39e585\"},\"breadcrumb\":{\"@id\":\"https:\\\/\\\/quehacerpolitico.mx\\\/?p=130419#breadcrumb\"},\"inLanguage\":\"es\",\"potentialAction\":[{\"@type\":\"ReadAction\",\"target\":[\"https:\\\/\\\/quehacerpolitico.mx\\\/?p=130419\"]}]},{\"@type\":\"ImageObject\",\"inLanguage\":\"es\",\"@id\":\"https:\\\/\\\/quehacerpolitico.mx\\\/?p=130419#primaryimage\",\"url\":\"https:\\\/\\\/quehacerpolitico.mx\\\/wp-content\\\/uploads\\\/2026\\\/04\\\/IMG_8161.jpeg\",\"contentUrl\":\"https:\\\/\\\/quehacerpolitico.mx\\\/wp-content\\\/uploads\\\/2026\\\/04\\\/IMG_8161.jpeg\",\"width\":1089,\"height\":666},{\"@type\":\"BreadcrumbList\",\"@id\":\"https:\\\/\\\/quehacerpolitico.mx\\\/?p=130419#breadcrumb\",\"itemListElement\":[{\"@type\":\"ListItem\",\"position\":1,\"name\":\"Inicio\",\"item\":\"https:\\\/\\\/quehacerpolitico.mx\\\/\"},{\"@type\":\"ListItem\",\"position\":2,\"name\":\"Fuertes lluvias en CDMX dejan afectaciones en dos salones del Conservatorio Nacional de M\u00fasica\"}]},{\"@type\":\"WebSite\",\"@id\":\"https:\\\/\\\/quehacerpolitico.mx\\\/#website\",\"url\":\"https:\\\/\\\/quehacerpolitico.mx\\\/\",\"name\":\"\",\"description\":\"\",\"potentialAction\":[{\"@type\":\"SearchAction\",\"target\":{\"@type\":\"EntryPoint\",\"urlTemplate\":\"https:\\\/\\\/quehacerpolitico.mx\\\/?s={search_term_string}\"},\"query-input\":{\"@type\":\"PropertyValueSpecification\",\"valueRequired\":true,\"valueName\":\"search_term_string\"}}],\"inLanguage\":\"es\"},{\"@type\":\"Person\",\"@id\":\"https:\\\/\\\/quehacerpolitico.mx\\\/#\\\/schema\\\/person\\\/496d8ad2d1d3f8036101dca7ee39e585\",\"name\":\"Redacci\u00f3n QP\",\"image\":{\"@type\":\"ImageObject\",\"inLanguage\":\"es\",\"@id\":\"https:\\\/\\\/secure.gravatar.com\\\/avatar\\\/c7164ed6fdec453195284ad24a5ae5b6e1eed2b848477fa2a4787ba9adf39a41?s=96&d=mm&r=g\",\"url\":\"https:\\\/\\\/secure.gravatar.com\\\/avatar\\\/c7164ed6fdec453195284ad24a5ae5b6e1eed2b848477fa2a4787ba9adf39a41?s=96&d=mm&r=g\",\"contentUrl\":\"https:\\\/\\\/secure.gravatar.com\\\/avatar\\\/c7164ed6fdec453195284ad24a5ae5b6e1eed2b848477fa2a4787ba9adf39a41?s=96&d=mm&r=g\",\"caption\":\"Redacci\u00f3n QP\"},\"url\":\"https:\\\/\\\/quehacerpolitico.mx\\\/?author=2\"}]}<\/script>\n<!-- \/ Yoast SEO plugin. -->","yoast_head_json":{"title":"Fuertes lluvias en CDMX dejan afectaciones en dos salones del Conservatorio Nacional de M\u00fasica -","robots":{"index":"index","follow":"follow","max-snippet":"max-snippet:-1","max-image-preview":"max-image-preview:large","max-video-preview":"max-video-preview:-1"},"canonical":"https:\/\/quehacerpolitico.mx\/?p=130419","og_locale":"es_MX","og_type":"article","og_title":"Fuertes lluvias en CDMX dejan afectaciones en dos salones del Conservatorio Nacional de M\u00fasica -","og_description":"Por Redacci\u00f3n QP Aunque no se detall\u00f3 sobre el tipo de da\u00f1os, el INBAL asegur\u00f3...","og_url":"https:\/\/quehacerpolitico.mx\/?p=130419","article_published_time":"2026-04-23T18:38:14+00:00","article_modified_time":"2026-04-23T18:38:23+00:00","og_image":[{"width":1089,"height":666,"url":"http:\/\/quehacerpolitico.mx\/wp-content\/uploads\/2026\/04\/IMG_8161.jpeg","type":"image\/jpeg"}],"author":"Redacci\u00f3n QP","twitter_card":"summary_large_image","twitter_misc":{"Escrito por":"Redacci\u00f3n QP","Tiempo de lectura":"2 minutos"},"schema":{"@context":"https:\/\/schema.org","@graph":[{"@type":"Article","@id":"https:\/\/quehacerpolitico.mx\/?p=130419#article","isPartOf":{"@id":"https:\/\/quehacerpolitico.mx\/?p=130419"},"author":{"name":"Redacci\u00f3n QP","@id":"https:\/\/quehacerpolitico.mx\/#\/schema\/person\/496d8ad2d1d3f8036101dca7ee39e585"},"headline":"Fuertes lluvias en CDMX dejan afectaciones en dos salones del Conservatorio Nacional de M\u00fasica","datePublished":"2026-04-23T18:38:14+00:00","dateModified":"2026-04-23T18:38:23+00:00","mainEntityOfPage":{"@id":"https:\/\/quehacerpolitico.mx\/?p=130419"},"wordCount":397,"commentCount":0,"image":{"@id":"https:\/\/quehacerpolitico.mx\/?p=130419#primaryimage"},"thumbnailUrl":"https:\/\/quehacerpolitico.mx\/wp-content\/uploads\/2026\/04\/IMG_8161.jpeg","articleSection":["CDMX","Cultura y Entretenimiento"],"inLanguage":"es","potentialAction":[{"@type":"CommentAction","name":"Comment","target":["https:\/\/quehacerpolitico.mx\/?p=130419#respond"]}]},{"@type":"WebPage","@id":"https:\/\/quehacerpolitico.mx\/?p=130419","url":"https:\/\/quehacerpolitico.mx\/?p=130419","name":"Fuertes lluvias en CDMX dejan afectaciones en dos salones del Conservatorio Nacional de M\u00fasica -","isPartOf":{"@id":"https:\/\/quehacerpolitico.mx\/#website"},"primaryImageOfPage":{"@id":"https:\/\/quehacerpolitico.mx\/?p=130419#primaryimage"},"image":{"@id":"https:\/\/quehacerpolitico.mx\/?p=130419#primaryimage"},"thumbnailUrl":"https:\/\/quehacerpolitico.mx\/wp-content\/uploads\/2026\/04\/IMG_8161.jpeg","datePublished":"2026-04-23T18:38:14+00:00","dateModified":"2026-04-23T18:38:23+00:00","author":{"@id":"https:\/\/quehacerpolitico.mx\/#\/schema\/person\/496d8ad2d1d3f8036101dca7ee39e585"},"breadcrumb":{"@id":"https:\/\/quehacerpolitico.mx\/?p=130419#breadcrumb"},"inLanguage":"es","potentialAction":[{"@type":"ReadAction","target":["https:\/\/quehacerpolitico.mx\/?p=130419"]}]},{"@type":"ImageObject","inLanguage":"es","@id":"https:\/\/quehacerpolitico.mx\/?p=130419#primaryimage","url":"https:\/\/quehacerpolitico.mx\/wp-content\/uploads\/2026\/04\/IMG_8161.jpeg","contentUrl":"https:\/\/quehacerpolitico.mx\/wp-content\/uploads\/2026\/04\/IMG_8161.jpeg","width":1089,"height":666},{"@type":"BreadcrumbList","@id":"https:\/\/quehacerpolitico.mx\/?p=130419#breadcrumb","itemListElement":[{"@type":"ListItem","position":1,"name":"Inicio","item":"https:\/\/quehacerpolitico.mx\/"},{"@type":"ListItem","position":2,"name":"Fuertes lluvias en CDMX dejan afectaciones en dos salones del Conservatorio Nacional de M\u00fasica"}]},{"@type":"WebSite","@id":"https:\/\/quehacerpolitico.mx\/#website","url":"https:\/\/quehacerpolitico.mx\/","name":"","description":"","potentialAction":[{"@type":"SearchAction","target":{"@type":"EntryPoint","urlTemplate":"https:\/\/quehacerpolitico.mx\/?s={search_term_string}"},"query-input":{"@type":"PropertyValueSpecification","valueRequired":true,"valueName":"search_term_string"}}],"inLanguage":"es"},{"@type":"Person","@id":"https:\/\/quehacerpolitico.mx\/#\/schema\/person\/496d8ad2d1d3f8036101dca7ee39e585","name":"Redacci\u00f3n QP","image":{"@type":"ImageObject","inLanguage":"es","@id":"https:\/\/secure.gravatar.com\/avatar\/c7164ed6fdec453195284ad24a5ae5b6e1eed2b848477fa2a4787ba9adf39a41?s=96&d=mm&r=g","url":"https:\/\/secure.gravatar.com\/avatar\/c7164ed6fdec453195284ad24a5ae5b6e1eed2b848477fa2a4787ba9adf39a41?s=96&d=mm&r=g","contentUrl":"https:\/\/secure.gravatar.com\/avatar\/c7164ed6fdec453195284ad24a5ae5b6e1eed2b848477fa2a4787ba9adf39a41?s=96&d=mm&r=g","caption":"Redacci\u00f3n QP"},"url":"https:\/\/quehacerpolitico.mx\/?author=2"}]}},"featured_image_urls":{"full":["https:\/\/quehacerpolitico.mx\/wp-content\/uploads\/2026\/04\/IMG_8161.jpeg",1089,666,false],"thumbnail":["https:\/\/quehacerpolitico.mx\/wp-content\/uploads\/2026\/04\/IMG_8161-150x150.jpeg",150,150,true],"medium":["https:\/\/quehacerpolitico.mx\/wp-content\/uploads\/2026\/04\/IMG_8161-300x183.jpeg",300,183,true],"medium_large":["https:\/\/quehacerpolitico.mx\/wp-content\/uploads\/2026\/04\/IMG_8161-768x470.jpeg",640,392,true],"large":["https:\/\/quehacerpolitico.mx\/wp-content\/uploads\/2026\/04\/IMG_8161-1024x626.jpeg",640,391,true],"1536x1536":["https:\/\/quehacerpolitico.mx\/wp-content\/uploads\/2026\/04\/IMG_8161.jpeg",1089,666,false],"2048x2048":["https:\/\/quehacerpolitico.mx\/wp-content\/uploads\/2026\/04\/IMG_8161.jpeg",1089,666,false],"covernews-featured":["https:\/\/quehacerpolitico.mx\/wp-content\/uploads\/2026\/04\/IMG_8161-1024x626.jpeg",1024,626,true],"covernews-medium":["https:\/\/quehacerpolitico.mx\/wp-content\/uploads\/2026\/04\/IMG_8161-540x340.jpeg",540,340,true]},"author_info":{"display_name":"Redacci\u00f3n QP","author_link":"https:\/\/quehacerpolitico.mx\/?author=2"},"category_info":"<a href=\"https:\/\/quehacerpolitico.mx\/?cat=55\" rel=\"category\">CDMX<\/a> <a href=\"https:\/\/quehacerpolitico.mx\/?cat=58\" rel=\"category\">Cultura y Entretenimiento<\/a>","tag_info":"Cultura y Entretenimiento","comment_count":"0","_links":{"self":[{"href":"https:\/\/quehacerpolitico.mx\/index.php?rest_route=\/wp\/v2\/posts\/130419","targetHints":{"allow":["GET"]}}],"collection":[{"href":"https:\/\/quehacerpolitico.mx\/index.php?rest_route=\/wp\/v2\/posts"}],"about":[{"href":"https:\/\/quehacerpolitico.mx\/index.php?rest_route=\/wp\/v2\/types\/post"}],"author":[{"embeddable":true,"href":"https:\/\/quehacerpolitico.mx\/index.php?rest_route=\/wp\/v2\/users\/2"}],"replies":[{"embeddable":true,"href":"https:\/\/quehacerpolitico.mx\/index.php?rest_route=%2Fwp%2Fv2%2Fcomments&post=130419"}],"version-history":[{"count":1,"href":"https:\/\/quehacerpolitico.mx\/index.php?rest_route=\/wp\/v2\/posts\/130419\/revisions"}],"predecessor-version":[{"id":130421,"href":"https:\/\/quehacerpolitico.mx\/index.php?rest_route=\/wp\/v2\/posts\/130419\/revisions\/130421"}],"wp:featuredmedia":[{"embeddable":true,"href":"https:\/\/quehacerpolitico.mx\/index.php?rest_route=\/wp\/v2\/media\/130420"}],"wp:attachment":[{"href":"https:\/\/quehacerpolitico.mx\/index.php?rest_route=%2Fwp%2Fv2%2Fmedia&parent=130419"}],"wp:term":[{"taxonomy":"category","embeddable":true,"href":"https:\/\/quehacerpolitico.mx\/index.php?rest_route=%2Fwp%2Fv2%2Fcategories&post=130419"},{"taxonomy":"post_tag","embeddable":true,"href":"https:\/\/quehacerpolitico.mx\/index.php?rest_route=%2Fwp%2Fv2%2Ftags&post=130419"}],"curies":[{"name":"wp","href":"https:\/\/api.w.org\/{rel}","templated":true}]}}