{"id":130416,"date":"2026-04-23T12:21:56","date_gmt":"2026-04-23T18:21:56","guid":{"rendered":"https:\/\/quehacerpolitico.mx\/?p=130416"},"modified":"2026-04-23T12:22:05","modified_gmt":"2026-04-23T18:22:05","slug":"sheinbaum-anuncia-que-el-tren-suburbano-pasara-a-manos-del-gobierno-lo-adquieren-por-casi-6-mil-millones-de-pesos","status":"publish","type":"post","link":"https:\/\/quehacerpolitico.mx\/?p=130416","title":{"rendered":"Sheinbaum anuncia que el Tren Suburbano pasar\u00e1 a manos del gobierno; lo adquieren por casi 6 mil millones de pesos"},"content":{"rendered":"\n<p>Por Redacci\u00f3n QP<\/p>\n\n\n\n<p>Ante este cambio, la mandataria indic\u00f3 que el transporte cambiar\u00e1 de nombre a Tren Felipe \u00c1ngeles y asumir\u00e1 la deuda de la obra<\/p>\n\n\n\n<p>La presidenta&nbsp;<strong>Claudia Sheinbaum&nbsp;<\/strong>inform\u00f3 este jueves que su gobierno ha adquirido el 100% del Tren Suburbano tras la compra de las participaciones de la empresa&nbsp;<strong>espa\u00f1ola CAF y la mexicana&nbsp;Omnitren.&nbsp;<\/strong><\/p>\n\n\n\n<p>Adem\u00e1s, la mandataria anunci\u00f3 que a partir de que dejar\u00e1 de ser un transporte de privados,\u00a0ahora se llamar\u00e1\u00a0<strong>Tren Felipe \u00c1ngeles.<\/strong><\/p>\n\n\n\n<figure class=\"wp-block-embed is-type-rich is-provider-twitter wp-block-embed-twitter\"><div class=\"wp-block-embed__wrapper\">\n<blockquote class=\"twitter-tweet\" data-width=\"550\" data-dnt=\"true\"><p lang=\"es\" dir=\"ltr\">\ud83d\udea8 El gobierno compra el 100% del Tren Suburbano<br><br>Pag\u00f3 5 mil 999 mdp; ahora le llamar\u00e1n \u201cFelipe \u00c1ngeles\u201d<br><br>El problema es el historial de la 4T operando obras: p\u00e9rdidas econ\u00f3micas, corrupci\u00f3n, sobrecostos\u2026 y tragedias <a href=\"https:\/\/t.co\/Vx8IzBLOXk\">pic.twitter.com\/Vx8IzBLOXk<\/a><\/p>&mdash; Manuel Lopez San Martin (@MLopezSanMartin) <a href=\"https:\/\/twitter.com\/MLopezSanMartin\/status\/2047325621144183026?ref_src=twsrc%5Etfw\">April 23, 2026<\/a><\/blockquote><script async src=\"https:\/\/platform.twitter.com\/widgets.js\" charset=\"utf-8\"><\/script>\n<\/div><\/figure>\n\n\n\n<p>Por su parte, Jorge Alberto Mendoza, director de&nbsp;<strong>Banobras<\/strong>, explic\u00f3 que el Estado adquiri\u00f3 el 43.4% de las participaciones de CAF y el 7.6% de Omnitren por&nbsp;<strong>un monto de 5 mil 999 millones de pesos;<\/strong>&nbsp;Fonadin ya ten\u00eda el 49% restante.&nbsp;<\/p>\n\n\n\n<p>&#8220;Con esto, el Estado Mexicano ya llega al 100% de la posici\u00f3n accionaria en este tren. Es decir, este tren pasa de mano de los privados a manos del pueblo de M\u00e9xico&#8221;, dijo.<\/p>\n\n\n\n<p>Como parte de la transacci\u00f3n, el gobierno federal indic\u00f3 que adquirir\u00e1 la deuda de la obra, que entr\u00f3 en operaciones en 2008 y tiene&nbsp;<strong>27 kil\u00f3metros de v\u00edas.&nbsp;<\/strong><\/p>\n\n\n\n<p>El director de Banobras explic\u00f3 que todav\u00eda se encuentran a la espera de que la&nbsp;Secretar\u00eda de Infraestructura, Comunicaciones y Transportes les otorgue un documento sobre los activos y mobiliario de la empresa.&nbsp;<\/p>\n\n\n\n<p>Se tiene previsto que este domingo la<strong>presidenta Claudia Sheinbaum<\/strong>inaugure el tramo que va de Buenavista al Aeropuerto Internacional Felipe \u00c1ngeles (AIFA).&nbsp;<\/p>\n\n\n\n<figure class=\"wp-block-image\"><img decoding=\"async\" src=\"https:\/\/latinus.us\/u\/fotografias\/m\/2026\/4\/23\/f768x1-145366_145493_5050.jpg\" alt=\"\"\/><\/figure>\n","protected":false},"excerpt":{"rendered":"<p>Por Redacci\u00f3n QP Ante este cambio, la mandataria indic\u00f3 que el transporte cambiar\u00e1 de nombre&#8230;<\/p>\n","protected":false},"author":2,"featured_media":130417,"comment_status":"open","ping_status":"open","sticky":false,"template":"","format":"standard","meta":{"_monsterinsights_skip_tracking":false,"_monsterinsights_sitenote_active":false,"_monsterinsights_sitenote_note":"","_monsterinsights_sitenote_category":0,"footnotes":""},"categories":[280,2],"tags":[],"class_list":["post-130416","post","type-post","status-publish","format-standard","has-post-thumbnail","hentry","category-nacionales","category-noticias"],"yoast_head":"<!-- This site is optimized with the Yoast SEO plugin v27.3 - https:\/\/yoast.com\/product\/yoast-seo-wordpress\/ -->\n<title>Sheinbaum anuncia que el Tren Suburbano pasar\u00e1 a manos del gobierno; lo adquieren por casi 6 mil millones de pesos -<\/title>\n<meta name=\"robots\" content=\"index, follow, max-snippet:-1, max-image-preview:large, max-video-preview:-1\" \/>\n<link rel=\"canonical\" href=\"https:\/\/quehacerpolitico.mx\/?p=130416\" \/>\n<meta property=\"og:locale\" content=\"es_MX\" \/>\n<meta property=\"og:type\" content=\"article\" \/>\n<meta property=\"og:title\" content=\"Sheinbaum anuncia que el Tren Suburbano pasar\u00e1 a manos del gobierno; lo adquieren por casi 6 mil millones de pesos -\" \/>\n<meta property=\"og:description\" content=\"Por Redacci\u00f3n QP Ante este cambio, la mandataria indic\u00f3 que el transporte cambiar\u00e1 de nombre...\" \/>\n<meta property=\"og:url\" content=\"https:\/\/quehacerpolitico.mx\/?p=130416\" \/>\n<meta property=\"article:published_time\" content=\"2026-04-23T18:21:56+00:00\" \/>\n<meta property=\"article:modified_time\" content=\"2026-04-23T18:22:05+00:00\" \/>\n<meta property=\"og:image\" content=\"http:\/\/quehacerpolitico.mx\/wp-content\/uploads\/2026\/04\/IMG_8160.jpeg\" \/>\n\t<meta property=\"og:image:width\" content=\"425\" \/>\n\t<meta property=\"og:image:height\" content=\"230\" \/>\n\t<meta property=\"og:image:type\" content=\"image\/jpeg\" \/>\n<meta name=\"author\" content=\"Redacci\u00f3n QP\" \/>\n<meta name=\"twitter:card\" content=\"summary_large_image\" \/>\n<meta name=\"twitter:label1\" content=\"Escrito por\" \/>\n\t<meta name=\"twitter:data1\" content=\"Redacci\u00f3n QP\" \/>\n\t<meta name=\"twitter:label2\" content=\"Tiempo de lectura\" \/>\n\t<meta name=\"twitter:data2\" content=\"2 minutos\" \/>\n<script type=\"application\/ld+json\" class=\"yoast-schema-graph\">{\"@context\":\"https:\\\/\\\/schema.org\",\"@graph\":[{\"@type\":\"Article\",\"@id\":\"https:\\\/\\\/quehacerpolitico.mx\\\/?p=130416#article\",\"isPartOf\":{\"@id\":\"https:\\\/\\\/quehacerpolitico.mx\\\/?p=130416\"},\"author\":{\"name\":\"Redacci\u00f3n QP\",\"@id\":\"https:\\\/\\\/quehacerpolitico.mx\\\/#\\\/schema\\\/person\\\/496d8ad2d1d3f8036101dca7ee39e585\"},\"headline\":\"Sheinbaum anuncia que el Tren Suburbano pasar\u00e1 a manos del gobierno; lo adquieren por casi 6 mil millones de pesos\",\"datePublished\":\"2026-04-23T18:21:56+00:00\",\"dateModified\":\"2026-04-23T18:22:05+00:00\",\"mainEntityOfPage\":{\"@id\":\"https:\\\/\\\/quehacerpolitico.mx\\\/?p=130416\"},\"wordCount\":278,\"commentCount\":0,\"image\":{\"@id\":\"https:\\\/\\\/quehacerpolitico.mx\\\/?p=130416#primaryimage\"},\"thumbnailUrl\":\"https:\\\/\\\/quehacerpolitico.mx\\\/wp-content\\\/uploads\\\/2026\\\/04\\\/IMG_8160.jpeg\",\"articleSection\":[\"Nacionales\",\"Noticias\"],\"inLanguage\":\"es\",\"potentialAction\":[{\"@type\":\"CommentAction\",\"name\":\"Comment\",\"target\":[\"https:\\\/\\\/quehacerpolitico.mx\\\/?p=130416#respond\"]}]},{\"@type\":\"WebPage\",\"@id\":\"https:\\\/\\\/quehacerpolitico.mx\\\/?p=130416\",\"url\":\"https:\\\/\\\/quehacerpolitico.mx\\\/?p=130416\",\"name\":\"Sheinbaum anuncia que el Tren Suburbano pasar\u00e1 a manos del gobierno; lo adquieren por casi 6 mil millones de pesos -\",\"isPartOf\":{\"@id\":\"https:\\\/\\\/quehacerpolitico.mx\\\/#website\"},\"primaryImageOfPage\":{\"@id\":\"https:\\\/\\\/quehacerpolitico.mx\\\/?p=130416#primaryimage\"},\"image\":{\"@id\":\"https:\\\/\\\/quehacerpolitico.mx\\\/?p=130416#primaryimage\"},\"thumbnailUrl\":\"https:\\\/\\\/quehacerpolitico.mx\\\/wp-content\\\/uploads\\\/2026\\\/04\\\/IMG_8160.jpeg\",\"datePublished\":\"2026-04-23T18:21:56+00:00\",\"dateModified\":\"2026-04-23T18:22:05+00:00\",\"author\":{\"@id\":\"https:\\\/\\\/quehacerpolitico.mx\\\/#\\\/schema\\\/person\\\/496d8ad2d1d3f8036101dca7ee39e585\"},\"breadcrumb\":{\"@id\":\"https:\\\/\\\/quehacerpolitico.mx\\\/?p=130416#breadcrumb\"},\"inLanguage\":\"es\",\"potentialAction\":[{\"@type\":\"ReadAction\",\"target\":[\"https:\\\/\\\/quehacerpolitico.mx\\\/?p=130416\"]}]},{\"@type\":\"ImageObject\",\"inLanguage\":\"es\",\"@id\":\"https:\\\/\\\/quehacerpolitico.mx\\\/?p=130416#primaryimage\",\"url\":\"https:\\\/\\\/quehacerpolitico.mx\\\/wp-content\\\/uploads\\\/2026\\\/04\\\/IMG_8160.jpeg\",\"contentUrl\":\"https:\\\/\\\/quehacerpolitico.mx\\\/wp-content\\\/uploads\\\/2026\\\/04\\\/IMG_8160.jpeg\",\"width\":425,\"height\":230},{\"@type\":\"BreadcrumbList\",\"@id\":\"https:\\\/\\\/quehacerpolitico.mx\\\/?p=130416#breadcrumb\",\"itemListElement\":[{\"@type\":\"ListItem\",\"position\":1,\"name\":\"Inicio\",\"item\":\"https:\\\/\\\/quehacerpolitico.mx\\\/\"},{\"@type\":\"ListItem\",\"position\":2,\"name\":\"Sheinbaum anuncia que el Tren Suburbano pasar\u00e1 a manos del gobierno; lo adquieren por casi 6 mil millones de pesos\"}]},{\"@type\":\"WebSite\",\"@id\":\"https:\\\/\\\/quehacerpolitico.mx\\\/#website\",\"url\":\"https:\\\/\\\/quehacerpolitico.mx\\\/\",\"name\":\"\",\"description\":\"\",\"potentialAction\":[{\"@type\":\"SearchAction\",\"target\":{\"@type\":\"EntryPoint\",\"urlTemplate\":\"https:\\\/\\\/quehacerpolitico.mx\\\/?s={search_term_string}\"},\"query-input\":{\"@type\":\"PropertyValueSpecification\",\"valueRequired\":true,\"valueName\":\"search_term_string\"}}],\"inLanguage\":\"es\"},{\"@type\":\"Person\",\"@id\":\"https:\\\/\\\/quehacerpolitico.mx\\\/#\\\/schema\\\/person\\\/496d8ad2d1d3f8036101dca7ee39e585\",\"name\":\"Redacci\u00f3n QP\",\"image\":{\"@type\":\"ImageObject\",\"inLanguage\":\"es\",\"@id\":\"https:\\\/\\\/secure.gravatar.com\\\/avatar\\\/c7164ed6fdec453195284ad24a5ae5b6e1eed2b848477fa2a4787ba9adf39a41?s=96&d=mm&r=g\",\"url\":\"https:\\\/\\\/secure.gravatar.com\\\/avatar\\\/c7164ed6fdec453195284ad24a5ae5b6e1eed2b848477fa2a4787ba9adf39a41?s=96&d=mm&r=g\",\"contentUrl\":\"https:\\\/\\\/secure.gravatar.com\\\/avatar\\\/c7164ed6fdec453195284ad24a5ae5b6e1eed2b848477fa2a4787ba9adf39a41?s=96&d=mm&r=g\",\"caption\":\"Redacci\u00f3n QP\"},\"url\":\"https:\\\/\\\/quehacerpolitico.mx\\\/?author=2\"}]}<\/script>\n<!-- \/ Yoast SEO plugin. -->","yoast_head_json":{"title":"Sheinbaum anuncia que el Tren Suburbano pasar\u00e1 a manos del gobierno; lo adquieren por casi 6 mil millones de pesos -","robots":{"index":"index","follow":"follow","max-snippet":"max-snippet:-1","max-image-preview":"max-image-preview:large","max-video-preview":"max-video-preview:-1"},"canonical":"https:\/\/quehacerpolitico.mx\/?p=130416","og_locale":"es_MX","og_type":"article","og_title":"Sheinbaum anuncia que el Tren Suburbano pasar\u00e1 a manos del gobierno; lo adquieren por casi 6 mil millones de pesos -","og_description":"Por Redacci\u00f3n QP Ante este cambio, la mandataria indic\u00f3 que el transporte cambiar\u00e1 de nombre...","og_url":"https:\/\/quehacerpolitico.mx\/?p=130416","article_published_time":"2026-04-23T18:21:56+00:00","article_modified_time":"2026-04-23T18:22:05+00:00","og_image":[{"width":425,"height":230,"url":"http:\/\/quehacerpolitico.mx\/wp-content\/uploads\/2026\/04\/IMG_8160.jpeg","type":"image\/jpeg"}],"author":"Redacci\u00f3n QP","twitter_card":"summary_large_image","twitter_misc":{"Escrito por":"Redacci\u00f3n QP","Tiempo de lectura":"2 minutos"},"schema":{"@context":"https:\/\/schema.org","@graph":[{"@type":"Article","@id":"https:\/\/quehacerpolitico.mx\/?p=130416#article","isPartOf":{"@id":"https:\/\/quehacerpolitico.mx\/?p=130416"},"author":{"name":"Redacci\u00f3n QP","@id":"https:\/\/quehacerpolitico.mx\/#\/schema\/person\/496d8ad2d1d3f8036101dca7ee39e585"},"headline":"Sheinbaum anuncia que el Tren Suburbano pasar\u00e1 a manos del gobierno; lo adquieren por casi 6 mil millones de pesos","datePublished":"2026-04-23T18:21:56+00:00","dateModified":"2026-04-23T18:22:05+00:00","mainEntityOfPage":{"@id":"https:\/\/quehacerpolitico.mx\/?p=130416"},"wordCount":278,"commentCount":0,"image":{"@id":"https:\/\/quehacerpolitico.mx\/?p=130416#primaryimage"},"thumbnailUrl":"https:\/\/quehacerpolitico.mx\/wp-content\/uploads\/2026\/04\/IMG_8160.jpeg","articleSection":["Nacionales","Noticias"],"inLanguage":"es","potentialAction":[{"@type":"CommentAction","name":"Comment","target":["https:\/\/quehacerpolitico.mx\/?p=130416#respond"]}]},{"@type":"WebPage","@id":"https:\/\/quehacerpolitico.mx\/?p=130416","url":"https:\/\/quehacerpolitico.mx\/?p=130416","name":"Sheinbaum anuncia que el Tren Suburbano pasar\u00e1 a manos del gobierno; lo adquieren por casi 6 mil millones de pesos -","isPartOf":{"@id":"https:\/\/quehacerpolitico.mx\/#website"},"primaryImageOfPage":{"@id":"https:\/\/quehacerpolitico.mx\/?p=130416#primaryimage"},"image":{"@id":"https:\/\/quehacerpolitico.mx\/?p=130416#primaryimage"},"thumbnailUrl":"https:\/\/quehacerpolitico.mx\/wp-content\/uploads\/2026\/04\/IMG_8160.jpeg","datePublished":"2026-04-23T18:21:56+00:00","dateModified":"2026-04-23T18:22:05+00:00","author":{"@id":"https:\/\/quehacerpolitico.mx\/#\/schema\/person\/496d8ad2d1d3f8036101dca7ee39e585"},"breadcrumb":{"@id":"https:\/\/quehacerpolitico.mx\/?p=130416#breadcrumb"},"inLanguage":"es","potentialAction":[{"@type":"ReadAction","target":["https:\/\/quehacerpolitico.mx\/?p=130416"]}]},{"@type":"ImageObject","inLanguage":"es","@id":"https:\/\/quehacerpolitico.mx\/?p=130416#primaryimage","url":"https:\/\/quehacerpolitico.mx\/wp-content\/uploads\/2026\/04\/IMG_8160.jpeg","contentUrl":"https:\/\/quehacerpolitico.mx\/wp-content\/uploads\/2026\/04\/IMG_8160.jpeg","width":425,"height":230},{"@type":"BreadcrumbList","@id":"https:\/\/quehacerpolitico.mx\/?p=130416#breadcrumb","itemListElement":[{"@type":"ListItem","position":1,"name":"Inicio","item":"https:\/\/quehacerpolitico.mx\/"},{"@type":"ListItem","position":2,"name":"Sheinbaum anuncia que el Tren Suburbano pasar\u00e1 a manos del gobierno; lo adquieren por casi 6 mil millones de pesos"}]},{"@type":"WebSite","@id":"https:\/\/quehacerpolitico.mx\/#website","url":"https:\/\/quehacerpolitico.mx\/","name":"","description":"","potentialAction":[{"@type":"SearchAction","target":{"@type":"EntryPoint","urlTemplate":"https:\/\/quehacerpolitico.mx\/?s={search_term_string}"},"query-input":{"@type":"PropertyValueSpecification","valueRequired":true,"valueName":"search_term_string"}}],"inLanguage":"es"},{"@type":"Person","@id":"https:\/\/quehacerpolitico.mx\/#\/schema\/person\/496d8ad2d1d3f8036101dca7ee39e585","name":"Redacci\u00f3n QP","image":{"@type":"ImageObject","inLanguage":"es","@id":"https:\/\/secure.gravatar.com\/avatar\/c7164ed6fdec453195284ad24a5ae5b6e1eed2b848477fa2a4787ba9adf39a41?s=96&d=mm&r=g","url":"https:\/\/secure.gravatar.com\/avatar\/c7164ed6fdec453195284ad24a5ae5b6e1eed2b848477fa2a4787ba9adf39a41?s=96&d=mm&r=g","contentUrl":"https:\/\/secure.gravatar.com\/avatar\/c7164ed6fdec453195284ad24a5ae5b6e1eed2b848477fa2a4787ba9adf39a41?s=96&d=mm&r=g","caption":"Redacci\u00f3n QP"},"url":"https:\/\/quehacerpolitico.mx\/?author=2"}]}},"featured_image_urls":{"full":["https:\/\/quehacerpolitico.mx\/wp-content\/uploads\/2026\/04\/IMG_8160.jpeg",425,230,false],"thumbnail":["https:\/\/quehacerpolitico.mx\/wp-content\/uploads\/2026\/04\/IMG_8160-150x150.jpeg",150,150,true],"medium":["https:\/\/quehacerpolitico.mx\/wp-content\/uploads\/2026\/04\/IMG_8160-300x162.jpeg",300,162,true],"medium_large":["https:\/\/quehacerpolitico.mx\/wp-content\/uploads\/2026\/04\/IMG_8160.jpeg",425,230,false],"large":["https:\/\/quehacerpolitico.mx\/wp-content\/uploads\/2026\/04\/IMG_8160.jpeg",425,230,false],"1536x1536":["https:\/\/quehacerpolitico.mx\/wp-content\/uploads\/2026\/04\/IMG_8160.jpeg",425,230,false],"2048x2048":["https:\/\/quehacerpolitico.mx\/wp-content\/uploads\/2026\/04\/IMG_8160.jpeg",425,230,false],"covernews-featured":["https:\/\/quehacerpolitico.mx\/wp-content\/uploads\/2026\/04\/IMG_8160.jpeg",425,230,false],"covernews-medium":["https:\/\/quehacerpolitico.mx\/wp-content\/uploads\/2026\/04\/IMG_8160.jpeg",425,230,false]},"author_info":{"display_name":"Redacci\u00f3n QP","author_link":"https:\/\/quehacerpolitico.mx\/?author=2"},"category_info":"<a href=\"https:\/\/quehacerpolitico.mx\/?cat=280\" rel=\"category\">Nacionales<\/a> <a href=\"https:\/\/quehacerpolitico.mx\/?cat=2\" rel=\"category\">Noticias<\/a>","tag_info":"Noticias","comment_count":"0","_links":{"self":[{"href":"https:\/\/quehacerpolitico.mx\/index.php?rest_route=\/wp\/v2\/posts\/130416","targetHints":{"allow":["GET"]}}],"collection":[{"href":"https:\/\/quehacerpolitico.mx\/index.php?rest_route=\/wp\/v2\/posts"}],"about":[{"href":"https:\/\/quehacerpolitico.mx\/index.php?rest_route=\/wp\/v2\/types\/post"}],"author":[{"embeddable":true,"href":"https:\/\/quehacerpolitico.mx\/index.php?rest_route=\/wp\/v2\/users\/2"}],"replies":[{"embeddable":true,"href":"https:\/\/quehacerpolitico.mx\/index.php?rest_route=%2Fwp%2Fv2%2Fcomments&post=130416"}],"version-history":[{"count":1,"href":"https:\/\/quehacerpolitico.mx\/index.php?rest_route=\/wp\/v2\/posts\/130416\/revisions"}],"predecessor-version":[{"id":130418,"href":"https:\/\/quehacerpolitico.mx\/index.php?rest_route=\/wp\/v2\/posts\/130416\/revisions\/130418"}],"wp:featuredmedia":[{"embeddable":true,"href":"https:\/\/quehacerpolitico.mx\/index.php?rest_route=\/wp\/v2\/media\/130417"}],"wp:attachment":[{"href":"https:\/\/quehacerpolitico.mx\/index.php?rest_route=%2Fwp%2Fv2%2Fmedia&parent=130416"}],"wp:term":[{"taxonomy":"category","embeddable":true,"href":"https:\/\/quehacerpolitico.mx\/index.php?rest_route=%2Fwp%2Fv2%2Fcategories&post=130416"},{"taxonomy":"post_tag","embeddable":true,"href":"https:\/\/quehacerpolitico.mx\/index.php?rest_route=%2Fwp%2Fv2%2Ftags&post=130416"}],"curies":[{"name":"wp","href":"https:\/\/api.w.org\/{rel}","templated":true}]}}