{"id":130414,"date":"2026-04-23T12:11:17","date_gmt":"2026-04-23T18:11:17","guid":{"rendered":"https:\/\/quehacerpolitico.mx\/?p=130414"},"modified":"2026-04-23T12:11:26","modified_gmt":"2026-04-23T18:11:26","slug":"sheinbaum-confirma-la-apertura-de-una-investigacion-por-la-estancia-del-hijo-de-ebrard-en-la-embajada-en-londres","status":"publish","type":"post","link":"https:\/\/quehacerpolitico.mx\/?p=130414","title":{"rendered":"Sheinbaum confirma la apertura de una investigaci\u00f3n por la estancia del hijo de Ebrard en la embajada en Londres"},"content":{"rendered":"\n<p>Por Redacci\u00f3n QP<\/p>\n\n\n\n<p>La mandataria indic\u00f3 que la\u00a0Secretar\u00eda Anticorrupci\u00f3n y de Buen Gobierno abri\u00f3 este proceso despu\u00e9s de recibir quejas y solicitudes<\/p>\n\n\n\n<p>La presidenta&nbsp;<strong>Claudia Sheinbaum<\/strong>confirm\u00f3 este jueves la apertura de una investigaci\u00f3n en el gobierno federal por la estancia del hijo de&nbsp;<strong>Marcelo Ebrard&nbsp;<\/strong>en la embajada de Londres.&nbsp;<\/p>\n\n\n\n<p>La mandataria indic\u00f3 que la<strong>\u00a0Secretar\u00eda Anticorrupci\u00f3n y de Buen Gobierno\u00a0<\/strong>abri\u00f3 este proceso despu\u00e9s de recibir quejas y solicitudes.<\/p>\n\n\n\n<figure class=\"wp-block-embed is-type-rich is-provider-twitter wp-block-embed-twitter\"><div class=\"wp-block-embed__wrapper\">\n<blockquote class=\"twitter-tweet\" data-width=\"550\" data-dnt=\"true\"><p lang=\"es\" dir=\"ltr\">\ud83d\udea8 Anticorrupci\u00f3n abre investigaci\u00f3n por el hijo de Ebrard<br><br>\u201cNo veo ning\u00fan abuso de mi parte\u201d, dijo el secretario de Econom\u00eda sobre el alojamiento de su hijo en la residencia de la Embajada de M\u00e9xico en Reino Unido <a href=\"https:\/\/t.co\/YdwKd5GWqq\">pic.twitter.com\/YdwKd5GWqq<\/a><\/p>&mdash; Manuel Lopez San Martin (@MLopezSanMartin) <a href=\"https:\/\/twitter.com\/MLopezSanMartin\/status\/2047335893229346840?ref_src=twsrc%5Etfw\">April 23, 2026<\/a><\/blockquote><script async src=\"https:\/\/platform.twitter.com\/widgets.js\" charset=\"utf-8\"><\/script>\n<\/div><\/figure>\n\n\n\n<p>&#8220;Es decir, no fue la propia Secretar\u00eda, pero s\u00ed hubo solicitudes de que se abriera una investigaci\u00f3n y,\u00a0as\u00ed dice la ley, tiene que abrirse de manera autom\u00e1tica&#8221;, dijo.<\/p>\n\n\n\n<p>La mandataria evadi\u00f3 compartir su opini\u00f3n sobre el caso y afirm\u00f3 se debe determinar\u00a0&#8220;si hay alguna falta legal, jur\u00eddica, y en todo caso normar, si no existen esas normas, normar las caracter\u00edsticas de las embajadas&#8221;.<\/p>\n\n\n\n<p>La semana pasada, el periodista Claudio Ochoa revel\u00f3 en&nbsp;<em>Latinus Diario&nbsp;<\/em>que&nbsp;<strong>Marcelo Patrick Ebrard Ramos,<\/strong>&nbsp;el hijo de Marcelo Ebrard, actual secretario de Econom\u00eda y excanciller, vivi\u00f3&nbsp;seis meses en la embajada de M\u00e9xico en Londres.<\/p>\n\n\n\n<p>El joven estuvo entre&nbsp;octubre de 2021 y abril de 2022 en la mejor habitaci\u00f3n de la sede diplom\u00e1tica, con vista a la plaza de&nbsp;Belgrave Square.&nbsp;<\/p>\n\n\n\n<p>Ebrard admiti\u00f3 este hecho durante la conferencia matutina del pasado 16 de abril, afirm\u00f3 que&nbsp;fue a ra\u00edz de una invitaci\u00f3n de<strong>&nbsp;Josefa Gonz\u00e1lez-Blanco&nbsp;<\/strong>y se\u00f1al\u00f3 que fue por su &#8220;preocupaci\u00f3n&#8221; en medio de la pandemia de Covid-19.&nbsp;<\/p>\n\n\n\n<p>&#8220;No veo en ello ning\u00fan abuso de mi parte, salvo&nbsp;la preocupaci\u00f3n de un pap\u00e1 por un hijo. No usamos ning\u00fan recurso indebidamente&#8221;, asegur\u00f3 a la prensa.&nbsp;<\/p>\n","protected":false},"excerpt":{"rendered":"<p>Por Redacci\u00f3n QP La mandataria indic\u00f3 que la\u00a0Secretar\u00eda Anticorrupci\u00f3n y de Buen Gobierno abri\u00f3 este&#8230;<\/p>\n","protected":false},"author":2,"featured_media":130342,"comment_status":"open","ping_status":"open","sticky":false,"template":"","format":"standard","meta":{"_monsterinsights_skip_tracking":false,"_monsterinsights_sitenote_active":false,"_monsterinsights_sitenote_note":"","_monsterinsights_sitenote_category":0,"footnotes":""},"categories":[280,2],"tags":[],"class_list":["post-130414","post","type-post","status-publish","format-standard","has-post-thumbnail","hentry","category-nacionales","category-noticias"],"yoast_head":"<!-- This site is optimized with the Yoast SEO plugin v27.3 - https:\/\/yoast.com\/product\/yoast-seo-wordpress\/ -->\n<title>Sheinbaum confirma la apertura de una investigaci\u00f3n por la estancia del hijo de Ebrard en la embajada en Londres -<\/title>\n<meta name=\"robots\" content=\"index, follow, max-snippet:-1, max-image-preview:large, max-video-preview:-1\" \/>\n<link rel=\"canonical\" href=\"https:\/\/quehacerpolitico.mx\/?p=130414\" \/>\n<meta property=\"og:locale\" content=\"es_MX\" \/>\n<meta property=\"og:type\" content=\"article\" \/>\n<meta property=\"og:title\" content=\"Sheinbaum confirma la apertura de una investigaci\u00f3n por la estancia del hijo de Ebrard en la embajada en Londres -\" \/>\n<meta property=\"og:description\" content=\"Por Redacci\u00f3n QP La mandataria indic\u00f3 que la\u00a0Secretar\u00eda Anticorrupci\u00f3n y de Buen Gobierno abri\u00f3 este...\" \/>\n<meta property=\"og:url\" content=\"https:\/\/quehacerpolitico.mx\/?p=130414\" \/>\n<meta property=\"article:published_time\" content=\"2026-04-23T18:11:17+00:00\" \/>\n<meta property=\"article:modified_time\" content=\"2026-04-23T18:11:26+00:00\" \/>\n<meta property=\"og:image\" content=\"http:\/\/quehacerpolitico.mx\/wp-content\/uploads\/2026\/04\/IMG_8109.jpeg\" \/>\n\t<meta property=\"og:image:width\" content=\"1080\" \/>\n\t<meta property=\"og:image:height\" content=\"744\" \/>\n\t<meta property=\"og:image:type\" content=\"image\/jpeg\" \/>\n<meta name=\"author\" content=\"Redacci\u00f3n QP\" \/>\n<meta name=\"twitter:card\" content=\"summary_large_image\" \/>\n<meta name=\"twitter:label1\" content=\"Escrito por\" \/>\n\t<meta name=\"twitter:data1\" content=\"Redacci\u00f3n QP\" \/>\n\t<meta name=\"twitter:label2\" content=\"Tiempo de lectura\" \/>\n\t<meta name=\"twitter:data2\" content=\"2 minutos\" \/>\n<script type=\"application\/ld+json\" class=\"yoast-schema-graph\">{\"@context\":\"https:\\\/\\\/schema.org\",\"@graph\":[{\"@type\":\"Article\",\"@id\":\"https:\\\/\\\/quehacerpolitico.mx\\\/?p=130414#article\",\"isPartOf\":{\"@id\":\"https:\\\/\\\/quehacerpolitico.mx\\\/?p=130414\"},\"author\":{\"name\":\"Redacci\u00f3n QP\",\"@id\":\"https:\\\/\\\/quehacerpolitico.mx\\\/#\\\/schema\\\/person\\\/496d8ad2d1d3f8036101dca7ee39e585\"},\"headline\":\"Sheinbaum confirma la apertura de una investigaci\u00f3n por la estancia del hijo de Ebrard en la embajada en Londres\",\"datePublished\":\"2026-04-23T18:11:17+00:00\",\"dateModified\":\"2026-04-23T18:11:26+00:00\",\"mainEntityOfPage\":{\"@id\":\"https:\\\/\\\/quehacerpolitico.mx\\\/?p=130414\"},\"wordCount\":332,\"commentCount\":0,\"image\":{\"@id\":\"https:\\\/\\\/quehacerpolitico.mx\\\/?p=130414#primaryimage\"},\"thumbnailUrl\":\"https:\\\/\\\/quehacerpolitico.mx\\\/wp-content\\\/uploads\\\/2026\\\/04\\\/IMG_8109.jpeg\",\"articleSection\":[\"Nacionales\",\"Noticias\"],\"inLanguage\":\"es\",\"potentialAction\":[{\"@type\":\"CommentAction\",\"name\":\"Comment\",\"target\":[\"https:\\\/\\\/quehacerpolitico.mx\\\/?p=130414#respond\"]}]},{\"@type\":\"WebPage\",\"@id\":\"https:\\\/\\\/quehacerpolitico.mx\\\/?p=130414\",\"url\":\"https:\\\/\\\/quehacerpolitico.mx\\\/?p=130414\",\"name\":\"Sheinbaum confirma la apertura de una investigaci\u00f3n por la estancia del hijo de Ebrard en la embajada en Londres -\",\"isPartOf\":{\"@id\":\"https:\\\/\\\/quehacerpolitico.mx\\\/#website\"},\"primaryImageOfPage\":{\"@id\":\"https:\\\/\\\/quehacerpolitico.mx\\\/?p=130414#primaryimage\"},\"image\":{\"@id\":\"https:\\\/\\\/quehacerpolitico.mx\\\/?p=130414#primaryimage\"},\"thumbnailUrl\":\"https:\\\/\\\/quehacerpolitico.mx\\\/wp-content\\\/uploads\\\/2026\\\/04\\\/IMG_8109.jpeg\",\"datePublished\":\"2026-04-23T18:11:17+00:00\",\"dateModified\":\"2026-04-23T18:11:26+00:00\",\"author\":{\"@id\":\"https:\\\/\\\/quehacerpolitico.mx\\\/#\\\/schema\\\/person\\\/496d8ad2d1d3f8036101dca7ee39e585\"},\"breadcrumb\":{\"@id\":\"https:\\\/\\\/quehacerpolitico.mx\\\/?p=130414#breadcrumb\"},\"inLanguage\":\"es\",\"potentialAction\":[{\"@type\":\"ReadAction\",\"target\":[\"https:\\\/\\\/quehacerpolitico.mx\\\/?p=130414\"]}]},{\"@type\":\"ImageObject\",\"inLanguage\":\"es\",\"@id\":\"https:\\\/\\\/quehacerpolitico.mx\\\/?p=130414#primaryimage\",\"url\":\"https:\\\/\\\/quehacerpolitico.mx\\\/wp-content\\\/uploads\\\/2026\\\/04\\\/IMG_8109.jpeg\",\"contentUrl\":\"https:\\\/\\\/quehacerpolitico.mx\\\/wp-content\\\/uploads\\\/2026\\\/04\\\/IMG_8109.jpeg\",\"width\":1080,\"height\":744},{\"@type\":\"BreadcrumbList\",\"@id\":\"https:\\\/\\\/quehacerpolitico.mx\\\/?p=130414#breadcrumb\",\"itemListElement\":[{\"@type\":\"ListItem\",\"position\":1,\"name\":\"Inicio\",\"item\":\"https:\\\/\\\/quehacerpolitico.mx\\\/\"},{\"@type\":\"ListItem\",\"position\":2,\"name\":\"Sheinbaum confirma la apertura de una investigaci\u00f3n por la estancia del hijo de Ebrard en la embajada en Londres\"}]},{\"@type\":\"WebSite\",\"@id\":\"https:\\\/\\\/quehacerpolitico.mx\\\/#website\",\"url\":\"https:\\\/\\\/quehacerpolitico.mx\\\/\",\"name\":\"\",\"description\":\"\",\"potentialAction\":[{\"@type\":\"SearchAction\",\"target\":{\"@type\":\"EntryPoint\",\"urlTemplate\":\"https:\\\/\\\/quehacerpolitico.mx\\\/?s={search_term_string}\"},\"query-input\":{\"@type\":\"PropertyValueSpecification\",\"valueRequired\":true,\"valueName\":\"search_term_string\"}}],\"inLanguage\":\"es\"},{\"@type\":\"Person\",\"@id\":\"https:\\\/\\\/quehacerpolitico.mx\\\/#\\\/schema\\\/person\\\/496d8ad2d1d3f8036101dca7ee39e585\",\"name\":\"Redacci\u00f3n QP\",\"image\":{\"@type\":\"ImageObject\",\"inLanguage\":\"es\",\"@id\":\"https:\\\/\\\/secure.gravatar.com\\\/avatar\\\/c7164ed6fdec453195284ad24a5ae5b6e1eed2b848477fa2a4787ba9adf39a41?s=96&d=mm&r=g\",\"url\":\"https:\\\/\\\/secure.gravatar.com\\\/avatar\\\/c7164ed6fdec453195284ad24a5ae5b6e1eed2b848477fa2a4787ba9adf39a41?s=96&d=mm&r=g\",\"contentUrl\":\"https:\\\/\\\/secure.gravatar.com\\\/avatar\\\/c7164ed6fdec453195284ad24a5ae5b6e1eed2b848477fa2a4787ba9adf39a41?s=96&d=mm&r=g\",\"caption\":\"Redacci\u00f3n QP\"},\"url\":\"https:\\\/\\\/quehacerpolitico.mx\\\/?author=2\"}]}<\/script>\n<!-- \/ Yoast SEO plugin. -->","yoast_head_json":{"title":"Sheinbaum confirma la apertura de una investigaci\u00f3n por la estancia del hijo de Ebrard en la embajada en Londres -","robots":{"index":"index","follow":"follow","max-snippet":"max-snippet:-1","max-image-preview":"max-image-preview:large","max-video-preview":"max-video-preview:-1"},"canonical":"https:\/\/quehacerpolitico.mx\/?p=130414","og_locale":"es_MX","og_type":"article","og_title":"Sheinbaum confirma la apertura de una investigaci\u00f3n por la estancia del hijo de Ebrard en la embajada en Londres -","og_description":"Por Redacci\u00f3n QP La mandataria indic\u00f3 que la\u00a0Secretar\u00eda Anticorrupci\u00f3n y de Buen Gobierno abri\u00f3 este...","og_url":"https:\/\/quehacerpolitico.mx\/?p=130414","article_published_time":"2026-04-23T18:11:17+00:00","article_modified_time":"2026-04-23T18:11:26+00:00","og_image":[{"width":1080,"height":744,"url":"http:\/\/quehacerpolitico.mx\/wp-content\/uploads\/2026\/04\/IMG_8109.jpeg","type":"image\/jpeg"}],"author":"Redacci\u00f3n QP","twitter_card":"summary_large_image","twitter_misc":{"Escrito por":"Redacci\u00f3n QP","Tiempo de lectura":"2 minutos"},"schema":{"@context":"https:\/\/schema.org","@graph":[{"@type":"Article","@id":"https:\/\/quehacerpolitico.mx\/?p=130414#article","isPartOf":{"@id":"https:\/\/quehacerpolitico.mx\/?p=130414"},"author":{"name":"Redacci\u00f3n QP","@id":"https:\/\/quehacerpolitico.mx\/#\/schema\/person\/496d8ad2d1d3f8036101dca7ee39e585"},"headline":"Sheinbaum confirma la apertura de una investigaci\u00f3n por la estancia del hijo de Ebrard en la embajada en Londres","datePublished":"2026-04-23T18:11:17+00:00","dateModified":"2026-04-23T18:11:26+00:00","mainEntityOfPage":{"@id":"https:\/\/quehacerpolitico.mx\/?p=130414"},"wordCount":332,"commentCount":0,"image":{"@id":"https:\/\/quehacerpolitico.mx\/?p=130414#primaryimage"},"thumbnailUrl":"https:\/\/quehacerpolitico.mx\/wp-content\/uploads\/2026\/04\/IMG_8109.jpeg","articleSection":["Nacionales","Noticias"],"inLanguage":"es","potentialAction":[{"@type":"CommentAction","name":"Comment","target":["https:\/\/quehacerpolitico.mx\/?p=130414#respond"]}]},{"@type":"WebPage","@id":"https:\/\/quehacerpolitico.mx\/?p=130414","url":"https:\/\/quehacerpolitico.mx\/?p=130414","name":"Sheinbaum confirma la apertura de una investigaci\u00f3n por la estancia del hijo de Ebrard en la embajada en Londres -","isPartOf":{"@id":"https:\/\/quehacerpolitico.mx\/#website"},"primaryImageOfPage":{"@id":"https:\/\/quehacerpolitico.mx\/?p=130414#primaryimage"},"image":{"@id":"https:\/\/quehacerpolitico.mx\/?p=130414#primaryimage"},"thumbnailUrl":"https:\/\/quehacerpolitico.mx\/wp-content\/uploads\/2026\/04\/IMG_8109.jpeg","datePublished":"2026-04-23T18:11:17+00:00","dateModified":"2026-04-23T18:11:26+00:00","author":{"@id":"https:\/\/quehacerpolitico.mx\/#\/schema\/person\/496d8ad2d1d3f8036101dca7ee39e585"},"breadcrumb":{"@id":"https:\/\/quehacerpolitico.mx\/?p=130414#breadcrumb"},"inLanguage":"es","potentialAction":[{"@type":"ReadAction","target":["https:\/\/quehacerpolitico.mx\/?p=130414"]}]},{"@type":"ImageObject","inLanguage":"es","@id":"https:\/\/quehacerpolitico.mx\/?p=130414#primaryimage","url":"https:\/\/quehacerpolitico.mx\/wp-content\/uploads\/2026\/04\/IMG_8109.jpeg","contentUrl":"https:\/\/quehacerpolitico.mx\/wp-content\/uploads\/2026\/04\/IMG_8109.jpeg","width":1080,"height":744},{"@type":"BreadcrumbList","@id":"https:\/\/quehacerpolitico.mx\/?p=130414#breadcrumb","itemListElement":[{"@type":"ListItem","position":1,"name":"Inicio","item":"https:\/\/quehacerpolitico.mx\/"},{"@type":"ListItem","position":2,"name":"Sheinbaum confirma la apertura de una investigaci\u00f3n por la estancia del hijo de Ebrard en la embajada en Londres"}]},{"@type":"WebSite","@id":"https:\/\/quehacerpolitico.mx\/#website","url":"https:\/\/quehacerpolitico.mx\/","name":"","description":"","potentialAction":[{"@type":"SearchAction","target":{"@type":"EntryPoint","urlTemplate":"https:\/\/quehacerpolitico.mx\/?s={search_term_string}"},"query-input":{"@type":"PropertyValueSpecification","valueRequired":true,"valueName":"search_term_string"}}],"inLanguage":"es"},{"@type":"Person","@id":"https:\/\/quehacerpolitico.mx\/#\/schema\/person\/496d8ad2d1d3f8036101dca7ee39e585","name":"Redacci\u00f3n QP","image":{"@type":"ImageObject","inLanguage":"es","@id":"https:\/\/secure.gravatar.com\/avatar\/c7164ed6fdec453195284ad24a5ae5b6e1eed2b848477fa2a4787ba9adf39a41?s=96&d=mm&r=g","url":"https:\/\/secure.gravatar.com\/avatar\/c7164ed6fdec453195284ad24a5ae5b6e1eed2b848477fa2a4787ba9adf39a41?s=96&d=mm&r=g","contentUrl":"https:\/\/secure.gravatar.com\/avatar\/c7164ed6fdec453195284ad24a5ae5b6e1eed2b848477fa2a4787ba9adf39a41?s=96&d=mm&r=g","caption":"Redacci\u00f3n QP"},"url":"https:\/\/quehacerpolitico.mx\/?author=2"}]}},"featured_image_urls":{"full":["https:\/\/quehacerpolitico.mx\/wp-content\/uploads\/2026\/04\/IMG_8109.jpeg",1080,744,false],"thumbnail":["https:\/\/quehacerpolitico.mx\/wp-content\/uploads\/2026\/04\/IMG_8109-150x150.jpeg",150,150,true],"medium":["https:\/\/quehacerpolitico.mx\/wp-content\/uploads\/2026\/04\/IMG_8109-300x207.jpeg",300,207,true],"medium_large":["https:\/\/quehacerpolitico.mx\/wp-content\/uploads\/2026\/04\/IMG_8109-768x529.jpeg",640,441,true],"large":["https:\/\/quehacerpolitico.mx\/wp-content\/uploads\/2026\/04\/IMG_8109-1024x705.jpeg",640,441,true],"1536x1536":["https:\/\/quehacerpolitico.mx\/wp-content\/uploads\/2026\/04\/IMG_8109.jpeg",1080,744,false],"2048x2048":["https:\/\/quehacerpolitico.mx\/wp-content\/uploads\/2026\/04\/IMG_8109.jpeg",1080,744,false],"covernews-featured":["https:\/\/quehacerpolitico.mx\/wp-content\/uploads\/2026\/04\/IMG_8109-1024x705.jpeg",1024,705,true],"covernews-medium":["https:\/\/quehacerpolitico.mx\/wp-content\/uploads\/2026\/04\/IMG_8109-540x340.jpeg",540,340,true]},"author_info":{"display_name":"Redacci\u00f3n QP","author_link":"https:\/\/quehacerpolitico.mx\/?author=2"},"category_info":"<a href=\"https:\/\/quehacerpolitico.mx\/?cat=280\" rel=\"category\">Nacionales<\/a> <a href=\"https:\/\/quehacerpolitico.mx\/?cat=2\" rel=\"category\">Noticias<\/a>","tag_info":"Noticias","comment_count":"0","_links":{"self":[{"href":"https:\/\/quehacerpolitico.mx\/index.php?rest_route=\/wp\/v2\/posts\/130414","targetHints":{"allow":["GET"]}}],"collection":[{"href":"https:\/\/quehacerpolitico.mx\/index.php?rest_route=\/wp\/v2\/posts"}],"about":[{"href":"https:\/\/quehacerpolitico.mx\/index.php?rest_route=\/wp\/v2\/types\/post"}],"author":[{"embeddable":true,"href":"https:\/\/quehacerpolitico.mx\/index.php?rest_route=\/wp\/v2\/users\/2"}],"replies":[{"embeddable":true,"href":"https:\/\/quehacerpolitico.mx\/index.php?rest_route=%2Fwp%2Fv2%2Fcomments&post=130414"}],"version-history":[{"count":1,"href":"https:\/\/quehacerpolitico.mx\/index.php?rest_route=\/wp\/v2\/posts\/130414\/revisions"}],"predecessor-version":[{"id":130415,"href":"https:\/\/quehacerpolitico.mx\/index.php?rest_route=\/wp\/v2\/posts\/130414\/revisions\/130415"}],"wp:featuredmedia":[{"embeddable":true,"href":"https:\/\/quehacerpolitico.mx\/index.php?rest_route=\/wp\/v2\/media\/130342"}],"wp:attachment":[{"href":"https:\/\/quehacerpolitico.mx\/index.php?rest_route=%2Fwp%2Fv2%2Fmedia&parent=130414"}],"wp:term":[{"taxonomy":"category","embeddable":true,"href":"https:\/\/quehacerpolitico.mx\/index.php?rest_route=%2Fwp%2Fv2%2Fcategories&post=130414"},{"taxonomy":"post_tag","embeddable":true,"href":"https:\/\/quehacerpolitico.mx\/index.php?rest_route=%2Fwp%2Fv2%2Ftags&post=130414"}],"curies":[{"name":"wp","href":"https:\/\/api.w.org\/{rel}","templated":true}]}}