{"id":130408,"date":"2026-04-23T10:52:06","date_gmt":"2026-04-23T16:52:06","guid":{"rendered":"https:\/\/quehacerpolitico.mx\/?p=130408"},"modified":"2026-04-23T10:52:09","modified_gmt":"2026-04-23T16:52:09","slug":"inflacion-en-mexico-se-modera-ligeramente-en-la-primera-quincena-de-abril-llega-a-4-53","status":"publish","type":"post","link":"https:\/\/quehacerpolitico.mx\/?p=130408","title":{"rendered":"Inflaci\u00f3n en M\u00e9xico se modera ligeramente en la primera quincena de abril: llega a 4.53%"},"content":{"rendered":"\n<p>Por Redacci\u00f3n QP<\/p>\n\n\n\n<p>El dato es menor a los 4.55% registrados en la segunda mitad de marzo; los productos que m\u00e1s se encarecieron fueron el jitomate (24.37%) y el chile serrano (21.94%)<\/p>\n\n\n\n<p>La<strong>&nbsp;inflaci\u00f3n interanual de M\u00e9xico&nbsp;<\/strong>se moder\u00f3 en la primera quincena de abril, aunque sigui\u00f3&nbsp;<strong>por encima de la meta oficial,<\/strong>&nbsp;respaldando la perspectiva de que&nbsp;<strong>el banco central recortar\u00eda nuevamente la tasa de inter\u00e9s<\/strong>&nbsp;antes de concluir su ciclo de ajuste monetario.<\/p>\n\n\n\n<p>El \u00cdndice Nacional de Precios al Consumidor (INPC)&nbsp;<strong>se ubic\u00f3 en un 4.53%<\/strong>, por debajo del 4.55% de la segunda mitad de marzo, de acuerdo con cifras divulgadas el jueves por el Instituto Nacional de Estad\u00edstica y Geograf\u00eda (Inegi). Analistas consultados en un&nbsp;sondeo de&nbsp;<em>Reuters<\/em>&nbsp;anticipaban una tasa de un 4.50%.<\/p>\n\n\n\n<p>A su vez, la\u00a0<strong>inflaci\u00f3n subyacente,\u00a0<\/strong>considerada un mejor par\u00e1metro para medir la trayectoria de los precios porque elimina algunos productos de alta volatilidad,<strong>\u00a0disminuy\u00f3 a un 4.27%<\/strong>desde el dato anterior de un 4.44%.<\/p>\n\n\n\n<p>El\u00a0<strong>Banco de M\u00e9xico<\/strong>, que tiene un objetivo de inflaci\u00f3n del 3% +\/- un punto porcentual, retom\u00f3 en marzo su<strong>\u00a0ciclo de recortes a la tasa referencial<\/strong>, con una reducci\u00f3n de un cuarto de punto a un 6.75% y se\u00f1al\u00f3 que hacia adelante valorar\u00eda &#8220;la pertinencia y el momento&#8221; de\u00a0<strong>realizar una reducci\u00f3n adicional.<\/strong><\/p>\n\n\n\n<p>La decisi\u00f3n tom\u00f3 por sorpresa a gran parte del mercado que proyectaba que la autoridad&nbsp;<strong>extender\u00eda una&nbsp;pausa monetaria<\/strong>&nbsp;que puso en marcha en su reuni\u00f3n de febrero, debido a los<strong>&nbsp;riesgos para la inflaci\u00f3n<\/strong>&nbsp;<strong>global<\/strong>&nbsp;derivados de la guerra en&nbsp;Medio Oriente.<\/p>\n\n\n\n<p>A finales del mes pasado, la gobernadora del banco central,&nbsp;<strong>Victoria<\/strong><strong>Rodr\u00edguez<\/strong>, afirm\u00f3 que el periodo de ajustes estar\u00eda cerca de llegar a su fin.<\/p>\n\n\n\n<p>Por lo pronto, economistas apuestan a qu<strong>e la tasa cerrar\u00eda 2026 en un 6.5%<\/strong>, lo que implicar\u00eda una nueva rebaja de 25 puntos base probablemente en la reuni\u00f3n de junio, mostr\u00f3 una&nbsp;encuesta de Citi&nbsp;esta semana.<\/p>\n\n\n\n<p>S\u00f3lo en los primeros 15 d\u00edas de abril, los<strong>precios crecieron un 0.11%<\/strong>, mientras que el \u00edndice subyacente arroj\u00f3 una tasa del 0.18%.&nbsp;<\/p>\n\n\n\n<p>Los rubros que m\u00e1s incrementos sufrieron en la quincena fueron el&nbsp;<strong>jitomate<\/strong>&nbsp;(24.37%) y el&nbsp;<strong>chile<\/strong>&nbsp;<strong>serrano (<\/strong>21.94%), mientras que las tarifas de la&nbsp;<strong>electricidad<\/strong>&nbsp;fueron las que m\u00e1s bajaron debido a la&nbsp;<strong>aplicaci\u00f3n de subsidios<\/strong>&nbsp;por el comienzo de la temporada c\u00e1lida en algunas regiones del pa\u00eds.&nbsp;<\/p>\n\n\n\n<p>Tambi\u00e9n se reflejo una baja en el precio del tomate verde (26.86%), calabacita (14.92%) y lim\u00f3n (8.12%).&nbsp;<\/p>\n","protected":false},"excerpt":{"rendered":"<p>Por Redacci\u00f3n QP El dato es menor a los 4.55% registrados en la segunda mitad&#8230;<\/p>\n","protected":false},"author":2,"featured_media":129592,"comment_status":"open","ping_status":"open","sticky":false,"template":"","format":"standard","meta":{"_monsterinsights_skip_tracking":false,"_monsterinsights_sitenote_active":false,"_monsterinsights_sitenote_note":"","_monsterinsights_sitenote_category":0,"footnotes":""},"categories":[56],"tags":[],"class_list":["post-130408","post","type-post","status-publish","format-standard","has-post-thumbnail","hentry","category-economia"],"yoast_head":"<!-- This site is optimized with the Yoast SEO plugin v27.3 - https:\/\/yoast.com\/product\/yoast-seo-wordpress\/ -->\n<title>Inflaci\u00f3n en M\u00e9xico se modera ligeramente en la primera quincena de abril: llega a 4.53% -<\/title>\n<meta name=\"robots\" content=\"index, follow, max-snippet:-1, max-image-preview:large, max-video-preview:-1\" \/>\n<link rel=\"canonical\" href=\"https:\/\/quehacerpolitico.mx\/?p=130408\" \/>\n<meta property=\"og:locale\" content=\"es_MX\" \/>\n<meta property=\"og:type\" content=\"article\" \/>\n<meta property=\"og:title\" content=\"Inflaci\u00f3n en M\u00e9xico se modera ligeramente en la primera quincena de abril: llega a 4.53% -\" \/>\n<meta property=\"og:description\" content=\"Por Redacci\u00f3n QP El dato es menor a los 4.55% registrados en la segunda mitad...\" \/>\n<meta property=\"og:url\" content=\"https:\/\/quehacerpolitico.mx\/?p=130408\" \/>\n<meta property=\"article:published_time\" content=\"2026-04-23T16:52:06+00:00\" \/>\n<meta property=\"article:modified_time\" content=\"2026-04-23T16:52:09+00:00\" \/>\n<meta property=\"og:image\" content=\"http:\/\/quehacerpolitico.mx\/wp-content\/uploads\/2026\/03\/IMG_7179.png\" \/>\n\t<meta property=\"og:image:width\" content=\"600\" \/>\n\t<meta property=\"og:image:height\" content=\"300\" \/>\n\t<meta property=\"og:image:type\" content=\"image\/png\" \/>\n<meta name=\"author\" content=\"Redacci\u00f3n QP\" \/>\n<meta name=\"twitter:card\" content=\"summary_large_image\" \/>\n<meta name=\"twitter:label1\" content=\"Escrito por\" \/>\n\t<meta name=\"twitter:data1\" content=\"Redacci\u00f3n QP\" \/>\n\t<meta name=\"twitter:label2\" content=\"Tiempo de lectura\" \/>\n\t<meta name=\"twitter:data2\" content=\"3 minutos\" \/>\n<script type=\"application\/ld+json\" class=\"yoast-schema-graph\">{\"@context\":\"https:\\\/\\\/schema.org\",\"@graph\":[{\"@type\":\"Article\",\"@id\":\"https:\\\/\\\/quehacerpolitico.mx\\\/?p=130408#article\",\"isPartOf\":{\"@id\":\"https:\\\/\\\/quehacerpolitico.mx\\\/?p=130408\"},\"author\":{\"name\":\"Redacci\u00f3n QP\",\"@id\":\"https:\\\/\\\/quehacerpolitico.mx\\\/#\\\/schema\\\/person\\\/496d8ad2d1d3f8036101dca7ee39e585\"},\"headline\":\"Inflaci\u00f3n en M\u00e9xico se modera ligeramente en la primera quincena de abril: llega a 4.53%\",\"datePublished\":\"2026-04-23T16:52:06+00:00\",\"dateModified\":\"2026-04-23T16:52:09+00:00\",\"mainEntityOfPage\":{\"@id\":\"https:\\\/\\\/quehacerpolitico.mx\\\/?p=130408\"},\"wordCount\":468,\"commentCount\":0,\"image\":{\"@id\":\"https:\\\/\\\/quehacerpolitico.mx\\\/?p=130408#primaryimage\"},\"thumbnailUrl\":\"https:\\\/\\\/quehacerpolitico.mx\\\/wp-content\\\/uploads\\\/2026\\\/03\\\/IMG_7179.png\",\"articleSection\":[\"Econom\u00eda\"],\"inLanguage\":\"es\",\"potentialAction\":[{\"@type\":\"CommentAction\",\"name\":\"Comment\",\"target\":[\"https:\\\/\\\/quehacerpolitico.mx\\\/?p=130408#respond\"]}]},{\"@type\":\"WebPage\",\"@id\":\"https:\\\/\\\/quehacerpolitico.mx\\\/?p=130408\",\"url\":\"https:\\\/\\\/quehacerpolitico.mx\\\/?p=130408\",\"name\":\"Inflaci\u00f3n en M\u00e9xico se modera ligeramente en la primera quincena de abril: llega a 4.53% -\",\"isPartOf\":{\"@id\":\"https:\\\/\\\/quehacerpolitico.mx\\\/#website\"},\"primaryImageOfPage\":{\"@id\":\"https:\\\/\\\/quehacerpolitico.mx\\\/?p=130408#primaryimage\"},\"image\":{\"@id\":\"https:\\\/\\\/quehacerpolitico.mx\\\/?p=130408#primaryimage\"},\"thumbnailUrl\":\"https:\\\/\\\/quehacerpolitico.mx\\\/wp-content\\\/uploads\\\/2026\\\/03\\\/IMG_7179.png\",\"datePublished\":\"2026-04-23T16:52:06+00:00\",\"dateModified\":\"2026-04-23T16:52:09+00:00\",\"author\":{\"@id\":\"https:\\\/\\\/quehacerpolitico.mx\\\/#\\\/schema\\\/person\\\/496d8ad2d1d3f8036101dca7ee39e585\"},\"breadcrumb\":{\"@id\":\"https:\\\/\\\/quehacerpolitico.mx\\\/?p=130408#breadcrumb\"},\"inLanguage\":\"es\",\"potentialAction\":[{\"@type\":\"ReadAction\",\"target\":[\"https:\\\/\\\/quehacerpolitico.mx\\\/?p=130408\"]}]},{\"@type\":\"ImageObject\",\"inLanguage\":\"es\",\"@id\":\"https:\\\/\\\/quehacerpolitico.mx\\\/?p=130408#primaryimage\",\"url\":\"https:\\\/\\\/quehacerpolitico.mx\\\/wp-content\\\/uploads\\\/2026\\\/03\\\/IMG_7179.png\",\"contentUrl\":\"https:\\\/\\\/quehacerpolitico.mx\\\/wp-content\\\/uploads\\\/2026\\\/03\\\/IMG_7179.png\",\"width\":600,\"height\":300},{\"@type\":\"BreadcrumbList\",\"@id\":\"https:\\\/\\\/quehacerpolitico.mx\\\/?p=130408#breadcrumb\",\"itemListElement\":[{\"@type\":\"ListItem\",\"position\":1,\"name\":\"Inicio\",\"item\":\"https:\\\/\\\/quehacerpolitico.mx\\\/\"},{\"@type\":\"ListItem\",\"position\":2,\"name\":\"Inflaci\u00f3n en M\u00e9xico se modera ligeramente en la primera quincena de abril: llega a 4.53%\"}]},{\"@type\":\"WebSite\",\"@id\":\"https:\\\/\\\/quehacerpolitico.mx\\\/#website\",\"url\":\"https:\\\/\\\/quehacerpolitico.mx\\\/\",\"name\":\"\",\"description\":\"\",\"potentialAction\":[{\"@type\":\"SearchAction\",\"target\":{\"@type\":\"EntryPoint\",\"urlTemplate\":\"https:\\\/\\\/quehacerpolitico.mx\\\/?s={search_term_string}\"},\"query-input\":{\"@type\":\"PropertyValueSpecification\",\"valueRequired\":true,\"valueName\":\"search_term_string\"}}],\"inLanguage\":\"es\"},{\"@type\":\"Person\",\"@id\":\"https:\\\/\\\/quehacerpolitico.mx\\\/#\\\/schema\\\/person\\\/496d8ad2d1d3f8036101dca7ee39e585\",\"name\":\"Redacci\u00f3n QP\",\"image\":{\"@type\":\"ImageObject\",\"inLanguage\":\"es\",\"@id\":\"https:\\\/\\\/secure.gravatar.com\\\/avatar\\\/c7164ed6fdec453195284ad24a5ae5b6e1eed2b848477fa2a4787ba9adf39a41?s=96&d=mm&r=g\",\"url\":\"https:\\\/\\\/secure.gravatar.com\\\/avatar\\\/c7164ed6fdec453195284ad24a5ae5b6e1eed2b848477fa2a4787ba9adf39a41?s=96&d=mm&r=g\",\"contentUrl\":\"https:\\\/\\\/secure.gravatar.com\\\/avatar\\\/c7164ed6fdec453195284ad24a5ae5b6e1eed2b848477fa2a4787ba9adf39a41?s=96&d=mm&r=g\",\"caption\":\"Redacci\u00f3n QP\"},\"url\":\"https:\\\/\\\/quehacerpolitico.mx\\\/?author=2\"}]}<\/script>\n<!-- \/ Yoast SEO plugin. -->","yoast_head_json":{"title":"Inflaci\u00f3n en M\u00e9xico se modera ligeramente en la primera quincena de abril: llega a 4.53% -","robots":{"index":"index","follow":"follow","max-snippet":"max-snippet:-1","max-image-preview":"max-image-preview:large","max-video-preview":"max-video-preview:-1"},"canonical":"https:\/\/quehacerpolitico.mx\/?p=130408","og_locale":"es_MX","og_type":"article","og_title":"Inflaci\u00f3n en M\u00e9xico se modera ligeramente en la primera quincena de abril: llega a 4.53% -","og_description":"Por Redacci\u00f3n QP El dato es menor a los 4.55% registrados en la segunda mitad...","og_url":"https:\/\/quehacerpolitico.mx\/?p=130408","article_published_time":"2026-04-23T16:52:06+00:00","article_modified_time":"2026-04-23T16:52:09+00:00","og_image":[{"width":600,"height":300,"url":"http:\/\/quehacerpolitico.mx\/wp-content\/uploads\/2026\/03\/IMG_7179.png","type":"image\/png"}],"author":"Redacci\u00f3n QP","twitter_card":"summary_large_image","twitter_misc":{"Escrito por":"Redacci\u00f3n QP","Tiempo de lectura":"3 minutos"},"schema":{"@context":"https:\/\/schema.org","@graph":[{"@type":"Article","@id":"https:\/\/quehacerpolitico.mx\/?p=130408#article","isPartOf":{"@id":"https:\/\/quehacerpolitico.mx\/?p=130408"},"author":{"name":"Redacci\u00f3n QP","@id":"https:\/\/quehacerpolitico.mx\/#\/schema\/person\/496d8ad2d1d3f8036101dca7ee39e585"},"headline":"Inflaci\u00f3n en M\u00e9xico se modera ligeramente en la primera quincena de abril: llega a 4.53%","datePublished":"2026-04-23T16:52:06+00:00","dateModified":"2026-04-23T16:52:09+00:00","mainEntityOfPage":{"@id":"https:\/\/quehacerpolitico.mx\/?p=130408"},"wordCount":468,"commentCount":0,"image":{"@id":"https:\/\/quehacerpolitico.mx\/?p=130408#primaryimage"},"thumbnailUrl":"https:\/\/quehacerpolitico.mx\/wp-content\/uploads\/2026\/03\/IMG_7179.png","articleSection":["Econom\u00eda"],"inLanguage":"es","potentialAction":[{"@type":"CommentAction","name":"Comment","target":["https:\/\/quehacerpolitico.mx\/?p=130408#respond"]}]},{"@type":"WebPage","@id":"https:\/\/quehacerpolitico.mx\/?p=130408","url":"https:\/\/quehacerpolitico.mx\/?p=130408","name":"Inflaci\u00f3n en M\u00e9xico se modera ligeramente en la primera quincena de abril: llega a 4.53% -","isPartOf":{"@id":"https:\/\/quehacerpolitico.mx\/#website"},"primaryImageOfPage":{"@id":"https:\/\/quehacerpolitico.mx\/?p=130408#primaryimage"},"image":{"@id":"https:\/\/quehacerpolitico.mx\/?p=130408#primaryimage"},"thumbnailUrl":"https:\/\/quehacerpolitico.mx\/wp-content\/uploads\/2026\/03\/IMG_7179.png","datePublished":"2026-04-23T16:52:06+00:00","dateModified":"2026-04-23T16:52:09+00:00","author":{"@id":"https:\/\/quehacerpolitico.mx\/#\/schema\/person\/496d8ad2d1d3f8036101dca7ee39e585"},"breadcrumb":{"@id":"https:\/\/quehacerpolitico.mx\/?p=130408#breadcrumb"},"inLanguage":"es","potentialAction":[{"@type":"ReadAction","target":["https:\/\/quehacerpolitico.mx\/?p=130408"]}]},{"@type":"ImageObject","inLanguage":"es","@id":"https:\/\/quehacerpolitico.mx\/?p=130408#primaryimage","url":"https:\/\/quehacerpolitico.mx\/wp-content\/uploads\/2026\/03\/IMG_7179.png","contentUrl":"https:\/\/quehacerpolitico.mx\/wp-content\/uploads\/2026\/03\/IMG_7179.png","width":600,"height":300},{"@type":"BreadcrumbList","@id":"https:\/\/quehacerpolitico.mx\/?p=130408#breadcrumb","itemListElement":[{"@type":"ListItem","position":1,"name":"Inicio","item":"https:\/\/quehacerpolitico.mx\/"},{"@type":"ListItem","position":2,"name":"Inflaci\u00f3n en M\u00e9xico se modera ligeramente en la primera quincena de abril: llega a 4.53%"}]},{"@type":"WebSite","@id":"https:\/\/quehacerpolitico.mx\/#website","url":"https:\/\/quehacerpolitico.mx\/","name":"","description":"","potentialAction":[{"@type":"SearchAction","target":{"@type":"EntryPoint","urlTemplate":"https:\/\/quehacerpolitico.mx\/?s={search_term_string}"},"query-input":{"@type":"PropertyValueSpecification","valueRequired":true,"valueName":"search_term_string"}}],"inLanguage":"es"},{"@type":"Person","@id":"https:\/\/quehacerpolitico.mx\/#\/schema\/person\/496d8ad2d1d3f8036101dca7ee39e585","name":"Redacci\u00f3n QP","image":{"@type":"ImageObject","inLanguage":"es","@id":"https:\/\/secure.gravatar.com\/avatar\/c7164ed6fdec453195284ad24a5ae5b6e1eed2b848477fa2a4787ba9adf39a41?s=96&d=mm&r=g","url":"https:\/\/secure.gravatar.com\/avatar\/c7164ed6fdec453195284ad24a5ae5b6e1eed2b848477fa2a4787ba9adf39a41?s=96&d=mm&r=g","contentUrl":"https:\/\/secure.gravatar.com\/avatar\/c7164ed6fdec453195284ad24a5ae5b6e1eed2b848477fa2a4787ba9adf39a41?s=96&d=mm&r=g","caption":"Redacci\u00f3n QP"},"url":"https:\/\/quehacerpolitico.mx\/?author=2"}]}},"featured_image_urls":{"full":["https:\/\/quehacerpolitico.mx\/wp-content\/uploads\/2026\/03\/IMG_7179.png",600,300,false],"thumbnail":["https:\/\/quehacerpolitico.mx\/wp-content\/uploads\/2026\/03\/IMG_7179-150x150.png",150,150,true],"medium":["https:\/\/quehacerpolitico.mx\/wp-content\/uploads\/2026\/03\/IMG_7179-300x150.png",300,150,true],"medium_large":["https:\/\/quehacerpolitico.mx\/wp-content\/uploads\/2026\/03\/IMG_7179.png",600,300,false],"large":["https:\/\/quehacerpolitico.mx\/wp-content\/uploads\/2026\/03\/IMG_7179.png",600,300,false],"1536x1536":["https:\/\/quehacerpolitico.mx\/wp-content\/uploads\/2026\/03\/IMG_7179.png",600,300,false],"2048x2048":["https:\/\/quehacerpolitico.mx\/wp-content\/uploads\/2026\/03\/IMG_7179.png",600,300,false],"covernews-featured":["https:\/\/quehacerpolitico.mx\/wp-content\/uploads\/2026\/03\/IMG_7179.png",600,300,false],"covernews-medium":["https:\/\/quehacerpolitico.mx\/wp-content\/uploads\/2026\/03\/IMG_7179-540x300.png",540,300,true]},"author_info":{"display_name":"Redacci\u00f3n QP","author_link":"https:\/\/quehacerpolitico.mx\/?author=2"},"category_info":"<a href=\"https:\/\/quehacerpolitico.mx\/?cat=56\" rel=\"category\">Econom\u00eda<\/a>","tag_info":"Econom\u00eda","comment_count":"0","_links":{"self":[{"href":"https:\/\/quehacerpolitico.mx\/index.php?rest_route=\/wp\/v2\/posts\/130408","targetHints":{"allow":["GET"]}}],"collection":[{"href":"https:\/\/quehacerpolitico.mx\/index.php?rest_route=\/wp\/v2\/posts"}],"about":[{"href":"https:\/\/quehacerpolitico.mx\/index.php?rest_route=\/wp\/v2\/types\/post"}],"author":[{"embeddable":true,"href":"https:\/\/quehacerpolitico.mx\/index.php?rest_route=\/wp\/v2\/users\/2"}],"replies":[{"embeddable":true,"href":"https:\/\/quehacerpolitico.mx\/index.php?rest_route=%2Fwp%2Fv2%2Fcomments&post=130408"}],"version-history":[{"count":1,"href":"https:\/\/quehacerpolitico.mx\/index.php?rest_route=\/wp\/v2\/posts\/130408\/revisions"}],"predecessor-version":[{"id":130409,"href":"https:\/\/quehacerpolitico.mx\/index.php?rest_route=\/wp\/v2\/posts\/130408\/revisions\/130409"}],"wp:featuredmedia":[{"embeddable":true,"href":"https:\/\/quehacerpolitico.mx\/index.php?rest_route=\/wp\/v2\/media\/129592"}],"wp:attachment":[{"href":"https:\/\/quehacerpolitico.mx\/index.php?rest_route=%2Fwp%2Fv2%2Fmedia&parent=130408"}],"wp:term":[{"taxonomy":"category","embeddable":true,"href":"https:\/\/quehacerpolitico.mx\/index.php?rest_route=%2Fwp%2Fv2%2Fcategories&post=130408"},{"taxonomy":"post_tag","embeddable":true,"href":"https:\/\/quehacerpolitico.mx\/index.php?rest_route=%2Fwp%2Fv2%2Ftags&post=130408"}],"curies":[{"name":"wp","href":"https:\/\/api.w.org\/{rel}","templated":true}]}}