{"id":130380,"date":"2026-04-22T19:05:21","date_gmt":"2026-04-23T01:05:21","guid":{"rendered":"https:\/\/quehacerpolitico.mx\/?p=130380"},"modified":"2026-04-22T19:05:25","modified_gmt":"2026-04-23T01:05:25","slug":"dgvc-celebra-el-dia-de-la-ninez-con-actividades-en-los-estados","status":"publish","type":"post","link":"https:\/\/quehacerpolitico.mx\/?p=130380","title":{"rendered":"DGVC CELEBRA EL D\u00cdA DE LA NI\u00d1EZ CON ACTIVIDADES EN LOS ESTADOS"},"content":{"rendered":"\n<p>Por Redacci\u00f3n QP<\/p>\n\n\n\n<p><strong>Ni\u00f1as, ni\u00f1os y j\u00f3venes de los Semilleros Creativos participar\u00e1n en exposiciones, teatro, cine, ferias<\/strong><strong>&nbsp;y diversas&nbsp;<\/strong><strong>actividades l\u00fadicas<\/strong><\/p>\n\n\n\n<p>\u2022&nbsp;<strong>La programaci\u00f3n se desarrolla a nivel nacional e incluye actividades en diversas regiones del pa\u00eds<\/strong><\/p>\n\n\n\n<p>En el marco del D\u00eda de la Ni\u00f1ez 2026, la Secretar\u00eda de Cultura del Gobierno de M\u00e9xico, a trav\u00e9s de la Direcci\u00f3n General de Vinculaci\u00f3n Cultural (DGVC), impulsa una programaci\u00f3n nacional de actividades art\u00edsticas y comunitarias que promueven el derecho al juego, la expresi\u00f3n y la participaci\u00f3n de ni\u00f1as, ni\u00f1os y j\u00f3venes en distintos estados del pa\u00eds.<\/p>\n\n\n\n<p>El trabajo territorial de la DGVC se refleja en acciones que colocan al centro las experiencias y formas de creaci\u00f3n de las infancias, mediante propuestas que combinan el arte, el juego y la convivencia comunitaria en espacios p\u00fablicos.<\/p>\n\n\n\n<figure class=\"wp-block-gallery has-nested-images columns-default is-cropped wp-block-gallery-1 is-layout-flex wp-block-gallery-is-layout-flex\">\n<figure class=\"wp-block-image size-large\"><img loading=\"lazy\" decoding=\"async\" width=\"1024\" height=\"767\" data-id=\"130385\" src=\"https:\/\/quehacerpolitico.mx\/wp-content\/uploads\/2026\/04\/IMG_8147-1-1024x767.jpeg\" alt=\"\" class=\"wp-image-130385\" srcset=\"https:\/\/quehacerpolitico.mx\/wp-content\/uploads\/2026\/04\/IMG_8147-1-1024x767.jpeg 1024w, https:\/\/quehacerpolitico.mx\/wp-content\/uploads\/2026\/04\/IMG_8147-1-300x225.jpeg 300w, https:\/\/quehacerpolitico.mx\/wp-content\/uploads\/2026\/04\/IMG_8147-1-768x576.jpeg 768w, https:\/\/quehacerpolitico.mx\/wp-content\/uploads\/2026\/04\/IMG_8147-1-1536x1151.jpeg 1536w, https:\/\/quehacerpolitico.mx\/wp-content\/uploads\/2026\/04\/IMG_8147-1.jpeg 1600w\" sizes=\"auto, (max-width: 1024px) 100vw, 1024px\" \/><\/figure>\n\n\n\n<figure class=\"wp-block-image size-large\"><img loading=\"lazy\" decoding=\"async\" width=\"460\" height=\"1024\" data-id=\"130384\" src=\"https:\/\/quehacerpolitico.mx\/wp-content\/uploads\/2026\/04\/IMG_8145-1-460x1024.jpeg\" alt=\"\" class=\"wp-image-130384\" srcset=\"https:\/\/quehacerpolitico.mx\/wp-content\/uploads\/2026\/04\/IMG_8145-1-460x1024.jpeg 460w, https:\/\/quehacerpolitico.mx\/wp-content\/uploads\/2026\/04\/IMG_8145-1-135x300.jpeg 135w, https:\/\/quehacerpolitico.mx\/wp-content\/uploads\/2026\/04\/IMG_8145-1.jpeg 575w\" sizes=\"auto, (max-width: 460px) 100vw, 460px\" \/><\/figure>\n\n\n\n<figure class=\"wp-block-image size-large\"><img loading=\"lazy\" decoding=\"async\" width=\"1024\" height=\"767\" data-id=\"130383\" src=\"https:\/\/quehacerpolitico.mx\/wp-content\/uploads\/2026\/04\/IMG_8147-1024x767.jpeg\" alt=\"\" class=\"wp-image-130383\" srcset=\"https:\/\/quehacerpolitico.mx\/wp-content\/uploads\/2026\/04\/IMG_8147-1024x767.jpeg 1024w, https:\/\/quehacerpolitico.mx\/wp-content\/uploads\/2026\/04\/IMG_8147-300x225.jpeg 300w, https:\/\/quehacerpolitico.mx\/wp-content\/uploads\/2026\/04\/IMG_8147-768x576.jpeg 768w, https:\/\/quehacerpolitico.mx\/wp-content\/uploads\/2026\/04\/IMG_8147-1536x1151.jpeg 1536w, https:\/\/quehacerpolitico.mx\/wp-content\/uploads\/2026\/04\/IMG_8147.jpeg 1600w\" sizes=\"auto, (max-width: 1024px) 100vw, 1024px\" \/><\/figure>\n<\/figure>\n\n\n\n<p>Los Semilleros Creativos se suman a esta celebraci\u00f3n con actividades en distintas entidades del pa\u00eds:<\/p>\n\n\n\n<p>En Guerrero, el Semillero Creativo de Grabado en Iguala de la Independencia presenta una serie de grabados con la tem\u00e1tica denominada&nbsp;<em>Juguete tradicional mexicano<\/em>, el viernes 24 de abril, en el Centro Cultural Ex&nbsp;Hacienda el Chorrillo, en Taxco de Alarc\u00f3n. La cita es a las 12:30 h.<\/p>\n\n\n\n<p>En Sinaloa, el Semillero Creativo de Cinematograf\u00eda en Guasave&nbsp;invita a la actividad&nbsp;<em>Cabina de mensajes para el futuro. Taller de&nbsp;<\/em><em>creaci\u00f3n&nbsp;<\/em><em>de&nbsp;<\/em><em>videogr<\/em><em>abaciones<\/em>&nbsp;que retratan testimonios, an\u00e9cdotas y reflexiones de las&nbsp;infancias y juventudes&nbsp;de la comunidad El Burri\u00f3n,&nbsp;el mi\u00e9rcoles 29 de abril, en la Casa Ejidal del Burri\u00f3n,&nbsp;en punto de las 15 h.<\/p>\n\n\n\n<p>Ese mismo d\u00eda, en&nbsp;Campeche, el Semillero Creativo de Juegos Tradicionales y Construcci\u00f3n de Instrumentos en&nbsp;Dzitbalch\u00e9&nbsp;realizar\u00e1&nbsp;la&nbsp;<em>Feria Comunitaria de ni\u00f1as y ni\u00f1os<\/em>,en el&nbsp;Parque de San Feliciano,&nbsp;donde habr\u00e1 juegos como&nbsp;la loter\u00eda&nbsp;en lengua maya, la pirinola, canicas&nbsp;y&nbsp;el tiro al blanco. La reuni\u00f3n es a partir de las 17 h.<\/p>\n\n\n\n<p>En Nuevo Le\u00f3n, el Semillero Creativo de Teatro en Guadalupe llevar\u00e1 a cabo un encuentro esc\u00e9nico participativo el jueves 30 de abril, en el DIF Guadalupe Victoria.&nbsp;La convivencia se realizar\u00e1 a las 12 h.<\/p>\n\n\n\n<figure class=\"wp-block-gallery has-nested-images columns-default is-cropped wp-block-gallery-2 is-layout-flex wp-block-gallery-is-layout-flex\">\n<figure class=\"wp-block-image size-large\"><img loading=\"lazy\" decoding=\"async\" width=\"1024\" height=\"678\" data-id=\"130386\" src=\"https:\/\/quehacerpolitico.mx\/wp-content\/uploads\/2026\/04\/IMG_8148-1024x678.jpeg\" alt=\"\" class=\"wp-image-130386\" srcset=\"https:\/\/quehacerpolitico.mx\/wp-content\/uploads\/2026\/04\/IMG_8148-1024x678.jpeg 1024w, https:\/\/quehacerpolitico.mx\/wp-content\/uploads\/2026\/04\/IMG_8148-300x199.jpeg 300w, https:\/\/quehacerpolitico.mx\/wp-content\/uploads\/2026\/04\/IMG_8148-768x508.jpeg 768w, https:\/\/quehacerpolitico.mx\/wp-content\/uploads\/2026\/04\/IMG_8148.jpeg 1280w\" sizes=\"auto, (max-width: 1024px) 100vw, 1024px\" \/><\/figure>\n\n\n\n<figure class=\"wp-block-image size-large\"><img loading=\"lazy\" decoding=\"async\" width=\"941\" height=\"740\" data-id=\"130388\" src=\"https:\/\/quehacerpolitico.mx\/wp-content\/uploads\/2026\/04\/IMG_8149.jpeg\" alt=\"\" class=\"wp-image-130388\" srcset=\"https:\/\/quehacerpolitico.mx\/wp-content\/uploads\/2026\/04\/IMG_8149.jpeg 941w, https:\/\/quehacerpolitico.mx\/wp-content\/uploads\/2026\/04\/IMG_8149-300x236.jpeg 300w, https:\/\/quehacerpolitico.mx\/wp-content\/uploads\/2026\/04\/IMG_8149-768x604.jpeg 768w\" sizes=\"auto, (max-width: 941px) 100vw, 941px\" \/><\/figure>\n\n\n\n<figure class=\"wp-block-image size-large\"><img loading=\"lazy\" decoding=\"async\" width=\"1024\" height=\"576\" data-id=\"130387\" src=\"https:\/\/quehacerpolitico.mx\/wp-content\/uploads\/2026\/04\/IMG_8150-1024x576.jpeg\" alt=\"\" class=\"wp-image-130387\" srcset=\"https:\/\/quehacerpolitico.mx\/wp-content\/uploads\/2026\/04\/IMG_8150-1024x576.jpeg 1024w, https:\/\/quehacerpolitico.mx\/wp-content\/uploads\/2026\/04\/IMG_8150-300x169.jpeg 300w, https:\/\/quehacerpolitico.mx\/wp-content\/uploads\/2026\/04\/IMG_8150-768x432.jpeg 768w, https:\/\/quehacerpolitico.mx\/wp-content\/uploads\/2026\/04\/IMG_8150.jpeg 1280w\" sizes=\"auto, (max-width: 1024px) 100vw, 1024px\" \/><\/figure>\n<\/figure>\n\n\n\n<p>En Guanajuato,&nbsp;ese mismo d\u00eda,&nbsp;el Semillero Creativo de Dibujo, Pintura y Muralismo en Celaya invita a&nbsp;la realizaci\u00f3n del&nbsp;mural colectivo&nbsp;<em>Mis derechos, mi voz<\/em>, en el Anfiteatro de la Plaza C\u00edvica.&nbsp;La cita es a las 15 h.<\/p>\n\n\n\n<p><strong>Jornadas especiales&nbsp;<\/strong><\/p>\n\n\n\n<p>Como parte de esta programaci\u00f3n, en la Ciudad de M\u00e9xico&nbsp;el Bosque de Chapultepec ser\u00e1 sede de dos jornadas culturales:&nbsp;<em>Un d\u00eda hecho de juego<\/em>,&nbsp;el s\u00e1bado 25 de abril en el Pabell\u00f3n de Cultura Comunitaria, y&nbsp;<em>El d\u00eda en que la Ex F\u00e1brica juega<\/em>, el mismo d\u00eda en la Ex F\u00e1brica de P\u00f3lvora, con actividades art\u00edsticas, l\u00fadicas y de convivencia comunitaria.<\/p>\n\n\n\n<p>Con estas acciones, la DGVC fortalece espacios donde las infancias ejercen su derecho a jugar, crear y participar activamente en la vida cultural de sus comunidades.<\/p>\n","protected":false},"excerpt":{"rendered":"<p>Por Redacci\u00f3n QP Ni\u00f1as, ni\u00f1os y j\u00f3venes de los Semilleros Creativos participar\u00e1n en exposiciones, teatro,&#8230;<\/p>\n","protected":false},"author":2,"featured_media":130381,"comment_status":"open","ping_status":"open","sticky":false,"template":"","format":"standard","meta":{"_monsterinsights_skip_tracking":false,"_monsterinsights_sitenote_active":false,"_monsterinsights_sitenote_note":"","_monsterinsights_sitenote_category":0,"footnotes":""},"categories":[58],"tags":[],"class_list":["post-130380","post","type-post","status-publish","format-standard","has-post-thumbnail","hentry","category-cultura"],"yoast_head":"<!-- This site is optimized with the Yoast SEO plugin v27.3 - https:\/\/yoast.com\/product\/yoast-seo-wordpress\/ -->\n<title>DGVC CELEBRA EL D\u00cdA DE LA NI\u00d1EZ CON ACTIVIDADES EN LOS ESTADOS -<\/title>\n<meta name=\"robots\" content=\"index, follow, max-snippet:-1, max-image-preview:large, max-video-preview:-1\" \/>\n<link rel=\"canonical\" href=\"https:\/\/quehacerpolitico.mx\/?p=130380\" \/>\n<meta property=\"og:locale\" content=\"es_MX\" \/>\n<meta property=\"og:type\" content=\"article\" \/>\n<meta property=\"og:title\" content=\"DGVC CELEBRA EL D\u00cdA DE LA NI\u00d1EZ CON ACTIVIDADES EN LOS ESTADOS -\" \/>\n<meta property=\"og:description\" content=\"Por Redacci\u00f3n QP Ni\u00f1as, ni\u00f1os y j\u00f3venes de los Semilleros Creativos participar\u00e1n en exposiciones, teatro,...\" \/>\n<meta property=\"og:url\" content=\"https:\/\/quehacerpolitico.mx\/?p=130380\" \/>\n<meta property=\"article:published_time\" content=\"2026-04-23T01:05:21+00:00\" \/>\n<meta property=\"article:modified_time\" content=\"2026-04-23T01:05:25+00:00\" \/>\n<meta property=\"og:image\" content=\"http:\/\/quehacerpolitico.mx\/wp-content\/uploads\/2026\/04\/IMG_8146.jpeg\" \/>\n\t<meta property=\"og:image:width\" content=\"1345\" \/>\n\t<meta property=\"og:image:height\" content=\"758\" \/>\n\t<meta property=\"og:image:type\" content=\"image\/jpeg\" \/>\n<meta name=\"author\" content=\"Redacci\u00f3n QP\" \/>\n<meta name=\"twitter:card\" content=\"summary_large_image\" \/>\n<meta name=\"twitter:label1\" content=\"Escrito por\" \/>\n\t<meta name=\"twitter:data1\" content=\"Redacci\u00f3n QP\" \/>\n\t<meta name=\"twitter:label2\" content=\"Tiempo de lectura\" \/>\n\t<meta name=\"twitter:data2\" content=\"4 minutos\" \/>\n<script type=\"application\/ld+json\" class=\"yoast-schema-graph\">{\"@context\":\"https:\\\/\\\/schema.org\",\"@graph\":[{\"@type\":\"Article\",\"@id\":\"https:\\\/\\\/quehacerpolitico.mx\\\/?p=130380#article\",\"isPartOf\":{\"@id\":\"https:\\\/\\\/quehacerpolitico.mx\\\/?p=130380\"},\"author\":{\"name\":\"Redacci\u00f3n QP\",\"@id\":\"https:\\\/\\\/quehacerpolitico.mx\\\/#\\\/schema\\\/person\\\/496d8ad2d1d3f8036101dca7ee39e585\"},\"headline\":\"DGVC CELEBRA EL D\u00cdA DE LA NI\u00d1EZ CON ACTIVIDADES EN LOS ESTADOS\",\"datePublished\":\"2026-04-23T01:05:21+00:00\",\"dateModified\":\"2026-04-23T01:05:25+00:00\",\"mainEntityOfPage\":{\"@id\":\"https:\\\/\\\/quehacerpolitico.mx\\\/?p=130380\"},\"wordCount\":574,\"commentCount\":0,\"image\":{\"@id\":\"https:\\\/\\\/quehacerpolitico.mx\\\/?p=130380#primaryimage\"},\"thumbnailUrl\":\"https:\\\/\\\/quehacerpolitico.mx\\\/wp-content\\\/uploads\\\/2026\\\/04\\\/IMG_8146.jpeg\",\"articleSection\":[\"Cultura y Entretenimiento\"],\"inLanguage\":\"es\",\"potentialAction\":[{\"@type\":\"CommentAction\",\"name\":\"Comment\",\"target\":[\"https:\\\/\\\/quehacerpolitico.mx\\\/?p=130380#respond\"]}]},{\"@type\":\"WebPage\",\"@id\":\"https:\\\/\\\/quehacerpolitico.mx\\\/?p=130380\",\"url\":\"https:\\\/\\\/quehacerpolitico.mx\\\/?p=130380\",\"name\":\"DGVC CELEBRA EL D\u00cdA DE LA NI\u00d1EZ CON ACTIVIDADES EN LOS ESTADOS -\",\"isPartOf\":{\"@id\":\"https:\\\/\\\/quehacerpolitico.mx\\\/#website\"},\"primaryImageOfPage\":{\"@id\":\"https:\\\/\\\/quehacerpolitico.mx\\\/?p=130380#primaryimage\"},\"image\":{\"@id\":\"https:\\\/\\\/quehacerpolitico.mx\\\/?p=130380#primaryimage\"},\"thumbnailUrl\":\"https:\\\/\\\/quehacerpolitico.mx\\\/wp-content\\\/uploads\\\/2026\\\/04\\\/IMG_8146.jpeg\",\"datePublished\":\"2026-04-23T01:05:21+00:00\",\"dateModified\":\"2026-04-23T01:05:25+00:00\",\"author\":{\"@id\":\"https:\\\/\\\/quehacerpolitico.mx\\\/#\\\/schema\\\/person\\\/496d8ad2d1d3f8036101dca7ee39e585\"},\"breadcrumb\":{\"@id\":\"https:\\\/\\\/quehacerpolitico.mx\\\/?p=130380#breadcrumb\"},\"inLanguage\":\"es\",\"potentialAction\":[{\"@type\":\"ReadAction\",\"target\":[\"https:\\\/\\\/quehacerpolitico.mx\\\/?p=130380\"]}]},{\"@type\":\"ImageObject\",\"inLanguage\":\"es\",\"@id\":\"https:\\\/\\\/quehacerpolitico.mx\\\/?p=130380#primaryimage\",\"url\":\"https:\\\/\\\/quehacerpolitico.mx\\\/wp-content\\\/uploads\\\/2026\\\/04\\\/IMG_8146.jpeg\",\"contentUrl\":\"https:\\\/\\\/quehacerpolitico.mx\\\/wp-content\\\/uploads\\\/2026\\\/04\\\/IMG_8146.jpeg\",\"width\":1345,\"height\":758},{\"@type\":\"BreadcrumbList\",\"@id\":\"https:\\\/\\\/quehacerpolitico.mx\\\/?p=130380#breadcrumb\",\"itemListElement\":[{\"@type\":\"ListItem\",\"position\":1,\"name\":\"Inicio\",\"item\":\"https:\\\/\\\/quehacerpolitico.mx\\\/\"},{\"@type\":\"ListItem\",\"position\":2,\"name\":\"DGVC CELEBRA EL D\u00cdA DE LA NI\u00d1EZ CON ACTIVIDADES EN LOS ESTADOS\"}]},{\"@type\":\"WebSite\",\"@id\":\"https:\\\/\\\/quehacerpolitico.mx\\\/#website\",\"url\":\"https:\\\/\\\/quehacerpolitico.mx\\\/\",\"name\":\"\",\"description\":\"\",\"potentialAction\":[{\"@type\":\"SearchAction\",\"target\":{\"@type\":\"EntryPoint\",\"urlTemplate\":\"https:\\\/\\\/quehacerpolitico.mx\\\/?s={search_term_string}\"},\"query-input\":{\"@type\":\"PropertyValueSpecification\",\"valueRequired\":true,\"valueName\":\"search_term_string\"}}],\"inLanguage\":\"es\"},{\"@type\":\"Person\",\"@id\":\"https:\\\/\\\/quehacerpolitico.mx\\\/#\\\/schema\\\/person\\\/496d8ad2d1d3f8036101dca7ee39e585\",\"name\":\"Redacci\u00f3n QP\",\"image\":{\"@type\":\"ImageObject\",\"inLanguage\":\"es\",\"@id\":\"https:\\\/\\\/secure.gravatar.com\\\/avatar\\\/c7164ed6fdec453195284ad24a5ae5b6e1eed2b848477fa2a4787ba9adf39a41?s=96&d=mm&r=g\",\"url\":\"https:\\\/\\\/secure.gravatar.com\\\/avatar\\\/c7164ed6fdec453195284ad24a5ae5b6e1eed2b848477fa2a4787ba9adf39a41?s=96&d=mm&r=g\",\"contentUrl\":\"https:\\\/\\\/secure.gravatar.com\\\/avatar\\\/c7164ed6fdec453195284ad24a5ae5b6e1eed2b848477fa2a4787ba9adf39a41?s=96&d=mm&r=g\",\"caption\":\"Redacci\u00f3n QP\"},\"url\":\"https:\\\/\\\/quehacerpolitico.mx\\\/?author=2\"}]}<\/script>\n<!-- \/ Yoast SEO plugin. -->","yoast_head_json":{"title":"DGVC CELEBRA EL D\u00cdA DE LA NI\u00d1EZ CON ACTIVIDADES EN LOS ESTADOS -","robots":{"index":"index","follow":"follow","max-snippet":"max-snippet:-1","max-image-preview":"max-image-preview:large","max-video-preview":"max-video-preview:-1"},"canonical":"https:\/\/quehacerpolitico.mx\/?p=130380","og_locale":"es_MX","og_type":"article","og_title":"DGVC CELEBRA EL D\u00cdA DE LA NI\u00d1EZ CON ACTIVIDADES EN LOS ESTADOS -","og_description":"Por Redacci\u00f3n QP Ni\u00f1as, ni\u00f1os y j\u00f3venes de los Semilleros Creativos participar\u00e1n en exposiciones, teatro,...","og_url":"https:\/\/quehacerpolitico.mx\/?p=130380","article_published_time":"2026-04-23T01:05:21+00:00","article_modified_time":"2026-04-23T01:05:25+00:00","og_image":[{"width":1345,"height":758,"url":"http:\/\/quehacerpolitico.mx\/wp-content\/uploads\/2026\/04\/IMG_8146.jpeg","type":"image\/jpeg"}],"author":"Redacci\u00f3n QP","twitter_card":"summary_large_image","twitter_misc":{"Escrito por":"Redacci\u00f3n QP","Tiempo de lectura":"4 minutos"},"schema":{"@context":"https:\/\/schema.org","@graph":[{"@type":"Article","@id":"https:\/\/quehacerpolitico.mx\/?p=130380#article","isPartOf":{"@id":"https:\/\/quehacerpolitico.mx\/?p=130380"},"author":{"name":"Redacci\u00f3n QP","@id":"https:\/\/quehacerpolitico.mx\/#\/schema\/person\/496d8ad2d1d3f8036101dca7ee39e585"},"headline":"DGVC CELEBRA EL D\u00cdA DE LA NI\u00d1EZ CON ACTIVIDADES EN LOS ESTADOS","datePublished":"2026-04-23T01:05:21+00:00","dateModified":"2026-04-23T01:05:25+00:00","mainEntityOfPage":{"@id":"https:\/\/quehacerpolitico.mx\/?p=130380"},"wordCount":574,"commentCount":0,"image":{"@id":"https:\/\/quehacerpolitico.mx\/?p=130380#primaryimage"},"thumbnailUrl":"https:\/\/quehacerpolitico.mx\/wp-content\/uploads\/2026\/04\/IMG_8146.jpeg","articleSection":["Cultura y Entretenimiento"],"inLanguage":"es","potentialAction":[{"@type":"CommentAction","name":"Comment","target":["https:\/\/quehacerpolitico.mx\/?p=130380#respond"]}]},{"@type":"WebPage","@id":"https:\/\/quehacerpolitico.mx\/?p=130380","url":"https:\/\/quehacerpolitico.mx\/?p=130380","name":"DGVC CELEBRA EL D\u00cdA DE LA NI\u00d1EZ CON ACTIVIDADES EN LOS ESTADOS -","isPartOf":{"@id":"https:\/\/quehacerpolitico.mx\/#website"},"primaryImageOfPage":{"@id":"https:\/\/quehacerpolitico.mx\/?p=130380#primaryimage"},"image":{"@id":"https:\/\/quehacerpolitico.mx\/?p=130380#primaryimage"},"thumbnailUrl":"https:\/\/quehacerpolitico.mx\/wp-content\/uploads\/2026\/04\/IMG_8146.jpeg","datePublished":"2026-04-23T01:05:21+00:00","dateModified":"2026-04-23T01:05:25+00:00","author":{"@id":"https:\/\/quehacerpolitico.mx\/#\/schema\/person\/496d8ad2d1d3f8036101dca7ee39e585"},"breadcrumb":{"@id":"https:\/\/quehacerpolitico.mx\/?p=130380#breadcrumb"},"inLanguage":"es","potentialAction":[{"@type":"ReadAction","target":["https:\/\/quehacerpolitico.mx\/?p=130380"]}]},{"@type":"ImageObject","inLanguage":"es","@id":"https:\/\/quehacerpolitico.mx\/?p=130380#primaryimage","url":"https:\/\/quehacerpolitico.mx\/wp-content\/uploads\/2026\/04\/IMG_8146.jpeg","contentUrl":"https:\/\/quehacerpolitico.mx\/wp-content\/uploads\/2026\/04\/IMG_8146.jpeg","width":1345,"height":758},{"@type":"BreadcrumbList","@id":"https:\/\/quehacerpolitico.mx\/?p=130380#breadcrumb","itemListElement":[{"@type":"ListItem","position":1,"name":"Inicio","item":"https:\/\/quehacerpolitico.mx\/"},{"@type":"ListItem","position":2,"name":"DGVC CELEBRA EL D\u00cdA DE LA NI\u00d1EZ CON ACTIVIDADES EN LOS ESTADOS"}]},{"@type":"WebSite","@id":"https:\/\/quehacerpolitico.mx\/#website","url":"https:\/\/quehacerpolitico.mx\/","name":"","description":"","potentialAction":[{"@type":"SearchAction","target":{"@type":"EntryPoint","urlTemplate":"https:\/\/quehacerpolitico.mx\/?s={search_term_string}"},"query-input":{"@type":"PropertyValueSpecification","valueRequired":true,"valueName":"search_term_string"}}],"inLanguage":"es"},{"@type":"Person","@id":"https:\/\/quehacerpolitico.mx\/#\/schema\/person\/496d8ad2d1d3f8036101dca7ee39e585","name":"Redacci\u00f3n QP","image":{"@type":"ImageObject","inLanguage":"es","@id":"https:\/\/secure.gravatar.com\/avatar\/c7164ed6fdec453195284ad24a5ae5b6e1eed2b848477fa2a4787ba9adf39a41?s=96&d=mm&r=g","url":"https:\/\/secure.gravatar.com\/avatar\/c7164ed6fdec453195284ad24a5ae5b6e1eed2b848477fa2a4787ba9adf39a41?s=96&d=mm&r=g","contentUrl":"https:\/\/secure.gravatar.com\/avatar\/c7164ed6fdec453195284ad24a5ae5b6e1eed2b848477fa2a4787ba9adf39a41?s=96&d=mm&r=g","caption":"Redacci\u00f3n QP"},"url":"https:\/\/quehacerpolitico.mx\/?author=2"}]}},"featured_image_urls":{"full":["https:\/\/quehacerpolitico.mx\/wp-content\/uploads\/2026\/04\/IMG_8146.jpeg",1345,758,false],"thumbnail":["https:\/\/quehacerpolitico.mx\/wp-content\/uploads\/2026\/04\/IMG_8146-150x150.jpeg",150,150,true],"medium":["https:\/\/quehacerpolitico.mx\/wp-content\/uploads\/2026\/04\/IMG_8146-300x169.jpeg",300,169,true],"medium_large":["https:\/\/quehacerpolitico.mx\/wp-content\/uploads\/2026\/04\/IMG_8146-768x433.jpeg",640,361,true],"large":["https:\/\/quehacerpolitico.mx\/wp-content\/uploads\/2026\/04\/IMG_8146-1024x577.jpeg",640,361,true],"1536x1536":["https:\/\/quehacerpolitico.mx\/wp-content\/uploads\/2026\/04\/IMG_8146.jpeg",1345,758,false],"2048x2048":["https:\/\/quehacerpolitico.mx\/wp-content\/uploads\/2026\/04\/IMG_8146.jpeg",1345,758,false],"covernews-featured":["https:\/\/quehacerpolitico.mx\/wp-content\/uploads\/2026\/04\/IMG_8146-1024x577.jpeg",1024,577,true],"covernews-medium":["https:\/\/quehacerpolitico.mx\/wp-content\/uploads\/2026\/04\/IMG_8146-540x340.jpeg",540,340,true]},"author_info":{"display_name":"Redacci\u00f3n QP","author_link":"https:\/\/quehacerpolitico.mx\/?author=2"},"category_info":"<a href=\"https:\/\/quehacerpolitico.mx\/?cat=58\" rel=\"category\">Cultura y Entretenimiento<\/a>","tag_info":"Cultura y Entretenimiento","comment_count":"0","_links":{"self":[{"href":"https:\/\/quehacerpolitico.mx\/index.php?rest_route=\/wp\/v2\/posts\/130380","targetHints":{"allow":["GET"]}}],"collection":[{"href":"https:\/\/quehacerpolitico.mx\/index.php?rest_route=\/wp\/v2\/posts"}],"about":[{"href":"https:\/\/quehacerpolitico.mx\/index.php?rest_route=\/wp\/v2\/types\/post"}],"author":[{"embeddable":true,"href":"https:\/\/quehacerpolitico.mx\/index.php?rest_route=\/wp\/v2\/users\/2"}],"replies":[{"embeddable":true,"href":"https:\/\/quehacerpolitico.mx\/index.php?rest_route=%2Fwp%2Fv2%2Fcomments&post=130380"}],"version-history":[{"count":1,"href":"https:\/\/quehacerpolitico.mx\/index.php?rest_route=\/wp\/v2\/posts\/130380\/revisions"}],"predecessor-version":[{"id":130389,"href":"https:\/\/quehacerpolitico.mx\/index.php?rest_route=\/wp\/v2\/posts\/130380\/revisions\/130389"}],"wp:featuredmedia":[{"embeddable":true,"href":"https:\/\/quehacerpolitico.mx\/index.php?rest_route=\/wp\/v2\/media\/130381"}],"wp:attachment":[{"href":"https:\/\/quehacerpolitico.mx\/index.php?rest_route=%2Fwp%2Fv2%2Fmedia&parent=130380"}],"wp:term":[{"taxonomy":"category","embeddable":true,"href":"https:\/\/quehacerpolitico.mx\/index.php?rest_route=%2Fwp%2Fv2%2Fcategories&post=130380"},{"taxonomy":"post_tag","embeddable":true,"href":"https:\/\/quehacerpolitico.mx\/index.php?rest_route=%2Fwp%2Fv2%2Ftags&post=130380"}],"curies":[{"name":"wp","href":"https:\/\/api.w.org\/{rel}","templated":true}]}}