{"id":130377,"date":"2026-04-22T17:37:56","date_gmt":"2026-04-22T23:37:56","guid":{"rendered":"https:\/\/quehacerpolitico.mx\/?p=130377"},"modified":"2026-04-22T17:37:59","modified_gmt":"2026-04-22T23:37:59","slug":"gobierno-de-alessandra-rojo-de-la-vega-regulariza-parque-vehicular-de-la-cuauhtemoc-tras-anos-de-rezago-administrativo","status":"publish","type":"post","link":"https:\/\/quehacerpolitico.mx\/?p=130377","title":{"rendered":"GOBIERNO DE ALESSANDRA ROJO DE LA VEGA REGULARIZA PARQUE VEHICULAR DE LA CUAUHT\u00c9MOC TRAS A\u00d1OS DE REZAGO ADMINISTRATIVO"},"content":{"rendered":"\n<p>Por Redacci\u00f3n QP<\/p>\n\n\n\n<p><em>* Se detectaron unidades con tarjetas de circulaci\u00f3n vencidas desde 2018, multas sin pagar y sin mantenimiento b\u00e1sico.<\/em><br><em>* La alcald\u00eda reporta un ahorro de m\u00e1s de 250 mil pesos en tr\u00e1mites vehiculares durante 2026.<\/em><\/p>\n\n\n\n<p>Al inicio de la actual administraci\u00f3n, la Alcald\u00eda Cuauht\u00e9moc identific\u00f3 rezagos administrativos y operativos en su parque vehicular, entre ellos unidades con p\u00f3lizas de seguro vencidas, adeudos por multas y tenencias, as\u00ed como documentaci\u00f3n sin actualizar desde 2018.<\/p>\n\n\n\n<p>Ante esta situaci\u00f3n, la alcaldesa Alessandra Rojo de la Vega instruy\u00f3 un proceso de regularizaci\u00f3n que, a la fecha, ha permitido avanzar en la actualizaci\u00f3n de documentaci\u00f3n y en la reducci\u00f3n de adeudos fiscales asociados a la flota vehicular.<\/p>\n\n\n\n<p>Cuando denunci\u00f3 estos hallazgos, la alcaldesa inform\u00f3 las condiciones en las que se recibi\u00f3 la flota: \u201cactuaron con total desprecio a la ley, repartiendo m\u00e1s contaminaci\u00f3n que beneficios a los ciudadanos\u201d, se\u00f1al\u00f3 Rojo de la Vega.<\/p>\n\n\n\n<p>Como parte de este proceso, la Direcci\u00f3n General de Administraci\u00f3n llev\u00f3 a cabo la renovaci\u00f3n de 273 tarjetas de circulaci\u00f3n que presentaban rezagos entre 2018 y 2021. A trav\u00e9s de una planeaci\u00f3n financiera y control en el pago de contribuciones, la alcald\u00eda gener\u00f3 adem\u00e1s un ahorro de 257 mil 192 pesos en comparaci\u00f3n con el ejercicio anterior.<\/p>\n\n\n\n<p>Adem\u00e1s, se realizaron revisiones mec\u00e1nicas a 314 unidades, lo que representa poco m\u00e1s del 50 por ciento del parque vehicular, con el objetivo de detectar y corregir fallas que pudieran afectar su operaci\u00f3n.<\/p>\n\n\n\n<p>De octubre de 2024 a la fecha, 240 camiones y veh\u00edculos operativos han recibido mantenimiento correctivo y preventivo, incluyendo afinaciones y verificaciones, lo que permite fortalecer la continuidad de los servicios urbanos y de seguridad en las 33 colonias de la demarcaci\u00f3n.<\/p>\n\n\n\n<p>Como parte de estas acciones, 339 unidades han sido rotuladas con la imagen institucional actual, facilitando su identificaci\u00f3n durante recorridos, operativos y jornadas de atenci\u00f3n en territorio.<\/p>\n\n\n\n<p>La regularizaci\u00f3n administrativa y el mantenimiento de la flota permiten que unidades de limpia, protecci\u00f3n civil y servicios urbanos operen en mejores condiciones, lo que se traduce en una atenci\u00f3n m\u00e1s constante y ordenada a los reportes vecinales en toda la alcald\u00eda.<\/p>\n","protected":false},"excerpt":{"rendered":"<p>Por Redacci\u00f3n QP * Se detectaron unidades con tarjetas de circulaci\u00f3n vencidas desde 2018, multas&#8230;<\/p>\n","protected":false},"author":2,"featured_media":130378,"comment_status":"open","ping_status":"open","sticky":false,"template":"","format":"standard","meta":{"_monsterinsights_skip_tracking":false,"_monsterinsights_sitenote_active":false,"_monsterinsights_sitenote_note":"","_monsterinsights_sitenote_category":0,"footnotes":""},"categories":[55],"tags":[],"class_list":["post-130377","post","type-post","status-publish","format-standard","has-post-thumbnail","hentry","category-cdmx"],"yoast_head":"<!-- This site is optimized with the Yoast SEO plugin v27.3 - https:\/\/yoast.com\/product\/yoast-seo-wordpress\/ -->\n<title>GOBIERNO DE ALESSANDRA ROJO DE LA VEGA REGULARIZA PARQUE VEHICULAR DE LA CUAUHT\u00c9MOC TRAS A\u00d1OS DE REZAGO ADMINISTRATIVO -<\/title>\n<meta name=\"robots\" content=\"index, follow, max-snippet:-1, max-image-preview:large, max-video-preview:-1\" \/>\n<link rel=\"canonical\" href=\"https:\/\/quehacerpolitico.mx\/?p=130377\" \/>\n<meta property=\"og:locale\" content=\"es_MX\" \/>\n<meta property=\"og:type\" content=\"article\" \/>\n<meta property=\"og:title\" content=\"GOBIERNO DE ALESSANDRA ROJO DE LA VEGA REGULARIZA PARQUE VEHICULAR DE LA CUAUHT\u00c9MOC TRAS A\u00d1OS DE REZAGO ADMINISTRATIVO -\" \/>\n<meta property=\"og:description\" content=\"Por Redacci\u00f3n QP * Se detectaron unidades con tarjetas de circulaci\u00f3n vencidas desde 2018, multas...\" \/>\n<meta property=\"og:url\" content=\"https:\/\/quehacerpolitico.mx\/?p=130377\" \/>\n<meta property=\"article:published_time\" content=\"2026-04-22T23:37:56+00:00\" \/>\n<meta property=\"article:modified_time\" content=\"2026-04-22T23:37:59+00:00\" \/>\n<meta property=\"og:image\" content=\"http:\/\/quehacerpolitico.mx\/wp-content\/uploads\/2026\/04\/image.png\" \/>\n\t<meta property=\"og:image:width\" content=\"1024\" \/>\n\t<meta property=\"og:image:height\" content=\"576\" \/>\n\t<meta property=\"og:image:type\" content=\"image\/png\" \/>\n<meta name=\"author\" content=\"Redacci\u00f3n QP\" \/>\n<meta name=\"twitter:card\" content=\"summary_large_image\" \/>\n<meta name=\"twitter:label1\" content=\"Escrito por\" \/>\n\t<meta name=\"twitter:data1\" content=\"Redacci\u00f3n QP\" \/>\n\t<meta name=\"twitter:label2\" content=\"Tiempo de lectura\" \/>\n\t<meta name=\"twitter:data2\" content=\"2 minutos\" \/>\n<script type=\"application\/ld+json\" class=\"yoast-schema-graph\">{\"@context\":\"https:\\\/\\\/schema.org\",\"@graph\":[{\"@type\":\"Article\",\"@id\":\"https:\\\/\\\/quehacerpolitico.mx\\\/?p=130377#article\",\"isPartOf\":{\"@id\":\"https:\\\/\\\/quehacerpolitico.mx\\\/?p=130377\"},\"author\":{\"name\":\"Redacci\u00f3n QP\",\"@id\":\"https:\\\/\\\/quehacerpolitico.mx\\\/#\\\/schema\\\/person\\\/496d8ad2d1d3f8036101dca7ee39e585\"},\"headline\":\"GOBIERNO DE ALESSANDRA ROJO DE LA VEGA REGULARIZA PARQUE VEHICULAR DE LA CUAUHT\u00c9MOC TRAS A\u00d1OS DE REZAGO ADMINISTRATIVO\",\"datePublished\":\"2026-04-22T23:37:56+00:00\",\"dateModified\":\"2026-04-22T23:37:59+00:00\",\"mainEntityOfPage\":{\"@id\":\"https:\\\/\\\/quehacerpolitico.mx\\\/?p=130377\"},\"wordCount\":396,\"commentCount\":0,\"image\":{\"@id\":\"https:\\\/\\\/quehacerpolitico.mx\\\/?p=130377#primaryimage\"},\"thumbnailUrl\":\"https:\\\/\\\/quehacerpolitico.mx\\\/wp-content\\\/uploads\\\/2026\\\/04\\\/image.png\",\"articleSection\":[\"CDMX\"],\"inLanguage\":\"es\",\"potentialAction\":[{\"@type\":\"CommentAction\",\"name\":\"Comment\",\"target\":[\"https:\\\/\\\/quehacerpolitico.mx\\\/?p=130377#respond\"]}]},{\"@type\":\"WebPage\",\"@id\":\"https:\\\/\\\/quehacerpolitico.mx\\\/?p=130377\",\"url\":\"https:\\\/\\\/quehacerpolitico.mx\\\/?p=130377\",\"name\":\"GOBIERNO DE ALESSANDRA ROJO DE LA VEGA REGULARIZA PARQUE VEHICULAR DE LA CUAUHT\u00c9MOC TRAS A\u00d1OS DE REZAGO ADMINISTRATIVO -\",\"isPartOf\":{\"@id\":\"https:\\\/\\\/quehacerpolitico.mx\\\/#website\"},\"primaryImageOfPage\":{\"@id\":\"https:\\\/\\\/quehacerpolitico.mx\\\/?p=130377#primaryimage\"},\"image\":{\"@id\":\"https:\\\/\\\/quehacerpolitico.mx\\\/?p=130377#primaryimage\"},\"thumbnailUrl\":\"https:\\\/\\\/quehacerpolitico.mx\\\/wp-content\\\/uploads\\\/2026\\\/04\\\/image.png\",\"datePublished\":\"2026-04-22T23:37:56+00:00\",\"dateModified\":\"2026-04-22T23:37:59+00:00\",\"author\":{\"@id\":\"https:\\\/\\\/quehacerpolitico.mx\\\/#\\\/schema\\\/person\\\/496d8ad2d1d3f8036101dca7ee39e585\"},\"breadcrumb\":{\"@id\":\"https:\\\/\\\/quehacerpolitico.mx\\\/?p=130377#breadcrumb\"},\"inLanguage\":\"es\",\"potentialAction\":[{\"@type\":\"ReadAction\",\"target\":[\"https:\\\/\\\/quehacerpolitico.mx\\\/?p=130377\"]}]},{\"@type\":\"ImageObject\",\"inLanguage\":\"es\",\"@id\":\"https:\\\/\\\/quehacerpolitico.mx\\\/?p=130377#primaryimage\",\"url\":\"https:\\\/\\\/quehacerpolitico.mx\\\/wp-content\\\/uploads\\\/2026\\\/04\\\/image.png\",\"contentUrl\":\"https:\\\/\\\/quehacerpolitico.mx\\\/wp-content\\\/uploads\\\/2026\\\/04\\\/image.png\",\"width\":1024,\"height\":576},{\"@type\":\"BreadcrumbList\",\"@id\":\"https:\\\/\\\/quehacerpolitico.mx\\\/?p=130377#breadcrumb\",\"itemListElement\":[{\"@type\":\"ListItem\",\"position\":1,\"name\":\"Inicio\",\"item\":\"https:\\\/\\\/quehacerpolitico.mx\\\/\"},{\"@type\":\"ListItem\",\"position\":2,\"name\":\"GOBIERNO DE ALESSANDRA ROJO DE LA VEGA REGULARIZA PARQUE VEHICULAR DE LA CUAUHT\u00c9MOC TRAS A\u00d1OS DE REZAGO ADMINISTRATIVO\"}]},{\"@type\":\"WebSite\",\"@id\":\"https:\\\/\\\/quehacerpolitico.mx\\\/#website\",\"url\":\"https:\\\/\\\/quehacerpolitico.mx\\\/\",\"name\":\"\",\"description\":\"\",\"potentialAction\":[{\"@type\":\"SearchAction\",\"target\":{\"@type\":\"EntryPoint\",\"urlTemplate\":\"https:\\\/\\\/quehacerpolitico.mx\\\/?s={search_term_string}\"},\"query-input\":{\"@type\":\"PropertyValueSpecification\",\"valueRequired\":true,\"valueName\":\"search_term_string\"}}],\"inLanguage\":\"es\"},{\"@type\":\"Person\",\"@id\":\"https:\\\/\\\/quehacerpolitico.mx\\\/#\\\/schema\\\/person\\\/496d8ad2d1d3f8036101dca7ee39e585\",\"name\":\"Redacci\u00f3n QP\",\"image\":{\"@type\":\"ImageObject\",\"inLanguage\":\"es\",\"@id\":\"https:\\\/\\\/secure.gravatar.com\\\/avatar\\\/c7164ed6fdec453195284ad24a5ae5b6e1eed2b848477fa2a4787ba9adf39a41?s=96&d=mm&r=g\",\"url\":\"https:\\\/\\\/secure.gravatar.com\\\/avatar\\\/c7164ed6fdec453195284ad24a5ae5b6e1eed2b848477fa2a4787ba9adf39a41?s=96&d=mm&r=g\",\"contentUrl\":\"https:\\\/\\\/secure.gravatar.com\\\/avatar\\\/c7164ed6fdec453195284ad24a5ae5b6e1eed2b848477fa2a4787ba9adf39a41?s=96&d=mm&r=g\",\"caption\":\"Redacci\u00f3n QP\"},\"url\":\"https:\\\/\\\/quehacerpolitico.mx\\\/?author=2\"}]}<\/script>\n<!-- \/ Yoast SEO plugin. -->","yoast_head_json":{"title":"GOBIERNO DE ALESSANDRA ROJO DE LA VEGA REGULARIZA PARQUE VEHICULAR DE LA CUAUHT\u00c9MOC TRAS A\u00d1OS DE REZAGO ADMINISTRATIVO -","robots":{"index":"index","follow":"follow","max-snippet":"max-snippet:-1","max-image-preview":"max-image-preview:large","max-video-preview":"max-video-preview:-1"},"canonical":"https:\/\/quehacerpolitico.mx\/?p=130377","og_locale":"es_MX","og_type":"article","og_title":"GOBIERNO DE ALESSANDRA ROJO DE LA VEGA REGULARIZA PARQUE VEHICULAR DE LA CUAUHT\u00c9MOC TRAS A\u00d1OS DE REZAGO ADMINISTRATIVO -","og_description":"Por Redacci\u00f3n QP * Se detectaron unidades con tarjetas de circulaci\u00f3n vencidas desde 2018, multas...","og_url":"https:\/\/quehacerpolitico.mx\/?p=130377","article_published_time":"2026-04-22T23:37:56+00:00","article_modified_time":"2026-04-22T23:37:59+00:00","og_image":[{"width":1024,"height":576,"url":"http:\/\/quehacerpolitico.mx\/wp-content\/uploads\/2026\/04\/image.png","type":"image\/png"}],"author":"Redacci\u00f3n QP","twitter_card":"summary_large_image","twitter_misc":{"Escrito por":"Redacci\u00f3n QP","Tiempo de lectura":"2 minutos"},"schema":{"@context":"https:\/\/schema.org","@graph":[{"@type":"Article","@id":"https:\/\/quehacerpolitico.mx\/?p=130377#article","isPartOf":{"@id":"https:\/\/quehacerpolitico.mx\/?p=130377"},"author":{"name":"Redacci\u00f3n QP","@id":"https:\/\/quehacerpolitico.mx\/#\/schema\/person\/496d8ad2d1d3f8036101dca7ee39e585"},"headline":"GOBIERNO DE ALESSANDRA ROJO DE LA VEGA REGULARIZA PARQUE VEHICULAR DE LA CUAUHT\u00c9MOC TRAS A\u00d1OS DE REZAGO ADMINISTRATIVO","datePublished":"2026-04-22T23:37:56+00:00","dateModified":"2026-04-22T23:37:59+00:00","mainEntityOfPage":{"@id":"https:\/\/quehacerpolitico.mx\/?p=130377"},"wordCount":396,"commentCount":0,"image":{"@id":"https:\/\/quehacerpolitico.mx\/?p=130377#primaryimage"},"thumbnailUrl":"https:\/\/quehacerpolitico.mx\/wp-content\/uploads\/2026\/04\/image.png","articleSection":["CDMX"],"inLanguage":"es","potentialAction":[{"@type":"CommentAction","name":"Comment","target":["https:\/\/quehacerpolitico.mx\/?p=130377#respond"]}]},{"@type":"WebPage","@id":"https:\/\/quehacerpolitico.mx\/?p=130377","url":"https:\/\/quehacerpolitico.mx\/?p=130377","name":"GOBIERNO DE ALESSANDRA ROJO DE LA VEGA REGULARIZA PARQUE VEHICULAR DE LA CUAUHT\u00c9MOC TRAS A\u00d1OS DE REZAGO ADMINISTRATIVO -","isPartOf":{"@id":"https:\/\/quehacerpolitico.mx\/#website"},"primaryImageOfPage":{"@id":"https:\/\/quehacerpolitico.mx\/?p=130377#primaryimage"},"image":{"@id":"https:\/\/quehacerpolitico.mx\/?p=130377#primaryimage"},"thumbnailUrl":"https:\/\/quehacerpolitico.mx\/wp-content\/uploads\/2026\/04\/image.png","datePublished":"2026-04-22T23:37:56+00:00","dateModified":"2026-04-22T23:37:59+00:00","author":{"@id":"https:\/\/quehacerpolitico.mx\/#\/schema\/person\/496d8ad2d1d3f8036101dca7ee39e585"},"breadcrumb":{"@id":"https:\/\/quehacerpolitico.mx\/?p=130377#breadcrumb"},"inLanguage":"es","potentialAction":[{"@type":"ReadAction","target":["https:\/\/quehacerpolitico.mx\/?p=130377"]}]},{"@type":"ImageObject","inLanguage":"es","@id":"https:\/\/quehacerpolitico.mx\/?p=130377#primaryimage","url":"https:\/\/quehacerpolitico.mx\/wp-content\/uploads\/2026\/04\/image.png","contentUrl":"https:\/\/quehacerpolitico.mx\/wp-content\/uploads\/2026\/04\/image.png","width":1024,"height":576},{"@type":"BreadcrumbList","@id":"https:\/\/quehacerpolitico.mx\/?p=130377#breadcrumb","itemListElement":[{"@type":"ListItem","position":1,"name":"Inicio","item":"https:\/\/quehacerpolitico.mx\/"},{"@type":"ListItem","position":2,"name":"GOBIERNO DE ALESSANDRA ROJO DE LA VEGA REGULARIZA PARQUE VEHICULAR DE LA CUAUHT\u00c9MOC TRAS A\u00d1OS DE REZAGO ADMINISTRATIVO"}]},{"@type":"WebSite","@id":"https:\/\/quehacerpolitico.mx\/#website","url":"https:\/\/quehacerpolitico.mx\/","name":"","description":"","potentialAction":[{"@type":"SearchAction","target":{"@type":"EntryPoint","urlTemplate":"https:\/\/quehacerpolitico.mx\/?s={search_term_string}"},"query-input":{"@type":"PropertyValueSpecification","valueRequired":true,"valueName":"search_term_string"}}],"inLanguage":"es"},{"@type":"Person","@id":"https:\/\/quehacerpolitico.mx\/#\/schema\/person\/496d8ad2d1d3f8036101dca7ee39e585","name":"Redacci\u00f3n QP","image":{"@type":"ImageObject","inLanguage":"es","@id":"https:\/\/secure.gravatar.com\/avatar\/c7164ed6fdec453195284ad24a5ae5b6e1eed2b848477fa2a4787ba9adf39a41?s=96&d=mm&r=g","url":"https:\/\/secure.gravatar.com\/avatar\/c7164ed6fdec453195284ad24a5ae5b6e1eed2b848477fa2a4787ba9adf39a41?s=96&d=mm&r=g","contentUrl":"https:\/\/secure.gravatar.com\/avatar\/c7164ed6fdec453195284ad24a5ae5b6e1eed2b848477fa2a4787ba9adf39a41?s=96&d=mm&r=g","caption":"Redacci\u00f3n QP"},"url":"https:\/\/quehacerpolitico.mx\/?author=2"}]}},"featured_image_urls":{"full":["https:\/\/quehacerpolitico.mx\/wp-content\/uploads\/2026\/04\/image.png",1024,576,false],"thumbnail":["https:\/\/quehacerpolitico.mx\/wp-content\/uploads\/2026\/04\/image-150x150.png",150,150,true],"medium":["https:\/\/quehacerpolitico.mx\/wp-content\/uploads\/2026\/04\/image-300x169.png",300,169,true],"medium_large":["https:\/\/quehacerpolitico.mx\/wp-content\/uploads\/2026\/04\/image-768x432.png",640,360,true],"large":["https:\/\/quehacerpolitico.mx\/wp-content\/uploads\/2026\/04\/image.png",640,360,false],"1536x1536":["https:\/\/quehacerpolitico.mx\/wp-content\/uploads\/2026\/04\/image.png",1024,576,false],"2048x2048":["https:\/\/quehacerpolitico.mx\/wp-content\/uploads\/2026\/04\/image.png",1024,576,false],"covernews-featured":["https:\/\/quehacerpolitico.mx\/wp-content\/uploads\/2026\/04\/image.png",1024,576,false],"covernews-medium":["https:\/\/quehacerpolitico.mx\/wp-content\/uploads\/2026\/04\/image-540x340.png",540,340,true]},"author_info":{"display_name":"Redacci\u00f3n QP","author_link":"https:\/\/quehacerpolitico.mx\/?author=2"},"category_info":"<a href=\"https:\/\/quehacerpolitico.mx\/?cat=55\" rel=\"category\">CDMX<\/a>","tag_info":"CDMX","comment_count":"0","_links":{"self":[{"href":"https:\/\/quehacerpolitico.mx\/index.php?rest_route=\/wp\/v2\/posts\/130377","targetHints":{"allow":["GET"]}}],"collection":[{"href":"https:\/\/quehacerpolitico.mx\/index.php?rest_route=\/wp\/v2\/posts"}],"about":[{"href":"https:\/\/quehacerpolitico.mx\/index.php?rest_route=\/wp\/v2\/types\/post"}],"author":[{"embeddable":true,"href":"https:\/\/quehacerpolitico.mx\/index.php?rest_route=\/wp\/v2\/users\/2"}],"replies":[{"embeddable":true,"href":"https:\/\/quehacerpolitico.mx\/index.php?rest_route=%2Fwp%2Fv2%2Fcomments&post=130377"}],"version-history":[{"count":1,"href":"https:\/\/quehacerpolitico.mx\/index.php?rest_route=\/wp\/v2\/posts\/130377\/revisions"}],"predecessor-version":[{"id":130379,"href":"https:\/\/quehacerpolitico.mx\/index.php?rest_route=\/wp\/v2\/posts\/130377\/revisions\/130379"}],"wp:featuredmedia":[{"embeddable":true,"href":"https:\/\/quehacerpolitico.mx\/index.php?rest_route=\/wp\/v2\/media\/130378"}],"wp:attachment":[{"href":"https:\/\/quehacerpolitico.mx\/index.php?rest_route=%2Fwp%2Fv2%2Fmedia&parent=130377"}],"wp:term":[{"taxonomy":"category","embeddable":true,"href":"https:\/\/quehacerpolitico.mx\/index.php?rest_route=%2Fwp%2Fv2%2Fcategories&post=130377"},{"taxonomy":"post_tag","embeddable":true,"href":"https:\/\/quehacerpolitico.mx\/index.php?rest_route=%2Fwp%2Fv2%2Ftags&post=130377"}],"curies":[{"name":"wp","href":"https:\/\/api.w.org\/{rel}","templated":true}]}}