{"id":130367,"date":"2026-04-22T15:12:55","date_gmt":"2026-04-22T21:12:55","guid":{"rendered":"https:\/\/quehacerpolitico.mx\/?p=130367"},"modified":"2026-04-22T15:13:00","modified_gmt":"2026-04-22T21:13:00","slug":"posicionamiento-de-la-fundacion-arturo-herrera-cabanas","status":"publish","type":"post","link":"https:\/\/quehacerpolitico.mx\/?p=130367","title":{"rendered":"Posicionamiento de la Fundaci\u00f3n Arturo Herrera Caba\u00f1as"},"content":{"rendered":"\n<p>Por Redacci\u00f3n QP<\/p>\n\n\n\n<p><strong>MANIFIESTO DE APOYO A LA FUNDACI\u00d3N ARTURO HERRERA CABA\u00d1AS<\/strong><\/p>\n\n\n\n<p>Las &nbsp;organizaciones,&nbsp;colectivos&nbsp;y activistas&nbsp;de la sociedad civil&nbsp;<a><\/a>que suscribimos la presente, nos&nbsp;<strong>manifestamos &nbsp;en\u00e9rgicamente<\/strong>&nbsp;en contra de la actuaci\u00f3n del Gobierno del Estado, que a ra\u00edz de embates constantes&nbsp;quiere&nbsp;desalojar el edificio que ocupa la Fundaci\u00f3n Herrera Caba\u00f1as que por m\u00e1s de 30 a\u00f1os ha resguardado y promovido la cultura en sus diversas&nbsp;expresiones&nbsp;en nuestra entidad.<\/p>\n\n\n\n<p>No tenemos duda de que la Fundaci\u00f3n ha contribuido enormemente a que la poblaci\u00f3n infantil, juvenil y adulta de diversos municipios &nbsp;del Estado se&nbsp;alimenten de los diferentes eventos que ha organizado como conciertos, concursos, &nbsp;presentaci\u00f3n de libros, conferencias de hombres y mujeres hidalguenses, eventos de danza,&nbsp;eventos deportivos, clases de actividades dom\u00e9sticas,&nbsp;recuperaci\u00f3n de actividades tradicionales,&nbsp;entre otros.&nbsp;<\/p>\n\n\n\n<p>Es un contrasentido quitar un espacio que la familia Herrera Caba\u00f1as ha luchado por resguardar de la mano de la sociedad a trav\u00e9s de un activismo permanente a favor de la cultura como expresi\u00f3n de nuestra sociedad.<\/p>\n\n\n\n<p><strong>Suscribimos &nbsp;el manifiesto:<\/strong><\/p>\n\n\n\n<p><strong>Organizaciones y Colectivos:<\/strong><\/p>\n\n\n\n<figure class=\"wp-block-table\"><table class=\"has-fixed-layout\"><tbody><tr><td>Maricela Hern\u00e1ndezHermanas mayores Sembradoras de Derechos.<\/td><td>Francisco CerezoComit\u00e9 Cerezo M\u00e9xico<\/td><\/tr><tr><td>BIOFUTURA<\/td><td>Di Ramona<\/td><\/tr><tr><td>&nbsp;Comunidad Art\u00edstica y Cultural de Hidalgo<\/td><td>Virgilio Guzm\u00e1nAsociaci\u00f3n de Escritores de Hidalgo<\/td><\/tr><tr><td>Xavier Montoya CardozoAlianza Hidalguense Ambiental<\/td><td>Mar\u00eda del Carmen ArriolaAcademia Hidalguense de Educaci\u00f3n y Derechos Humanos<\/td><\/tr><tr><td>Carlos David&nbsp;RamirezIzquierda Unida Hidalguense&nbsp;<\/td><td>Roberto Escamilla LeyvaAmando la Naturaleza AC<\/td><\/tr><tr><td>Yolanda UbillaAsociaci\u00f3n&nbsp;por la protecci\u00f3n de la Tierra y el Bienestar de Epazoyucan.<\/td><td>Pamela \u00c1lvarezPor la Inclusi\u00f3n y Derechos Humanos<\/td><\/tr><tr><td>Alejandra RojasComunidades Unidas de&nbsp;Zimapan<\/td><td>Rosalva&nbsp;Investigadores Comunitarios del Agua Zimap\u00e1n<\/td><\/tr><tr><td>Eunice Rodr\u00edguezComunidad de Santiago Tlapacoya<\/td><td>Andres&nbsp;OrtegaAsociaci\u00f3n Ciclista de Hidalgo<\/td><\/tr><tr><td>Brisa Flores\u201cEl Maguey La Casa de todos\u201d&nbsp;<\/td><td>Hector&nbsp;Gabriel&nbsp;LegorretaXHGLC Multimedios Alternativos Sociales<\/td><\/tr><tr><td>Andres&nbsp;BecerrilColegio&nbsp;se&nbsp;Arquitectos<\/td><td>Andres&nbsp;OrtegaPrograma Nacional de Ingl\u00e9s<\/td><\/tr><\/tbody><\/table><\/figure>\n\n\n\n<figure class=\"wp-block-table\"><table class=\"has-fixed-layout\"><tbody><tr><td>Dr. Gonzalo Santos. Profesor Em\u00e9rito de Sociolog\u00eda. Universidad Estatal de California. EEUU.<\/td><td>Lilia VegaComit\u00e9 de Fraccionamientos del Sur<\/td><\/tr><tr><td>Luis&nbsp;Anaza&nbsp;RoaMaestros y Amigos de&nbsp;Molango<\/td><td>Tao Tonatiuh&nbsp;Shoeder&nbsp;MorletOveja Negra Blues y Rock<\/td><\/tr><tr><td>Virgilio Palacios&nbsp;RiosColegio Nacional de Abogados Democr\u00e1ticos<\/td><td>Victor&nbsp;Hugo CastilloFederaci\u00f3n Nacional &nbsp;por el Desarrollo Econ\u00f3mico Emiliano Zapata<\/td><\/tr><\/tbody><\/table><\/figure>\n\n\n\n<p>Firmas aut\u00f3grafas de activistas&nbsp;<\/p>\n\n\n\n<figure class=\"wp-block-table\"><table class=\"has-fixed-layout\"><tbody><tr><td>Brianda&nbsp;Luna Badillo<\/td><td>Otilia&nbsp;Gonzala&nbsp;S\u00e1nchez<\/td><\/tr><tr><td>Olimpia&nbsp;Batiz&nbsp;Montiel<\/td><td>Jos\u00e9 Padilla Ch\u00e1vez<\/td><\/tr><tr><td>Gonzalo Serna Alc\u00e1ntara<\/td><td>Alejandro&nbsp;Cheh\u00edn&nbsp;Salinas<\/td><\/tr><tr><td>Maricela Hern\u00e1ndez Garc\u00eda<\/td><td>Mar\u00eda Eugenia P\u00e9rez Mendoza<\/td><\/tr><tr><td>Guillermo Ortega Flores&nbsp;<\/td><td>Jessica Hern\u00e1ndez Sierra<\/td><\/tr><tr><td>Heladio Vega Trejo<\/td><td>Jared Roble&nbsp;<\/td><\/tr><tr><td>Armando&nbsp;Narvaez&nbsp;Morales<\/td><td>Luis Anaya Roca<\/td><\/tr><tr><td>Jos\u00e9 Padilla&nbsp;Chavez<\/td><td>Erick&nbsp;Ar\u00e9chiga&nbsp;Lugo<\/td><\/tr><tr><td>Beatriz Torrez&nbsp;Martinez<\/td><td>Uriel Garc\u00eda&nbsp;Garc\u00eda<\/td><\/tr><tr><td>Jaen&nbsp;Paredes&nbsp;<\/td><td>Yetna&nbsp;Jos\u00e9 P\u00e9rez Campos<\/td><\/tr><tr><td>Roiberto&nbsp;Sanchez&nbsp;Chavez<\/td><td>Andres&nbsp;Ariel Marques S\u00e1nchez<\/td><\/tr><tr><td>Alejandro Rodr\u00edguez Mart\u00ednez&nbsp;<\/td><td>Areli Rebeca Nieves Guzm\u00e1n<\/td><\/tr><tr><td>Laennek&nbsp;Pascoe&nbsp;Moreno<\/td><td>Ernesto&nbsp;Mereno&nbsp;Hern\u00e1ndez<\/td><\/tr><tr><td>Amelia L\u00f3pez Cortes<\/td><td>Alejandra Rodr\u00edguez L\u00f3pez<\/td><\/tr><tr><td>Oswaldo Javier Castel\u00e1n&nbsp;Hernandez<\/td><td>Eddy Uriel Garc\u00eda Jim\u00e9nez<\/td><\/tr><tr><td>Ma&nbsp;Angela&nbsp;L\u00f3pez Garc\u00eda<\/td><td>Ang\u00e9lica Rodr\u00edguez Barrera<\/td><\/tr><tr><td>Monroy L\u00f3pez Paola&nbsp;Getseman<\/td><td>Rojas Baltazar &nbsp;Edgar Alejandro<\/td><\/tr><tr><td>David Ordaz<\/td><td>Maria&nbsp;Guadalupe Ch\u00e1vez&nbsp;Gachuz<\/td><\/tr><tr><td>Mar\u00eda&nbsp;Azsena&nbsp;Serna L\u00f3pez<\/td><td>Julieta&nbsp;Eliz\u00e1rraga&nbsp;&nbsp;Garc\u00eda<\/td><\/tr><tr><td>Artemio&nbsp;Hernandez&nbsp;Lara&nbsp;<\/td><td>Jes\u00fas Alexander&nbsp;Hdez&nbsp;Martinez<\/td><\/tr><tr><td>Teresa Magos Mart\u00ednez<\/td><td>Leydi&nbsp;Yanel&nbsp;Crue&nbsp;del&nbsp;Angel<\/td><\/tr><tr><td>Mar\u00eda&nbsp;Conceci\u00f3n&nbsp;Blas&nbsp;Hernandez<\/td><td>Andres&nbsp;Becerril&nbsp;Benitez<\/td><\/tr><tr><td>Dalia Hern\u00e1ndez L\u00f3pez<\/td><td>Luz Liliana Ibarra Hern\u00e1ndez<\/td><\/tr><tr><td>Ja\u00e9n Paredes&nbsp;Abdeel<\/td><td>Ma&nbsp;del Carmen Arrida Miranda&nbsp;<\/td><\/tr><tr><td>Graciela&nbsp;Cervantes&nbsp;<\/td><td>Guadalupe&nbsp;Soliz<\/td><\/tr><tr><td>Roberto&nbsp;Chavez<\/td><td>Victor&nbsp;Ortega<\/td><\/tr><tr><td>Ren\u00e9 Ortega<\/td><td>&nbsp;<\/td><\/tr><tr><td>&nbsp;<\/td><td>&nbsp;<\/td><\/tr><\/tbody><\/table><\/figure>\n\n\n\n<p>Y 5,500 firmas recaudadas en las redes sociales<\/p>\n","protected":false},"excerpt":{"rendered":"<p>Por Redacci\u00f3n QP MANIFIESTO DE APOYO A LA FUNDACI\u00d3N ARTURO HERRERA CABA\u00d1AS Las &nbsp;organizaciones,&nbsp;colectivos&nbsp;y activistas&nbsp;de&#8230;<\/p>\n","protected":false},"author":2,"featured_media":130368,"comment_status":"open","ping_status":"open","sticky":false,"template":"","format":"standard","meta":{"_monsterinsights_skip_tracking":false,"_monsterinsights_sitenote_active":false,"_monsterinsights_sitenote_note":"","_monsterinsights_sitenote_category":0,"footnotes":""},"categories":[280,2],"tags":[],"class_list":["post-130367","post","type-post","status-publish","format-standard","has-post-thumbnail","hentry","category-nacionales","category-noticias"],"yoast_head":"<!-- This site is optimized with the Yoast SEO plugin v27.3 - https:\/\/yoast.com\/product\/yoast-seo-wordpress\/ -->\n<title>Posicionamiento de la Fundaci\u00f3n Arturo Herrera Caba\u00f1as -<\/title>\n<meta name=\"robots\" content=\"index, follow, max-snippet:-1, max-image-preview:large, max-video-preview:-1\" \/>\n<link rel=\"canonical\" href=\"https:\/\/quehacerpolitico.mx\/?p=130367\" \/>\n<meta property=\"og:locale\" content=\"es_MX\" \/>\n<meta property=\"og:type\" content=\"article\" \/>\n<meta property=\"og:title\" content=\"Posicionamiento de la Fundaci\u00f3n Arturo Herrera Caba\u00f1as -\" \/>\n<meta property=\"og:description\" content=\"Por Redacci\u00f3n QP MANIFIESTO DE APOYO A LA FUNDACI\u00d3N ARTURO HERRERA CABA\u00d1AS Las &nbsp;organizaciones,&nbsp;colectivos&nbsp;y activistas&nbsp;de...\" \/>\n<meta property=\"og:url\" content=\"https:\/\/quehacerpolitico.mx\/?p=130367\" \/>\n<meta property=\"article:published_time\" content=\"2026-04-22T21:12:55+00:00\" \/>\n<meta property=\"article:modified_time\" content=\"2026-04-22T21:13:00+00:00\" \/>\n<meta property=\"og:image\" content=\"http:\/\/quehacerpolitico.mx\/wp-content\/uploads\/2026\/04\/IMG_8138.jpeg\" \/>\n\t<meta property=\"og:image:width\" content=\"375\" \/>\n\t<meta property=\"og:image:height\" content=\"249\" \/>\n\t<meta property=\"og:image:type\" content=\"image\/jpeg\" \/>\n<meta name=\"author\" content=\"Redacci\u00f3n QP\" \/>\n<meta name=\"twitter:card\" content=\"summary_large_image\" \/>\n<meta name=\"twitter:label1\" content=\"Escrito por\" \/>\n\t<meta name=\"twitter:data1\" content=\"Redacci\u00f3n QP\" \/>\n\t<meta name=\"twitter:label2\" content=\"Tiempo de lectura\" \/>\n\t<meta name=\"twitter:data2\" content=\"3 minutos\" \/>\n<script type=\"application\/ld+json\" class=\"yoast-schema-graph\">{\"@context\":\"https:\\\/\\\/schema.org\",\"@graph\":[{\"@type\":\"Article\",\"@id\":\"https:\\\/\\\/quehacerpolitico.mx\\\/?p=130367#article\",\"isPartOf\":{\"@id\":\"https:\\\/\\\/quehacerpolitico.mx\\\/?p=130367\"},\"author\":{\"name\":\"Redacci\u00f3n QP\",\"@id\":\"https:\\\/\\\/quehacerpolitico.mx\\\/#\\\/schema\\\/person\\\/496d8ad2d1d3f8036101dca7ee39e585\"},\"headline\":\"Posicionamiento de la Fundaci\u00f3n Arturo Herrera Caba\u00f1as\",\"datePublished\":\"2026-04-22T21:12:55+00:00\",\"dateModified\":\"2026-04-22T21:13:00+00:00\",\"mainEntityOfPage\":{\"@id\":\"https:\\\/\\\/quehacerpolitico.mx\\\/?p=130367\"},\"wordCount\":714,\"commentCount\":0,\"image\":{\"@id\":\"https:\\\/\\\/quehacerpolitico.mx\\\/?p=130367#primaryimage\"},\"thumbnailUrl\":\"https:\\\/\\\/quehacerpolitico.mx\\\/wp-content\\\/uploads\\\/2026\\\/04\\\/IMG_8138.jpeg\",\"articleSection\":[\"Nacionales\",\"Noticias\"],\"inLanguage\":\"es\",\"potentialAction\":[{\"@type\":\"CommentAction\",\"name\":\"Comment\",\"target\":[\"https:\\\/\\\/quehacerpolitico.mx\\\/?p=130367#respond\"]}]},{\"@type\":\"WebPage\",\"@id\":\"https:\\\/\\\/quehacerpolitico.mx\\\/?p=130367\",\"url\":\"https:\\\/\\\/quehacerpolitico.mx\\\/?p=130367\",\"name\":\"Posicionamiento de la Fundaci\u00f3n Arturo Herrera Caba\u00f1as -\",\"isPartOf\":{\"@id\":\"https:\\\/\\\/quehacerpolitico.mx\\\/#website\"},\"primaryImageOfPage\":{\"@id\":\"https:\\\/\\\/quehacerpolitico.mx\\\/?p=130367#primaryimage\"},\"image\":{\"@id\":\"https:\\\/\\\/quehacerpolitico.mx\\\/?p=130367#primaryimage\"},\"thumbnailUrl\":\"https:\\\/\\\/quehacerpolitico.mx\\\/wp-content\\\/uploads\\\/2026\\\/04\\\/IMG_8138.jpeg\",\"datePublished\":\"2026-04-22T21:12:55+00:00\",\"dateModified\":\"2026-04-22T21:13:00+00:00\",\"author\":{\"@id\":\"https:\\\/\\\/quehacerpolitico.mx\\\/#\\\/schema\\\/person\\\/496d8ad2d1d3f8036101dca7ee39e585\"},\"breadcrumb\":{\"@id\":\"https:\\\/\\\/quehacerpolitico.mx\\\/?p=130367#breadcrumb\"},\"inLanguage\":\"es\",\"potentialAction\":[{\"@type\":\"ReadAction\",\"target\":[\"https:\\\/\\\/quehacerpolitico.mx\\\/?p=130367\"]}]},{\"@type\":\"ImageObject\",\"inLanguage\":\"es\",\"@id\":\"https:\\\/\\\/quehacerpolitico.mx\\\/?p=130367#primaryimage\",\"url\":\"https:\\\/\\\/quehacerpolitico.mx\\\/wp-content\\\/uploads\\\/2026\\\/04\\\/IMG_8138.jpeg\",\"contentUrl\":\"https:\\\/\\\/quehacerpolitico.mx\\\/wp-content\\\/uploads\\\/2026\\\/04\\\/IMG_8138.jpeg\",\"width\":375,\"height\":249},{\"@type\":\"BreadcrumbList\",\"@id\":\"https:\\\/\\\/quehacerpolitico.mx\\\/?p=130367#breadcrumb\",\"itemListElement\":[{\"@type\":\"ListItem\",\"position\":1,\"name\":\"Inicio\",\"item\":\"https:\\\/\\\/quehacerpolitico.mx\\\/\"},{\"@type\":\"ListItem\",\"position\":2,\"name\":\"Posicionamiento de la Fundaci\u00f3n Arturo Herrera Caba\u00f1as\"}]},{\"@type\":\"WebSite\",\"@id\":\"https:\\\/\\\/quehacerpolitico.mx\\\/#website\",\"url\":\"https:\\\/\\\/quehacerpolitico.mx\\\/\",\"name\":\"\",\"description\":\"\",\"potentialAction\":[{\"@type\":\"SearchAction\",\"target\":{\"@type\":\"EntryPoint\",\"urlTemplate\":\"https:\\\/\\\/quehacerpolitico.mx\\\/?s={search_term_string}\"},\"query-input\":{\"@type\":\"PropertyValueSpecification\",\"valueRequired\":true,\"valueName\":\"search_term_string\"}}],\"inLanguage\":\"es\"},{\"@type\":\"Person\",\"@id\":\"https:\\\/\\\/quehacerpolitico.mx\\\/#\\\/schema\\\/person\\\/496d8ad2d1d3f8036101dca7ee39e585\",\"name\":\"Redacci\u00f3n QP\",\"image\":{\"@type\":\"ImageObject\",\"inLanguage\":\"es\",\"@id\":\"https:\\\/\\\/secure.gravatar.com\\\/avatar\\\/c7164ed6fdec453195284ad24a5ae5b6e1eed2b848477fa2a4787ba9adf39a41?s=96&d=mm&r=g\",\"url\":\"https:\\\/\\\/secure.gravatar.com\\\/avatar\\\/c7164ed6fdec453195284ad24a5ae5b6e1eed2b848477fa2a4787ba9adf39a41?s=96&d=mm&r=g\",\"contentUrl\":\"https:\\\/\\\/secure.gravatar.com\\\/avatar\\\/c7164ed6fdec453195284ad24a5ae5b6e1eed2b848477fa2a4787ba9adf39a41?s=96&d=mm&r=g\",\"caption\":\"Redacci\u00f3n QP\"},\"url\":\"https:\\\/\\\/quehacerpolitico.mx\\\/?author=2\"}]}<\/script>\n<!-- \/ Yoast SEO plugin. -->","yoast_head_json":{"title":"Posicionamiento de la Fundaci\u00f3n Arturo Herrera Caba\u00f1as -","robots":{"index":"index","follow":"follow","max-snippet":"max-snippet:-1","max-image-preview":"max-image-preview:large","max-video-preview":"max-video-preview:-1"},"canonical":"https:\/\/quehacerpolitico.mx\/?p=130367","og_locale":"es_MX","og_type":"article","og_title":"Posicionamiento de la Fundaci\u00f3n Arturo Herrera Caba\u00f1as -","og_description":"Por Redacci\u00f3n QP MANIFIESTO DE APOYO A LA FUNDACI\u00d3N ARTURO HERRERA CABA\u00d1AS Las &nbsp;organizaciones,&nbsp;colectivos&nbsp;y activistas&nbsp;de...","og_url":"https:\/\/quehacerpolitico.mx\/?p=130367","article_published_time":"2026-04-22T21:12:55+00:00","article_modified_time":"2026-04-22T21:13:00+00:00","og_image":[{"width":375,"height":249,"url":"http:\/\/quehacerpolitico.mx\/wp-content\/uploads\/2026\/04\/IMG_8138.jpeg","type":"image\/jpeg"}],"author":"Redacci\u00f3n QP","twitter_card":"summary_large_image","twitter_misc":{"Escrito por":"Redacci\u00f3n QP","Tiempo de lectura":"3 minutos"},"schema":{"@context":"https:\/\/schema.org","@graph":[{"@type":"Article","@id":"https:\/\/quehacerpolitico.mx\/?p=130367#article","isPartOf":{"@id":"https:\/\/quehacerpolitico.mx\/?p=130367"},"author":{"name":"Redacci\u00f3n QP","@id":"https:\/\/quehacerpolitico.mx\/#\/schema\/person\/496d8ad2d1d3f8036101dca7ee39e585"},"headline":"Posicionamiento de la Fundaci\u00f3n Arturo Herrera Caba\u00f1as","datePublished":"2026-04-22T21:12:55+00:00","dateModified":"2026-04-22T21:13:00+00:00","mainEntityOfPage":{"@id":"https:\/\/quehacerpolitico.mx\/?p=130367"},"wordCount":714,"commentCount":0,"image":{"@id":"https:\/\/quehacerpolitico.mx\/?p=130367#primaryimage"},"thumbnailUrl":"https:\/\/quehacerpolitico.mx\/wp-content\/uploads\/2026\/04\/IMG_8138.jpeg","articleSection":["Nacionales","Noticias"],"inLanguage":"es","potentialAction":[{"@type":"CommentAction","name":"Comment","target":["https:\/\/quehacerpolitico.mx\/?p=130367#respond"]}]},{"@type":"WebPage","@id":"https:\/\/quehacerpolitico.mx\/?p=130367","url":"https:\/\/quehacerpolitico.mx\/?p=130367","name":"Posicionamiento de la Fundaci\u00f3n Arturo Herrera Caba\u00f1as -","isPartOf":{"@id":"https:\/\/quehacerpolitico.mx\/#website"},"primaryImageOfPage":{"@id":"https:\/\/quehacerpolitico.mx\/?p=130367#primaryimage"},"image":{"@id":"https:\/\/quehacerpolitico.mx\/?p=130367#primaryimage"},"thumbnailUrl":"https:\/\/quehacerpolitico.mx\/wp-content\/uploads\/2026\/04\/IMG_8138.jpeg","datePublished":"2026-04-22T21:12:55+00:00","dateModified":"2026-04-22T21:13:00+00:00","author":{"@id":"https:\/\/quehacerpolitico.mx\/#\/schema\/person\/496d8ad2d1d3f8036101dca7ee39e585"},"breadcrumb":{"@id":"https:\/\/quehacerpolitico.mx\/?p=130367#breadcrumb"},"inLanguage":"es","potentialAction":[{"@type":"ReadAction","target":["https:\/\/quehacerpolitico.mx\/?p=130367"]}]},{"@type":"ImageObject","inLanguage":"es","@id":"https:\/\/quehacerpolitico.mx\/?p=130367#primaryimage","url":"https:\/\/quehacerpolitico.mx\/wp-content\/uploads\/2026\/04\/IMG_8138.jpeg","contentUrl":"https:\/\/quehacerpolitico.mx\/wp-content\/uploads\/2026\/04\/IMG_8138.jpeg","width":375,"height":249},{"@type":"BreadcrumbList","@id":"https:\/\/quehacerpolitico.mx\/?p=130367#breadcrumb","itemListElement":[{"@type":"ListItem","position":1,"name":"Inicio","item":"https:\/\/quehacerpolitico.mx\/"},{"@type":"ListItem","position":2,"name":"Posicionamiento de la Fundaci\u00f3n Arturo Herrera Caba\u00f1as"}]},{"@type":"WebSite","@id":"https:\/\/quehacerpolitico.mx\/#website","url":"https:\/\/quehacerpolitico.mx\/","name":"","description":"","potentialAction":[{"@type":"SearchAction","target":{"@type":"EntryPoint","urlTemplate":"https:\/\/quehacerpolitico.mx\/?s={search_term_string}"},"query-input":{"@type":"PropertyValueSpecification","valueRequired":true,"valueName":"search_term_string"}}],"inLanguage":"es"},{"@type":"Person","@id":"https:\/\/quehacerpolitico.mx\/#\/schema\/person\/496d8ad2d1d3f8036101dca7ee39e585","name":"Redacci\u00f3n QP","image":{"@type":"ImageObject","inLanguage":"es","@id":"https:\/\/secure.gravatar.com\/avatar\/c7164ed6fdec453195284ad24a5ae5b6e1eed2b848477fa2a4787ba9adf39a41?s=96&d=mm&r=g","url":"https:\/\/secure.gravatar.com\/avatar\/c7164ed6fdec453195284ad24a5ae5b6e1eed2b848477fa2a4787ba9adf39a41?s=96&d=mm&r=g","contentUrl":"https:\/\/secure.gravatar.com\/avatar\/c7164ed6fdec453195284ad24a5ae5b6e1eed2b848477fa2a4787ba9adf39a41?s=96&d=mm&r=g","caption":"Redacci\u00f3n QP"},"url":"https:\/\/quehacerpolitico.mx\/?author=2"}]}},"featured_image_urls":{"full":["https:\/\/quehacerpolitico.mx\/wp-content\/uploads\/2026\/04\/IMG_8138.jpeg",375,249,false],"thumbnail":["https:\/\/quehacerpolitico.mx\/wp-content\/uploads\/2026\/04\/IMG_8138-150x150.jpeg",150,150,true],"medium":["https:\/\/quehacerpolitico.mx\/wp-content\/uploads\/2026\/04\/IMG_8138-300x199.jpeg",300,199,true],"medium_large":["https:\/\/quehacerpolitico.mx\/wp-content\/uploads\/2026\/04\/IMG_8138.jpeg",375,249,false],"large":["https:\/\/quehacerpolitico.mx\/wp-content\/uploads\/2026\/04\/IMG_8138.jpeg",375,249,false],"1536x1536":["https:\/\/quehacerpolitico.mx\/wp-content\/uploads\/2026\/04\/IMG_8138.jpeg",375,249,false],"2048x2048":["https:\/\/quehacerpolitico.mx\/wp-content\/uploads\/2026\/04\/IMG_8138.jpeg",375,249,false],"covernews-featured":["https:\/\/quehacerpolitico.mx\/wp-content\/uploads\/2026\/04\/IMG_8138.jpeg",375,249,false],"covernews-medium":["https:\/\/quehacerpolitico.mx\/wp-content\/uploads\/2026\/04\/IMG_8138.jpeg",375,249,false]},"author_info":{"display_name":"Redacci\u00f3n QP","author_link":"https:\/\/quehacerpolitico.mx\/?author=2"},"category_info":"<a href=\"https:\/\/quehacerpolitico.mx\/?cat=280\" rel=\"category\">Nacionales<\/a> <a href=\"https:\/\/quehacerpolitico.mx\/?cat=2\" rel=\"category\">Noticias<\/a>","tag_info":"Noticias","comment_count":"0","_links":{"self":[{"href":"https:\/\/quehacerpolitico.mx\/index.php?rest_route=\/wp\/v2\/posts\/130367","targetHints":{"allow":["GET"]}}],"collection":[{"href":"https:\/\/quehacerpolitico.mx\/index.php?rest_route=\/wp\/v2\/posts"}],"about":[{"href":"https:\/\/quehacerpolitico.mx\/index.php?rest_route=\/wp\/v2\/types\/post"}],"author":[{"embeddable":true,"href":"https:\/\/quehacerpolitico.mx\/index.php?rest_route=\/wp\/v2\/users\/2"}],"replies":[{"embeddable":true,"href":"https:\/\/quehacerpolitico.mx\/index.php?rest_route=%2Fwp%2Fv2%2Fcomments&post=130367"}],"version-history":[{"count":1,"href":"https:\/\/quehacerpolitico.mx\/index.php?rest_route=\/wp\/v2\/posts\/130367\/revisions"}],"predecessor-version":[{"id":130369,"href":"https:\/\/quehacerpolitico.mx\/index.php?rest_route=\/wp\/v2\/posts\/130367\/revisions\/130369"}],"wp:featuredmedia":[{"embeddable":true,"href":"https:\/\/quehacerpolitico.mx\/index.php?rest_route=\/wp\/v2\/media\/130368"}],"wp:attachment":[{"href":"https:\/\/quehacerpolitico.mx\/index.php?rest_route=%2Fwp%2Fv2%2Fmedia&parent=130367"}],"wp:term":[{"taxonomy":"category","embeddable":true,"href":"https:\/\/quehacerpolitico.mx\/index.php?rest_route=%2Fwp%2Fv2%2Fcategories&post=130367"},{"taxonomy":"post_tag","embeddable":true,"href":"https:\/\/quehacerpolitico.mx\/index.php?rest_route=%2Fwp%2Fv2%2Ftags&post=130367"}],"curies":[{"name":"wp","href":"https:\/\/api.w.org\/{rel}","templated":true}]}}