{"id":129730,"date":"2026-03-14T10:12:02","date_gmt":"2026-03-14T16:12:02","guid":{"rendered":"https:\/\/quehacerpolitico.mx\/?p=129730"},"modified":"2026-03-14T10:12:07","modified_gmt":"2026-03-14T16:12:07","slug":"bravo-torito-el-mexicano-isaac-del-toro-gana-la-sexta-etapa-y-practicamente-asegura-la-carrera-tirreno-adriatico","status":"publish","type":"post","link":"https:\/\/quehacerpolitico.mx\/?p=129730","title":{"rendered":"\u00a1Bravo, \u2018Torito\u2019! El mexicano Isaac del Toro gana la sexta etapa y pr\u00e1cticamente asegura la carrera Tirreno-Adri\u00e1tico"},"content":{"rendered":"\n<p>Por Redacci\u00f3n QP<\/p>\n\n\n\n<p>Del Toro se aferr\u00f3 al liderato general y logr\u00f3 un \u00e9pico triunfo con una gran remontada en la pen\u00faltima etapa, con la que casi asegura el triunfo.<\/p>\n\n\n\n<p>El\u00a0<strong>ciclista mexicano Isaac del Toro conquist\u00f3 la sexta etapa de la carrera Tirreno-Adri\u00e1tico 2026<\/strong>\u00a0con una<strong> espectacular remontada<\/strong>\u00a0que pr\u00e1cticamente lo corona, a falta de la\u00a0<strong>\u00faltima etapa del domingo<\/strong>, a la que\u00a0<strong>llegar\u00e1 como l\u00edder general<\/strong>.<\/p>\n\n\n\n<figure class=\"wp-block-embed is-type-rich is-provider-twitter wp-block-embed-twitter\"><div class=\"wp-block-embed__wrapper\">\n<blockquote class=\"twitter-tweet\" data-width=\"550\" data-dnt=\"true\"><p lang=\"es\" dir=\"ltr\"><a href=\"https:\/\/twitter.com\/hashtag\/CiclismoDeRuta?src=hash&amp;ref_src=twsrc%5Etfw\">#CiclismoDeRuta<\/a> \ud83d\udeb4 <br><br>\u00a1GAN\u00d3OOO ISAAAAAAC! \ud83d\udc02 <br><br>En los \u00faltimos metros arranc\u00f3 Isaac del Toro \ud83c\uddf2\ud83c\uddfd para alcanzar a Giulio Pellizzari \ud83c\uddee\ud83c\uddf9 y llevarse la Etapa 6 de la Tirreno-Adri\u00e1tico \ud83c\uddee\ud83c\uddf9 (2.UWT)<br><br>\ud83c\udfc6 Llegar\u00e1 como virtual campe\u00f3n a la Etapa 7 <a href=\"https:\/\/t.co\/RnPgA5noO5\">pic.twitter.com\/RnPgA5noO5<\/a><\/p>&mdash; \ud83c\uddf2\ud83c\uddfd Desde Olimpia MX \ud83c\uddf2\ud83c\uddfd (@DesdeOlimpiaMX) <a href=\"https:\/\/twitter.com\/DesdeOlimpiaMX\/status\/2032828829794713789?ref_src=twsrc%5Etfw\">March 14, 2026<\/a><\/blockquote><script async src=\"https:\/\/platform.twitter.com\/widgets.js\" charset=\"utf-8\"><\/script>\n<\/div><\/figure>\n\n\n\n<p>Con este\u00a0<strong>triunfo<\/strong>, el\u00a0<strong>vigesimoquinto de su joven carrera<\/strong>,\u00a0<strong>Del Toro amarr\u00f3 este s\u00e1bado el &#8216;Tridente&#8217; de campe\u00f3n de la Tirreno-Adri\u00e1tico<\/strong>\u00a0con una exhibici\u00f3n en la etapa reina de la &#8216;Carrera de los dos mares&#8217;, al imponerse tras un ataque en el ascenso final con el que super\u00f3 al estadounidense Matteo Jorgenson (Visma) y al italiano Giulio Pellizzari (BORA).<\/p>\n\n\n\n<figure class=\"wp-block-embed is-type-rich is-provider-twitter wp-block-embed-twitter\"><div class=\"wp-block-embed__wrapper\">\n<blockquote class=\"twitter-tweet\" data-width=\"550\" data-dnt=\"true\"><p lang=\"es\" dir=\"ltr\">\u00a1ISAAC DEL TORO SE LLEVA LA ETAPA REINA! \ud83e\udd29 \ud83c\uddf2\ud83c\uddfd<br><br>Otro cierre \u00e9pico en la Tirreno &#8211; Adriatico<br><br>\u00a1Para disfrutarse mil veces! \ud83d\udc4f <a href=\"https:\/\/t.co\/5aVW8iStXU\">pic.twitter.com\/5aVW8iStXU<\/a><\/p>&mdash; ESPN.com.mx (@ESPNmx) <a href=\"https:\/\/twitter.com\/ESPNmx\/status\/2032838870601961695?ref_src=twsrc%5Etfw\">March 14, 2026<\/a><\/blockquote><script async src=\"https:\/\/platform.twitter.com\/widgets.js\" charset=\"utf-8\"><\/script>\n<\/div><\/figure>\n\n\n\n<p>Salvo sorpresa may\u00fascula en la etapa final del domingo, sin dificultad,\u00a0<strong>el \u2018Torito\u2019 mexicano levantar\u00e1 el &#8216;Tridente&#8217; por vez primera en su carrera<\/strong>. Su exhibici\u00f3n durante toda la semana bien lo merece, aunque su gesti\u00f3n de la \u00faltima etapa es lo que quedar\u00e1 en el recuerdo de esta edici\u00f3n.<\/p>\n\n\n\n<p>Porque cuando pareci\u00f3 no tener fuerza en el segundo ataque de Pellizzari en los metros finales, cuando no respondi\u00f3 de inmediato a la provocaci\u00f3n del italiano, simplemente dej\u00f3 claro que estaba\u00a0<strong>esperando al momento justo para dar un doble golpe, para ganar la etapa m\u00e1s exigente y amarrar el t\u00edtulo de campe\u00f3n\u00a0<\/strong>con una lanzada al alcance de unos pocos.<\/p>\n\n\n\n<figure class=\"wp-block-image size-large\"><img loading=\"lazy\" decoding=\"async\" width=\"817\" height=\"1024\" src=\"https:\/\/quehacerpolitico.mx\/wp-content\/uploads\/2026\/03\/IMG_7278-817x1024.jpeg\" alt=\"\" class=\"wp-image-129731\" srcset=\"https:\/\/quehacerpolitico.mx\/wp-content\/uploads\/2026\/03\/IMG_7278-817x1024.jpeg 817w, https:\/\/quehacerpolitico.mx\/wp-content\/uploads\/2026\/03\/IMG_7278-239x300.jpeg 239w, https:\/\/quehacerpolitico.mx\/wp-content\/uploads\/2026\/03\/IMG_7278-768x963.jpeg 768w, https:\/\/quehacerpolitico.mx\/wp-content\/uploads\/2026\/03\/IMG_7278-1024x1284.jpeg 1024w, https:\/\/quehacerpolitico.mx\/wp-content\/uploads\/2026\/03\/IMG_7278.jpeg 1179w\" sizes=\"auto, (max-width: 817px) 100vw, 817px\" \/><\/figure>\n\n\n\n<p>Del Toro Se levant\u00f3 en el tercer ascenso al Muro della Madonna delle Carceri para llegar a la meta en Camerino (3km con 8,8% y picos del 18%) y super\u00f3 a su amigo Pellizzari para batirse en el duelo final con Jorgeson. El resultado, otro peque\u00f1o cambio de ritmo y brazos en alto en solitario en la meta para conquistar 42 segundos de ventaja en la general con su principal perseguidor, el propio Pellizzari, y uno m\u00e1s sobre Jorgenson, sus grandes rivales esta semana.<\/p>\n\n\n\n<figure class=\"wp-block-gallery has-nested-images columns-default is-cropped wp-block-gallery-1 is-layout-flex wp-block-gallery-is-layout-flex\">\n<figure class=\"wp-block-image size-large\"><img loading=\"lazy\" decoding=\"async\" width=\"1024\" height=\"682\" data-id=\"129732\" src=\"https:\/\/quehacerpolitico.mx\/wp-content\/uploads\/2026\/03\/IMG_7279-1024x682.jpeg\" alt=\"\" class=\"wp-image-129732\" srcset=\"https:\/\/quehacerpolitico.mx\/wp-content\/uploads\/2026\/03\/IMG_7279-1024x682.jpeg 1024w, https:\/\/quehacerpolitico.mx\/wp-content\/uploads\/2026\/03\/IMG_7279-300x200.jpeg 300w, https:\/\/quehacerpolitico.mx\/wp-content\/uploads\/2026\/03\/IMG_7279-768x512.jpeg 768w, https:\/\/quehacerpolitico.mx\/wp-content\/uploads\/2026\/03\/IMG_7279-1536x1023.jpeg 1536w, https:\/\/quehacerpolitico.mx\/wp-content\/uploads\/2026\/03\/IMG_7279.jpeg 1600w\" sizes=\"auto, (max-width: 1024px) 100vw, 1024px\" \/><\/figure>\n\n\n\n<figure class=\"wp-block-image size-large\"><img loading=\"lazy\" decoding=\"async\" width=\"1024\" height=\"682\" data-id=\"129734\" src=\"https:\/\/quehacerpolitico.mx\/wp-content\/uploads\/2026\/03\/IMG_7280-1024x682.jpeg\" alt=\"\" class=\"wp-image-129734\" srcset=\"https:\/\/quehacerpolitico.mx\/wp-content\/uploads\/2026\/03\/IMG_7280-1024x682.jpeg 1024w, https:\/\/quehacerpolitico.mx\/wp-content\/uploads\/2026\/03\/IMG_7280-300x200.jpeg 300w, https:\/\/quehacerpolitico.mx\/wp-content\/uploads\/2026\/03\/IMG_7280-768x512.jpeg 768w, https:\/\/quehacerpolitico.mx\/wp-content\/uploads\/2026\/03\/IMG_7280-1536x1023.jpeg 1536w, https:\/\/quehacerpolitico.mx\/wp-content\/uploads\/2026\/03\/IMG_7280.jpeg 1600w\" sizes=\"auto, (max-width: 1024px) 100vw, 1024px\" \/><\/figure>\n\n\n\n<figure class=\"wp-block-image size-large\"><img loading=\"lazy\" decoding=\"async\" width=\"1024\" height=\"682\" data-id=\"129733\" src=\"https:\/\/quehacerpolitico.mx\/wp-content\/uploads\/2026\/03\/IMG_7281-1024x682.jpeg\" alt=\"\" class=\"wp-image-129733\" srcset=\"https:\/\/quehacerpolitico.mx\/wp-content\/uploads\/2026\/03\/IMG_7281-1024x682.jpeg 1024w, https:\/\/quehacerpolitico.mx\/wp-content\/uploads\/2026\/03\/IMG_7281-300x200.jpeg 300w, https:\/\/quehacerpolitico.mx\/wp-content\/uploads\/2026\/03\/IMG_7281-768x512.jpeg 768w, https:\/\/quehacerpolitico.mx\/wp-content\/uploads\/2026\/03\/IMG_7281-1536x1023.jpeg 1536w, https:\/\/quehacerpolitico.mx\/wp-content\/uploads\/2026\/03\/IMG_7281.jpeg 1600w\" sizes=\"auto, (max-width: 1024px) 100vw, 1024px\" \/><\/figure>\n\n\n\n<figure class=\"wp-block-image size-large\"><img loading=\"lazy\" decoding=\"async\" width=\"1024\" height=\"682\" data-id=\"129735\" src=\"https:\/\/quehacerpolitico.mx\/wp-content\/uploads\/2026\/03\/IMG_7282-1024x682.jpeg\" alt=\"\" class=\"wp-image-129735\" srcset=\"https:\/\/quehacerpolitico.mx\/wp-content\/uploads\/2026\/03\/IMG_7282-1024x682.jpeg 1024w, https:\/\/quehacerpolitico.mx\/wp-content\/uploads\/2026\/03\/IMG_7282-300x200.jpeg 300w, https:\/\/quehacerpolitico.mx\/wp-content\/uploads\/2026\/03\/IMG_7282-768x512.jpeg 768w, https:\/\/quehacerpolitico.mx\/wp-content\/uploads\/2026\/03\/IMG_7282-1536x1023.jpeg 1536w, https:\/\/quehacerpolitico.mx\/wp-content\/uploads\/2026\/03\/IMG_7282.jpeg 1600w\" sizes=\"auto, (max-width: 1024px) 100vw, 1024px\" \/><\/figure>\n<\/figure>\n\n\n\n<p>La s\u00e9ptima etapa pondr\u00e1 el broche de oro a esta Tirreno Adri\u00e1tico entre Civitanova Marche y San Benedetto del Tronto, sin apenas dificultad, plana en su mayor\u00eda, perfecta para que Del Toro luzca la &#8216;Maglia Azzurra&#8217; y levante el &#8216;Tridente&#8217; que ya tiene en sus manos.<\/p>\n\n\n\n<figure class=\"wp-block-embed is-type-rich is-provider-twitter wp-block-embed-twitter\"><div class=\"wp-block-embed__wrapper\">\n<blockquote class=\"twitter-tweet\" data-width=\"550\" data-dnt=\"true\"><p lang=\"it\" dir=\"ltr\">Isaac, this one\u2019s for you. You\u2019ve won the fans\u2019 hearts. \ud83d\udc99<br><br>Isaac, c\u2019\u00e8 un messaggio per te. Hai fatto breccia nel cuore dei tifosi \ud83d\udc99<a href=\"https:\/\/twitter.com\/hashtag\/TirrenoAdriatico?src=hash&amp;ref_src=twsrc%5Etfw\">#TirrenoAdriatico<\/a> <a href=\"https:\/\/twitter.com\/CA_Ita?ref_src=twsrc%5Etfw\">@CA_Ita<\/a> <a href=\"https:\/\/t.co\/DIlU5Q3l67\">pic.twitter.com\/DIlU5Q3l67<\/a><\/p>&mdash; Tirreno Adriatico (@TirrenAdriatico) <a href=\"https:\/\/twitter.com\/TirrenAdriatico\/status\/2032788441818182026?ref_src=twsrc%5Etfw\">March 14, 2026<\/a><\/blockquote><script async src=\"https:\/\/platform.twitter.com\/widgets.js\" charset=\"utf-8\"><\/script>\n<\/div><\/figure>\n\n\n\n<p><em>Con informaci\u00f3n de EFE<\/em><\/p>\n","protected":false},"excerpt":{"rendered":"<p>Por Redacci\u00f3n QP Del Toro se aferr\u00f3 al liderato general y logr\u00f3 un \u00e9pico triunfo&#8230;<\/p>\n","protected":false},"author":2,"featured_media":129736,"comment_status":"open","ping_status":"open","sticky":false,"template":"","format":"standard","meta":{"_monsterinsights_skip_tracking":false,"_monsterinsights_sitenote_active":false,"_monsterinsights_sitenote_note":"","_monsterinsights_sitenote_category":0,"footnotes":""},"categories":[54],"tags":[],"class_list":["post-129730","post","type-post","status-publish","format-standard","has-post-thumbnail","hentry","category-deportes"],"yoast_head":"<!-- This site is optimized with the Yoast SEO plugin v27.3 - https:\/\/yoast.com\/product\/yoast-seo-wordpress\/ -->\n<title>\u00a1Bravo, \u2018Torito\u2019! El mexicano Isaac del Toro gana la sexta etapa y pr\u00e1cticamente asegura la carrera Tirreno-Adri\u00e1tico -<\/title>\n<meta name=\"robots\" content=\"index, follow, max-snippet:-1, max-image-preview:large, max-video-preview:-1\" \/>\n<link rel=\"canonical\" href=\"https:\/\/quehacerpolitico.mx\/?p=129730\" \/>\n<meta property=\"og:locale\" content=\"es_MX\" \/>\n<meta property=\"og:type\" content=\"article\" \/>\n<meta property=\"og:title\" content=\"\u00a1Bravo, \u2018Torito\u2019! El mexicano Isaac del Toro gana la sexta etapa y pr\u00e1cticamente asegura la carrera Tirreno-Adri\u00e1tico -\" \/>\n<meta property=\"og:description\" content=\"Por Redacci\u00f3n QP Del Toro se aferr\u00f3 al liderato general y logr\u00f3 un \u00e9pico triunfo...\" \/>\n<meta property=\"og:url\" content=\"https:\/\/quehacerpolitico.mx\/?p=129730\" \/>\n<meta property=\"article:published_time\" content=\"2026-03-14T16:12:02+00:00\" \/>\n<meta property=\"article:modified_time\" content=\"2026-03-14T16:12:07+00:00\" \/>\n<meta property=\"og:image\" content=\"http:\/\/quehacerpolitico.mx\/wp-content\/uploads\/2026\/03\/IMG_7278-1.jpeg\" \/>\n\t<meta property=\"og:image:width\" content=\"1179\" \/>\n\t<meta property=\"og:image:height\" content=\"1006\" \/>\n\t<meta property=\"og:image:type\" content=\"image\/jpeg\" \/>\n<meta name=\"author\" content=\"Redacci\u00f3n QP\" \/>\n<meta name=\"twitter:card\" content=\"summary_large_image\" \/>\n<meta name=\"twitter:label1\" content=\"Escrito por\" \/>\n\t<meta name=\"twitter:data1\" content=\"Redacci\u00f3n QP\" \/>\n\t<meta name=\"twitter:label2\" content=\"Tiempo de lectura\" \/>\n\t<meta name=\"twitter:data2\" content=\"3 minutos\" \/>\n<script type=\"application\/ld+json\" class=\"yoast-schema-graph\">{\"@context\":\"https:\\\/\\\/schema.org\",\"@graph\":[{\"@type\":\"Article\",\"@id\":\"https:\\\/\\\/quehacerpolitico.mx\\\/?p=129730#article\",\"isPartOf\":{\"@id\":\"https:\\\/\\\/quehacerpolitico.mx\\\/?p=129730\"},\"author\":{\"name\":\"Redacci\u00f3n QP\",\"@id\":\"https:\\\/\\\/quehacerpolitico.mx\\\/#\\\/schema\\\/person\\\/496d8ad2d1d3f8036101dca7ee39e585\"},\"headline\":\"\u00a1Bravo, \u2018Torito\u2019! El mexicano Isaac del Toro gana la sexta etapa y pr\u00e1cticamente asegura la carrera Tirreno-Adri\u00e1tico\",\"datePublished\":\"2026-03-14T16:12:02+00:00\",\"dateModified\":\"2026-03-14T16:12:07+00:00\",\"mainEntityOfPage\":{\"@id\":\"https:\\\/\\\/quehacerpolitico.mx\\\/?p=129730\"},\"wordCount\":426,\"commentCount\":0,\"image\":{\"@id\":\"https:\\\/\\\/quehacerpolitico.mx\\\/?p=129730#primaryimage\"},\"thumbnailUrl\":\"https:\\\/\\\/quehacerpolitico.mx\\\/wp-content\\\/uploads\\\/2026\\\/03\\\/IMG_7278-1.jpeg\",\"articleSection\":[\"Deportes\"],\"inLanguage\":\"es\",\"potentialAction\":[{\"@type\":\"CommentAction\",\"name\":\"Comment\",\"target\":[\"https:\\\/\\\/quehacerpolitico.mx\\\/?p=129730#respond\"]}]},{\"@type\":\"WebPage\",\"@id\":\"https:\\\/\\\/quehacerpolitico.mx\\\/?p=129730\",\"url\":\"https:\\\/\\\/quehacerpolitico.mx\\\/?p=129730\",\"name\":\"\u00a1Bravo, \u2018Torito\u2019! El mexicano Isaac del Toro gana la sexta etapa y pr\u00e1cticamente asegura la carrera Tirreno-Adri\u00e1tico -\",\"isPartOf\":{\"@id\":\"https:\\\/\\\/quehacerpolitico.mx\\\/#website\"},\"primaryImageOfPage\":{\"@id\":\"https:\\\/\\\/quehacerpolitico.mx\\\/?p=129730#primaryimage\"},\"image\":{\"@id\":\"https:\\\/\\\/quehacerpolitico.mx\\\/?p=129730#primaryimage\"},\"thumbnailUrl\":\"https:\\\/\\\/quehacerpolitico.mx\\\/wp-content\\\/uploads\\\/2026\\\/03\\\/IMG_7278-1.jpeg\",\"datePublished\":\"2026-03-14T16:12:02+00:00\",\"dateModified\":\"2026-03-14T16:12:07+00:00\",\"author\":{\"@id\":\"https:\\\/\\\/quehacerpolitico.mx\\\/#\\\/schema\\\/person\\\/496d8ad2d1d3f8036101dca7ee39e585\"},\"breadcrumb\":{\"@id\":\"https:\\\/\\\/quehacerpolitico.mx\\\/?p=129730#breadcrumb\"},\"inLanguage\":\"es\",\"potentialAction\":[{\"@type\":\"ReadAction\",\"target\":[\"https:\\\/\\\/quehacerpolitico.mx\\\/?p=129730\"]}]},{\"@type\":\"ImageObject\",\"inLanguage\":\"es\",\"@id\":\"https:\\\/\\\/quehacerpolitico.mx\\\/?p=129730#primaryimage\",\"url\":\"https:\\\/\\\/quehacerpolitico.mx\\\/wp-content\\\/uploads\\\/2026\\\/03\\\/IMG_7278-1.jpeg\",\"contentUrl\":\"https:\\\/\\\/quehacerpolitico.mx\\\/wp-content\\\/uploads\\\/2026\\\/03\\\/IMG_7278-1.jpeg\",\"width\":1179,\"height\":1006},{\"@type\":\"BreadcrumbList\",\"@id\":\"https:\\\/\\\/quehacerpolitico.mx\\\/?p=129730#breadcrumb\",\"itemListElement\":[{\"@type\":\"ListItem\",\"position\":1,\"name\":\"Inicio\",\"item\":\"https:\\\/\\\/quehacerpolitico.mx\\\/\"},{\"@type\":\"ListItem\",\"position\":2,\"name\":\"\u00a1Bravo, \u2018Torito\u2019! El mexicano Isaac del Toro gana la sexta etapa y pr\u00e1cticamente asegura la carrera Tirreno-Adri\u00e1tico\"}]},{\"@type\":\"WebSite\",\"@id\":\"https:\\\/\\\/quehacerpolitico.mx\\\/#website\",\"url\":\"https:\\\/\\\/quehacerpolitico.mx\\\/\",\"name\":\"\",\"description\":\"\",\"potentialAction\":[{\"@type\":\"SearchAction\",\"target\":{\"@type\":\"EntryPoint\",\"urlTemplate\":\"https:\\\/\\\/quehacerpolitico.mx\\\/?s={search_term_string}\"},\"query-input\":{\"@type\":\"PropertyValueSpecification\",\"valueRequired\":true,\"valueName\":\"search_term_string\"}}],\"inLanguage\":\"es\"},{\"@type\":\"Person\",\"@id\":\"https:\\\/\\\/quehacerpolitico.mx\\\/#\\\/schema\\\/person\\\/496d8ad2d1d3f8036101dca7ee39e585\",\"name\":\"Redacci\u00f3n QP\",\"image\":{\"@type\":\"ImageObject\",\"inLanguage\":\"es\",\"@id\":\"https:\\\/\\\/secure.gravatar.com\\\/avatar\\\/c7164ed6fdec453195284ad24a5ae5b6e1eed2b848477fa2a4787ba9adf39a41?s=96&d=mm&r=g\",\"url\":\"https:\\\/\\\/secure.gravatar.com\\\/avatar\\\/c7164ed6fdec453195284ad24a5ae5b6e1eed2b848477fa2a4787ba9adf39a41?s=96&d=mm&r=g\",\"contentUrl\":\"https:\\\/\\\/secure.gravatar.com\\\/avatar\\\/c7164ed6fdec453195284ad24a5ae5b6e1eed2b848477fa2a4787ba9adf39a41?s=96&d=mm&r=g\",\"caption\":\"Redacci\u00f3n QP\"},\"url\":\"https:\\\/\\\/quehacerpolitico.mx\\\/?author=2\"}]}<\/script>\n<!-- \/ Yoast SEO plugin. -->","yoast_head_json":{"title":"\u00a1Bravo, \u2018Torito\u2019! El mexicano Isaac del Toro gana la sexta etapa y pr\u00e1cticamente asegura la carrera Tirreno-Adri\u00e1tico -","robots":{"index":"index","follow":"follow","max-snippet":"max-snippet:-1","max-image-preview":"max-image-preview:large","max-video-preview":"max-video-preview:-1"},"canonical":"https:\/\/quehacerpolitico.mx\/?p=129730","og_locale":"es_MX","og_type":"article","og_title":"\u00a1Bravo, \u2018Torito\u2019! El mexicano Isaac del Toro gana la sexta etapa y pr\u00e1cticamente asegura la carrera Tirreno-Adri\u00e1tico -","og_description":"Por Redacci\u00f3n QP Del Toro se aferr\u00f3 al liderato general y logr\u00f3 un \u00e9pico triunfo...","og_url":"https:\/\/quehacerpolitico.mx\/?p=129730","article_published_time":"2026-03-14T16:12:02+00:00","article_modified_time":"2026-03-14T16:12:07+00:00","og_image":[{"width":1179,"height":1006,"url":"http:\/\/quehacerpolitico.mx\/wp-content\/uploads\/2026\/03\/IMG_7278-1.jpeg","type":"image\/jpeg"}],"author":"Redacci\u00f3n QP","twitter_card":"summary_large_image","twitter_misc":{"Escrito por":"Redacci\u00f3n QP","Tiempo de lectura":"3 minutos"},"schema":{"@context":"https:\/\/schema.org","@graph":[{"@type":"Article","@id":"https:\/\/quehacerpolitico.mx\/?p=129730#article","isPartOf":{"@id":"https:\/\/quehacerpolitico.mx\/?p=129730"},"author":{"name":"Redacci\u00f3n QP","@id":"https:\/\/quehacerpolitico.mx\/#\/schema\/person\/496d8ad2d1d3f8036101dca7ee39e585"},"headline":"\u00a1Bravo, \u2018Torito\u2019! El mexicano Isaac del Toro gana la sexta etapa y pr\u00e1cticamente asegura la carrera Tirreno-Adri\u00e1tico","datePublished":"2026-03-14T16:12:02+00:00","dateModified":"2026-03-14T16:12:07+00:00","mainEntityOfPage":{"@id":"https:\/\/quehacerpolitico.mx\/?p=129730"},"wordCount":426,"commentCount":0,"image":{"@id":"https:\/\/quehacerpolitico.mx\/?p=129730#primaryimage"},"thumbnailUrl":"https:\/\/quehacerpolitico.mx\/wp-content\/uploads\/2026\/03\/IMG_7278-1.jpeg","articleSection":["Deportes"],"inLanguage":"es","potentialAction":[{"@type":"CommentAction","name":"Comment","target":["https:\/\/quehacerpolitico.mx\/?p=129730#respond"]}]},{"@type":"WebPage","@id":"https:\/\/quehacerpolitico.mx\/?p=129730","url":"https:\/\/quehacerpolitico.mx\/?p=129730","name":"\u00a1Bravo, \u2018Torito\u2019! El mexicano Isaac del Toro gana la sexta etapa y pr\u00e1cticamente asegura la carrera Tirreno-Adri\u00e1tico -","isPartOf":{"@id":"https:\/\/quehacerpolitico.mx\/#website"},"primaryImageOfPage":{"@id":"https:\/\/quehacerpolitico.mx\/?p=129730#primaryimage"},"image":{"@id":"https:\/\/quehacerpolitico.mx\/?p=129730#primaryimage"},"thumbnailUrl":"https:\/\/quehacerpolitico.mx\/wp-content\/uploads\/2026\/03\/IMG_7278-1.jpeg","datePublished":"2026-03-14T16:12:02+00:00","dateModified":"2026-03-14T16:12:07+00:00","author":{"@id":"https:\/\/quehacerpolitico.mx\/#\/schema\/person\/496d8ad2d1d3f8036101dca7ee39e585"},"breadcrumb":{"@id":"https:\/\/quehacerpolitico.mx\/?p=129730#breadcrumb"},"inLanguage":"es","potentialAction":[{"@type":"ReadAction","target":["https:\/\/quehacerpolitico.mx\/?p=129730"]}]},{"@type":"ImageObject","inLanguage":"es","@id":"https:\/\/quehacerpolitico.mx\/?p=129730#primaryimage","url":"https:\/\/quehacerpolitico.mx\/wp-content\/uploads\/2026\/03\/IMG_7278-1.jpeg","contentUrl":"https:\/\/quehacerpolitico.mx\/wp-content\/uploads\/2026\/03\/IMG_7278-1.jpeg","width":1179,"height":1006},{"@type":"BreadcrumbList","@id":"https:\/\/quehacerpolitico.mx\/?p=129730#breadcrumb","itemListElement":[{"@type":"ListItem","position":1,"name":"Inicio","item":"https:\/\/quehacerpolitico.mx\/"},{"@type":"ListItem","position":2,"name":"\u00a1Bravo, \u2018Torito\u2019! El mexicano Isaac del Toro gana la sexta etapa y pr\u00e1cticamente asegura la carrera Tirreno-Adri\u00e1tico"}]},{"@type":"WebSite","@id":"https:\/\/quehacerpolitico.mx\/#website","url":"https:\/\/quehacerpolitico.mx\/","name":"","description":"","potentialAction":[{"@type":"SearchAction","target":{"@type":"EntryPoint","urlTemplate":"https:\/\/quehacerpolitico.mx\/?s={search_term_string}"},"query-input":{"@type":"PropertyValueSpecification","valueRequired":true,"valueName":"search_term_string"}}],"inLanguage":"es"},{"@type":"Person","@id":"https:\/\/quehacerpolitico.mx\/#\/schema\/person\/496d8ad2d1d3f8036101dca7ee39e585","name":"Redacci\u00f3n QP","image":{"@type":"ImageObject","inLanguage":"es","@id":"https:\/\/secure.gravatar.com\/avatar\/c7164ed6fdec453195284ad24a5ae5b6e1eed2b848477fa2a4787ba9adf39a41?s=96&d=mm&r=g","url":"https:\/\/secure.gravatar.com\/avatar\/c7164ed6fdec453195284ad24a5ae5b6e1eed2b848477fa2a4787ba9adf39a41?s=96&d=mm&r=g","contentUrl":"https:\/\/secure.gravatar.com\/avatar\/c7164ed6fdec453195284ad24a5ae5b6e1eed2b848477fa2a4787ba9adf39a41?s=96&d=mm&r=g","caption":"Redacci\u00f3n QP"},"url":"https:\/\/quehacerpolitico.mx\/?author=2"}]}},"featured_image_urls":{"full":["https:\/\/quehacerpolitico.mx\/wp-content\/uploads\/2026\/03\/IMG_7278-1.jpeg",1179,1006,false],"thumbnail":["https:\/\/quehacerpolitico.mx\/wp-content\/uploads\/2026\/03\/IMG_7278-1-150x150.jpeg",150,150,true],"medium":["https:\/\/quehacerpolitico.mx\/wp-content\/uploads\/2026\/03\/IMG_7278-1-300x256.jpeg",300,256,true],"medium_large":["https:\/\/quehacerpolitico.mx\/wp-content\/uploads\/2026\/03\/IMG_7278-1-768x655.jpeg",640,546,true],"large":["https:\/\/quehacerpolitico.mx\/wp-content\/uploads\/2026\/03\/IMG_7278-1-1024x874.jpeg",640,546,true],"1536x1536":["https:\/\/quehacerpolitico.mx\/wp-content\/uploads\/2026\/03\/IMG_7278-1.jpeg",1179,1006,false],"2048x2048":["https:\/\/quehacerpolitico.mx\/wp-content\/uploads\/2026\/03\/IMG_7278-1.jpeg",1179,1006,false],"covernews-featured":["https:\/\/quehacerpolitico.mx\/wp-content\/uploads\/2026\/03\/IMG_7278-1-1024x874.jpeg",1024,874,true],"covernews-medium":["https:\/\/quehacerpolitico.mx\/wp-content\/uploads\/2026\/03\/IMG_7278-1-540x340.jpeg",540,340,true]},"author_info":{"display_name":"Redacci\u00f3n QP","author_link":"https:\/\/quehacerpolitico.mx\/?author=2"},"category_info":"<a href=\"https:\/\/quehacerpolitico.mx\/?cat=54\" rel=\"category\">Deportes<\/a>","tag_info":"Deportes","comment_count":"0","_links":{"self":[{"href":"https:\/\/quehacerpolitico.mx\/index.php?rest_route=\/wp\/v2\/posts\/129730","targetHints":{"allow":["GET"]}}],"collection":[{"href":"https:\/\/quehacerpolitico.mx\/index.php?rest_route=\/wp\/v2\/posts"}],"about":[{"href":"https:\/\/quehacerpolitico.mx\/index.php?rest_route=\/wp\/v2\/types\/post"}],"author":[{"embeddable":true,"href":"https:\/\/quehacerpolitico.mx\/index.php?rest_route=\/wp\/v2\/users\/2"}],"replies":[{"embeddable":true,"href":"https:\/\/quehacerpolitico.mx\/index.php?rest_route=%2Fwp%2Fv2%2Fcomments&post=129730"}],"version-history":[{"count":1,"href":"https:\/\/quehacerpolitico.mx\/index.php?rest_route=\/wp\/v2\/posts\/129730\/revisions"}],"predecessor-version":[{"id":129737,"href":"https:\/\/quehacerpolitico.mx\/index.php?rest_route=\/wp\/v2\/posts\/129730\/revisions\/129737"}],"wp:featuredmedia":[{"embeddable":true,"href":"https:\/\/quehacerpolitico.mx\/index.php?rest_route=\/wp\/v2\/media\/129736"}],"wp:attachment":[{"href":"https:\/\/quehacerpolitico.mx\/index.php?rest_route=%2Fwp%2Fv2%2Fmedia&parent=129730"}],"wp:term":[{"taxonomy":"category","embeddable":true,"href":"https:\/\/quehacerpolitico.mx\/index.php?rest_route=%2Fwp%2Fv2%2Fcategories&post=129730"},{"taxonomy":"post_tag","embeddable":true,"href":"https:\/\/quehacerpolitico.mx\/index.php?rest_route=%2Fwp%2Fv2%2Ftags&post=129730"}],"curies":[{"name":"wp","href":"https:\/\/api.w.org\/{rel}","templated":true}]}}