{"id":129725,"date":"2026-03-13T22:05:26","date_gmt":"2026-03-14T04:05:26","guid":{"rendered":"https:\/\/quehacerpolitico.mx\/?p=129725"},"modified":"2026-03-13T22:05:30","modified_gmt":"2026-03-14T04:05:30","slug":"por-que-los-taxis-de-aplicacion-no-quieren-que-las-aplicaciones-entren-al-aeropuerto-el-precio","status":"publish","type":"post","link":"https:\/\/quehacerpolitico.mx\/?p=129725","title":{"rendered":"Por qu\u00e9 los taxis de aplicaci\u00f3n no quieren que las aplicaciones entren al aeropuerto el precio?"},"content":{"rendered":"\n<p>Por Redacci\u00f3n QP<\/p>\n\n\n\n<p>La diferencia de tarifas entre taxis del aeropuerto y plataformas como Uber o DiDi ha generado discusi\u00f3n entre usuarios y transportistas<\/p>\n\n\n\n<p>En medio de la controversia entre taxistas concesionados y conductores de aplicaciones por la prohibici\u00f3n de estos \u00faltimos dentro del&nbsp;<strong>Aeropuerto Internacional de la Ciudad de M\u00e9xico (AICM)<\/strong>,<mark>&nbsp;los usuarios se mantienen expectantes y con dudas sobre cu\u00e1l servicio conviene m\u00e1s para trasladarse desde las terminales.<\/mark><\/p>\n\n\n\n<p>Ante la proximidad del\u00a0<strong>Mundial de Futbol 2026<\/strong>, que atraer\u00e1 a miles de turistas a distintas ciudades del pa\u00eds, principalmente a la\u00a0<strong>Ciudad de M\u00e9xico<\/strong>, el debate sobre el transporte en el aeropuerto ha vuelto a tomar relevancia.<\/p>\n\n\n\n<p>El costo de los taxis autorizados y la exclusividad que estos exigen frente al creciente uso de plataformas digitales como<strong>Uber y DiDi<\/strong>&nbsp;se ha convertido nuevamente en tema de discusi\u00f3n, luego de que en d\u00edas recientes&nbsp;<strong>taxistas del AICM<\/strong>&nbsp;se manifestaran para exigir que estos servicios de aplicaci\u00f3n no operen dentro de las instalaciones del aeropuerto.<\/p>\n\n\n\n<p>Durante la protesta,\u00a0<mark>algunos conductores se\u00f1alaron que los pasajeros que prefieran utilizar plataformas digitales deber\u00e1n salir caminando\u00a0<\/mark>de las terminales hacia zonas cercanas, como Circuito Interior o Pe\u00f1\u00f3n de los Ba\u00f1os, para poder solicitar el servicio.<\/p>\n\n\n\n<p>Ante esta situaci\u00f3n, autoridades federales implementaron un operativo para reducir la presencia de veh\u00edculos de aplicaci\u00f3n en el aeropuerto, al tiempo que mantienen conversaciones con los taxistas concesionados para revisar el modelo de operaci\u00f3n dentro del AICM.<\/p>\n\n\n\n<p>Sin embargo,&nbsp;<mark>entre los usuarios persiste la duda sobre cu\u00e1l alternativa resulta m\u00e1s econ\u00f3mica y c\u00f3mo pueden comparar los precios de ambos servicios.<\/mark><\/p>\n\n\n\n<h2 class=\"wp-block-heading\">\u00bfC\u00f3mo comparar los precios del transporte en el AICM?<\/h2>\n\n\n\n<p>Para garantizar opciones de transporte seguras y reguladas, el Aeropuerto Internacional de la Ciudad de M\u00e9xico mantiene<mark>&nbsp;un padr\u00f3n activo de 11 agrupaciones de taxis autorizados cuyas tarifas pueden consultarse p\u00fablicamente.<\/mark><\/p>\n\n\n\n<p>Para revisar esta informaci\u00f3n, los usuarios pueden ingresar al sitio oficial del aeropuerto:<br><a href=\"https:\/\/www.aicm.com.mx\/pasajeros\/servicios\/prestadores-de-servicios\/transportes\/taxis.\"><strong>https:\/\/www.aicm.com.mx\/pasajeros\/servicios\/prestadores-de-servicios\/transportes\/taxis.<\/strong><\/a><strong>&nbsp;<\/strong><\/p>\n\n\n\n<p>Dentro del portal deben dirigirse a la secci\u00f3n Pasajeros, despu\u00e9s Servicios, posteriormente Prestadores de servicios y finalmente Taxis, donde encontrar\u00e1n enlaces a las<strong>&nbsp;p\u00e1ginas oficiales de las empresas, n\u00fameros de contacto para reservas y todos los datos para cotizar sus traslados.<\/strong><\/p>\n\n\n\n<p>Por otro lado, quienes prefieran utilizar aplicaciones de transporte pueden&nbsp;<mark>ingresar directamente a plataformas como Uber o DiDi para consultar las tarifas estimadas de acuerdo con su destino.&nbsp;<\/mark><\/p>\n\n\n\n<p>Con esto, los usuarios pueden comparar los costos y los servicios para identificar cu\u00e1l opci\u00f3n resulta m\u00e1s&nbsp;<strong>conveniente para su presupuesto antes de iniciar su traslado desde el AICM.<\/strong><\/p>\n\n\n\n<p>Cabe destacar, que las diferencias de precio dependen principalmente de la distancia del traslado y del tipo de servicio seleccionado. A continuaci\u00f3n, algunos ejemplos de tarifas aproximadas para distintos destinos dentro del Valle de M\u00e9xico.<\/p>\n\n\n\n<h2 class=\"wp-block-heading\">Tarifas de taxis del aeropuerto<\/h2>\n\n\n\n<p><strong>Yellow Cab<\/strong><\/p>\n\n\n\n<ul class=\"wp-block-list\">\n<li>Roma Norte: 370 pesos (sed\u00e1n) \/ 560 pesos (ejecutivo)<\/li>\n\n\n\n<li>Polanco \/ Plaza Carso: 440 pesos (sed\u00e1n) \/ 670 pesos (ejecutivo)<\/li>\n\n\n\n<li>Santa Fe: 690 pesos (sed\u00e1n) \/ mil 300 pesos (ejecutivo)<\/li>\n\n\n\n<li>Ecatepec: 480 a mil 130 pesos (sed\u00e1n) \/ 630 a mil 230 pesos (ejecutivo)<\/li>\n<\/ul>\n\n\n\n<p><strong>Nueva Imagen<\/strong><\/p>\n\n\n\n<ul class=\"wp-block-list\">\n<li>Roma Norte: 440 pesos (sed\u00e1n)<\/li>\n\n\n\n<li>Polanco \/ Plaza Carso: 475 pesos (sed\u00e1n)<\/li>\n\n\n\n<li>Santa Fe: 780 pesos (sed\u00e1n)<\/li>\n\n\n\n<li>Ecatepec: 680 pesos (sed\u00e1n)<\/li>\n<\/ul>\n\n\n\n<h2 class=\"wp-block-heading\">Tarifas en aplicaciones de transporte<\/h2>\n\n\n\n<p><strong>Uber<\/strong><\/p>\n\n\n\n<ul class=\"wp-block-list\">\n<li>Roma Norte: 134.95 pesos (est\u00e1ndar) \/ 187.49 pesos (confort)<\/li>\n\n\n\n<li>Polanco \/ Plaza Carso: 194 pesos (est\u00e1ndar) \/ 279 pesos (confort)<\/li>\n\n\n\n<li>Santa Fe: 309 pesos (est\u00e1ndar) \/ 439 pesos (confort)<\/li>\n\n\n\n<li>Ecatepec: 127 pesos (est\u00e1ndar) \/ 149 pesos (confort)<\/li>\n<\/ul>\n\n\n\n<p><strong>DiDi<\/strong><\/p>\n\n\n\n<ul class=\"wp-block-list\">\n<li>Roma Norte: 98 pesos (est\u00e1ndar) \/ 188 pesos (premier)<\/li>\n\n\n\n<li>Polanco \/ Plaza Carso: 149 pesos (est\u00e1ndar) \/ 266 pesos (premier)<\/li>\n\n\n\n<li>Santa Fe: 245 pesos (est\u00e1ndar) \/ 422 pesos (premier)<\/li>\n\n\n\n<li>Ecatepec: 145 pesos (est\u00e1ndar) \/ 260 pesos (premier)<\/li>\n<\/ul>\n\n\n\n<p>Es importante resaltar que los taxis del aeropuerto suelen tener tarifas m\u00e1s elevadas debido a que operan bajo un esquema regulado distinto al de las plataformas digitales.&nbsp;<\/p>\n\n\n\n<p><mark>No obstante, pese a las justificaciones presentadas por ambos sectores, el debate p\u00fablico sobre el costo del transporte desde el aeropuerto contin\u00faa.&nbsp;<\/mark>Sin embargo, la posibilidad de comparar ambas opciones representa una gran alternativa para los usuarios, ya que les permite elegir el servicio que mejor se adapte a sus necesidades y a su presupuesto antes de salir del aeropuerto.<\/p>\n","protected":false},"excerpt":{"rendered":"<p>Por Redacci\u00f3n QP La diferencia de tarifas entre taxis del aeropuerto y plataformas como Uber&#8230;<\/p>\n","protected":false},"author":2,"featured_media":129726,"comment_status":"open","ping_status":"open","sticky":false,"template":"","format":"standard","meta":{"_monsterinsights_skip_tracking":false,"_monsterinsights_sitenote_active":false,"_monsterinsights_sitenote_note":"","_monsterinsights_sitenote_category":0,"footnotes":""},"categories":[55],"tags":[],"class_list":["post-129725","post","type-post","status-publish","format-standard","has-post-thumbnail","hentry","category-cdmx"],"yoast_head":"<!-- This site is optimized with the Yoast SEO plugin v27.3 - https:\/\/yoast.com\/product\/yoast-seo-wordpress\/ -->\n<title>Por qu\u00e9 los taxis de aplicaci\u00f3n no quieren que las aplicaciones entren al aeropuerto el precio? -<\/title>\n<meta name=\"robots\" content=\"index, follow, max-snippet:-1, max-image-preview:large, max-video-preview:-1\" \/>\n<link rel=\"canonical\" href=\"https:\/\/quehacerpolitico.mx\/?p=129725\" \/>\n<meta property=\"og:locale\" content=\"es_MX\" \/>\n<meta property=\"og:type\" content=\"article\" \/>\n<meta property=\"og:title\" content=\"Por qu\u00e9 los taxis de aplicaci\u00f3n no quieren que las aplicaciones entren al aeropuerto el precio? -\" \/>\n<meta property=\"og:description\" content=\"Por Redacci\u00f3n QP La diferencia de tarifas entre taxis del aeropuerto y plataformas como Uber...\" \/>\n<meta property=\"og:url\" content=\"https:\/\/quehacerpolitico.mx\/?p=129725\" \/>\n<meta property=\"article:published_time\" content=\"2026-03-14T04:05:26+00:00\" \/>\n<meta property=\"article:modified_time\" content=\"2026-03-14T04:05:30+00:00\" \/>\n<meta property=\"og:image\" content=\"http:\/\/quehacerpolitico.mx\/wp-content\/uploads\/2026\/03\/IMG_7258.jpeg\" \/>\n\t<meta property=\"og:image:width\" content=\"1024\" \/>\n\t<meta property=\"og:image:height\" content=\"576\" \/>\n\t<meta property=\"og:image:type\" content=\"image\/jpeg\" \/>\n<meta name=\"author\" content=\"Redacci\u00f3n QP\" \/>\n<meta name=\"twitter:card\" content=\"summary_large_image\" \/>\n<meta name=\"twitter:label1\" content=\"Escrito por\" \/>\n\t<meta name=\"twitter:data1\" content=\"Redacci\u00f3n QP\" \/>\n\t<meta name=\"twitter:label2\" content=\"Tiempo de lectura\" \/>\n\t<meta name=\"twitter:data2\" content=\"4 minutos\" \/>\n<script type=\"application\/ld+json\" class=\"yoast-schema-graph\">{\"@context\":\"https:\\\/\\\/schema.org\",\"@graph\":[{\"@type\":\"Article\",\"@id\":\"https:\\\/\\\/quehacerpolitico.mx\\\/?p=129725#article\",\"isPartOf\":{\"@id\":\"https:\\\/\\\/quehacerpolitico.mx\\\/?p=129725\"},\"author\":{\"name\":\"Redacci\u00f3n QP\",\"@id\":\"https:\\\/\\\/quehacerpolitico.mx\\\/#\\\/schema\\\/person\\\/496d8ad2d1d3f8036101dca7ee39e585\"},\"headline\":\"Por qu\u00e9 los taxis de aplicaci\u00f3n no quieren que las aplicaciones entren al aeropuerto el precio?\",\"datePublished\":\"2026-03-14T04:05:26+00:00\",\"dateModified\":\"2026-03-14T04:05:30+00:00\",\"mainEntityOfPage\":{\"@id\":\"https:\\\/\\\/quehacerpolitico.mx\\\/?p=129725\"},\"wordCount\":738,\"commentCount\":0,\"image\":{\"@id\":\"https:\\\/\\\/quehacerpolitico.mx\\\/?p=129725#primaryimage\"},\"thumbnailUrl\":\"https:\\\/\\\/quehacerpolitico.mx\\\/wp-content\\\/uploads\\\/2026\\\/03\\\/IMG_7258.jpeg\",\"articleSection\":[\"CDMX\"],\"inLanguage\":\"es\",\"potentialAction\":[{\"@type\":\"CommentAction\",\"name\":\"Comment\",\"target\":[\"https:\\\/\\\/quehacerpolitico.mx\\\/?p=129725#respond\"]}]},{\"@type\":\"WebPage\",\"@id\":\"https:\\\/\\\/quehacerpolitico.mx\\\/?p=129725\",\"url\":\"https:\\\/\\\/quehacerpolitico.mx\\\/?p=129725\",\"name\":\"Por qu\u00e9 los taxis de aplicaci\u00f3n no quieren que las aplicaciones entren al aeropuerto el precio? -\",\"isPartOf\":{\"@id\":\"https:\\\/\\\/quehacerpolitico.mx\\\/#website\"},\"primaryImageOfPage\":{\"@id\":\"https:\\\/\\\/quehacerpolitico.mx\\\/?p=129725#primaryimage\"},\"image\":{\"@id\":\"https:\\\/\\\/quehacerpolitico.mx\\\/?p=129725#primaryimage\"},\"thumbnailUrl\":\"https:\\\/\\\/quehacerpolitico.mx\\\/wp-content\\\/uploads\\\/2026\\\/03\\\/IMG_7258.jpeg\",\"datePublished\":\"2026-03-14T04:05:26+00:00\",\"dateModified\":\"2026-03-14T04:05:30+00:00\",\"author\":{\"@id\":\"https:\\\/\\\/quehacerpolitico.mx\\\/#\\\/schema\\\/person\\\/496d8ad2d1d3f8036101dca7ee39e585\"},\"breadcrumb\":{\"@id\":\"https:\\\/\\\/quehacerpolitico.mx\\\/?p=129725#breadcrumb\"},\"inLanguage\":\"es\",\"potentialAction\":[{\"@type\":\"ReadAction\",\"target\":[\"https:\\\/\\\/quehacerpolitico.mx\\\/?p=129725\"]}]},{\"@type\":\"ImageObject\",\"inLanguage\":\"es\",\"@id\":\"https:\\\/\\\/quehacerpolitico.mx\\\/?p=129725#primaryimage\",\"url\":\"https:\\\/\\\/quehacerpolitico.mx\\\/wp-content\\\/uploads\\\/2026\\\/03\\\/IMG_7258.jpeg\",\"contentUrl\":\"https:\\\/\\\/quehacerpolitico.mx\\\/wp-content\\\/uploads\\\/2026\\\/03\\\/IMG_7258.jpeg\",\"width\":1024,\"height\":576},{\"@type\":\"BreadcrumbList\",\"@id\":\"https:\\\/\\\/quehacerpolitico.mx\\\/?p=129725#breadcrumb\",\"itemListElement\":[{\"@type\":\"ListItem\",\"position\":1,\"name\":\"Inicio\",\"item\":\"https:\\\/\\\/quehacerpolitico.mx\\\/\"},{\"@type\":\"ListItem\",\"position\":2,\"name\":\"Por qu\u00e9 los taxis de aplicaci\u00f3n no quieren que las aplicaciones entren al aeropuerto el precio?\"}]},{\"@type\":\"WebSite\",\"@id\":\"https:\\\/\\\/quehacerpolitico.mx\\\/#website\",\"url\":\"https:\\\/\\\/quehacerpolitico.mx\\\/\",\"name\":\"\",\"description\":\"\",\"potentialAction\":[{\"@type\":\"SearchAction\",\"target\":{\"@type\":\"EntryPoint\",\"urlTemplate\":\"https:\\\/\\\/quehacerpolitico.mx\\\/?s={search_term_string}\"},\"query-input\":{\"@type\":\"PropertyValueSpecification\",\"valueRequired\":true,\"valueName\":\"search_term_string\"}}],\"inLanguage\":\"es\"},{\"@type\":\"Person\",\"@id\":\"https:\\\/\\\/quehacerpolitico.mx\\\/#\\\/schema\\\/person\\\/496d8ad2d1d3f8036101dca7ee39e585\",\"name\":\"Redacci\u00f3n QP\",\"image\":{\"@type\":\"ImageObject\",\"inLanguage\":\"es\",\"@id\":\"https:\\\/\\\/secure.gravatar.com\\\/avatar\\\/c7164ed6fdec453195284ad24a5ae5b6e1eed2b848477fa2a4787ba9adf39a41?s=96&d=mm&r=g\",\"url\":\"https:\\\/\\\/secure.gravatar.com\\\/avatar\\\/c7164ed6fdec453195284ad24a5ae5b6e1eed2b848477fa2a4787ba9adf39a41?s=96&d=mm&r=g\",\"contentUrl\":\"https:\\\/\\\/secure.gravatar.com\\\/avatar\\\/c7164ed6fdec453195284ad24a5ae5b6e1eed2b848477fa2a4787ba9adf39a41?s=96&d=mm&r=g\",\"caption\":\"Redacci\u00f3n QP\"},\"url\":\"https:\\\/\\\/quehacerpolitico.mx\\\/?author=2\"}]}<\/script>\n<!-- \/ Yoast SEO plugin. -->","yoast_head_json":{"title":"Por qu\u00e9 los taxis de aplicaci\u00f3n no quieren que las aplicaciones entren al aeropuerto el precio? -","robots":{"index":"index","follow":"follow","max-snippet":"max-snippet:-1","max-image-preview":"max-image-preview:large","max-video-preview":"max-video-preview:-1"},"canonical":"https:\/\/quehacerpolitico.mx\/?p=129725","og_locale":"es_MX","og_type":"article","og_title":"Por qu\u00e9 los taxis de aplicaci\u00f3n no quieren que las aplicaciones entren al aeropuerto el precio? -","og_description":"Por Redacci\u00f3n QP La diferencia de tarifas entre taxis del aeropuerto y plataformas como Uber...","og_url":"https:\/\/quehacerpolitico.mx\/?p=129725","article_published_time":"2026-03-14T04:05:26+00:00","article_modified_time":"2026-03-14T04:05:30+00:00","og_image":[{"width":1024,"height":576,"url":"http:\/\/quehacerpolitico.mx\/wp-content\/uploads\/2026\/03\/IMG_7258.jpeg","type":"image\/jpeg"}],"author":"Redacci\u00f3n QP","twitter_card":"summary_large_image","twitter_misc":{"Escrito por":"Redacci\u00f3n QP","Tiempo de lectura":"4 minutos"},"schema":{"@context":"https:\/\/schema.org","@graph":[{"@type":"Article","@id":"https:\/\/quehacerpolitico.mx\/?p=129725#article","isPartOf":{"@id":"https:\/\/quehacerpolitico.mx\/?p=129725"},"author":{"name":"Redacci\u00f3n QP","@id":"https:\/\/quehacerpolitico.mx\/#\/schema\/person\/496d8ad2d1d3f8036101dca7ee39e585"},"headline":"Por qu\u00e9 los taxis de aplicaci\u00f3n no quieren que las aplicaciones entren al aeropuerto el precio?","datePublished":"2026-03-14T04:05:26+00:00","dateModified":"2026-03-14T04:05:30+00:00","mainEntityOfPage":{"@id":"https:\/\/quehacerpolitico.mx\/?p=129725"},"wordCount":738,"commentCount":0,"image":{"@id":"https:\/\/quehacerpolitico.mx\/?p=129725#primaryimage"},"thumbnailUrl":"https:\/\/quehacerpolitico.mx\/wp-content\/uploads\/2026\/03\/IMG_7258.jpeg","articleSection":["CDMX"],"inLanguage":"es","potentialAction":[{"@type":"CommentAction","name":"Comment","target":["https:\/\/quehacerpolitico.mx\/?p=129725#respond"]}]},{"@type":"WebPage","@id":"https:\/\/quehacerpolitico.mx\/?p=129725","url":"https:\/\/quehacerpolitico.mx\/?p=129725","name":"Por qu\u00e9 los taxis de aplicaci\u00f3n no quieren que las aplicaciones entren al aeropuerto el precio? -","isPartOf":{"@id":"https:\/\/quehacerpolitico.mx\/#website"},"primaryImageOfPage":{"@id":"https:\/\/quehacerpolitico.mx\/?p=129725#primaryimage"},"image":{"@id":"https:\/\/quehacerpolitico.mx\/?p=129725#primaryimage"},"thumbnailUrl":"https:\/\/quehacerpolitico.mx\/wp-content\/uploads\/2026\/03\/IMG_7258.jpeg","datePublished":"2026-03-14T04:05:26+00:00","dateModified":"2026-03-14T04:05:30+00:00","author":{"@id":"https:\/\/quehacerpolitico.mx\/#\/schema\/person\/496d8ad2d1d3f8036101dca7ee39e585"},"breadcrumb":{"@id":"https:\/\/quehacerpolitico.mx\/?p=129725#breadcrumb"},"inLanguage":"es","potentialAction":[{"@type":"ReadAction","target":["https:\/\/quehacerpolitico.mx\/?p=129725"]}]},{"@type":"ImageObject","inLanguage":"es","@id":"https:\/\/quehacerpolitico.mx\/?p=129725#primaryimage","url":"https:\/\/quehacerpolitico.mx\/wp-content\/uploads\/2026\/03\/IMG_7258.jpeg","contentUrl":"https:\/\/quehacerpolitico.mx\/wp-content\/uploads\/2026\/03\/IMG_7258.jpeg","width":1024,"height":576},{"@type":"BreadcrumbList","@id":"https:\/\/quehacerpolitico.mx\/?p=129725#breadcrumb","itemListElement":[{"@type":"ListItem","position":1,"name":"Inicio","item":"https:\/\/quehacerpolitico.mx\/"},{"@type":"ListItem","position":2,"name":"Por qu\u00e9 los taxis de aplicaci\u00f3n no quieren que las aplicaciones entren al aeropuerto el precio?"}]},{"@type":"WebSite","@id":"https:\/\/quehacerpolitico.mx\/#website","url":"https:\/\/quehacerpolitico.mx\/","name":"","description":"","potentialAction":[{"@type":"SearchAction","target":{"@type":"EntryPoint","urlTemplate":"https:\/\/quehacerpolitico.mx\/?s={search_term_string}"},"query-input":{"@type":"PropertyValueSpecification","valueRequired":true,"valueName":"search_term_string"}}],"inLanguage":"es"},{"@type":"Person","@id":"https:\/\/quehacerpolitico.mx\/#\/schema\/person\/496d8ad2d1d3f8036101dca7ee39e585","name":"Redacci\u00f3n QP","image":{"@type":"ImageObject","inLanguage":"es","@id":"https:\/\/secure.gravatar.com\/avatar\/c7164ed6fdec453195284ad24a5ae5b6e1eed2b848477fa2a4787ba9adf39a41?s=96&d=mm&r=g","url":"https:\/\/secure.gravatar.com\/avatar\/c7164ed6fdec453195284ad24a5ae5b6e1eed2b848477fa2a4787ba9adf39a41?s=96&d=mm&r=g","contentUrl":"https:\/\/secure.gravatar.com\/avatar\/c7164ed6fdec453195284ad24a5ae5b6e1eed2b848477fa2a4787ba9adf39a41?s=96&d=mm&r=g","caption":"Redacci\u00f3n QP"},"url":"https:\/\/quehacerpolitico.mx\/?author=2"}]}},"featured_image_urls":{"full":["https:\/\/quehacerpolitico.mx\/wp-content\/uploads\/2026\/03\/IMG_7258.jpeg",1024,576,false],"thumbnail":["https:\/\/quehacerpolitico.mx\/wp-content\/uploads\/2026\/03\/IMG_7258-150x150.jpeg",150,150,true],"medium":["https:\/\/quehacerpolitico.mx\/wp-content\/uploads\/2026\/03\/IMG_7258-300x169.jpeg",300,169,true],"medium_large":["https:\/\/quehacerpolitico.mx\/wp-content\/uploads\/2026\/03\/IMG_7258-768x432.jpeg",640,360,true],"large":["https:\/\/quehacerpolitico.mx\/wp-content\/uploads\/2026\/03\/IMG_7258.jpeg",640,360,false],"1536x1536":["https:\/\/quehacerpolitico.mx\/wp-content\/uploads\/2026\/03\/IMG_7258.jpeg",1024,576,false],"2048x2048":["https:\/\/quehacerpolitico.mx\/wp-content\/uploads\/2026\/03\/IMG_7258.jpeg",1024,576,false],"covernews-featured":["https:\/\/quehacerpolitico.mx\/wp-content\/uploads\/2026\/03\/IMG_7258.jpeg",1024,576,false],"covernews-medium":["https:\/\/quehacerpolitico.mx\/wp-content\/uploads\/2026\/03\/IMG_7258-540x340.jpeg",540,340,true]},"author_info":{"display_name":"Redacci\u00f3n QP","author_link":"https:\/\/quehacerpolitico.mx\/?author=2"},"category_info":"<a href=\"https:\/\/quehacerpolitico.mx\/?cat=55\" rel=\"category\">CDMX<\/a>","tag_info":"CDMX","comment_count":"0","_links":{"self":[{"href":"https:\/\/quehacerpolitico.mx\/index.php?rest_route=\/wp\/v2\/posts\/129725","targetHints":{"allow":["GET"]}}],"collection":[{"href":"https:\/\/quehacerpolitico.mx\/index.php?rest_route=\/wp\/v2\/posts"}],"about":[{"href":"https:\/\/quehacerpolitico.mx\/index.php?rest_route=\/wp\/v2\/types\/post"}],"author":[{"embeddable":true,"href":"https:\/\/quehacerpolitico.mx\/index.php?rest_route=\/wp\/v2\/users\/2"}],"replies":[{"embeddable":true,"href":"https:\/\/quehacerpolitico.mx\/index.php?rest_route=%2Fwp%2Fv2%2Fcomments&post=129725"}],"version-history":[{"count":1,"href":"https:\/\/quehacerpolitico.mx\/index.php?rest_route=\/wp\/v2\/posts\/129725\/revisions"}],"predecessor-version":[{"id":129727,"href":"https:\/\/quehacerpolitico.mx\/index.php?rest_route=\/wp\/v2\/posts\/129725\/revisions\/129727"}],"wp:featuredmedia":[{"embeddable":true,"href":"https:\/\/quehacerpolitico.mx\/index.php?rest_route=\/wp\/v2\/media\/129726"}],"wp:attachment":[{"href":"https:\/\/quehacerpolitico.mx\/index.php?rest_route=%2Fwp%2Fv2%2Fmedia&parent=129725"}],"wp:term":[{"taxonomy":"category","embeddable":true,"href":"https:\/\/quehacerpolitico.mx\/index.php?rest_route=%2Fwp%2Fv2%2Fcategories&post=129725"},{"taxonomy":"post_tag","embeddable":true,"href":"https:\/\/quehacerpolitico.mx\/index.php?rest_route=%2Fwp%2Fv2%2Ftags&post=129725"}],"curies":[{"name":"wp","href":"https:\/\/api.w.org\/{rel}","templated":true}]}}