{"id":129722,"date":"2026-03-13T21:40:49","date_gmt":"2026-03-14T03:40:49","guid":{"rendered":"https:\/\/quehacerpolitico.mx\/?p=129722"},"modified":"2026-03-13T21:40:53","modified_gmt":"2026-03-14T03:40:53","slug":"por-alguna-razon-ella-no-quiere-deshacerse-de-los-carteles-reprocha-trump-a-sheinbaum","status":"publish","type":"post","link":"https:\/\/quehacerpolitico.mx\/?p=129722","title":{"rendered":"\u201cPor alguna raz\u00f3n, ella no quiere deshacerse de los c\u00e1rteles\u201d, reprocha Trump a Sheinbaum"},"content":{"rendered":"\n<p>Por Redacci\u00f3n QP<\/p>\n\n\n\n<p>El mandatario difundi\u00f3 un video de Claudia Sheinbaum en el cual se\u00f1ala que no acepta la intervenci\u00f3n de Estados Unidos<\/p>\n\n\n\n<p>El presidente de Estados Unidos,&nbsp;<strong>Donald Trum<\/strong>p, asegur\u00f3 que la mandataria&nbsp;<strong>Claudia Sheinbaum&nbsp;<\/strong>ha rechazado su ayuda para combatir los&nbsp;<strong>c\u00e1rteles de la droga&nbsp;<\/strong>en M\u00e9xico y que &#8220;por alguna raz\u00f3n&#8221; ella no quiere que su administraci\u00f3n se deshaga de estos&nbsp;<strong>grupos criminales.<\/strong><\/p>\n\n\n\n<p>En una entrevista con medios de comunicaci\u00f3n,<strong>&nbsp;Trump<\/strong>&nbsp;reiter\u00f3 su postura de que M\u00e9xico es &#8220;controlado por los c\u00e1rteles de la droga&#8221;.<\/p>\n\n\n\n<p>&#8220;Ella no deber\u00eda haber rechazado mi ayuda. Le ofrec\u00ed deshacernos de los c\u00e1rteles en M\u00e9xico y, por alguna raz\u00f3n, ella no quiere hacer eso&#8221;, dijo.<\/p>\n\n\n\n<figure class=\"wp-block-embed is-type-rich is-provider-twitter wp-block-embed-twitter\"><div class=\"wp-block-embed__wrapper\">\n<blockquote class=\"twitter-tweet\" data-width=\"550\" data-dnt=\"true\"><p lang=\"es\" dir=\"ltr\">\ud83d\udd34Luego de que Trump publicara en su red social un mensaje sobre Sheinbaum rechazando su ayuda en M\u00e9xico, le preguntan \u00bfCu\u00e1l es su plan para M\u00e9xico?<br><br>Trump: \u201cBueno, ella no deber\u00eda haber rechazado mi ayuda\u201d <a href=\"https:\/\/t.co\/JALLj7c0xm\">pic.twitter.com\/JALLj7c0xm<\/a><\/p>&mdash; Brenda Estefan (@B_Estefan) <a href=\"https:\/\/twitter.com\/B_Estefan\/status\/2032608151384490389?ref_src=twsrc%5Etfw\">March 14, 2026<\/a><\/blockquote><script async src=\"https:\/\/platform.twitter.com\/widgets.js\" charset=\"utf-8\"><\/script>\n<\/div><\/figure>\n\n\n\n<p>&#8220;Ella me cae muy bien, pero deber\u00eda deshacerse de los c\u00e1rteles, porque los c\u00e1rteles \u2014nos guste o no\u2014 son los que est\u00e1n controlando M\u00e9xico. No podemos permitir eso&#8221;, agreg\u00f3.<\/p>\n\n\n\n<p>Momentos antes, el mandatario public\u00f3 un video de una conferencia de la presidenta\u00a0Claudia Sheinbaum en el cual reitera que ha rechazado la propuesta de Trump para que entren las Fuerzas Armadas estadounidenses al pa\u00eds para combatir a los distintos c\u00e1rteles de la droga.\u00a0<\/p>\n\n\n\n<p>&#8220;Que bueno que el presidente\u00a0<strong>Trump<\/strong> dice p\u00fablicamente que cuando nos ha propuesto que entre el\u00a0<strong>Ej\u00e9rcito<\/strong>\u00a0de Estados Unidos\u00a0 M\u00e9xico hemos dicho que no, porque es la verdad hemos dicho que no y orgullosamente seguimos diciendo que no&#8221;, coment\u00f3 la mandataria en aquella ocasi\u00f3n.<\/p>\n\n\n\n<p>Despu\u00e9s de la difusi\u00f3n&nbsp;del video, durante el evento de&nbsp;<strong>Pensi\u00f3n Mujeres Bienestar en Tecom\u00e1n<\/strong>, Colima, Claudia Sheinbaum&nbsp;reiter\u00f3 que ambas naciones pueden colaborar en materia de seguridad con respeto a las soberan\u00edas.<\/p>\n\n\n\n<p>&#8220;A lo mejor no est\u00e1 muy bien informado, porque estamos trabajando con<strong>Estados Unidos&nbsp;<\/strong>para el tema de seguridad, pero hay una condici\u00f3n que siempre hemos puesto porque podemos colaborar, trabajar juntos, pero hay algo por lo que hemos luchado toda nuestra vida, el pueblo de M\u00e9xico, la soberan\u00eda y esa no est\u00e1 en negociaci\u00f3n&#8221;, dijo.&nbsp;&nbsp;<\/p>\n\n\n\n<p>El pasado s\u00e1bado se llev\u00f3 a cabo la cumbre &#8220;<strong>Escudo de las Am\u00e9ricas<\/strong>&#8220;, en la cual&nbsp;<strong>Donald Trump<\/strong>&nbsp;anunci\u00f3 una coalici\u00f3n con pa\u00edses de Latinoam\u00e9rica para enfrentar los grupos criminales dedicados al tr\u00e1fico de drogas en la regi\u00f3n.&nbsp;<\/p>\n\n\n\n<p>Durante su participaci\u00f3n,&nbsp;<strong>Donald Trump<\/strong>, sostuvo que M\u00e9xico es el epicentro de los c\u00e1rteles y asegur\u00f3 que dichas organizaciones criminales son las responsables de l&nbsp;a mayor\u00eda de las matanzas&nbsp;en el hemisferio occidental.&nbsp;&nbsp;&nbsp;&nbsp;&nbsp;&nbsp;<\/p>\n\n\n\n<p>&#8220;Los c\u00e1rteles mexicanos est\u00e1n alimentando y orquestando gran parte del derramamiento de sangre y el caos en este hemisferio, y el gobierno de los Estados Unidos har\u00e1 todo lo necesario para defender nuestra seguridad nacional&#8221;, recalc\u00f3.<\/p>\n","protected":false},"excerpt":{"rendered":"<p>Por Redacci\u00f3n QP El mandatario difundi\u00f3 un video de Claudia Sheinbaum en el cual se\u00f1ala&#8230;<\/p>\n","protected":false},"author":2,"featured_media":129723,"comment_status":"open","ping_status":"open","sticky":false,"template":"","format":"standard","meta":{"_monsterinsights_skip_tracking":false,"_monsterinsights_sitenote_active":false,"_monsterinsights_sitenote_note":"","_monsterinsights_sitenote_category":0,"footnotes":""},"categories":[1,280,2],"tags":[],"class_list":["post-129722","post","type-post","status-publish","format-standard","has-post-thumbnail","hentry","category-sin-categoria","category-nacionales","category-noticias"],"yoast_head":"<!-- This site is optimized with the Yoast SEO plugin v27.3 - https:\/\/yoast.com\/product\/yoast-seo-wordpress\/ -->\n<title>\u201cPor alguna raz\u00f3n, ella no quiere deshacerse de los c\u00e1rteles\u201d, reprocha Trump a Sheinbaum -<\/title>\n<meta name=\"robots\" content=\"index, follow, max-snippet:-1, max-image-preview:large, max-video-preview:-1\" \/>\n<link rel=\"canonical\" href=\"https:\/\/quehacerpolitico.mx\/?p=129722\" \/>\n<meta property=\"og:locale\" content=\"es_MX\" \/>\n<meta property=\"og:type\" content=\"article\" \/>\n<meta property=\"og:title\" content=\"\u201cPor alguna raz\u00f3n, ella no quiere deshacerse de los c\u00e1rteles\u201d, reprocha Trump a Sheinbaum -\" \/>\n<meta property=\"og:description\" content=\"Por Redacci\u00f3n QP El mandatario difundi\u00f3 un video de Claudia Sheinbaum en el cual se\u00f1ala...\" \/>\n<meta property=\"og:url\" content=\"https:\/\/quehacerpolitico.mx\/?p=129722\" \/>\n<meta property=\"article:published_time\" content=\"2026-03-14T03:40:49+00:00\" \/>\n<meta property=\"article:modified_time\" content=\"2026-03-14T03:40:53+00:00\" \/>\n<meta property=\"og:image\" content=\"http:\/\/quehacerpolitico.mx\/wp-content\/uploads\/2026\/03\/IMG_7257.jpeg\" \/>\n\t<meta property=\"og:image:width\" content=\"674\" \/>\n\t<meta property=\"og:image:height\" content=\"455\" \/>\n\t<meta property=\"og:image:type\" content=\"image\/jpeg\" \/>\n<meta name=\"author\" content=\"Redacci\u00f3n QP\" \/>\n<meta name=\"twitter:card\" content=\"summary_large_image\" \/>\n<meta name=\"twitter:label1\" content=\"Escrito por\" \/>\n\t<meta name=\"twitter:data1\" content=\"Redacci\u00f3n QP\" \/>\n\t<meta name=\"twitter:label2\" content=\"Tiempo de lectura\" \/>\n\t<meta name=\"twitter:data2\" content=\"3 minutos\" \/>\n<script type=\"application\/ld+json\" class=\"yoast-schema-graph\">{\"@context\":\"https:\\\/\\\/schema.org\",\"@graph\":[{\"@type\":\"Article\",\"@id\":\"https:\\\/\\\/quehacerpolitico.mx\\\/?p=129722#article\",\"isPartOf\":{\"@id\":\"https:\\\/\\\/quehacerpolitico.mx\\\/?p=129722\"},\"author\":{\"name\":\"Redacci\u00f3n QP\",\"@id\":\"https:\\\/\\\/quehacerpolitico.mx\\\/#\\\/schema\\\/person\\\/496d8ad2d1d3f8036101dca7ee39e585\"},\"headline\":\"\u201cPor alguna raz\u00f3n, ella no quiere deshacerse de los c\u00e1rteles\u201d, reprocha Trump a Sheinbaum\",\"datePublished\":\"2026-03-14T03:40:49+00:00\",\"dateModified\":\"2026-03-14T03:40:53+00:00\",\"mainEntityOfPage\":{\"@id\":\"https:\\\/\\\/quehacerpolitico.mx\\\/?p=129722\"},\"wordCount\":523,\"commentCount\":0,\"image\":{\"@id\":\"https:\\\/\\\/quehacerpolitico.mx\\\/?p=129722#primaryimage\"},\"thumbnailUrl\":\"https:\\\/\\\/quehacerpolitico.mx\\\/wp-content\\\/uploads\\\/2026\\\/03\\\/IMG_7257.jpeg\",\"articleSection\":[\"Internacionales\",\"Nacionales\",\"Noticias\"],\"inLanguage\":\"es\",\"potentialAction\":[{\"@type\":\"CommentAction\",\"name\":\"Comment\",\"target\":[\"https:\\\/\\\/quehacerpolitico.mx\\\/?p=129722#respond\"]}]},{\"@type\":\"WebPage\",\"@id\":\"https:\\\/\\\/quehacerpolitico.mx\\\/?p=129722\",\"url\":\"https:\\\/\\\/quehacerpolitico.mx\\\/?p=129722\",\"name\":\"\u201cPor alguna raz\u00f3n, ella no quiere deshacerse de los c\u00e1rteles\u201d, reprocha Trump a Sheinbaum -\",\"isPartOf\":{\"@id\":\"https:\\\/\\\/quehacerpolitico.mx\\\/#website\"},\"primaryImageOfPage\":{\"@id\":\"https:\\\/\\\/quehacerpolitico.mx\\\/?p=129722#primaryimage\"},\"image\":{\"@id\":\"https:\\\/\\\/quehacerpolitico.mx\\\/?p=129722#primaryimage\"},\"thumbnailUrl\":\"https:\\\/\\\/quehacerpolitico.mx\\\/wp-content\\\/uploads\\\/2026\\\/03\\\/IMG_7257.jpeg\",\"datePublished\":\"2026-03-14T03:40:49+00:00\",\"dateModified\":\"2026-03-14T03:40:53+00:00\",\"author\":{\"@id\":\"https:\\\/\\\/quehacerpolitico.mx\\\/#\\\/schema\\\/person\\\/496d8ad2d1d3f8036101dca7ee39e585\"},\"breadcrumb\":{\"@id\":\"https:\\\/\\\/quehacerpolitico.mx\\\/?p=129722#breadcrumb\"},\"inLanguage\":\"es\",\"potentialAction\":[{\"@type\":\"ReadAction\",\"target\":[\"https:\\\/\\\/quehacerpolitico.mx\\\/?p=129722\"]}]},{\"@type\":\"ImageObject\",\"inLanguage\":\"es\",\"@id\":\"https:\\\/\\\/quehacerpolitico.mx\\\/?p=129722#primaryimage\",\"url\":\"https:\\\/\\\/quehacerpolitico.mx\\\/wp-content\\\/uploads\\\/2026\\\/03\\\/IMG_7257.jpeg\",\"contentUrl\":\"https:\\\/\\\/quehacerpolitico.mx\\\/wp-content\\\/uploads\\\/2026\\\/03\\\/IMG_7257.jpeg\",\"width\":674,\"height\":455},{\"@type\":\"BreadcrumbList\",\"@id\":\"https:\\\/\\\/quehacerpolitico.mx\\\/?p=129722#breadcrumb\",\"itemListElement\":[{\"@type\":\"ListItem\",\"position\":1,\"name\":\"Inicio\",\"item\":\"https:\\\/\\\/quehacerpolitico.mx\\\/\"},{\"@type\":\"ListItem\",\"position\":2,\"name\":\"\u201cPor alguna raz\u00f3n, ella no quiere deshacerse de los c\u00e1rteles\u201d, reprocha Trump a Sheinbaum\"}]},{\"@type\":\"WebSite\",\"@id\":\"https:\\\/\\\/quehacerpolitico.mx\\\/#website\",\"url\":\"https:\\\/\\\/quehacerpolitico.mx\\\/\",\"name\":\"\",\"description\":\"\",\"potentialAction\":[{\"@type\":\"SearchAction\",\"target\":{\"@type\":\"EntryPoint\",\"urlTemplate\":\"https:\\\/\\\/quehacerpolitico.mx\\\/?s={search_term_string}\"},\"query-input\":{\"@type\":\"PropertyValueSpecification\",\"valueRequired\":true,\"valueName\":\"search_term_string\"}}],\"inLanguage\":\"es\"},{\"@type\":\"Person\",\"@id\":\"https:\\\/\\\/quehacerpolitico.mx\\\/#\\\/schema\\\/person\\\/496d8ad2d1d3f8036101dca7ee39e585\",\"name\":\"Redacci\u00f3n QP\",\"image\":{\"@type\":\"ImageObject\",\"inLanguage\":\"es\",\"@id\":\"https:\\\/\\\/secure.gravatar.com\\\/avatar\\\/c7164ed6fdec453195284ad24a5ae5b6e1eed2b848477fa2a4787ba9adf39a41?s=96&d=mm&r=g\",\"url\":\"https:\\\/\\\/secure.gravatar.com\\\/avatar\\\/c7164ed6fdec453195284ad24a5ae5b6e1eed2b848477fa2a4787ba9adf39a41?s=96&d=mm&r=g\",\"contentUrl\":\"https:\\\/\\\/secure.gravatar.com\\\/avatar\\\/c7164ed6fdec453195284ad24a5ae5b6e1eed2b848477fa2a4787ba9adf39a41?s=96&d=mm&r=g\",\"caption\":\"Redacci\u00f3n QP\"},\"url\":\"https:\\\/\\\/quehacerpolitico.mx\\\/?author=2\"}]}<\/script>\n<!-- \/ Yoast SEO plugin. -->","yoast_head_json":{"title":"\u201cPor alguna raz\u00f3n, ella no quiere deshacerse de los c\u00e1rteles\u201d, reprocha Trump a Sheinbaum -","robots":{"index":"index","follow":"follow","max-snippet":"max-snippet:-1","max-image-preview":"max-image-preview:large","max-video-preview":"max-video-preview:-1"},"canonical":"https:\/\/quehacerpolitico.mx\/?p=129722","og_locale":"es_MX","og_type":"article","og_title":"\u201cPor alguna raz\u00f3n, ella no quiere deshacerse de los c\u00e1rteles\u201d, reprocha Trump a Sheinbaum -","og_description":"Por Redacci\u00f3n QP El mandatario difundi\u00f3 un video de Claudia Sheinbaum en el cual se\u00f1ala...","og_url":"https:\/\/quehacerpolitico.mx\/?p=129722","article_published_time":"2026-03-14T03:40:49+00:00","article_modified_time":"2026-03-14T03:40:53+00:00","og_image":[{"width":674,"height":455,"url":"http:\/\/quehacerpolitico.mx\/wp-content\/uploads\/2026\/03\/IMG_7257.jpeg","type":"image\/jpeg"}],"author":"Redacci\u00f3n QP","twitter_card":"summary_large_image","twitter_misc":{"Escrito por":"Redacci\u00f3n QP","Tiempo de lectura":"3 minutos"},"schema":{"@context":"https:\/\/schema.org","@graph":[{"@type":"Article","@id":"https:\/\/quehacerpolitico.mx\/?p=129722#article","isPartOf":{"@id":"https:\/\/quehacerpolitico.mx\/?p=129722"},"author":{"name":"Redacci\u00f3n QP","@id":"https:\/\/quehacerpolitico.mx\/#\/schema\/person\/496d8ad2d1d3f8036101dca7ee39e585"},"headline":"\u201cPor alguna raz\u00f3n, ella no quiere deshacerse de los c\u00e1rteles\u201d, reprocha Trump a Sheinbaum","datePublished":"2026-03-14T03:40:49+00:00","dateModified":"2026-03-14T03:40:53+00:00","mainEntityOfPage":{"@id":"https:\/\/quehacerpolitico.mx\/?p=129722"},"wordCount":523,"commentCount":0,"image":{"@id":"https:\/\/quehacerpolitico.mx\/?p=129722#primaryimage"},"thumbnailUrl":"https:\/\/quehacerpolitico.mx\/wp-content\/uploads\/2026\/03\/IMG_7257.jpeg","articleSection":["Internacionales","Nacionales","Noticias"],"inLanguage":"es","potentialAction":[{"@type":"CommentAction","name":"Comment","target":["https:\/\/quehacerpolitico.mx\/?p=129722#respond"]}]},{"@type":"WebPage","@id":"https:\/\/quehacerpolitico.mx\/?p=129722","url":"https:\/\/quehacerpolitico.mx\/?p=129722","name":"\u201cPor alguna raz\u00f3n, ella no quiere deshacerse de los c\u00e1rteles\u201d, reprocha Trump a Sheinbaum -","isPartOf":{"@id":"https:\/\/quehacerpolitico.mx\/#website"},"primaryImageOfPage":{"@id":"https:\/\/quehacerpolitico.mx\/?p=129722#primaryimage"},"image":{"@id":"https:\/\/quehacerpolitico.mx\/?p=129722#primaryimage"},"thumbnailUrl":"https:\/\/quehacerpolitico.mx\/wp-content\/uploads\/2026\/03\/IMG_7257.jpeg","datePublished":"2026-03-14T03:40:49+00:00","dateModified":"2026-03-14T03:40:53+00:00","author":{"@id":"https:\/\/quehacerpolitico.mx\/#\/schema\/person\/496d8ad2d1d3f8036101dca7ee39e585"},"breadcrumb":{"@id":"https:\/\/quehacerpolitico.mx\/?p=129722#breadcrumb"},"inLanguage":"es","potentialAction":[{"@type":"ReadAction","target":["https:\/\/quehacerpolitico.mx\/?p=129722"]}]},{"@type":"ImageObject","inLanguage":"es","@id":"https:\/\/quehacerpolitico.mx\/?p=129722#primaryimage","url":"https:\/\/quehacerpolitico.mx\/wp-content\/uploads\/2026\/03\/IMG_7257.jpeg","contentUrl":"https:\/\/quehacerpolitico.mx\/wp-content\/uploads\/2026\/03\/IMG_7257.jpeg","width":674,"height":455},{"@type":"BreadcrumbList","@id":"https:\/\/quehacerpolitico.mx\/?p=129722#breadcrumb","itemListElement":[{"@type":"ListItem","position":1,"name":"Inicio","item":"https:\/\/quehacerpolitico.mx\/"},{"@type":"ListItem","position":2,"name":"\u201cPor alguna raz\u00f3n, ella no quiere deshacerse de los c\u00e1rteles\u201d, reprocha Trump a Sheinbaum"}]},{"@type":"WebSite","@id":"https:\/\/quehacerpolitico.mx\/#website","url":"https:\/\/quehacerpolitico.mx\/","name":"","description":"","potentialAction":[{"@type":"SearchAction","target":{"@type":"EntryPoint","urlTemplate":"https:\/\/quehacerpolitico.mx\/?s={search_term_string}"},"query-input":{"@type":"PropertyValueSpecification","valueRequired":true,"valueName":"search_term_string"}}],"inLanguage":"es"},{"@type":"Person","@id":"https:\/\/quehacerpolitico.mx\/#\/schema\/person\/496d8ad2d1d3f8036101dca7ee39e585","name":"Redacci\u00f3n QP","image":{"@type":"ImageObject","inLanguage":"es","@id":"https:\/\/secure.gravatar.com\/avatar\/c7164ed6fdec453195284ad24a5ae5b6e1eed2b848477fa2a4787ba9adf39a41?s=96&d=mm&r=g","url":"https:\/\/secure.gravatar.com\/avatar\/c7164ed6fdec453195284ad24a5ae5b6e1eed2b848477fa2a4787ba9adf39a41?s=96&d=mm&r=g","contentUrl":"https:\/\/secure.gravatar.com\/avatar\/c7164ed6fdec453195284ad24a5ae5b6e1eed2b848477fa2a4787ba9adf39a41?s=96&d=mm&r=g","caption":"Redacci\u00f3n QP"},"url":"https:\/\/quehacerpolitico.mx\/?author=2"}]}},"featured_image_urls":{"full":["https:\/\/quehacerpolitico.mx\/wp-content\/uploads\/2026\/03\/IMG_7257.jpeg",674,455,false],"thumbnail":["https:\/\/quehacerpolitico.mx\/wp-content\/uploads\/2026\/03\/IMG_7257-150x150.jpeg",150,150,true],"medium":["https:\/\/quehacerpolitico.mx\/wp-content\/uploads\/2026\/03\/IMG_7257-300x203.jpeg",300,203,true],"medium_large":["https:\/\/quehacerpolitico.mx\/wp-content\/uploads\/2026\/03\/IMG_7257.jpeg",640,432,false],"large":["https:\/\/quehacerpolitico.mx\/wp-content\/uploads\/2026\/03\/IMG_7257.jpeg",640,432,false],"1536x1536":["https:\/\/quehacerpolitico.mx\/wp-content\/uploads\/2026\/03\/IMG_7257.jpeg",674,455,false],"2048x2048":["https:\/\/quehacerpolitico.mx\/wp-content\/uploads\/2026\/03\/IMG_7257.jpeg",674,455,false],"covernews-featured":["https:\/\/quehacerpolitico.mx\/wp-content\/uploads\/2026\/03\/IMG_7257.jpeg",674,455,false],"covernews-medium":["https:\/\/quehacerpolitico.mx\/wp-content\/uploads\/2026\/03\/IMG_7257-540x340.jpeg",540,340,true]},"author_info":{"display_name":"Redacci\u00f3n QP","author_link":"https:\/\/quehacerpolitico.mx\/?author=2"},"category_info":"<a href=\"https:\/\/quehacerpolitico.mx\/?cat=1\" rel=\"category\">Internacionales<\/a> <a href=\"https:\/\/quehacerpolitico.mx\/?cat=280\" rel=\"category\">Nacionales<\/a> <a href=\"https:\/\/quehacerpolitico.mx\/?cat=2\" rel=\"category\">Noticias<\/a>","tag_info":"Noticias","comment_count":"0","_links":{"self":[{"href":"https:\/\/quehacerpolitico.mx\/index.php?rest_route=\/wp\/v2\/posts\/129722","targetHints":{"allow":["GET"]}}],"collection":[{"href":"https:\/\/quehacerpolitico.mx\/index.php?rest_route=\/wp\/v2\/posts"}],"about":[{"href":"https:\/\/quehacerpolitico.mx\/index.php?rest_route=\/wp\/v2\/types\/post"}],"author":[{"embeddable":true,"href":"https:\/\/quehacerpolitico.mx\/index.php?rest_route=\/wp\/v2\/users\/2"}],"replies":[{"embeddable":true,"href":"https:\/\/quehacerpolitico.mx\/index.php?rest_route=%2Fwp%2Fv2%2Fcomments&post=129722"}],"version-history":[{"count":1,"href":"https:\/\/quehacerpolitico.mx\/index.php?rest_route=\/wp\/v2\/posts\/129722\/revisions"}],"predecessor-version":[{"id":129724,"href":"https:\/\/quehacerpolitico.mx\/index.php?rest_route=\/wp\/v2\/posts\/129722\/revisions\/129724"}],"wp:featuredmedia":[{"embeddable":true,"href":"https:\/\/quehacerpolitico.mx\/index.php?rest_route=\/wp\/v2\/media\/129723"}],"wp:attachment":[{"href":"https:\/\/quehacerpolitico.mx\/index.php?rest_route=%2Fwp%2Fv2%2Fmedia&parent=129722"}],"wp:term":[{"taxonomy":"category","embeddable":true,"href":"https:\/\/quehacerpolitico.mx\/index.php?rest_route=%2Fwp%2Fv2%2Fcategories&post=129722"},{"taxonomy":"post_tag","embeddable":true,"href":"https:\/\/quehacerpolitico.mx\/index.php?rest_route=%2Fwp%2Fv2%2Ftags&post=129722"}],"curies":[{"name":"wp","href":"https:\/\/api.w.org\/{rel}","templated":true}]}}