{"id":129712,"date":"2026-03-13T10:53:15","date_gmt":"2026-03-13T16:53:15","guid":{"rendered":"https:\/\/quehacerpolitico.mx\/?p=129712"},"modified":"2026-03-13T10:53:21","modified_gmt":"2026-03-13T16:53:21","slug":"el-torito-vuelve-al-frente-isaac-del-toro-recupera-el-liderato-general-tras-la-quinta-etapa-de-la-carrera-tirreno-adriatico","status":"publish","type":"post","link":"https:\/\/quehacerpolitico.mx\/?p=129712","title":{"rendered":"El \u2018Torito\u2019 vuelve al frente: Isaac del Toro recupera el liderato general tras la quinta etapa de la carrera Tirreno-Adri\u00e1tico"},"content":{"rendered":"\n<p>Por Redacci\u00f3n QP<\/p>\n\n\n\n<p>La quinta etapa fue conquistada por el dan\u00e9s Michael Valgren, mientras del Toro lleg\u00f3 segundo y recuper\u00f3 el su\u00e9ter de l\u00edder.<\/p>\n\n\n\n<p>El&nbsp;<strong>mexicano Isaac Del Toro<\/strong>&nbsp;(UAE)&nbsp;<strong>recuper\u00f3<\/strong>&nbsp;este viernes&nbsp;<strong>la &#8216;Maglia Azzurra&#8217; de l\u00edder de la Tirreno-Adri\u00e1tico<\/strong>al finalizar&nbsp;<strong>segundo<\/strong>&nbsp;en la<strong>&nbsp;quinta etapa de la &#8216;Carrera de los dos mares&#8217;,<\/strong>conquistada por el dan\u00e9s<strong>&nbsp;Michael Valgren<\/strong>&nbsp;(EF-Education) tras un gran ataque en los kil\u00f3metros finales que le permiti\u00f3 alzar los brazos en solitario.<\/p>\n\n\n\n<figure class=\"wp-block-embed is-type-rich is-provider-twitter wp-block-embed-twitter\"><div class=\"wp-block-embed__wrapper\">\n<blockquote class=\"twitter-tweet\" data-width=\"550\" data-dnt=\"true\"><p lang=\"en\" dir=\"ltr\">Isaac del Toro is moving on \ud83c\udd99<br><br>The Mexican moves back into the overall lead after a scintillating attack on Stage 5\ud83d\udd25 <a href=\"https:\/\/t.co\/iVtw3vUpKK\">pic.twitter.com\/iVtw3vUpKK<\/a><\/p>&mdash; Cycling on TNT Sports (@cyclingontnt) <a href=\"https:\/\/twitter.com\/cyclingontnt\/status\/2032473720841761277?ref_src=twsrc%5Etfw\">March 13, 2026<\/a><\/blockquote><script async src=\"https:\/\/platform.twitter.com\/widgets.js\" charset=\"utf-8\"><\/script>\n<\/div><\/figure>\n\n\n\n<p><strong>Valgren celebr\u00f3 una victoria de poder\u00edo<\/strong>, en la etapa m\u00e1s compleja hasta la fecha, dejando por el camino el ataque del franc\u00e9s Julian Alaphilippe (Tudor), desfondado en el final pese a su intenci\u00f3n de completar la fuga con \u00e9xito, y&nbsp;<strong>superando con 11 segundos a un Del Toro que recuper\u00f3 el liderato<\/strong>&nbsp;y al estadounidense Matteo Jorgenson (Visma), quienes completaron el podio.<\/p>\n\n\n\n<p>En la&nbsp;<strong>primera de las dos etapas clave de la carrera<\/strong>, fue&nbsp;<strong>Valgren el que impuso su ley<\/strong>&nbsp;con una<strong>&nbsp;exhibici\u00f3n de f\u00edsico<\/strong>&nbsp;tras una jornada sin tregua, sin apenas respiro, con constantes ascensos y descensos entre Marota-Mondolgo y Mombaroccio, de 184 kil\u00f3metros.<\/p>\n\n\n\n<h2 class=\"wp-block-heading\">ESCAPADA<\/h2>\n\n\n\n<p>Michael Valgren, el gran protagonista, se mantuvo siempre al acecho. No dio muestras de debilidad cuando poco a poco el grupo que escap\u00f3 fue disminuyendo, demasiado fatigado. De hecho, fue el primero en el ascenso al Santuario del Beato Sante, momento en el que Alaphillipe intent\u00f3 dar el golpe definitivo de la jornada.<\/p>\n\n\n\n<p>Le sigui\u00f3 Valgren, sin problemas aparentes. Cuando comenz\u00f3 la segunda vuelta al circuito final, a unos 20 km, el r\u00e9dito era de 25 segundos respecto a los primeros perseguidores y dos minutos respecto al pelot\u00f3n. Margen m\u00e1s que de sobra para pensar en una victoria entre ambos.<\/p>\n\n\n\n<p>Sin embargo, fue demasiado para Alaphillipe, que a poco menos de 10 kil\u00f3metros se desfond\u00f3 y dej\u00f3 escapar su gran oportunidad de dar un salto en la general. Dej\u00f3 en solitario a Valgren mientras el pelot\u00f3n dio se\u00f1ales de vida por detr\u00e1s.<\/p>\n\n\n\n<p>El esloveno&nbsp;<strong>Primoz Roglic (Bora) se movi\u00f3 primero, pero Del Toro anduvo r\u00e1pido para seguirle la pista con potencia y superar a todos<\/strong>, solo perseguido por Jorgenson.<\/p>\n\n\n\n<figure class=\"wp-block-embed is-type-rich is-provider-twitter wp-block-embed-twitter\"><div class=\"wp-block-embed__wrapper\">\n<blockquote class=\"twitter-tweet\" data-width=\"550\" data-dnt=\"true\"><p lang=\"en\" dir=\"ltr\">\ud83c\uddf2\ud83c\uddfd ISAAC DEL TORO IS GONE!! And Giulio is unable to follow, but he&#39;s not far \ud83d\ude31<a href=\"https:\/\/twitter.com\/hashtag\/TirrenoAdriatico?src=hash&amp;ref_src=twsrc%5Etfw\">#TirrenoAdriatico<\/a> <a href=\"https:\/\/twitter.com\/CA_Ita?ref_src=twsrc%5Etfw\">@CA_Ita<\/a> <a href=\"https:\/\/t.co\/0zk6amxHLx\">pic.twitter.com\/0zk6amxHLx<\/a><\/p>&mdash; Tirreno Adriatico (@TirrenAdriatico) <a href=\"https:\/\/twitter.com\/TirrenAdriatico\/status\/2032467248040861897?ref_src=twsrc%5Etfw\">March 13, 2026<\/a><\/blockquote><script async src=\"https:\/\/platform.twitter.com\/widgets.js\" charset=\"utf-8\"><\/script>\n<\/div><\/figure>\n\n\n\n<p>As\u00ed las cosas, mientras Valgren complet\u00f3 la fuga con \u00e9xito y celebr\u00f3 un \u00e9xito cinco a\u00f1os despu\u00e9s en la Tirreno Adri\u00e1tico,&nbsp;<strong>Del Toro logr\u00f3 imponerse a Jorgenson para dar un gran golpe en la general<\/strong>, en la que&nbsp;<strong>ya saca 23 segundos al italiano Giulio Pellizzari (Bora), 34 a Jorgenson y 44 a Roglic<\/strong>.&nbsp;<\/p>\n\n\n\n<p>La sexta etapa, de 188 kil\u00f3metros entre San Severino Marche y Camerino, la considerada &#8216;reina&#8217;, decidir\u00e1 pr\u00e1cticamente la &#8216;Carrera de los dos mares&#8217; con una jornada muy exigente en la que la subida al Sassotetto (Paso de Santa Maria Maddalena) y los 3 \u00faltimos kil\u00f3metros, con pendientes de hasta el 18%, marcar\u00e1n la diferencia para hacerse con el &#8216;Tridente&#8217;.<\/p>\n\n\n\n<p>Con informaci\u00f3n de EFE<\/p>\n","protected":false},"excerpt":{"rendered":"<p>Por Redacci\u00f3n QP La quinta etapa fue conquistada por el dan\u00e9s Michael Valgren, mientras del&#8230;<\/p>\n","protected":false},"author":2,"featured_media":129713,"comment_status":"open","ping_status":"open","sticky":false,"template":"","format":"standard","meta":{"_monsterinsights_skip_tracking":false,"_monsterinsights_sitenote_active":false,"_monsterinsights_sitenote_note":"","_monsterinsights_sitenote_category":0,"footnotes":""},"categories":[54],"tags":[],"class_list":["post-129712","post","type-post","status-publish","format-standard","has-post-thumbnail","hentry","category-deportes"],"yoast_head":"<!-- This site is optimized with the Yoast SEO plugin v27.3 - https:\/\/yoast.com\/product\/yoast-seo-wordpress\/ -->\n<title>El \u2018Torito\u2019 vuelve al frente: Isaac del Toro recupera el liderato general tras la quinta etapa de la carrera Tirreno-Adri\u00e1tico -<\/title>\n<meta name=\"robots\" content=\"index, follow, max-snippet:-1, max-image-preview:large, max-video-preview:-1\" \/>\n<link rel=\"canonical\" href=\"https:\/\/quehacerpolitico.mx\/?p=129712\" \/>\n<meta property=\"og:locale\" content=\"es_MX\" \/>\n<meta property=\"og:type\" content=\"article\" \/>\n<meta property=\"og:title\" content=\"El \u2018Torito\u2019 vuelve al frente: Isaac del Toro recupera el liderato general tras la quinta etapa de la carrera Tirreno-Adri\u00e1tico -\" \/>\n<meta property=\"og:description\" content=\"Por Redacci\u00f3n QP La quinta etapa fue conquistada por el dan\u00e9s Michael Valgren, mientras del...\" \/>\n<meta property=\"og:url\" content=\"https:\/\/quehacerpolitico.mx\/?p=129712\" \/>\n<meta property=\"article:published_time\" content=\"2026-03-13T16:53:15+00:00\" \/>\n<meta property=\"article:modified_time\" content=\"2026-03-13T16:53:21+00:00\" \/>\n<meta property=\"og:image\" content=\"http:\/\/quehacerpolitico.mx\/wp-content\/uploads\/2026\/03\/IMG_7244.jpeg\" \/>\n\t<meta property=\"og:image:width\" content=\"640\" \/>\n\t<meta property=\"og:image:height\" content=\"360\" \/>\n\t<meta property=\"og:image:type\" content=\"image\/jpeg\" \/>\n<meta name=\"author\" content=\"Redacci\u00f3n QP\" \/>\n<meta name=\"twitter:card\" content=\"summary_large_image\" \/>\n<meta name=\"twitter:label1\" content=\"Escrito por\" \/>\n\t<meta name=\"twitter:data1\" content=\"Redacci\u00f3n QP\" \/>\n\t<meta name=\"twitter:label2\" content=\"Tiempo de lectura\" \/>\n\t<meta name=\"twitter:data2\" content=\"3 minutos\" \/>\n<script type=\"application\/ld+json\" class=\"yoast-schema-graph\">{\"@context\":\"https:\\\/\\\/schema.org\",\"@graph\":[{\"@type\":\"Article\",\"@id\":\"https:\\\/\\\/quehacerpolitico.mx\\\/?p=129712#article\",\"isPartOf\":{\"@id\":\"https:\\\/\\\/quehacerpolitico.mx\\\/?p=129712\"},\"author\":{\"name\":\"Redacci\u00f3n QP\",\"@id\":\"https:\\\/\\\/quehacerpolitico.mx\\\/#\\\/schema\\\/person\\\/496d8ad2d1d3f8036101dca7ee39e585\"},\"headline\":\"El \u2018Torito\u2019 vuelve al frente: Isaac del Toro recupera el liderato general tras la quinta etapa de la carrera Tirreno-Adri\u00e1tico\",\"datePublished\":\"2026-03-13T16:53:15+00:00\",\"dateModified\":\"2026-03-13T16:53:21+00:00\",\"mainEntityOfPage\":{\"@id\":\"https:\\\/\\\/quehacerpolitico.mx\\\/?p=129712\"},\"wordCount\":543,\"commentCount\":0,\"image\":{\"@id\":\"https:\\\/\\\/quehacerpolitico.mx\\\/?p=129712#primaryimage\"},\"thumbnailUrl\":\"https:\\\/\\\/quehacerpolitico.mx\\\/wp-content\\\/uploads\\\/2026\\\/03\\\/IMG_7244.jpeg\",\"articleSection\":[\"Deportes\"],\"inLanguage\":\"es\",\"potentialAction\":[{\"@type\":\"CommentAction\",\"name\":\"Comment\",\"target\":[\"https:\\\/\\\/quehacerpolitico.mx\\\/?p=129712#respond\"]}]},{\"@type\":\"WebPage\",\"@id\":\"https:\\\/\\\/quehacerpolitico.mx\\\/?p=129712\",\"url\":\"https:\\\/\\\/quehacerpolitico.mx\\\/?p=129712\",\"name\":\"El \u2018Torito\u2019 vuelve al frente: Isaac del Toro recupera el liderato general tras la quinta etapa de la carrera Tirreno-Adri\u00e1tico -\",\"isPartOf\":{\"@id\":\"https:\\\/\\\/quehacerpolitico.mx\\\/#website\"},\"primaryImageOfPage\":{\"@id\":\"https:\\\/\\\/quehacerpolitico.mx\\\/?p=129712#primaryimage\"},\"image\":{\"@id\":\"https:\\\/\\\/quehacerpolitico.mx\\\/?p=129712#primaryimage\"},\"thumbnailUrl\":\"https:\\\/\\\/quehacerpolitico.mx\\\/wp-content\\\/uploads\\\/2026\\\/03\\\/IMG_7244.jpeg\",\"datePublished\":\"2026-03-13T16:53:15+00:00\",\"dateModified\":\"2026-03-13T16:53:21+00:00\",\"author\":{\"@id\":\"https:\\\/\\\/quehacerpolitico.mx\\\/#\\\/schema\\\/person\\\/496d8ad2d1d3f8036101dca7ee39e585\"},\"breadcrumb\":{\"@id\":\"https:\\\/\\\/quehacerpolitico.mx\\\/?p=129712#breadcrumb\"},\"inLanguage\":\"es\",\"potentialAction\":[{\"@type\":\"ReadAction\",\"target\":[\"https:\\\/\\\/quehacerpolitico.mx\\\/?p=129712\"]}]},{\"@type\":\"ImageObject\",\"inLanguage\":\"es\",\"@id\":\"https:\\\/\\\/quehacerpolitico.mx\\\/?p=129712#primaryimage\",\"url\":\"https:\\\/\\\/quehacerpolitico.mx\\\/wp-content\\\/uploads\\\/2026\\\/03\\\/IMG_7244.jpeg\",\"contentUrl\":\"https:\\\/\\\/quehacerpolitico.mx\\\/wp-content\\\/uploads\\\/2026\\\/03\\\/IMG_7244.jpeg\",\"width\":640,\"height\":360},{\"@type\":\"BreadcrumbList\",\"@id\":\"https:\\\/\\\/quehacerpolitico.mx\\\/?p=129712#breadcrumb\",\"itemListElement\":[{\"@type\":\"ListItem\",\"position\":1,\"name\":\"Inicio\",\"item\":\"https:\\\/\\\/quehacerpolitico.mx\\\/\"},{\"@type\":\"ListItem\",\"position\":2,\"name\":\"El \u2018Torito\u2019 vuelve al frente: Isaac del Toro recupera el liderato general tras la quinta etapa de la carrera Tirreno-Adri\u00e1tico\"}]},{\"@type\":\"WebSite\",\"@id\":\"https:\\\/\\\/quehacerpolitico.mx\\\/#website\",\"url\":\"https:\\\/\\\/quehacerpolitico.mx\\\/\",\"name\":\"\",\"description\":\"\",\"potentialAction\":[{\"@type\":\"SearchAction\",\"target\":{\"@type\":\"EntryPoint\",\"urlTemplate\":\"https:\\\/\\\/quehacerpolitico.mx\\\/?s={search_term_string}\"},\"query-input\":{\"@type\":\"PropertyValueSpecification\",\"valueRequired\":true,\"valueName\":\"search_term_string\"}}],\"inLanguage\":\"es\"},{\"@type\":\"Person\",\"@id\":\"https:\\\/\\\/quehacerpolitico.mx\\\/#\\\/schema\\\/person\\\/496d8ad2d1d3f8036101dca7ee39e585\",\"name\":\"Redacci\u00f3n QP\",\"image\":{\"@type\":\"ImageObject\",\"inLanguage\":\"es\",\"@id\":\"https:\\\/\\\/secure.gravatar.com\\\/avatar\\\/c7164ed6fdec453195284ad24a5ae5b6e1eed2b848477fa2a4787ba9adf39a41?s=96&d=mm&r=g\",\"url\":\"https:\\\/\\\/secure.gravatar.com\\\/avatar\\\/c7164ed6fdec453195284ad24a5ae5b6e1eed2b848477fa2a4787ba9adf39a41?s=96&d=mm&r=g\",\"contentUrl\":\"https:\\\/\\\/secure.gravatar.com\\\/avatar\\\/c7164ed6fdec453195284ad24a5ae5b6e1eed2b848477fa2a4787ba9adf39a41?s=96&d=mm&r=g\",\"caption\":\"Redacci\u00f3n QP\"},\"url\":\"https:\\\/\\\/quehacerpolitico.mx\\\/?author=2\"}]}<\/script>\n<!-- \/ Yoast SEO plugin. -->","yoast_head_json":{"title":"El \u2018Torito\u2019 vuelve al frente: Isaac del Toro recupera el liderato general tras la quinta etapa de la carrera Tirreno-Adri\u00e1tico -","robots":{"index":"index","follow":"follow","max-snippet":"max-snippet:-1","max-image-preview":"max-image-preview:large","max-video-preview":"max-video-preview:-1"},"canonical":"https:\/\/quehacerpolitico.mx\/?p=129712","og_locale":"es_MX","og_type":"article","og_title":"El \u2018Torito\u2019 vuelve al frente: Isaac del Toro recupera el liderato general tras la quinta etapa de la carrera Tirreno-Adri\u00e1tico -","og_description":"Por Redacci\u00f3n QP La quinta etapa fue conquistada por el dan\u00e9s Michael Valgren, mientras del...","og_url":"https:\/\/quehacerpolitico.mx\/?p=129712","article_published_time":"2026-03-13T16:53:15+00:00","article_modified_time":"2026-03-13T16:53:21+00:00","og_image":[{"width":640,"height":360,"url":"http:\/\/quehacerpolitico.mx\/wp-content\/uploads\/2026\/03\/IMG_7244.jpeg","type":"image\/jpeg"}],"author":"Redacci\u00f3n QP","twitter_card":"summary_large_image","twitter_misc":{"Escrito por":"Redacci\u00f3n QP","Tiempo de lectura":"3 minutos"},"schema":{"@context":"https:\/\/schema.org","@graph":[{"@type":"Article","@id":"https:\/\/quehacerpolitico.mx\/?p=129712#article","isPartOf":{"@id":"https:\/\/quehacerpolitico.mx\/?p=129712"},"author":{"name":"Redacci\u00f3n QP","@id":"https:\/\/quehacerpolitico.mx\/#\/schema\/person\/496d8ad2d1d3f8036101dca7ee39e585"},"headline":"El \u2018Torito\u2019 vuelve al frente: Isaac del Toro recupera el liderato general tras la quinta etapa de la carrera Tirreno-Adri\u00e1tico","datePublished":"2026-03-13T16:53:15+00:00","dateModified":"2026-03-13T16:53:21+00:00","mainEntityOfPage":{"@id":"https:\/\/quehacerpolitico.mx\/?p=129712"},"wordCount":543,"commentCount":0,"image":{"@id":"https:\/\/quehacerpolitico.mx\/?p=129712#primaryimage"},"thumbnailUrl":"https:\/\/quehacerpolitico.mx\/wp-content\/uploads\/2026\/03\/IMG_7244.jpeg","articleSection":["Deportes"],"inLanguage":"es","potentialAction":[{"@type":"CommentAction","name":"Comment","target":["https:\/\/quehacerpolitico.mx\/?p=129712#respond"]}]},{"@type":"WebPage","@id":"https:\/\/quehacerpolitico.mx\/?p=129712","url":"https:\/\/quehacerpolitico.mx\/?p=129712","name":"El \u2018Torito\u2019 vuelve al frente: Isaac del Toro recupera el liderato general tras la quinta etapa de la carrera Tirreno-Adri\u00e1tico -","isPartOf":{"@id":"https:\/\/quehacerpolitico.mx\/#website"},"primaryImageOfPage":{"@id":"https:\/\/quehacerpolitico.mx\/?p=129712#primaryimage"},"image":{"@id":"https:\/\/quehacerpolitico.mx\/?p=129712#primaryimage"},"thumbnailUrl":"https:\/\/quehacerpolitico.mx\/wp-content\/uploads\/2026\/03\/IMG_7244.jpeg","datePublished":"2026-03-13T16:53:15+00:00","dateModified":"2026-03-13T16:53:21+00:00","author":{"@id":"https:\/\/quehacerpolitico.mx\/#\/schema\/person\/496d8ad2d1d3f8036101dca7ee39e585"},"breadcrumb":{"@id":"https:\/\/quehacerpolitico.mx\/?p=129712#breadcrumb"},"inLanguage":"es","potentialAction":[{"@type":"ReadAction","target":["https:\/\/quehacerpolitico.mx\/?p=129712"]}]},{"@type":"ImageObject","inLanguage":"es","@id":"https:\/\/quehacerpolitico.mx\/?p=129712#primaryimage","url":"https:\/\/quehacerpolitico.mx\/wp-content\/uploads\/2026\/03\/IMG_7244.jpeg","contentUrl":"https:\/\/quehacerpolitico.mx\/wp-content\/uploads\/2026\/03\/IMG_7244.jpeg","width":640,"height":360},{"@type":"BreadcrumbList","@id":"https:\/\/quehacerpolitico.mx\/?p=129712#breadcrumb","itemListElement":[{"@type":"ListItem","position":1,"name":"Inicio","item":"https:\/\/quehacerpolitico.mx\/"},{"@type":"ListItem","position":2,"name":"El \u2018Torito\u2019 vuelve al frente: Isaac del Toro recupera el liderato general tras la quinta etapa de la carrera Tirreno-Adri\u00e1tico"}]},{"@type":"WebSite","@id":"https:\/\/quehacerpolitico.mx\/#website","url":"https:\/\/quehacerpolitico.mx\/","name":"","description":"","potentialAction":[{"@type":"SearchAction","target":{"@type":"EntryPoint","urlTemplate":"https:\/\/quehacerpolitico.mx\/?s={search_term_string}"},"query-input":{"@type":"PropertyValueSpecification","valueRequired":true,"valueName":"search_term_string"}}],"inLanguage":"es"},{"@type":"Person","@id":"https:\/\/quehacerpolitico.mx\/#\/schema\/person\/496d8ad2d1d3f8036101dca7ee39e585","name":"Redacci\u00f3n QP","image":{"@type":"ImageObject","inLanguage":"es","@id":"https:\/\/secure.gravatar.com\/avatar\/c7164ed6fdec453195284ad24a5ae5b6e1eed2b848477fa2a4787ba9adf39a41?s=96&d=mm&r=g","url":"https:\/\/secure.gravatar.com\/avatar\/c7164ed6fdec453195284ad24a5ae5b6e1eed2b848477fa2a4787ba9adf39a41?s=96&d=mm&r=g","contentUrl":"https:\/\/secure.gravatar.com\/avatar\/c7164ed6fdec453195284ad24a5ae5b6e1eed2b848477fa2a4787ba9adf39a41?s=96&d=mm&r=g","caption":"Redacci\u00f3n QP"},"url":"https:\/\/quehacerpolitico.mx\/?author=2"}]}},"featured_image_urls":{"full":["https:\/\/quehacerpolitico.mx\/wp-content\/uploads\/2026\/03\/IMG_7244.jpeg",640,360,false],"thumbnail":["https:\/\/quehacerpolitico.mx\/wp-content\/uploads\/2026\/03\/IMG_7244-150x150.jpeg",150,150,true],"medium":["https:\/\/quehacerpolitico.mx\/wp-content\/uploads\/2026\/03\/IMG_7244-300x169.jpeg",300,169,true],"medium_large":["https:\/\/quehacerpolitico.mx\/wp-content\/uploads\/2026\/03\/IMG_7244.jpeg",640,360,false],"large":["https:\/\/quehacerpolitico.mx\/wp-content\/uploads\/2026\/03\/IMG_7244.jpeg",640,360,false],"1536x1536":["https:\/\/quehacerpolitico.mx\/wp-content\/uploads\/2026\/03\/IMG_7244.jpeg",640,360,false],"2048x2048":["https:\/\/quehacerpolitico.mx\/wp-content\/uploads\/2026\/03\/IMG_7244.jpeg",640,360,false],"covernews-featured":["https:\/\/quehacerpolitico.mx\/wp-content\/uploads\/2026\/03\/IMG_7244.jpeg",640,360,false],"covernews-medium":["https:\/\/quehacerpolitico.mx\/wp-content\/uploads\/2026\/03\/IMG_7244-540x340.jpeg",540,340,true]},"author_info":{"display_name":"Redacci\u00f3n QP","author_link":"https:\/\/quehacerpolitico.mx\/?author=2"},"category_info":"<a href=\"https:\/\/quehacerpolitico.mx\/?cat=54\" rel=\"category\">Deportes<\/a>","tag_info":"Deportes","comment_count":"0","_links":{"self":[{"href":"https:\/\/quehacerpolitico.mx\/index.php?rest_route=\/wp\/v2\/posts\/129712","targetHints":{"allow":["GET"]}}],"collection":[{"href":"https:\/\/quehacerpolitico.mx\/index.php?rest_route=\/wp\/v2\/posts"}],"about":[{"href":"https:\/\/quehacerpolitico.mx\/index.php?rest_route=\/wp\/v2\/types\/post"}],"author":[{"embeddable":true,"href":"https:\/\/quehacerpolitico.mx\/index.php?rest_route=\/wp\/v2\/users\/2"}],"replies":[{"embeddable":true,"href":"https:\/\/quehacerpolitico.mx\/index.php?rest_route=%2Fwp%2Fv2%2Fcomments&post=129712"}],"version-history":[{"count":1,"href":"https:\/\/quehacerpolitico.mx\/index.php?rest_route=\/wp\/v2\/posts\/129712\/revisions"}],"predecessor-version":[{"id":129714,"href":"https:\/\/quehacerpolitico.mx\/index.php?rest_route=\/wp\/v2\/posts\/129712\/revisions\/129714"}],"wp:featuredmedia":[{"embeddable":true,"href":"https:\/\/quehacerpolitico.mx\/index.php?rest_route=\/wp\/v2\/media\/129713"}],"wp:attachment":[{"href":"https:\/\/quehacerpolitico.mx\/index.php?rest_route=%2Fwp%2Fv2%2Fmedia&parent=129712"}],"wp:term":[{"taxonomy":"category","embeddable":true,"href":"https:\/\/quehacerpolitico.mx\/index.php?rest_route=%2Fwp%2Fv2%2Fcategories&post=129712"},{"taxonomy":"post_tag","embeddable":true,"href":"https:\/\/quehacerpolitico.mx\/index.php?rest_route=%2Fwp%2Fv2%2Ftags&post=129712"}],"curies":[{"name":"wp","href":"https:\/\/api.w.org\/{rel}","templated":true}]}}