{"id":129709,"date":"2026-03-13T09:52:34","date_gmt":"2026-03-13T15:52:34","guid":{"rendered":"https:\/\/quehacerpolitico.mx\/?p=129709"},"modified":"2026-03-13T09:52:38","modified_gmt":"2026-03-13T15:52:38","slug":"cuba-anuncia-negociaciones-con-eu-tras-mas-de-un-mes-del-asedio-petrolero-del-gobierno-de-trump","status":"publish","type":"post","link":"https:\/\/quehacerpolitico.mx\/?p=129709","title":{"rendered":"Cuba anuncia negociaciones con EU tras m\u00e1s de un mes del asedio petrolero del gobierno de Trump"},"content":{"rendered":"\n<p>Por Redacci\u00f3n QP<\/p>\n\n\n\n<p>El presidente Miguel D\u00edaz-Canel explic\u00f3 en un mensaje videograbado que ha sostenido conversaciones con representes estadounidenses, aunque matiz\u00f3 que los acuerdos a\u00fan est\u00e1n alejados<\/p>\n\n\n\n<p>El&nbsp;<strong>Partido Comunista de Cuba<\/strong>(PCC, \u00fanico legal) anunci\u00f3 este viernes que representantes de la administraci\u00f3n&nbsp;de la isla &#8220;han&nbsp;<strong>sostenido recientemente conversaciones con representantes<\/strong>&nbsp;del gobierno de los Estados Unidos&#8221;.<\/p>\n\n\n\n<p>&#8220;Dirigidos por el General de Ej\u00e9rcito&nbsp;<strong>Ra\u00fal Castro Ruz<\/strong>&nbsp;como l\u00edder de la Revoluci\u00f3n y por el Primer Secretario del Comit\u00e9 Central del Partido Comunista y Presidente de la Rep\u00fablica,&nbsp;<strong>Miguel D\u00edaz-Canel Berm\u00fadez<\/strong>&nbsp;-y en acci\u00f3n colegiada con las m\u00e1ximas estructuras del Partido, del Estado, y del gobierno-, funcionarios cubanos han sostenido recientemente conversaciones con representantes del gobierno de los Estados Unidos&#8221;, se\u00f1al\u00f3&nbsp;el comunicado, difundido en redes sociales.<\/p>\n\n\n\n<p>En un mensaje grabado, D\u00edaz-Canel explic\u00f3 por su parte que &#8220;Cuba ha sostenid<strong>o conversaciones con representantes del gobierno de Estados Unidos<\/strong>&nbsp;orientadas a buscar soluciones por la v\u00eda del di\u00e1logo a las diferencias entre ambos gobiernos&#8221;.<\/p>\n\n\n\n<figure class=\"wp-block-embed is-type-rich is-provider-twitter wp-block-embed-twitter\"><div class=\"wp-block-embed__wrapper\">\n<blockquote class=\"twitter-tweet\" data-width=\"550\" data-dnt=\"true\"><p lang=\"es\" dir=\"ltr\">\ud83c\uddfa\ud83c\uddf8\ud83c\udde8\ud83c\uddfa\ud83d\udea8| HIST\u00d3RICO: Este es el momento en el que el tirano comunista de Cuba, Miguel D\u00edaz Canel, anuncia en cadena nacional que han cedido a la presi\u00f3n y est\u00e1n en negociaciones con Estados Unidos y el gobierno de Trump. <br><br>El r\u00e9gimen cubano est\u00e1 rendido y al borde del colapso. \ud83d\udd25 <a href=\"https:\/\/t.co\/in5ivE9sTf\">pic.twitter.com\/in5ivE9sTf<\/a><\/p>&mdash; Eduardo Menoni (@eduardomenoni) <a href=\"https:\/\/twitter.com\/eduardomenoni\/status\/2032459391190831229?ref_src=twsrc%5Etfw\">March 13, 2026<\/a><\/blockquote><script async src=\"https:\/\/platform.twitter.com\/widgets.js\" charset=\"utf-8\"><\/script>\n<\/div><\/figure>\n\n\n\n<p>El objetivo era, &#8220;en primera instancia,<strong>identificar los problemas que necesitan soluci\u00f3n&nbsp;<\/strong>y las posibles soluciones que puedan tener&#8221;, agreg\u00f3 el presidente, quien matiz\u00f3 que los&nbsp;<strong>acuerdos a\u00fan est\u00e1n &#8220;alejados&#8221;.<\/strong><\/p>\n\n\n\n<p>Se pretende &#8220;determinar la<strong>&nbsp;disposici\u00f3n de ambas partes<\/strong>&nbsp;de concretar acciones en beneficio de los pueblos de ambos pa\u00edses&#8221; e &#8220;identificar&nbsp;<strong>\u00e1reas de cooperaci\u00f3n para enfrentar las amenazas<\/strong>&nbsp;y garantizar la paz y seguridad de ambas naciones&#8221; y tambi\u00e9n &#8220;de la regi\u00f3n de Am\u00e9rica Latina y el Caribe&#8221;.<\/p>\n\n\n\n<p>&#8220;Se trata de un tema que se desarrolla como parte de un&nbsp;<strong>proceso muy sensible que se conduce con seriedad&nbsp;<\/strong>y responsabilidad porque afecta los v\u00ednculos bilaterales entre las dos naciones y demanda enormes y arduos esfuerzos para<strong>&nbsp;encontrar soluci\u00f3n y crear espacios de entendimiento&nbsp;<\/strong>que nos permitan avanzar y alejarnos de la confrontaci\u00f3n&#8221;, afirm\u00f3.<\/p>\n\n\n\n<p>D\u00edaz-Canel agreg\u00f3 que en estos &#8220;intercambios&#8221;, la parte cubana ha expresado &#8220;la&nbsp;<strong>voluntad<\/strong>&#8221; de que se realicen &#8220;sobre bases de igualdad y respeto a los<strong>&nbsp;sistemas pol\u00edticos de ambos estados<\/strong>, a la soberan\u00eda y la autodeterminaci\u00f3n de nuestros gobiernos&#8221;.<\/p>\n\n\n\n<p>Washington elev\u00f3&nbsp;en los \u00faltimos meses la presi\u00f3n sobre Cuba bloqueando la<strong>entrada de importaciones de petroleo a la isla<\/strong>, que tan s\u00f3lo produce un tercio del crudo para satisfacer sus necesidades energ\u00e9ticas.&nbsp;<\/p>\n\n\n\n<p>El presidente de Estados Unidis,&nbsp;<strong>Donald Trump<\/strong>, hab\u00eda asegurado en varias ocasiones durante las \u00faltimas semanas que representantes de su Ejecutivo estaban manteniendo contactos con autoridades cubanas.&nbsp;<\/p>\n\n\n\n<p>La Habana neg\u00f3 en varias ocasiones estas conversaciones, pero dej\u00f3 de hacerlo en las \u00faltimas semanas.&nbsp;<\/p>\n\n\n\n<p>Este jueves el gobierno cubano anunci\u00f3 la&nbsp;<strong>excarcelaci\u00f3n de 51 presos<\/strong>&nbsp;despu\u00e9s de mantener contactos con El Vaticano. El comunicado del Ministerio de Relaciones Exteriores sobre esta decisi\u00f3n no hac\u00eda ninguna menci\u00f3n a Estados Unidos.<\/p>\n\n\n\n<p>Con informaci\u00f3n de EFE<\/p>\n","protected":false},"excerpt":{"rendered":"<p>Por Redacci\u00f3n QP El presidente Miguel D\u00edaz-Canel explic\u00f3 en un mensaje videograbado que ha sostenido&#8230;<\/p>\n","protected":false},"author":2,"featured_media":129710,"comment_status":"open","ping_status":"open","sticky":false,"template":"","format":"standard","meta":{"_monsterinsights_skip_tracking":false,"_monsterinsights_sitenote_active":false,"_monsterinsights_sitenote_note":"","_monsterinsights_sitenote_category":0,"footnotes":""},"categories":[1],"tags":[],"class_list":["post-129709","post","type-post","status-publish","format-standard","has-post-thumbnail","hentry","category-sin-categoria"],"yoast_head":"<!-- This site is optimized with the Yoast SEO plugin v27.3 - https:\/\/yoast.com\/product\/yoast-seo-wordpress\/ -->\n<title>Cuba anuncia negociaciones con EU tras m\u00e1s de un mes del asedio petrolero del gobierno de Trump -<\/title>\n<meta name=\"robots\" content=\"index, follow, max-snippet:-1, max-image-preview:large, max-video-preview:-1\" \/>\n<link rel=\"canonical\" href=\"https:\/\/quehacerpolitico.mx\/?p=129709\" \/>\n<meta property=\"og:locale\" content=\"es_MX\" \/>\n<meta property=\"og:type\" content=\"article\" \/>\n<meta property=\"og:title\" content=\"Cuba anuncia negociaciones con EU tras m\u00e1s de un mes del asedio petrolero del gobierno de Trump -\" \/>\n<meta property=\"og:description\" content=\"Por Redacci\u00f3n QP El presidente Miguel D\u00edaz-Canel explic\u00f3 en un mensaje videograbado que ha sostenido...\" \/>\n<meta property=\"og:url\" content=\"https:\/\/quehacerpolitico.mx\/?p=129709\" \/>\n<meta property=\"article:published_time\" content=\"2026-03-13T15:52:34+00:00\" \/>\n<meta property=\"article:modified_time\" content=\"2026-03-13T15:52:38+00:00\" \/>\n<meta property=\"og:image\" content=\"http:\/\/quehacerpolitico.mx\/wp-content\/uploads\/2026\/03\/IMG_7243.jpeg\" \/>\n\t<meta property=\"og:image:width\" content=\"1170\" \/>\n\t<meta property=\"og:image:height\" content=\"658\" \/>\n\t<meta property=\"og:image:type\" content=\"image\/jpeg\" \/>\n<meta name=\"author\" content=\"Redacci\u00f3n QP\" \/>\n<meta name=\"twitter:card\" content=\"summary_large_image\" \/>\n<meta name=\"twitter:label1\" content=\"Escrito por\" \/>\n\t<meta name=\"twitter:data1\" content=\"Redacci\u00f3n QP\" \/>\n\t<meta name=\"twitter:label2\" content=\"Tiempo de lectura\" \/>\n\t<meta name=\"twitter:data2\" content=\"3 minutos\" \/>\n<script type=\"application\/ld+json\" class=\"yoast-schema-graph\">{\"@context\":\"https:\\\/\\\/schema.org\",\"@graph\":[{\"@type\":\"Article\",\"@id\":\"https:\\\/\\\/quehacerpolitico.mx\\\/?p=129709#article\",\"isPartOf\":{\"@id\":\"https:\\\/\\\/quehacerpolitico.mx\\\/?p=129709\"},\"author\":{\"name\":\"Redacci\u00f3n QP\",\"@id\":\"https:\\\/\\\/quehacerpolitico.mx\\\/#\\\/schema\\\/person\\\/496d8ad2d1d3f8036101dca7ee39e585\"},\"headline\":\"Cuba anuncia negociaciones con EU tras m\u00e1s de un mes del asedio petrolero del gobierno de Trump\",\"datePublished\":\"2026-03-13T15:52:34+00:00\",\"dateModified\":\"2026-03-13T15:52:38+00:00\",\"mainEntityOfPage\":{\"@id\":\"https:\\\/\\\/quehacerpolitico.mx\\\/?p=129709\"},\"wordCount\":545,\"commentCount\":0,\"image\":{\"@id\":\"https:\\\/\\\/quehacerpolitico.mx\\\/?p=129709#primaryimage\"},\"thumbnailUrl\":\"https:\\\/\\\/quehacerpolitico.mx\\\/wp-content\\\/uploads\\\/2026\\\/03\\\/IMG_7243.jpeg\",\"articleSection\":[\"Internacionales\"],\"inLanguage\":\"es\",\"potentialAction\":[{\"@type\":\"CommentAction\",\"name\":\"Comment\",\"target\":[\"https:\\\/\\\/quehacerpolitico.mx\\\/?p=129709#respond\"]}]},{\"@type\":\"WebPage\",\"@id\":\"https:\\\/\\\/quehacerpolitico.mx\\\/?p=129709\",\"url\":\"https:\\\/\\\/quehacerpolitico.mx\\\/?p=129709\",\"name\":\"Cuba anuncia negociaciones con EU tras m\u00e1s de un mes del asedio petrolero del gobierno de Trump -\",\"isPartOf\":{\"@id\":\"https:\\\/\\\/quehacerpolitico.mx\\\/#website\"},\"primaryImageOfPage\":{\"@id\":\"https:\\\/\\\/quehacerpolitico.mx\\\/?p=129709#primaryimage\"},\"image\":{\"@id\":\"https:\\\/\\\/quehacerpolitico.mx\\\/?p=129709#primaryimage\"},\"thumbnailUrl\":\"https:\\\/\\\/quehacerpolitico.mx\\\/wp-content\\\/uploads\\\/2026\\\/03\\\/IMG_7243.jpeg\",\"datePublished\":\"2026-03-13T15:52:34+00:00\",\"dateModified\":\"2026-03-13T15:52:38+00:00\",\"author\":{\"@id\":\"https:\\\/\\\/quehacerpolitico.mx\\\/#\\\/schema\\\/person\\\/496d8ad2d1d3f8036101dca7ee39e585\"},\"breadcrumb\":{\"@id\":\"https:\\\/\\\/quehacerpolitico.mx\\\/?p=129709#breadcrumb\"},\"inLanguage\":\"es\",\"potentialAction\":[{\"@type\":\"ReadAction\",\"target\":[\"https:\\\/\\\/quehacerpolitico.mx\\\/?p=129709\"]}]},{\"@type\":\"ImageObject\",\"inLanguage\":\"es\",\"@id\":\"https:\\\/\\\/quehacerpolitico.mx\\\/?p=129709#primaryimage\",\"url\":\"https:\\\/\\\/quehacerpolitico.mx\\\/wp-content\\\/uploads\\\/2026\\\/03\\\/IMG_7243.jpeg\",\"contentUrl\":\"https:\\\/\\\/quehacerpolitico.mx\\\/wp-content\\\/uploads\\\/2026\\\/03\\\/IMG_7243.jpeg\",\"width\":1170,\"height\":658,\"caption\":\"Screenshot\"},{\"@type\":\"BreadcrumbList\",\"@id\":\"https:\\\/\\\/quehacerpolitico.mx\\\/?p=129709#breadcrumb\",\"itemListElement\":[{\"@type\":\"ListItem\",\"position\":1,\"name\":\"Inicio\",\"item\":\"https:\\\/\\\/quehacerpolitico.mx\\\/\"},{\"@type\":\"ListItem\",\"position\":2,\"name\":\"Cuba anuncia negociaciones con EU tras m\u00e1s de un mes del asedio petrolero del gobierno de Trump\"}]},{\"@type\":\"WebSite\",\"@id\":\"https:\\\/\\\/quehacerpolitico.mx\\\/#website\",\"url\":\"https:\\\/\\\/quehacerpolitico.mx\\\/\",\"name\":\"\",\"description\":\"\",\"potentialAction\":[{\"@type\":\"SearchAction\",\"target\":{\"@type\":\"EntryPoint\",\"urlTemplate\":\"https:\\\/\\\/quehacerpolitico.mx\\\/?s={search_term_string}\"},\"query-input\":{\"@type\":\"PropertyValueSpecification\",\"valueRequired\":true,\"valueName\":\"search_term_string\"}}],\"inLanguage\":\"es\"},{\"@type\":\"Person\",\"@id\":\"https:\\\/\\\/quehacerpolitico.mx\\\/#\\\/schema\\\/person\\\/496d8ad2d1d3f8036101dca7ee39e585\",\"name\":\"Redacci\u00f3n QP\",\"image\":{\"@type\":\"ImageObject\",\"inLanguage\":\"es\",\"@id\":\"https:\\\/\\\/secure.gravatar.com\\\/avatar\\\/c7164ed6fdec453195284ad24a5ae5b6e1eed2b848477fa2a4787ba9adf39a41?s=96&d=mm&r=g\",\"url\":\"https:\\\/\\\/secure.gravatar.com\\\/avatar\\\/c7164ed6fdec453195284ad24a5ae5b6e1eed2b848477fa2a4787ba9adf39a41?s=96&d=mm&r=g\",\"contentUrl\":\"https:\\\/\\\/secure.gravatar.com\\\/avatar\\\/c7164ed6fdec453195284ad24a5ae5b6e1eed2b848477fa2a4787ba9adf39a41?s=96&d=mm&r=g\",\"caption\":\"Redacci\u00f3n QP\"},\"url\":\"https:\\\/\\\/quehacerpolitico.mx\\\/?author=2\"}]}<\/script>\n<!-- \/ Yoast SEO plugin. -->","yoast_head_json":{"title":"Cuba anuncia negociaciones con EU tras m\u00e1s de un mes del asedio petrolero del gobierno de Trump -","robots":{"index":"index","follow":"follow","max-snippet":"max-snippet:-1","max-image-preview":"max-image-preview:large","max-video-preview":"max-video-preview:-1"},"canonical":"https:\/\/quehacerpolitico.mx\/?p=129709","og_locale":"es_MX","og_type":"article","og_title":"Cuba anuncia negociaciones con EU tras m\u00e1s de un mes del asedio petrolero del gobierno de Trump -","og_description":"Por Redacci\u00f3n QP El presidente Miguel D\u00edaz-Canel explic\u00f3 en un mensaje videograbado que ha sostenido...","og_url":"https:\/\/quehacerpolitico.mx\/?p=129709","article_published_time":"2026-03-13T15:52:34+00:00","article_modified_time":"2026-03-13T15:52:38+00:00","og_image":[{"width":1170,"height":658,"url":"http:\/\/quehacerpolitico.mx\/wp-content\/uploads\/2026\/03\/IMG_7243.jpeg","type":"image\/jpeg"}],"author":"Redacci\u00f3n QP","twitter_card":"summary_large_image","twitter_misc":{"Escrito por":"Redacci\u00f3n QP","Tiempo de lectura":"3 minutos"},"schema":{"@context":"https:\/\/schema.org","@graph":[{"@type":"Article","@id":"https:\/\/quehacerpolitico.mx\/?p=129709#article","isPartOf":{"@id":"https:\/\/quehacerpolitico.mx\/?p=129709"},"author":{"name":"Redacci\u00f3n QP","@id":"https:\/\/quehacerpolitico.mx\/#\/schema\/person\/496d8ad2d1d3f8036101dca7ee39e585"},"headline":"Cuba anuncia negociaciones con EU tras m\u00e1s de un mes del asedio petrolero del gobierno de Trump","datePublished":"2026-03-13T15:52:34+00:00","dateModified":"2026-03-13T15:52:38+00:00","mainEntityOfPage":{"@id":"https:\/\/quehacerpolitico.mx\/?p=129709"},"wordCount":545,"commentCount":0,"image":{"@id":"https:\/\/quehacerpolitico.mx\/?p=129709#primaryimage"},"thumbnailUrl":"https:\/\/quehacerpolitico.mx\/wp-content\/uploads\/2026\/03\/IMG_7243.jpeg","articleSection":["Internacionales"],"inLanguage":"es","potentialAction":[{"@type":"CommentAction","name":"Comment","target":["https:\/\/quehacerpolitico.mx\/?p=129709#respond"]}]},{"@type":"WebPage","@id":"https:\/\/quehacerpolitico.mx\/?p=129709","url":"https:\/\/quehacerpolitico.mx\/?p=129709","name":"Cuba anuncia negociaciones con EU tras m\u00e1s de un mes del asedio petrolero del gobierno de Trump -","isPartOf":{"@id":"https:\/\/quehacerpolitico.mx\/#website"},"primaryImageOfPage":{"@id":"https:\/\/quehacerpolitico.mx\/?p=129709#primaryimage"},"image":{"@id":"https:\/\/quehacerpolitico.mx\/?p=129709#primaryimage"},"thumbnailUrl":"https:\/\/quehacerpolitico.mx\/wp-content\/uploads\/2026\/03\/IMG_7243.jpeg","datePublished":"2026-03-13T15:52:34+00:00","dateModified":"2026-03-13T15:52:38+00:00","author":{"@id":"https:\/\/quehacerpolitico.mx\/#\/schema\/person\/496d8ad2d1d3f8036101dca7ee39e585"},"breadcrumb":{"@id":"https:\/\/quehacerpolitico.mx\/?p=129709#breadcrumb"},"inLanguage":"es","potentialAction":[{"@type":"ReadAction","target":["https:\/\/quehacerpolitico.mx\/?p=129709"]}]},{"@type":"ImageObject","inLanguage":"es","@id":"https:\/\/quehacerpolitico.mx\/?p=129709#primaryimage","url":"https:\/\/quehacerpolitico.mx\/wp-content\/uploads\/2026\/03\/IMG_7243.jpeg","contentUrl":"https:\/\/quehacerpolitico.mx\/wp-content\/uploads\/2026\/03\/IMG_7243.jpeg","width":1170,"height":658,"caption":"Screenshot"},{"@type":"BreadcrumbList","@id":"https:\/\/quehacerpolitico.mx\/?p=129709#breadcrumb","itemListElement":[{"@type":"ListItem","position":1,"name":"Inicio","item":"https:\/\/quehacerpolitico.mx\/"},{"@type":"ListItem","position":2,"name":"Cuba anuncia negociaciones con EU tras m\u00e1s de un mes del asedio petrolero del gobierno de Trump"}]},{"@type":"WebSite","@id":"https:\/\/quehacerpolitico.mx\/#website","url":"https:\/\/quehacerpolitico.mx\/","name":"","description":"","potentialAction":[{"@type":"SearchAction","target":{"@type":"EntryPoint","urlTemplate":"https:\/\/quehacerpolitico.mx\/?s={search_term_string}"},"query-input":{"@type":"PropertyValueSpecification","valueRequired":true,"valueName":"search_term_string"}}],"inLanguage":"es"},{"@type":"Person","@id":"https:\/\/quehacerpolitico.mx\/#\/schema\/person\/496d8ad2d1d3f8036101dca7ee39e585","name":"Redacci\u00f3n QP","image":{"@type":"ImageObject","inLanguage":"es","@id":"https:\/\/secure.gravatar.com\/avatar\/c7164ed6fdec453195284ad24a5ae5b6e1eed2b848477fa2a4787ba9adf39a41?s=96&d=mm&r=g","url":"https:\/\/secure.gravatar.com\/avatar\/c7164ed6fdec453195284ad24a5ae5b6e1eed2b848477fa2a4787ba9adf39a41?s=96&d=mm&r=g","contentUrl":"https:\/\/secure.gravatar.com\/avatar\/c7164ed6fdec453195284ad24a5ae5b6e1eed2b848477fa2a4787ba9adf39a41?s=96&d=mm&r=g","caption":"Redacci\u00f3n QP"},"url":"https:\/\/quehacerpolitico.mx\/?author=2"}]}},"featured_image_urls":{"full":["https:\/\/quehacerpolitico.mx\/wp-content\/uploads\/2026\/03\/IMG_7243.jpeg",1170,658,false],"thumbnail":["https:\/\/quehacerpolitico.mx\/wp-content\/uploads\/2026\/03\/IMG_7243-150x150.jpeg",150,150,true],"medium":["https:\/\/quehacerpolitico.mx\/wp-content\/uploads\/2026\/03\/IMG_7243-300x169.jpeg",300,169,true],"medium_large":["https:\/\/quehacerpolitico.mx\/wp-content\/uploads\/2026\/03\/IMG_7243-768x432.jpeg",640,360,true],"large":["https:\/\/quehacerpolitico.mx\/wp-content\/uploads\/2026\/03\/IMG_7243-1024x576.jpeg",640,360,true],"1536x1536":["https:\/\/quehacerpolitico.mx\/wp-content\/uploads\/2026\/03\/IMG_7243.jpeg",1170,658,false],"2048x2048":["https:\/\/quehacerpolitico.mx\/wp-content\/uploads\/2026\/03\/IMG_7243.jpeg",1170,658,false],"covernews-featured":["https:\/\/quehacerpolitico.mx\/wp-content\/uploads\/2026\/03\/IMG_7243-1024x576.jpeg",1024,576,true],"covernews-medium":["https:\/\/quehacerpolitico.mx\/wp-content\/uploads\/2026\/03\/IMG_7243-540x340.jpeg",540,340,true]},"author_info":{"display_name":"Redacci\u00f3n QP","author_link":"https:\/\/quehacerpolitico.mx\/?author=2"},"category_info":"<a href=\"https:\/\/quehacerpolitico.mx\/?cat=1\" rel=\"category\">Internacionales<\/a>","tag_info":"Internacionales","comment_count":"0","_links":{"self":[{"href":"https:\/\/quehacerpolitico.mx\/index.php?rest_route=\/wp\/v2\/posts\/129709","targetHints":{"allow":["GET"]}}],"collection":[{"href":"https:\/\/quehacerpolitico.mx\/index.php?rest_route=\/wp\/v2\/posts"}],"about":[{"href":"https:\/\/quehacerpolitico.mx\/index.php?rest_route=\/wp\/v2\/types\/post"}],"author":[{"embeddable":true,"href":"https:\/\/quehacerpolitico.mx\/index.php?rest_route=\/wp\/v2\/users\/2"}],"replies":[{"embeddable":true,"href":"https:\/\/quehacerpolitico.mx\/index.php?rest_route=%2Fwp%2Fv2%2Fcomments&post=129709"}],"version-history":[{"count":1,"href":"https:\/\/quehacerpolitico.mx\/index.php?rest_route=\/wp\/v2\/posts\/129709\/revisions"}],"predecessor-version":[{"id":129711,"href":"https:\/\/quehacerpolitico.mx\/index.php?rest_route=\/wp\/v2\/posts\/129709\/revisions\/129711"}],"wp:featuredmedia":[{"embeddable":true,"href":"https:\/\/quehacerpolitico.mx\/index.php?rest_route=\/wp\/v2\/media\/129710"}],"wp:attachment":[{"href":"https:\/\/quehacerpolitico.mx\/index.php?rest_route=%2Fwp%2Fv2%2Fmedia&parent=129709"}],"wp:term":[{"taxonomy":"category","embeddable":true,"href":"https:\/\/quehacerpolitico.mx\/index.php?rest_route=%2Fwp%2Fv2%2Fcategories&post=129709"},{"taxonomy":"post_tag","embeddable":true,"href":"https:\/\/quehacerpolitico.mx\/index.php?rest_route=%2Fwp%2Fv2%2Ftags&post=129709"}],"curies":[{"name":"wp","href":"https:\/\/api.w.org\/{rel}","templated":true}]}}