{"id":129683,"date":"2026-03-12T19:42:28","date_gmt":"2026-03-13T01:42:28","guid":{"rendered":"https:\/\/quehacerpolitico.mx\/?p=129683"},"modified":"2026-03-12T19:42:31","modified_gmt":"2026-03-13T01:42:31","slug":"armand-duplantis-impone-nuevo-record-mundial-en-pertiga","status":"publish","type":"post","link":"https:\/\/quehacerpolitico.mx\/?p=129683","title":{"rendered":"Armand Duplantis impone nuevo r\u00e9cord mundial en p\u00e9rtiga"},"content":{"rendered":"\n<p>Por Redacci\u00f3n QP<\/p>\n\n\n\n<p>Duplantis, con 26 a\u00f1os se ha enfrentado a varios rivales temibles pero siempre se alzado con la victoria y ha roto el r\u00e9cord varias veces en su carrera<\/p>\n\n\n\n<p>El atleta sueco\u00a0<mark><strong>Armand Duplantis<\/strong>\u00a0volvi\u00f3 a hacer historia en el\u00a0<strong>salto con p\u00e9rtiga\u00a0<\/strong>al establecer este jueves un\u00a0<strong>nuevo r\u00e9cord mundial<\/strong>\u00a0tras superar los\u00a0<strong>6.31 metros<\/strong><\/mark>\u00a0durante la reuni\u00f3n\u00a0<strong>Mondo Classic<\/strong>, celebrada en la ciudad de Uppsala, en Suecia.<\/p>\n\n\n\n<p>Con este salto, el&nbsp;<strong>pertiguista<\/strong>&nbsp;de&nbsp;<strong>26 a\u00f1os<\/strong><mark>mejor\u00f3 en&nbsp;<strong>un cent\u00edmetro<\/strong>&nbsp;la anterior marca global de<strong>&nbsp;6.30 metros<\/strong>, que&nbsp;<strong>\u00e9l mismo<\/strong>&nbsp;hab\u00eda logrado&nbsp;<\/mark>meses atr\u00e1s durante el&nbsp;<strong>Campeonato Mundial de Atletismo de Tokio 2025<\/strong>. La nueva plusmarca reafirma su dominio absoluto en la disciplina y consolida su reputaci\u00f3n como el mejor especialista de todos los tiempos.<\/p>\n\n\n\n<figure class=\"wp-block-embed is-type-rich is-provider-twitter wp-block-embed-twitter\"><div class=\"wp-block-embed__wrapper\">\n<blockquote class=\"twitter-tweet\" data-width=\"550\" data-dnt=\"true\"><p lang=\"es\" dir=\"ltr\">Lo hizo otra vez el extraterrestre \ud83e\udd2f<br><br>Armand Duplantis\ud83c\uddf8\ud83c\uddea ha roto por 15\u00b0 vez su r\u00e9cord mundial en salto con p\u00e9rtiga, ahora con 6.31m.<br><br>Adem\u00e1s, mientras lo hac\u00eda sonaba una de sus canciones, porque s\u00ed, tambi\u00e9n es cantante. Incre\u00edble.<a href=\"https:\/\/t.co\/5iERQws4BI\">pic.twitter.com\/5iERQws4BI<\/a><\/p>&mdash; Olimpismo Mexicano (@OlimpismoMex) <a href=\"https:\/\/twitter.com\/OlimpismoMex\/status\/2032260828070621660?ref_src=twsrc%5Etfw\">March 13, 2026<\/a><\/blockquote><script async src=\"https:\/\/platform.twitter.com\/widgets.js\" charset=\"utf-8\"><\/script>\n<\/div><\/figure>\n\n\n\n<h2 class=\"wp-block-heading\">Campe\u00f3n del mundo en el salto con p\u00e9rtiga<\/h2>\n\n\n\n<p>Duplantis,&nbsp;<strong>vigente campe\u00f3n ol\u00edmpico&nbsp;<\/strong>tras su&nbsp;<strong>oro&nbsp;<\/strong>en los Juegos Ol\u00edmpicos de&nbsp;<strong>Par\u00eds 2024<\/strong>, tambi\u00e9n suma t\u00edtulos mundiales y europeos en&nbsp;<mark>una carrera marcada por la constancia y la innovaci\u00f3n t\u00e9cnica en la prueba del<strong>&nbsp;salto con p\u00e9rtiga.<\/strong><\/mark><\/p>\n\n\n\n<p><strong>El r\u00e9cord<\/strong>\u00a0lleg\u00f3 adem\u00e1s en un momento clave de la temporada, en la que el atleta escandinavo hab\u00eda mostrado actuaciones\u00a0<strong>menos contundentes<\/strong>\u00a0de lo habitual. Sin embargo, ante su p\u00fablico en Uppsala, el sueco volvi\u00f3 a demostrar por qu\u00e9 es considerado<strong>\u00a0el indiscutible referente de la especialidad.<\/strong><\/p>\n\n\n\n<p>Tal y como reflejaban los tan &#8220;s\u00f3lo&#8221;\u00a0<strong>6.06 metros\u00a0<\/strong>que\u00a0<strong>Armand Duplantis<\/strong>\u00a0hab\u00eda saltado en su \u00fanica competici\u00f3n en el a\u00f1o 2026, el\u00a0<strong>All Star de P\u00e9rtiga\u00a0<\/strong>disputado el pasado 22 de febrero en la localidad francesa de Clermont-Ferrand.<\/p>\n\n\n\n<figure class=\"wp-block-image size-large\"><img loading=\"lazy\" decoding=\"async\" width=\"770\" height=\"1024\" src=\"https:\/\/quehacerpolitico.mx\/wp-content\/uploads\/2026\/03\/IMG_7229-770x1024.jpeg\" alt=\"\" class=\"wp-image-129684\" srcset=\"https:\/\/quehacerpolitico.mx\/wp-content\/uploads\/2026\/03\/IMG_7229-770x1024.jpeg 770w, https:\/\/quehacerpolitico.mx\/wp-content\/uploads\/2026\/03\/IMG_7229-226x300.jpeg 226w, https:\/\/quehacerpolitico.mx\/wp-content\/uploads\/2026\/03\/IMG_7229-768x1021.jpeg 768w, https:\/\/quehacerpolitico.mx\/wp-content\/uploads\/2026\/03\/IMG_7229-1155x1536.jpeg 1155w, https:\/\/quehacerpolitico.mx\/wp-content\/uploads\/2026\/03\/IMG_7229-1024x1362.jpeg 1024w, https:\/\/quehacerpolitico.mx\/wp-content\/uploads\/2026\/03\/IMG_7229.jpeg 1170w\" sizes=\"auto, (max-width: 770px) 100vw, 770px\" \/><figcaption class=\"wp-element-caption\">Screenshot<\/figcaption><\/figure>\n\n\n\n<p>Una circunstancia que no hab\u00eda desaprovechado el griego<strong>&nbsp;Emmanouil Karalis<\/strong>para acaparar todos los focos al firmar el segundo mejor salto de todos los tiempo, al supera el pasado 28 de febrero los<strong>&nbsp;6.17 metros<\/strong>en los Campeonatos de Grecia.<\/p>\n\n\n\n<p>Estado de gracia que&nbsp;<strong>Karalis<\/strong>,&nbsp;<strong>vigente subcampe\u00f3n&nbsp;<\/strong>del mundo,&nbsp;<strong>tras Duplantis<\/strong>, tanto al aire libre como en pista cubierta, prolong\u00f3 el pasado s\u00e1bado en Rouen (Francia), donde &#8220;<strong>Manolo&#8221;<\/strong>&nbsp;tras imponerse con una marca<strong>&nbsp;6.06 metros<\/strong>, trat\u00f3 de superar, sin \u00e9xito, los<strong>&nbsp;6.20.<\/strong><\/p>\n\n\n\n<h2 class=\"wp-block-heading\">Karalis se derrite en el cara a cara<\/h2>\n\n\n\n<p>Actuaciones que parec\u00edan convertir al saltador heleno en&nbsp;<strong>un rival temible<\/strong>&nbsp;para Duplantis en su reuni\u00f3n m\u00e1s querida, la&nbsp;<strong>Mondo Classic de Uppsala<\/strong>, donde el escandinavo compite ante su p\u00fablico.<\/p>\n\n\n\n<p><mark>Un&nbsp;<strong>duelo&nbsp;<\/strong>que tanto&nbsp;<strong>Duplantis&nbsp;<\/strong>como&nbsp;<strong>Karalis&nbsp;<\/strong>parecieron reunir en la primeras alturas, ya que si el sueco se estren\u00f3 en el concurso con un salto v\u00e1lido de<strong>&nbsp;5.65<\/strong>&nbsp;metros, el griego no se estreno hasta los<strong>&nbsp;5.80.<\/strong><\/mark><\/p>\n\n\n\n<p><strong>Debut<\/strong>&nbsp;<strong>preocupante&nbsp;<\/strong>para el&nbsp;<strong>pertiguista heleno&nbsp;<\/strong>que tuvo que esperar a su segundo intento, un anticipo de lo que ocurri\u00f3 con los&nbsp;<strong>6.00 metros<\/strong>, que Emmanouil Karalis no logr\u00f3 franquear, tras&nbsp;<strong>fallar&nbsp;<\/strong>en sus&nbsp;<strong>tres intentos.<\/strong><\/p>\n\n\n\n<figure class=\"wp-block-gallery has-nested-images columns-default is-cropped wp-block-gallery-1 is-layout-flex wp-block-gallery-is-layout-flex\">\n<figure class=\"wp-block-image size-large\"><img loading=\"lazy\" decoding=\"async\" width=\"1024\" height=\"683\" data-id=\"129686\" src=\"https:\/\/quehacerpolitico.mx\/wp-content\/uploads\/2026\/03\/IMG_7233-1024x683.webp\" alt=\"\" class=\"wp-image-129686\" srcset=\"https:\/\/quehacerpolitico.mx\/wp-content\/uploads\/2026\/03\/IMG_7233-1024x683.webp 1024w, https:\/\/quehacerpolitico.mx\/wp-content\/uploads\/2026\/03\/IMG_7233-300x200.webp 300w, https:\/\/quehacerpolitico.mx\/wp-content\/uploads\/2026\/03\/IMG_7233-768x512.webp 768w, https:\/\/quehacerpolitico.mx\/wp-content\/uploads\/2026\/03\/IMG_7233.webp 1200w\" sizes=\"auto, (max-width: 1024px) 100vw, 1024px\" \/><\/figure>\n\n\n\n<figure class=\"wp-block-image size-large\"><img loading=\"lazy\" decoding=\"async\" width=\"1024\" height=\"576\" data-id=\"129688\" src=\"https:\/\/quehacerpolitico.mx\/wp-content\/uploads\/2026\/03\/IMG_7232-1024x576.jpeg\" alt=\"\" class=\"wp-image-129688\" srcset=\"https:\/\/quehacerpolitico.mx\/wp-content\/uploads\/2026\/03\/IMG_7232-1024x576.jpeg 1024w, https:\/\/quehacerpolitico.mx\/wp-content\/uploads\/2026\/03\/IMG_7232-300x169.jpeg 300w, https:\/\/quehacerpolitico.mx\/wp-content\/uploads\/2026\/03\/IMG_7232-768x432.jpeg 768w, https:\/\/quehacerpolitico.mx\/wp-content\/uploads\/2026\/03\/IMG_7232.jpeg 1460w\" sizes=\"auto, (max-width: 1024px) 100vw, 1024px\" \/><\/figure>\n\n\n\n<figure class=\"wp-block-image size-large\"><img loading=\"lazy\" decoding=\"async\" width=\"299\" height=\"168\" data-id=\"129687\" src=\"https:\/\/quehacerpolitico.mx\/wp-content\/uploads\/2026\/03\/IMG_7231.jpeg\" alt=\"\" class=\"wp-image-129687\"\/><\/figure>\n\n\n\n<figure class=\"wp-block-image size-large\"><img loading=\"lazy\" decoding=\"async\" width=\"1024\" height=\"576\" data-id=\"129685\" src=\"https:\/\/quehacerpolitico.mx\/wp-content\/uploads\/2026\/03\/IMG_7230.jpeg\" alt=\"\" class=\"wp-image-129685\" srcset=\"https:\/\/quehacerpolitico.mx\/wp-content\/uploads\/2026\/03\/IMG_7230.jpeg 1024w, https:\/\/quehacerpolitico.mx\/wp-content\/uploads\/2026\/03\/IMG_7230-300x169.jpeg 300w, https:\/\/quehacerpolitico.mx\/wp-content\/uploads\/2026\/03\/IMG_7230-768x432.jpeg 768w\" sizes=\"auto, (max-width: 1024px) 100vw, 1024px\" \/><\/figure>\n<\/figure>\n\n\n\n<p>Fallos que convirtieron al noruego&nbsp;<strong>Sondre Guttormsen,<\/strong>&nbsp;que el pasado s\u00e1bado salt\u00f3 en Rouen<strong>&nbsp;6.06 metros<\/strong>, en el principal rival de Duplantis, que tras superar a la primera los 5.90 metros puso el list\u00f3n en los 6,08 metros.<\/p>\n\n\n\n<p>Una altura que<mark>&nbsp;<strong>Guttormsen<\/strong>, que luchaba contra sus propios l\u00edmites,&nbsp;<strong>no pudo<\/strong>&nbsp;superar, pero s\u00ed<strong>&nbsp;Armand Duplantis<\/strong>, que con la&nbsp;<strong>victoria&nbsp;<\/strong><\/mark>ya asegurada se lanz\u00f3 en busca de un<strong>&nbsp;nuevo r\u00e9cord del mundo.<\/strong><\/p>\n\n\n\n<h2 class=\"wp-block-heading\">Duplantis bate el r\u00e9cord de mundo por decimoquinta ocasi\u00f3n<\/h2>\n\n\n\n<p>Para ello el sueco, de&nbsp;<strong>26 a\u00f1os<\/strong>, situ\u00f3 la barra en&nbsp;<strong>6.31 metros,<\/strong><mark>&nbsp;un cent\u00edmetro m\u00e1s que cuando el pasado mes de septiembre adorn\u00f3 el t\u00edtulo de<strong>campe\u00f3n del mundo<\/strong><\/mark>&nbsp;con una nueva&nbsp;<strong>plusmarca universal<\/strong>.<\/p>\n\n\n\n<p>Una marca del futuro que\u00a0<strong>Duplantis\u00a0<\/strong>convirti\u00f3 este jueves en Uppsala en presente tras superar a la primea un list\u00f3n que pese a\u00a0<strong>quedarse cimbreando\u00a0<\/strong>no acab\u00f3 cayendo para regocijo del sueco y su afici\u00f3n.<\/p>\n\n\n\n<figure class=\"wp-block-gallery has-nested-images columns-default is-cropped wp-block-gallery-2 is-layout-flex wp-block-gallery-is-layout-flex\">\n<figure class=\"wp-block-image size-large\"><img loading=\"lazy\" decoding=\"async\" width=\"1024\" height=\"683\" data-id=\"129689\" src=\"https:\/\/quehacerpolitico.mx\/wp-content\/uploads\/2026\/03\/IMG_7234-1024x683.jpeg\" alt=\"\" class=\"wp-image-129689\" srcset=\"https:\/\/quehacerpolitico.mx\/wp-content\/uploads\/2026\/03\/IMG_7234-1024x683.jpeg 1024w, https:\/\/quehacerpolitico.mx\/wp-content\/uploads\/2026\/03\/IMG_7234-300x200.jpeg 300w, https:\/\/quehacerpolitico.mx\/wp-content\/uploads\/2026\/03\/IMG_7234-768x512.jpeg 768w, https:\/\/quehacerpolitico.mx\/wp-content\/uploads\/2026\/03\/IMG_7234.jpeg 1200w\" sizes=\"auto, (max-width: 1024px) 100vw, 1024px\" \/><\/figure>\n\n\n\n<figure class=\"wp-block-image size-large\"><img loading=\"lazy\" decoding=\"async\" width=\"1024\" height=\"683\" data-id=\"129691\" src=\"https:\/\/quehacerpolitico.mx\/wp-content\/uploads\/2026\/03\/IMG_7235-1024x683.webp\" alt=\"\" class=\"wp-image-129691\" srcset=\"https:\/\/quehacerpolitico.mx\/wp-content\/uploads\/2026\/03\/IMG_7235-1024x683.webp 1024w, https:\/\/quehacerpolitico.mx\/wp-content\/uploads\/2026\/03\/IMG_7235-300x200.webp 300w, https:\/\/quehacerpolitico.mx\/wp-content\/uploads\/2026\/03\/IMG_7235-768x512.webp 768w, https:\/\/quehacerpolitico.mx\/wp-content\/uploads\/2026\/03\/IMG_7235.webp 1242w\" sizes=\"auto, (max-width: 1024px) 100vw, 1024px\" \/><\/figure>\n\n\n\n<figure class=\"wp-block-image size-large\"><img loading=\"lazy\" decoding=\"async\" width=\"768\" height=\"512\" data-id=\"129690\" src=\"https:\/\/quehacerpolitico.mx\/wp-content\/uploads\/2026\/03\/IMG_7236.webp\" alt=\"\" class=\"wp-image-129690\" srcset=\"https:\/\/quehacerpolitico.mx\/wp-content\/uploads\/2026\/03\/IMG_7236.webp 768w, https:\/\/quehacerpolitico.mx\/wp-content\/uploads\/2026\/03\/IMG_7236-300x200.webp 300w\" sizes=\"auto, (max-width: 768px) 100vw, 768px\" \/><\/figure>\n<\/figure>\n\n\n\n<p>Salto que permiti\u00f3 al escandinavo batir por&nbsp;<strong>decimoquinta&nbsp;<\/strong>ocasi\u00f3n el&nbsp;<strong>r\u00e9cord del mundo<\/strong>desde que en febrero de 2020 logr\u00f3 su&nbsp;<strong>primera plusmarca universal&nbsp;<\/strong>tras saltar&nbsp;<strong>6.17 metros<\/strong>&nbsp;en la ciudad polaca de Torun.<\/p>\n\n\n\n<p>Escenario de los\u00a0<strong>Mundiales\u00a0<\/strong>en pista cubierta que se disputar\u00e1n a finales del presente mes de marzo y en los que\u00a0<strong>Armand Duplantis<\/strong> buscar\u00e1 su cuarto t\u00edtulo de\u00a0<strong>campe\u00f3n del mundo<\/strong>\u00a0bajo techo, quien sabe si con otro nuevo\u00a0<strong>r\u00e9cord universal.<\/strong><\/p>\n\n\n\n<p>Con informaci\u00f3n de EFE<\/p>\n","protected":false},"excerpt":{"rendered":"<p>Por Redacci\u00f3n QP Duplantis, con 26 a\u00f1os se ha enfrentado a varios rivales temibles pero&#8230;<\/p>\n","protected":false},"author":2,"featured_media":129691,"comment_status":"open","ping_status":"open","sticky":false,"template":"","format":"standard","meta":{"_monsterinsights_skip_tracking":false,"_monsterinsights_sitenote_active":false,"_monsterinsights_sitenote_note":"","_monsterinsights_sitenote_category":0,"footnotes":""},"categories":[54],"tags":[],"class_list":["post-129683","post","type-post","status-publish","format-standard","has-post-thumbnail","hentry","category-deportes"],"yoast_head":"<!-- This site is optimized with the Yoast SEO plugin v27.3 - https:\/\/yoast.com\/product\/yoast-seo-wordpress\/ -->\n<title>Armand Duplantis impone nuevo r\u00e9cord mundial en p\u00e9rtiga -<\/title>\n<meta name=\"robots\" content=\"index, follow, max-snippet:-1, max-image-preview:large, max-video-preview:-1\" \/>\n<link rel=\"canonical\" href=\"https:\/\/quehacerpolitico.mx\/?p=129683\" \/>\n<meta property=\"og:locale\" content=\"es_MX\" \/>\n<meta property=\"og:type\" content=\"article\" \/>\n<meta property=\"og:title\" content=\"Armand Duplantis impone nuevo r\u00e9cord mundial en p\u00e9rtiga -\" \/>\n<meta property=\"og:description\" content=\"Por Redacci\u00f3n QP Duplantis, con 26 a\u00f1os se ha enfrentado a varios rivales temibles pero...\" \/>\n<meta property=\"og:url\" content=\"https:\/\/quehacerpolitico.mx\/?p=129683\" \/>\n<meta property=\"article:published_time\" content=\"2026-03-13T01:42:28+00:00\" \/>\n<meta property=\"article:modified_time\" content=\"2026-03-13T01:42:31+00:00\" \/>\n<meta property=\"og:image\" content=\"http:\/\/quehacerpolitico.mx\/wp-content\/uploads\/2026\/03\/IMG_7235.webp\" \/>\n\t<meta property=\"og:image:width\" content=\"1242\" \/>\n\t<meta property=\"og:image:height\" content=\"828\" \/>\n\t<meta property=\"og:image:type\" content=\"image\/webp\" \/>\n<meta name=\"author\" content=\"Redacci\u00f3n QP\" \/>\n<meta name=\"twitter:card\" content=\"summary_large_image\" \/>\n<meta name=\"twitter:label1\" content=\"Escrito por\" \/>\n\t<meta name=\"twitter:data1\" content=\"Redacci\u00f3n QP\" \/>\n\t<meta name=\"twitter:label2\" content=\"Tiempo de lectura\" \/>\n\t<meta name=\"twitter:data2\" content=\"5 minutos\" \/>\n<script type=\"application\/ld+json\" class=\"yoast-schema-graph\">{\"@context\":\"https:\\\/\\\/schema.org\",\"@graph\":[{\"@type\":\"Article\",\"@id\":\"https:\\\/\\\/quehacerpolitico.mx\\\/?p=129683#article\",\"isPartOf\":{\"@id\":\"https:\\\/\\\/quehacerpolitico.mx\\\/?p=129683\"},\"author\":{\"name\":\"Redacci\u00f3n QP\",\"@id\":\"https:\\\/\\\/quehacerpolitico.mx\\\/#\\\/schema\\\/person\\\/496d8ad2d1d3f8036101dca7ee39e585\"},\"headline\":\"Armand Duplantis impone nuevo r\u00e9cord mundial en p\u00e9rtiga\",\"datePublished\":\"2026-03-13T01:42:28+00:00\",\"dateModified\":\"2026-03-13T01:42:31+00:00\",\"mainEntityOfPage\":{\"@id\":\"https:\\\/\\\/quehacerpolitico.mx\\\/?p=129683\"},\"wordCount\":800,\"commentCount\":0,\"image\":{\"@id\":\"https:\\\/\\\/quehacerpolitico.mx\\\/?p=129683#primaryimage\"},\"thumbnailUrl\":\"https:\\\/\\\/quehacerpolitico.mx\\\/wp-content\\\/uploads\\\/2026\\\/03\\\/IMG_7235.webp\",\"articleSection\":[\"Deportes\"],\"inLanguage\":\"es\",\"potentialAction\":[{\"@type\":\"CommentAction\",\"name\":\"Comment\",\"target\":[\"https:\\\/\\\/quehacerpolitico.mx\\\/?p=129683#respond\"]}]},{\"@type\":\"WebPage\",\"@id\":\"https:\\\/\\\/quehacerpolitico.mx\\\/?p=129683\",\"url\":\"https:\\\/\\\/quehacerpolitico.mx\\\/?p=129683\",\"name\":\"Armand Duplantis impone nuevo r\u00e9cord mundial en p\u00e9rtiga -\",\"isPartOf\":{\"@id\":\"https:\\\/\\\/quehacerpolitico.mx\\\/#website\"},\"primaryImageOfPage\":{\"@id\":\"https:\\\/\\\/quehacerpolitico.mx\\\/?p=129683#primaryimage\"},\"image\":{\"@id\":\"https:\\\/\\\/quehacerpolitico.mx\\\/?p=129683#primaryimage\"},\"thumbnailUrl\":\"https:\\\/\\\/quehacerpolitico.mx\\\/wp-content\\\/uploads\\\/2026\\\/03\\\/IMG_7235.webp\",\"datePublished\":\"2026-03-13T01:42:28+00:00\",\"dateModified\":\"2026-03-13T01:42:31+00:00\",\"author\":{\"@id\":\"https:\\\/\\\/quehacerpolitico.mx\\\/#\\\/schema\\\/person\\\/496d8ad2d1d3f8036101dca7ee39e585\"},\"breadcrumb\":{\"@id\":\"https:\\\/\\\/quehacerpolitico.mx\\\/?p=129683#breadcrumb\"},\"inLanguage\":\"es\",\"potentialAction\":[{\"@type\":\"ReadAction\",\"target\":[\"https:\\\/\\\/quehacerpolitico.mx\\\/?p=129683\"]}]},{\"@type\":\"ImageObject\",\"inLanguage\":\"es\",\"@id\":\"https:\\\/\\\/quehacerpolitico.mx\\\/?p=129683#primaryimage\",\"url\":\"https:\\\/\\\/quehacerpolitico.mx\\\/wp-content\\\/uploads\\\/2026\\\/03\\\/IMG_7235.webp\",\"contentUrl\":\"https:\\\/\\\/quehacerpolitico.mx\\\/wp-content\\\/uploads\\\/2026\\\/03\\\/IMG_7235.webp\",\"width\":1242,\"height\":828},{\"@type\":\"BreadcrumbList\",\"@id\":\"https:\\\/\\\/quehacerpolitico.mx\\\/?p=129683#breadcrumb\",\"itemListElement\":[{\"@type\":\"ListItem\",\"position\":1,\"name\":\"Inicio\",\"item\":\"https:\\\/\\\/quehacerpolitico.mx\\\/\"},{\"@type\":\"ListItem\",\"position\":2,\"name\":\"Armand Duplantis impone nuevo r\u00e9cord mundial en p\u00e9rtiga\"}]},{\"@type\":\"WebSite\",\"@id\":\"https:\\\/\\\/quehacerpolitico.mx\\\/#website\",\"url\":\"https:\\\/\\\/quehacerpolitico.mx\\\/\",\"name\":\"\",\"description\":\"\",\"potentialAction\":[{\"@type\":\"SearchAction\",\"target\":{\"@type\":\"EntryPoint\",\"urlTemplate\":\"https:\\\/\\\/quehacerpolitico.mx\\\/?s={search_term_string}\"},\"query-input\":{\"@type\":\"PropertyValueSpecification\",\"valueRequired\":true,\"valueName\":\"search_term_string\"}}],\"inLanguage\":\"es\"},{\"@type\":\"Person\",\"@id\":\"https:\\\/\\\/quehacerpolitico.mx\\\/#\\\/schema\\\/person\\\/496d8ad2d1d3f8036101dca7ee39e585\",\"name\":\"Redacci\u00f3n QP\",\"image\":{\"@type\":\"ImageObject\",\"inLanguage\":\"es\",\"@id\":\"https:\\\/\\\/secure.gravatar.com\\\/avatar\\\/c7164ed6fdec453195284ad24a5ae5b6e1eed2b848477fa2a4787ba9adf39a41?s=96&d=mm&r=g\",\"url\":\"https:\\\/\\\/secure.gravatar.com\\\/avatar\\\/c7164ed6fdec453195284ad24a5ae5b6e1eed2b848477fa2a4787ba9adf39a41?s=96&d=mm&r=g\",\"contentUrl\":\"https:\\\/\\\/secure.gravatar.com\\\/avatar\\\/c7164ed6fdec453195284ad24a5ae5b6e1eed2b848477fa2a4787ba9adf39a41?s=96&d=mm&r=g\",\"caption\":\"Redacci\u00f3n QP\"},\"url\":\"https:\\\/\\\/quehacerpolitico.mx\\\/?author=2\"}]}<\/script>\n<!-- \/ Yoast SEO plugin. -->","yoast_head_json":{"title":"Armand Duplantis impone nuevo r\u00e9cord mundial en p\u00e9rtiga -","robots":{"index":"index","follow":"follow","max-snippet":"max-snippet:-1","max-image-preview":"max-image-preview:large","max-video-preview":"max-video-preview:-1"},"canonical":"https:\/\/quehacerpolitico.mx\/?p=129683","og_locale":"es_MX","og_type":"article","og_title":"Armand Duplantis impone nuevo r\u00e9cord mundial en p\u00e9rtiga -","og_description":"Por Redacci\u00f3n QP Duplantis, con 26 a\u00f1os se ha enfrentado a varios rivales temibles pero...","og_url":"https:\/\/quehacerpolitico.mx\/?p=129683","article_published_time":"2026-03-13T01:42:28+00:00","article_modified_time":"2026-03-13T01:42:31+00:00","og_image":[{"width":1242,"height":828,"url":"http:\/\/quehacerpolitico.mx\/wp-content\/uploads\/2026\/03\/IMG_7235.webp","type":"image\/webp"}],"author":"Redacci\u00f3n QP","twitter_card":"summary_large_image","twitter_misc":{"Escrito por":"Redacci\u00f3n QP","Tiempo de lectura":"5 minutos"},"schema":{"@context":"https:\/\/schema.org","@graph":[{"@type":"Article","@id":"https:\/\/quehacerpolitico.mx\/?p=129683#article","isPartOf":{"@id":"https:\/\/quehacerpolitico.mx\/?p=129683"},"author":{"name":"Redacci\u00f3n QP","@id":"https:\/\/quehacerpolitico.mx\/#\/schema\/person\/496d8ad2d1d3f8036101dca7ee39e585"},"headline":"Armand Duplantis impone nuevo r\u00e9cord mundial en p\u00e9rtiga","datePublished":"2026-03-13T01:42:28+00:00","dateModified":"2026-03-13T01:42:31+00:00","mainEntityOfPage":{"@id":"https:\/\/quehacerpolitico.mx\/?p=129683"},"wordCount":800,"commentCount":0,"image":{"@id":"https:\/\/quehacerpolitico.mx\/?p=129683#primaryimage"},"thumbnailUrl":"https:\/\/quehacerpolitico.mx\/wp-content\/uploads\/2026\/03\/IMG_7235.webp","articleSection":["Deportes"],"inLanguage":"es","potentialAction":[{"@type":"CommentAction","name":"Comment","target":["https:\/\/quehacerpolitico.mx\/?p=129683#respond"]}]},{"@type":"WebPage","@id":"https:\/\/quehacerpolitico.mx\/?p=129683","url":"https:\/\/quehacerpolitico.mx\/?p=129683","name":"Armand Duplantis impone nuevo r\u00e9cord mundial en p\u00e9rtiga -","isPartOf":{"@id":"https:\/\/quehacerpolitico.mx\/#website"},"primaryImageOfPage":{"@id":"https:\/\/quehacerpolitico.mx\/?p=129683#primaryimage"},"image":{"@id":"https:\/\/quehacerpolitico.mx\/?p=129683#primaryimage"},"thumbnailUrl":"https:\/\/quehacerpolitico.mx\/wp-content\/uploads\/2026\/03\/IMG_7235.webp","datePublished":"2026-03-13T01:42:28+00:00","dateModified":"2026-03-13T01:42:31+00:00","author":{"@id":"https:\/\/quehacerpolitico.mx\/#\/schema\/person\/496d8ad2d1d3f8036101dca7ee39e585"},"breadcrumb":{"@id":"https:\/\/quehacerpolitico.mx\/?p=129683#breadcrumb"},"inLanguage":"es","potentialAction":[{"@type":"ReadAction","target":["https:\/\/quehacerpolitico.mx\/?p=129683"]}]},{"@type":"ImageObject","inLanguage":"es","@id":"https:\/\/quehacerpolitico.mx\/?p=129683#primaryimage","url":"https:\/\/quehacerpolitico.mx\/wp-content\/uploads\/2026\/03\/IMG_7235.webp","contentUrl":"https:\/\/quehacerpolitico.mx\/wp-content\/uploads\/2026\/03\/IMG_7235.webp","width":1242,"height":828},{"@type":"BreadcrumbList","@id":"https:\/\/quehacerpolitico.mx\/?p=129683#breadcrumb","itemListElement":[{"@type":"ListItem","position":1,"name":"Inicio","item":"https:\/\/quehacerpolitico.mx\/"},{"@type":"ListItem","position":2,"name":"Armand Duplantis impone nuevo r\u00e9cord mundial en p\u00e9rtiga"}]},{"@type":"WebSite","@id":"https:\/\/quehacerpolitico.mx\/#website","url":"https:\/\/quehacerpolitico.mx\/","name":"","description":"","potentialAction":[{"@type":"SearchAction","target":{"@type":"EntryPoint","urlTemplate":"https:\/\/quehacerpolitico.mx\/?s={search_term_string}"},"query-input":{"@type":"PropertyValueSpecification","valueRequired":true,"valueName":"search_term_string"}}],"inLanguage":"es"},{"@type":"Person","@id":"https:\/\/quehacerpolitico.mx\/#\/schema\/person\/496d8ad2d1d3f8036101dca7ee39e585","name":"Redacci\u00f3n QP","image":{"@type":"ImageObject","inLanguage":"es","@id":"https:\/\/secure.gravatar.com\/avatar\/c7164ed6fdec453195284ad24a5ae5b6e1eed2b848477fa2a4787ba9adf39a41?s=96&d=mm&r=g","url":"https:\/\/secure.gravatar.com\/avatar\/c7164ed6fdec453195284ad24a5ae5b6e1eed2b848477fa2a4787ba9adf39a41?s=96&d=mm&r=g","contentUrl":"https:\/\/secure.gravatar.com\/avatar\/c7164ed6fdec453195284ad24a5ae5b6e1eed2b848477fa2a4787ba9adf39a41?s=96&d=mm&r=g","caption":"Redacci\u00f3n QP"},"url":"https:\/\/quehacerpolitico.mx\/?author=2"}]}},"featured_image_urls":{"full":["https:\/\/quehacerpolitico.mx\/wp-content\/uploads\/2026\/03\/IMG_7235.webp",1242,828,false],"thumbnail":["https:\/\/quehacerpolitico.mx\/wp-content\/uploads\/2026\/03\/IMG_7235-150x150.webp",150,150,true],"medium":["https:\/\/quehacerpolitico.mx\/wp-content\/uploads\/2026\/03\/IMG_7235-300x200.webp",300,200,true],"medium_large":["https:\/\/quehacerpolitico.mx\/wp-content\/uploads\/2026\/03\/IMG_7235-768x512.webp",640,427,true],"large":["https:\/\/quehacerpolitico.mx\/wp-content\/uploads\/2026\/03\/IMG_7235-1024x683.webp",640,427,true],"1536x1536":["https:\/\/quehacerpolitico.mx\/wp-content\/uploads\/2026\/03\/IMG_7235.webp",1242,828,false],"2048x2048":["https:\/\/quehacerpolitico.mx\/wp-content\/uploads\/2026\/03\/IMG_7235.webp",1242,828,false],"covernews-featured":["https:\/\/quehacerpolitico.mx\/wp-content\/uploads\/2026\/03\/IMG_7235-1024x683.webp",1024,683,true],"covernews-medium":["https:\/\/quehacerpolitico.mx\/wp-content\/uploads\/2026\/03\/IMG_7235-540x340.webp",540,340,true]},"author_info":{"display_name":"Redacci\u00f3n QP","author_link":"https:\/\/quehacerpolitico.mx\/?author=2"},"category_info":"<a href=\"https:\/\/quehacerpolitico.mx\/?cat=54\" rel=\"category\">Deportes<\/a>","tag_info":"Deportes","comment_count":"0","_links":{"self":[{"href":"https:\/\/quehacerpolitico.mx\/index.php?rest_route=\/wp\/v2\/posts\/129683","targetHints":{"allow":["GET"]}}],"collection":[{"href":"https:\/\/quehacerpolitico.mx\/index.php?rest_route=\/wp\/v2\/posts"}],"about":[{"href":"https:\/\/quehacerpolitico.mx\/index.php?rest_route=\/wp\/v2\/types\/post"}],"author":[{"embeddable":true,"href":"https:\/\/quehacerpolitico.mx\/index.php?rest_route=\/wp\/v2\/users\/2"}],"replies":[{"embeddable":true,"href":"https:\/\/quehacerpolitico.mx\/index.php?rest_route=%2Fwp%2Fv2%2Fcomments&post=129683"}],"version-history":[{"count":1,"href":"https:\/\/quehacerpolitico.mx\/index.php?rest_route=\/wp\/v2\/posts\/129683\/revisions"}],"predecessor-version":[{"id":129692,"href":"https:\/\/quehacerpolitico.mx\/index.php?rest_route=\/wp\/v2\/posts\/129683\/revisions\/129692"}],"wp:featuredmedia":[{"embeddable":true,"href":"https:\/\/quehacerpolitico.mx\/index.php?rest_route=\/wp\/v2\/media\/129691"}],"wp:attachment":[{"href":"https:\/\/quehacerpolitico.mx\/index.php?rest_route=%2Fwp%2Fv2%2Fmedia&parent=129683"}],"wp:term":[{"taxonomy":"category","embeddable":true,"href":"https:\/\/quehacerpolitico.mx\/index.php?rest_route=%2Fwp%2Fv2%2Fcategories&post=129683"},{"taxonomy":"post_tag","embeddable":true,"href":"https:\/\/quehacerpolitico.mx\/index.php?rest_route=%2Fwp%2Fv2%2Ftags&post=129683"}],"curies":[{"name":"wp","href":"https:\/\/api.w.org\/{rel}","templated":true}]}}