{"id":129680,"date":"2026-03-12T18:57:52","date_gmt":"2026-03-13T00:57:52","guid":{"rendered":"https:\/\/quehacerpolitico.mx\/?p=129680"},"modified":"2026-03-12T18:57:56","modified_gmt":"2026-03-13T00:57:56","slug":"embajador-de-iran-pide-jugar-mundial-en-mexico-por-conflicto-con-eu","status":"publish","type":"post","link":"https:\/\/quehacerpolitico.mx\/?p=129680","title":{"rendered":"Embajador de Ir\u00e1n pide jugar Mundial en M\u00e9xico por conflicto con EU"},"content":{"rendered":"\n<p>Por Redacci\u00f3n QP<\/p>\n\n\n\n<p>&#8220;Nuestra selecci\u00f3n todav\u00eda no ha dicho que no queremos participar en el Mundial&#8221;, asever\u00f3 el embajador de Ir\u00e1n en M\u00e9xico<\/p>\n\n\n\n<p>La participaci\u00f3n de Ir\u00e1n en el pr\u00f3ximo Mundial de Futbol enfrenta algunos retos a prop\u00f3sito del enfrentamiento que ese pa\u00eds mantiene con Estados Unidos, uno de los anfitriones de la Copa del Mundo. Ante esto, voces del gobierno iran\u00ed piden explorar la posibilidad de jugar los partidos de su Selecci\u00f3n en M\u00e9xico.&nbsp;<\/p>\n\n\n\n<p><mark><strong>A\u00fan hay posibilidades para que Ir\u00e1n participe en la Copa del Mundo de 2026, de acuerdo con el embajador Abolfazl Pasandideh<\/strong><\/mark>. El diplom\u00e1tico de la Rep\u00fablica Isl\u00e1mica de Ir\u00e1n en M\u00e9xico sentenci\u00f3 que&nbsp;<mark><strong>\u2014en ning\u00fan momento\u2014 la Selecci\u00f3n iran\u00ed tom\u00f3 la decisi\u00f3n de retirarse<\/strong><\/mark>, m\u00e1s all\u00e1 de las palabras del pol\u00edtico Ahman Donyamali.<\/p>\n\n\n\n<p><mark><strong>&#8220;Nuestra selecci\u00f3n todav\u00eda no ha dicho que no queremos participar en el Mundial&#8221;<\/strong><\/mark>, asever\u00f3 en entrevista con el periodista Ciro G\u00f3mez Leyva.<\/p>\n\n\n\n<figure class=\"wp-block-embed is-type-rich is-provider-twitter wp-block-embed-twitter\"><div class=\"wp-block-embed__wrapper\">\n<blockquote class=\"twitter-tweet\" data-width=\"550\" data-dnt=\"true\"><p lang=\"es\" dir=\"ltr\">\ud83d\udea8 FIFA podr\u00eda intervenir para que la selecci\u00f3n iran\u00ed participe en el Mundial 2026 en la sede mexicana \u26bd: se\u00f1ala Abolfazl Pasandideh, embajador de Ir\u00e1n en M\u00e9xico.<a href=\"https:\/\/twitter.com\/hashtag\/PorLaMa%C3%B1ana?src=hash&amp;ref_src=twsrc%5Etfw\">#PorLaMa\u00f1ana<\/a> con Ciro G\u00f3mez Leyva (<a href=\"https:\/\/twitter.com\/CiroGomezL?ref_src=twsrc%5Etfw\">@CiroGomezL<\/a>) <a href=\"https:\/\/t.co\/ovR9EVWwog\">pic.twitter.com\/ovR9EVWwog<\/a><\/p>&mdash; Grupo F\u00f3rmula (@Radio_Formula) <a href=\"https:\/\/twitter.com\/Radio_Formula\/status\/2032091460200288328?ref_src=twsrc%5Etfw\">March 12, 2026<\/a><\/blockquote><script async src=\"https:\/\/platform.twitter.com\/widgets.js\" charset=\"utf-8\"><\/script>\n<\/div><\/figure>\n\n\n\n<p><mark><strong>Raz\u00f3n por la que, en lugar de disputar sus partidos en Estados Unidos, el embajador Pasandideh plante\u00f3 la posibilidad de que la escuadra iran\u00ed juegue en las sedes de M\u00e9xico<\/strong><\/mark>.<\/p>\n\n\n\n<p><strong>&#8220;Estados Unidos no colabora con nosotros en el asunto de las visas y por eso tambi\u00e9n tenemos algunos obst\u00e1culos en nuestro camino. [&#8230;] La FIFA no ha condenado este acto todav\u00eda, pero de alguna forma puede involucrarse para que la selecci\u00f3n iran\u00ed pueda participar en el Mundial, pero en la sede de M\u00e9xico&#8221;<\/strong>, apunt\u00f3 el diplom\u00e1tico.<\/p>\n\n\n\n<h2 class=\"wp-block-heading\">Ir\u00e1n, con inter\u00e9s de jugar el Mundial<\/h2>\n\n\n\n<p><mark><strong>El embajador Abolfazl Pasandideh reiter\u00f3 que existe un inter\u00e9s para participar en la justa mundialista. Pese a que, en d\u00edas anteriores, Ahman Donyamali \u2014quien funge como ministro de Deportes\u2014 asever\u00f3 que no hay condiciones para que Ir\u00e1n forme parte de la Copa del Mundo<\/strong><\/mark>, tras los ataques de Estados Unidos e Israel.<\/p>\n\n\n\n<p><strong>&#8220;Despu\u00e9s de que el gobierno corrupto mat\u00f3 a nuestro l\u00edder, no hay condiciones que nos permitan participar en el Mundial. [&#8230;] Con ese ataque de Estados Unidos, es poco probable que podamos esperar con ilusi\u00f3n el Mundial, pero son los dirigentes deportivos los que deben decidir al respecto&#8221;<\/strong>, sentenci\u00f3 Donyamali el pasado 11 de marzo.<\/p>\n\n\n\n<figure class=\"wp-block-embed is-type-video is-provider-youtube wp-block-embed-youtube wp-embed-aspect-16-9 wp-has-aspect-ratio\"><div class=\"wp-block-embed__wrapper\">\n<iframe loading=\"lazy\" title=\"Ir\u00e1n No Asistir\u00e1 al Mundial 2026\" width=\"640\" height=\"360\" src=\"https:\/\/www.youtube.com\/embed\/OJ5Hk0hWmt0?feature=oembed\" frameborder=\"0\" allow=\"accelerometer; autoplay; clipboard-write; encrypted-media; gyroscope; picture-in-picture; web-share\" referrerpolicy=\"strict-origin-when-cross-origin\" allowfullscreen><\/iframe>\n<\/div><\/figure>\n\n\n\n<h2 class=\"wp-block-heading\">Ir\u00e1n con problemas de visas de Estados Unidos para viajar<\/h2>\n\n\n\n<p>Durante la entrevista, el diplom\u00e1tico reiter\u00f3 que&nbsp;<mark><strong>la Selecci\u00f3n de Ir\u00e1n enfrenta problemas con la log\u00edstica y el visado para trasladarse a Estados Unidos<\/strong><\/mark>, donde disputar\u00e1 la Fase de Grupos del Mundial de 2026.<\/p>\n\n\n\n<p>Sin embargo, anteriormente,\u00a0<mark><strong>Abolfazl Pasandideh ya hab\u00eda expresado su deseo para que Ir\u00e1n juegue en territorio mexicano<\/strong><\/mark>.<\/p>\n\n\n\n<p><mark><strong>&#8220;Para nosotros lo mejor es que nuestros partidos sean en M\u00e9xico<\/strong><\/mark>. A pesar de que nuestra naci\u00f3n no odia a la naci\u00f3n americana, sino al gobierno de Estados Unidos. Nosotros amamos mucho a la naci\u00f3n mexicana&#8221;, pidi\u00f3 en una conferencia de prensa.<\/p>\n\n\n\n<h2 class=\"wp-block-heading\">\u00bfCu\u00e1les son los partidos que Ir\u00e1n jugar\u00e1 en la Fase de Grupos?<\/h2>\n\n\n\n<p><strong>Ir\u00e1n forma parte del Grupo G junto con B\u00e9lgica, Egipto y Nueva Zelanda<\/strong>.<\/p>\n\n\n\n<p>Originalmente, el sorteo de la FIFA le asign\u00f3 dos sedes de Estados Unidos para disputar los tres partidos correspondientes a la Fase de Grupos del Mundial de 2026: Seattle y Los \u00c1ngeles.<\/p>\n\n\n\n<p><strong>Lunes, 15 de junio<\/strong><br><strong>\u2022 Ir\u00e1n vs Nueva Zelanda | Estadio Los \u00c1ngeles.<\/strong><\/p>\n\n\n\n<p><strong>Domingo, 21 de junio<\/strong><br><strong>\u2022 B\u00e9lgica vs Ir\u00e1n | Estadio Los \u00c1ngeles.<\/strong><\/p>\n\n\n\n<p><strong>Viernes, 26 de junio<\/strong><br><strong>\u2022 Egipto vs Ir\u00e1n | Estadio de Seattle.<\/strong><\/p>\n\n\n\n<p>Con informaci\u00f3n de SUN<\/p>\n","protected":false},"excerpt":{"rendered":"<p>Por Redacci\u00f3n QP &#8220;Nuestra selecci\u00f3n todav\u00eda no ha dicho que no queremos participar en el&#8230;<\/p>\n","protected":false},"author":2,"featured_media":129681,"comment_status":"open","ping_status":"open","sticky":false,"template":"","format":"standard","meta":{"_monsterinsights_skip_tracking":false,"_monsterinsights_sitenote_active":false,"_monsterinsights_sitenote_note":"","_monsterinsights_sitenote_category":0,"footnotes":""},"categories":[54],"tags":[],"class_list":["post-129680","post","type-post","status-publish","format-standard","has-post-thumbnail","hentry","category-deportes"],"yoast_head":"<!-- This site is optimized with the Yoast SEO plugin v27.3 - https:\/\/yoast.com\/product\/yoast-seo-wordpress\/ -->\n<title>Embajador de Ir\u00e1n pide jugar Mundial en M\u00e9xico por conflicto con EU -<\/title>\n<meta name=\"robots\" content=\"index, follow, max-snippet:-1, max-image-preview:large, max-video-preview:-1\" \/>\n<link rel=\"canonical\" href=\"https:\/\/quehacerpolitico.mx\/?p=129680\" \/>\n<meta property=\"og:locale\" content=\"es_MX\" \/>\n<meta property=\"og:type\" content=\"article\" \/>\n<meta property=\"og:title\" content=\"Embajador de Ir\u00e1n pide jugar Mundial en M\u00e9xico por conflicto con EU -\" \/>\n<meta property=\"og:description\" content=\"Por Redacci\u00f3n QP &#8220;Nuestra selecci\u00f3n todav\u00eda no ha dicho que no queremos participar en el...\" \/>\n<meta property=\"og:url\" content=\"https:\/\/quehacerpolitico.mx\/?p=129680\" \/>\n<meta property=\"article:published_time\" content=\"2026-03-13T00:57:52+00:00\" \/>\n<meta property=\"article:modified_time\" content=\"2026-03-13T00:57:56+00:00\" \/>\n<meta property=\"og:image\" content=\"http:\/\/quehacerpolitico.mx\/wp-content\/uploads\/2026\/03\/IMG_7228.webp\" \/>\n\t<meta property=\"og:image:width\" content=\"345\" \/>\n\t<meta property=\"og:image:height\" content=\"194\" \/>\n\t<meta property=\"og:image:type\" content=\"image\/webp\" \/>\n<meta name=\"author\" content=\"Redacci\u00f3n QP\" \/>\n<meta name=\"twitter:card\" content=\"summary_large_image\" \/>\n<meta name=\"twitter:label1\" content=\"Escrito por\" \/>\n\t<meta name=\"twitter:data1\" content=\"Redacci\u00f3n QP\" \/>\n\t<meta name=\"twitter:label2\" content=\"Tiempo de lectura\" \/>\n\t<meta name=\"twitter:data2\" content=\"3 minutos\" \/>\n<script type=\"application\/ld+json\" class=\"yoast-schema-graph\">{\"@context\":\"https:\\\/\\\/schema.org\",\"@graph\":[{\"@type\":\"Article\",\"@id\":\"https:\\\/\\\/quehacerpolitico.mx\\\/?p=129680#article\",\"isPartOf\":{\"@id\":\"https:\\\/\\\/quehacerpolitico.mx\\\/?p=129680\"},\"author\":{\"name\":\"Redacci\u00f3n QP\",\"@id\":\"https:\\\/\\\/quehacerpolitico.mx\\\/#\\\/schema\\\/person\\\/496d8ad2d1d3f8036101dca7ee39e585\"},\"headline\":\"Embajador de Ir\u00e1n pide jugar Mundial en M\u00e9xico por conflicto con EU\",\"datePublished\":\"2026-03-13T00:57:52+00:00\",\"dateModified\":\"2026-03-13T00:57:56+00:00\",\"mainEntityOfPage\":{\"@id\":\"https:\\\/\\\/quehacerpolitico.mx\\\/?p=129680\"},\"wordCount\":634,\"commentCount\":0,\"image\":{\"@id\":\"https:\\\/\\\/quehacerpolitico.mx\\\/?p=129680#primaryimage\"},\"thumbnailUrl\":\"https:\\\/\\\/quehacerpolitico.mx\\\/wp-content\\\/uploads\\\/2026\\\/03\\\/IMG_7228.webp\",\"articleSection\":[\"Deportes\"],\"inLanguage\":\"es\",\"potentialAction\":[{\"@type\":\"CommentAction\",\"name\":\"Comment\",\"target\":[\"https:\\\/\\\/quehacerpolitico.mx\\\/?p=129680#respond\"]}]},{\"@type\":\"WebPage\",\"@id\":\"https:\\\/\\\/quehacerpolitico.mx\\\/?p=129680\",\"url\":\"https:\\\/\\\/quehacerpolitico.mx\\\/?p=129680\",\"name\":\"Embajador de Ir\u00e1n pide jugar Mundial en M\u00e9xico por conflicto con EU -\",\"isPartOf\":{\"@id\":\"https:\\\/\\\/quehacerpolitico.mx\\\/#website\"},\"primaryImageOfPage\":{\"@id\":\"https:\\\/\\\/quehacerpolitico.mx\\\/?p=129680#primaryimage\"},\"image\":{\"@id\":\"https:\\\/\\\/quehacerpolitico.mx\\\/?p=129680#primaryimage\"},\"thumbnailUrl\":\"https:\\\/\\\/quehacerpolitico.mx\\\/wp-content\\\/uploads\\\/2026\\\/03\\\/IMG_7228.webp\",\"datePublished\":\"2026-03-13T00:57:52+00:00\",\"dateModified\":\"2026-03-13T00:57:56+00:00\",\"author\":{\"@id\":\"https:\\\/\\\/quehacerpolitico.mx\\\/#\\\/schema\\\/person\\\/496d8ad2d1d3f8036101dca7ee39e585\"},\"breadcrumb\":{\"@id\":\"https:\\\/\\\/quehacerpolitico.mx\\\/?p=129680#breadcrumb\"},\"inLanguage\":\"es\",\"potentialAction\":[{\"@type\":\"ReadAction\",\"target\":[\"https:\\\/\\\/quehacerpolitico.mx\\\/?p=129680\"]}]},{\"@type\":\"ImageObject\",\"inLanguage\":\"es\",\"@id\":\"https:\\\/\\\/quehacerpolitico.mx\\\/?p=129680#primaryimage\",\"url\":\"https:\\\/\\\/quehacerpolitico.mx\\\/wp-content\\\/uploads\\\/2026\\\/03\\\/IMG_7228.webp\",\"contentUrl\":\"https:\\\/\\\/quehacerpolitico.mx\\\/wp-content\\\/uploads\\\/2026\\\/03\\\/IMG_7228.webp\",\"width\":345,\"height\":194},{\"@type\":\"BreadcrumbList\",\"@id\":\"https:\\\/\\\/quehacerpolitico.mx\\\/?p=129680#breadcrumb\",\"itemListElement\":[{\"@type\":\"ListItem\",\"position\":1,\"name\":\"Inicio\",\"item\":\"https:\\\/\\\/quehacerpolitico.mx\\\/\"},{\"@type\":\"ListItem\",\"position\":2,\"name\":\"Embajador de Ir\u00e1n pide jugar Mundial en M\u00e9xico por conflicto con EU\"}]},{\"@type\":\"WebSite\",\"@id\":\"https:\\\/\\\/quehacerpolitico.mx\\\/#website\",\"url\":\"https:\\\/\\\/quehacerpolitico.mx\\\/\",\"name\":\"\",\"description\":\"\",\"potentialAction\":[{\"@type\":\"SearchAction\",\"target\":{\"@type\":\"EntryPoint\",\"urlTemplate\":\"https:\\\/\\\/quehacerpolitico.mx\\\/?s={search_term_string}\"},\"query-input\":{\"@type\":\"PropertyValueSpecification\",\"valueRequired\":true,\"valueName\":\"search_term_string\"}}],\"inLanguage\":\"es\"},{\"@type\":\"Person\",\"@id\":\"https:\\\/\\\/quehacerpolitico.mx\\\/#\\\/schema\\\/person\\\/496d8ad2d1d3f8036101dca7ee39e585\",\"name\":\"Redacci\u00f3n QP\",\"image\":{\"@type\":\"ImageObject\",\"inLanguage\":\"es\",\"@id\":\"https:\\\/\\\/secure.gravatar.com\\\/avatar\\\/c7164ed6fdec453195284ad24a5ae5b6e1eed2b848477fa2a4787ba9adf39a41?s=96&d=mm&r=g\",\"url\":\"https:\\\/\\\/secure.gravatar.com\\\/avatar\\\/c7164ed6fdec453195284ad24a5ae5b6e1eed2b848477fa2a4787ba9adf39a41?s=96&d=mm&r=g\",\"contentUrl\":\"https:\\\/\\\/secure.gravatar.com\\\/avatar\\\/c7164ed6fdec453195284ad24a5ae5b6e1eed2b848477fa2a4787ba9adf39a41?s=96&d=mm&r=g\",\"caption\":\"Redacci\u00f3n QP\"},\"url\":\"https:\\\/\\\/quehacerpolitico.mx\\\/?author=2\"}]}<\/script>\n<!-- \/ Yoast SEO plugin. -->","yoast_head_json":{"title":"Embajador de Ir\u00e1n pide jugar Mundial en M\u00e9xico por conflicto con EU -","robots":{"index":"index","follow":"follow","max-snippet":"max-snippet:-1","max-image-preview":"max-image-preview:large","max-video-preview":"max-video-preview:-1"},"canonical":"https:\/\/quehacerpolitico.mx\/?p=129680","og_locale":"es_MX","og_type":"article","og_title":"Embajador de Ir\u00e1n pide jugar Mundial en M\u00e9xico por conflicto con EU -","og_description":"Por Redacci\u00f3n QP &#8220;Nuestra selecci\u00f3n todav\u00eda no ha dicho que no queremos participar en el...","og_url":"https:\/\/quehacerpolitico.mx\/?p=129680","article_published_time":"2026-03-13T00:57:52+00:00","article_modified_time":"2026-03-13T00:57:56+00:00","og_image":[{"width":345,"height":194,"url":"http:\/\/quehacerpolitico.mx\/wp-content\/uploads\/2026\/03\/IMG_7228.webp","type":"image\/webp"}],"author":"Redacci\u00f3n QP","twitter_card":"summary_large_image","twitter_misc":{"Escrito por":"Redacci\u00f3n QP","Tiempo de lectura":"3 minutos"},"schema":{"@context":"https:\/\/schema.org","@graph":[{"@type":"Article","@id":"https:\/\/quehacerpolitico.mx\/?p=129680#article","isPartOf":{"@id":"https:\/\/quehacerpolitico.mx\/?p=129680"},"author":{"name":"Redacci\u00f3n QP","@id":"https:\/\/quehacerpolitico.mx\/#\/schema\/person\/496d8ad2d1d3f8036101dca7ee39e585"},"headline":"Embajador de Ir\u00e1n pide jugar Mundial en M\u00e9xico por conflicto con EU","datePublished":"2026-03-13T00:57:52+00:00","dateModified":"2026-03-13T00:57:56+00:00","mainEntityOfPage":{"@id":"https:\/\/quehacerpolitico.mx\/?p=129680"},"wordCount":634,"commentCount":0,"image":{"@id":"https:\/\/quehacerpolitico.mx\/?p=129680#primaryimage"},"thumbnailUrl":"https:\/\/quehacerpolitico.mx\/wp-content\/uploads\/2026\/03\/IMG_7228.webp","articleSection":["Deportes"],"inLanguage":"es","potentialAction":[{"@type":"CommentAction","name":"Comment","target":["https:\/\/quehacerpolitico.mx\/?p=129680#respond"]}]},{"@type":"WebPage","@id":"https:\/\/quehacerpolitico.mx\/?p=129680","url":"https:\/\/quehacerpolitico.mx\/?p=129680","name":"Embajador de Ir\u00e1n pide jugar Mundial en M\u00e9xico por conflicto con EU -","isPartOf":{"@id":"https:\/\/quehacerpolitico.mx\/#website"},"primaryImageOfPage":{"@id":"https:\/\/quehacerpolitico.mx\/?p=129680#primaryimage"},"image":{"@id":"https:\/\/quehacerpolitico.mx\/?p=129680#primaryimage"},"thumbnailUrl":"https:\/\/quehacerpolitico.mx\/wp-content\/uploads\/2026\/03\/IMG_7228.webp","datePublished":"2026-03-13T00:57:52+00:00","dateModified":"2026-03-13T00:57:56+00:00","author":{"@id":"https:\/\/quehacerpolitico.mx\/#\/schema\/person\/496d8ad2d1d3f8036101dca7ee39e585"},"breadcrumb":{"@id":"https:\/\/quehacerpolitico.mx\/?p=129680#breadcrumb"},"inLanguage":"es","potentialAction":[{"@type":"ReadAction","target":["https:\/\/quehacerpolitico.mx\/?p=129680"]}]},{"@type":"ImageObject","inLanguage":"es","@id":"https:\/\/quehacerpolitico.mx\/?p=129680#primaryimage","url":"https:\/\/quehacerpolitico.mx\/wp-content\/uploads\/2026\/03\/IMG_7228.webp","contentUrl":"https:\/\/quehacerpolitico.mx\/wp-content\/uploads\/2026\/03\/IMG_7228.webp","width":345,"height":194},{"@type":"BreadcrumbList","@id":"https:\/\/quehacerpolitico.mx\/?p=129680#breadcrumb","itemListElement":[{"@type":"ListItem","position":1,"name":"Inicio","item":"https:\/\/quehacerpolitico.mx\/"},{"@type":"ListItem","position":2,"name":"Embajador de Ir\u00e1n pide jugar Mundial en M\u00e9xico por conflicto con EU"}]},{"@type":"WebSite","@id":"https:\/\/quehacerpolitico.mx\/#website","url":"https:\/\/quehacerpolitico.mx\/","name":"","description":"","potentialAction":[{"@type":"SearchAction","target":{"@type":"EntryPoint","urlTemplate":"https:\/\/quehacerpolitico.mx\/?s={search_term_string}"},"query-input":{"@type":"PropertyValueSpecification","valueRequired":true,"valueName":"search_term_string"}}],"inLanguage":"es"},{"@type":"Person","@id":"https:\/\/quehacerpolitico.mx\/#\/schema\/person\/496d8ad2d1d3f8036101dca7ee39e585","name":"Redacci\u00f3n QP","image":{"@type":"ImageObject","inLanguage":"es","@id":"https:\/\/secure.gravatar.com\/avatar\/c7164ed6fdec453195284ad24a5ae5b6e1eed2b848477fa2a4787ba9adf39a41?s=96&d=mm&r=g","url":"https:\/\/secure.gravatar.com\/avatar\/c7164ed6fdec453195284ad24a5ae5b6e1eed2b848477fa2a4787ba9adf39a41?s=96&d=mm&r=g","contentUrl":"https:\/\/secure.gravatar.com\/avatar\/c7164ed6fdec453195284ad24a5ae5b6e1eed2b848477fa2a4787ba9adf39a41?s=96&d=mm&r=g","caption":"Redacci\u00f3n QP"},"url":"https:\/\/quehacerpolitico.mx\/?author=2"}]}},"featured_image_urls":{"full":["https:\/\/quehacerpolitico.mx\/wp-content\/uploads\/2026\/03\/IMG_7228.webp",345,194,false],"thumbnail":["https:\/\/quehacerpolitico.mx\/wp-content\/uploads\/2026\/03\/IMG_7228-150x150.webp",150,150,true],"medium":["https:\/\/quehacerpolitico.mx\/wp-content\/uploads\/2026\/03\/IMG_7228-300x169.webp",300,169,true],"medium_large":["https:\/\/quehacerpolitico.mx\/wp-content\/uploads\/2026\/03\/IMG_7228.webp",345,194,false],"large":["https:\/\/quehacerpolitico.mx\/wp-content\/uploads\/2026\/03\/IMG_7228.webp",345,194,false],"1536x1536":["https:\/\/quehacerpolitico.mx\/wp-content\/uploads\/2026\/03\/IMG_7228.webp",345,194,false],"2048x2048":["https:\/\/quehacerpolitico.mx\/wp-content\/uploads\/2026\/03\/IMG_7228.webp",345,194,false],"covernews-featured":["https:\/\/quehacerpolitico.mx\/wp-content\/uploads\/2026\/03\/IMG_7228.webp",345,194,false],"covernews-medium":["https:\/\/quehacerpolitico.mx\/wp-content\/uploads\/2026\/03\/IMG_7228.webp",345,194,false]},"author_info":{"display_name":"Redacci\u00f3n QP","author_link":"https:\/\/quehacerpolitico.mx\/?author=2"},"category_info":"<a href=\"https:\/\/quehacerpolitico.mx\/?cat=54\" rel=\"category\">Deportes<\/a>","tag_info":"Deportes","comment_count":"0","_links":{"self":[{"href":"https:\/\/quehacerpolitico.mx\/index.php?rest_route=\/wp\/v2\/posts\/129680","targetHints":{"allow":["GET"]}}],"collection":[{"href":"https:\/\/quehacerpolitico.mx\/index.php?rest_route=\/wp\/v2\/posts"}],"about":[{"href":"https:\/\/quehacerpolitico.mx\/index.php?rest_route=\/wp\/v2\/types\/post"}],"author":[{"embeddable":true,"href":"https:\/\/quehacerpolitico.mx\/index.php?rest_route=\/wp\/v2\/users\/2"}],"replies":[{"embeddable":true,"href":"https:\/\/quehacerpolitico.mx\/index.php?rest_route=%2Fwp%2Fv2%2Fcomments&post=129680"}],"version-history":[{"count":1,"href":"https:\/\/quehacerpolitico.mx\/index.php?rest_route=\/wp\/v2\/posts\/129680\/revisions"}],"predecessor-version":[{"id":129682,"href":"https:\/\/quehacerpolitico.mx\/index.php?rest_route=\/wp\/v2\/posts\/129680\/revisions\/129682"}],"wp:featuredmedia":[{"embeddable":true,"href":"https:\/\/quehacerpolitico.mx\/index.php?rest_route=\/wp\/v2\/media\/129681"}],"wp:attachment":[{"href":"https:\/\/quehacerpolitico.mx\/index.php?rest_route=%2Fwp%2Fv2%2Fmedia&parent=129680"}],"wp:term":[{"taxonomy":"category","embeddable":true,"href":"https:\/\/quehacerpolitico.mx\/index.php?rest_route=%2Fwp%2Fv2%2Fcategories&post=129680"},{"taxonomy":"post_tag","embeddable":true,"href":"https:\/\/quehacerpolitico.mx\/index.php?rest_route=%2Fwp%2Fv2%2Ftags&post=129680"}],"curies":[{"name":"wp","href":"https:\/\/api.w.org\/{rel}","templated":true}]}}