{"id":129677,"date":"2026-03-12T18:25:24","date_gmt":"2026-03-13T00:25:24","guid":{"rendered":"https:\/\/quehacerpolitico.mx\/?p=129677"},"modified":"2026-03-12T18:25:28","modified_gmt":"2026-03-13T00:25:28","slug":"malagon-ya-fue-operado-sera-baja-hasta-ocho-meses-y-se-pierde-el-mundial","status":"publish","type":"post","link":"https:\/\/quehacerpolitico.mx\/?p=129677","title":{"rendered":"Malag\u00f3n ya fue operado; ser\u00e1 baja hasta ocho meses y se pierde el Mundial"},"content":{"rendered":"\n<p>Por Redacci\u00f3n QP<\/p>\n\n\n\n<p>La rehabilitaci\u00f3n comenzar\u00e1 en breve, aunque los tiempos de recuperaci\u00f3n depender\u00e1n del proceso natural de cicatrizaci\u00f3n de los tejidos, dijo el cirujano<\/p>\n\n\n\n<p>El arquero del Am\u00e9rica,&nbsp;<strong>Luis \u00c1ngel Malag\u00f3n<\/strong>, fue sometido a una intervenci\u00f3n quir\u00fargica la ma\u00f1ana de este jueves en Guadalajara, luego de sufrir una ruptura en el tend\u00f3n de Aquiles.&nbsp;<mark>Tras la operaci\u00f3n, que result\u00f3 exitosa, se confirm\u00f3 que el guardameta permanecer\u00e1 fuera de las canchas entre seis y ocho meses, un periodo de recuperaci\u00f3n que pr\u00e1cticamente lo deja sin opciones de disputar la Copa del Mundo del 2026<\/mark>.<\/p>\n\n\n\n<figure class=\"wp-block-embed is-type-rich is-provider-twitter wp-block-embed-twitter\"><div class=\"wp-block-embed__wrapper\">\n<blockquote class=\"twitter-tweet\" data-width=\"550\" data-dnt=\"true\"><p lang=\"es\" dir=\"ltr\">Malag\u00f3n lleg\u00f3 con buena actitud a Guadalajara, donde ser\u00e1 operado del tend\u00f3n de Aquiles \ud83d\udc40<br><br>El portero del Am\u00e9rica dice sentirse bien mentalmente pese a que podr\u00eda perderse el Mundial 2026.<br><br>V\u00eda: <a href=\"https:\/\/twitter.com\/diegoyvey?ref_src=twsrc%5Etfw\">@diegoyvey<\/a> <a href=\"https:\/\/t.co\/Y3pzF9OeDQ\">pic.twitter.com\/Y3pzF9OeDQ<\/a><\/p>&mdash; ESPN.com.mx (@ESPNmx) <a href=\"https:\/\/twitter.com\/ESPNmx\/status\/2032108692900905079?ref_src=twsrc%5Etfw\">March 12, 2026<\/a><\/blockquote><script async src=\"https:\/\/platform.twitter.com\/widgets.js\" charset=\"utf-8\"><\/script>\n<\/div><\/figure>\n\n\n\n<p>El&nbsp;<strong>m\u00e9dico especialista en traumatolog\u00eda Luis Arturo G\u00f3mez Carlin<\/strong>&nbsp;inform\u00f3 que&nbsp;<mark>la cirug\u00eda se desarroll\u00f3 de manera satisfactoria<\/mark>; sin embargo, explic\u00f3 que la recuperaci\u00f3n tomar\u00e1 varios meses y que el futbolista atraviesa un momento an\u00edmico complicado por la lesi\u00f3n.<\/p>\n\n\n\n<p>&#8220;Triste, est\u00e1 triste, s\u00ed; desafortunadamente, como les comentaba, pues m\u00e1s all\u00e1 de que el pron\u00f3stico de la lesi\u00f3n es excelente, por supuesto, y que todo deber\u00eda de estar bien, pues esto se lleva tiempo y cae en un momento que, desafortunadamente para \u00e9l, pues no es el m\u00e1s conveniente, pero seguramente nos va a dar sorpresas excelentes de regreso&#8221;, se\u00f1al\u00f3.<\/p>\n\n\n\n<figure class=\"wp-block-embed is-type-rich is-provider-twitter wp-block-embed-twitter\"><div class=\"wp-block-embed__wrapper\">\n<blockquote class=\"twitter-tweet\" data-width=\"550\" data-dnt=\"true\"><p lang=\"es\" dir=\"ltr\">&quot;NO HAY RUPTURA PARCIAL, ES TOTAL&quot; \ud83d\ude2a<a href=\"https:\/\/twitter.com\/hashtag\/FSRadioMX?src=hash&amp;ref_src=twsrc%5Etfw\">#FSRadioMX<\/a> | Las palabras del Dr. Luis G\u00f3mez tras la cirug\u00eda de Luis \u00c1ngel Malag\u00f3n.<br><br>&quot;La rehabilitaci\u00f3n la empezaremos en 2 semanas&quot; <a href=\"https:\/\/t.co\/t8rmb0h7e5\">pic.twitter.com\/t8rmb0h7e5<\/a><\/p>&mdash; FOX Sports MX (@FOXSportsMX) <a href=\"https:\/\/twitter.com\/FOXSportsMX\/status\/2032241854012359146?ref_src=twsrc%5Etfw\">March 12, 2026<\/a><\/blockquote><script async src=\"https:\/\/platform.twitter.com\/widgets.js\" charset=\"utf-8\"><\/script>\n<\/div><\/figure>\n\n\n\n<h2 class=\"wp-block-heading\">La recuperaci\u00f3n<\/h2>\n\n\n\n<p>El especialista indic\u00f3 que la rehabilitaci\u00f3n comenzar\u00e1 en breve, aunque subray\u00f3 que los tiempos de recuperaci\u00f3n depender\u00e1n del proceso natural de cicatrizaci\u00f3n de los tejidos.<\/p>\n\n\n\n<p>&#8220;Estamos muy convencidos todos los m\u00e9dicos que nos dedicamos a esto, que una rehabilitaci\u00f3n temprana, un trabajo temprano ayuda a que los tejidos cicatricen mejor. Entonces, como les dec\u00eda, la rehabilitaci\u00f3n la vamos a empezar tan pronto como en dos semanas, obviamente llevando sus cuidados, sus pasos, sus tiempos.&nbsp;<mark>Desafortunadamente, tambi\u00e9n, por otro lado, no hay mucho que hacer contra la biolog\u00eda: los tejidos tardan en recuperarse lo que necesitan de tiempo y ya est\u00e1<\/mark>; y entonces estamos planificando [&#8230;] que \u00e9l podr\u00eda estar de nuevo en la cancha entre unos seis y ocho meses m\u00e1s o menos&#8221;, revel\u00f3.<\/p>\n\n\n\n<p>Sobre el procedimiento quir\u00fargico,&nbsp;<mark>G\u00f3mez Carlin explic\u00f3 que la intervenci\u00f3n se realiz\u00f3 sin complicaciones y que la reparaci\u00f3n del tend\u00f3n se llev\u00f3 a cabo con \u00e9xito<\/mark>.<\/p>\n\n\n\n<p>&#8220;En el caso de Malag\u00f3n, pues no era tampoco ninguna situaci\u00f3n extraordinaria, entonces la cirug\u00eda se desarroll\u00f3 sin ning\u00fan tipo de contratiempo, pudimos reparar perfectamente el tend\u00f3n y lo \u00fanico que toca ahora es esperar darle el tiempo pues que necesitan este tipo de lesiones para la recuperaci\u00f3n&#8221;, agreg\u00f3.<\/p>\n\n\n\n<figure class=\"wp-block-embed is-type-rich is-provider-twitter wp-block-embed-twitter\"><div class=\"wp-block-embed__wrapper\">\n<blockquote class=\"twitter-tweet\" data-width=\"550\" data-dnt=\"true\"><p lang=\"es\" dir=\"ltr\">\u26a0\ufe0f\ud83d\udc4a\ud83c\uddf2\ud83c\uddfdREHABILITACI\u00d3N DE MALAG\u00d3N INICIAR\u00c1 EN DOS SEMANAS<br><br>&#39;Est\u00e1 triste, esto lleva tiempo&#39;, la impresi\u00f3n del Dr. Luis Arturo G\u00f3mez Carl\u00edn del Hospital Medyarthros (en Guadalajara), donde Luis Malag\u00f3n fue operado por la rotura del tend\u00f3n de Aquiles (izquierdo)\ud83d\ude14\ud83d\ude91. <br><br>\ud83d\udea8De acuerdo\u2026 <a href=\"https:\/\/t.co\/TpoLMnnAuT\">pic.twitter.com\/TpoLMnnAuT<\/a><\/p>&mdash; FOX Sports MX (@FOXSportsMX) <a href=\"https:\/\/twitter.com\/FOXSportsMX\/status\/2032145558865867230?ref_src=twsrc%5Etfw\">March 12, 2026<\/a><\/blockquote><script async src=\"https:\/\/platform.twitter.com\/widgets.js\" charset=\"utf-8\"><\/script>\n<\/div><\/figure>\n\n\n\n<p>Asimismo, detall\u00f3 que este tipo de lesi\u00f3n puede ocurrir incluso en movimientos habituales dentro del deporte y que el mecanismo de la ruptura coincide con lo ocurrido durante la jugada en la que el arquero se lesion\u00f3.<\/p>\n\n\n\n<p>&#8220;Por lo que es habitual, si es una lesi\u00f3n que le puede pasar a cualquier persona y exactamente bajo las caracter\u00edsticas que pasaron, le comentaba el compa\u00f1ero, si recuerdan la jugada, pues es un movimiento sencillo en donde \u00e9l como que nota que algo le pega por detr\u00e1s, es exactamente como est\u00e1 descrito el mecanismo mediante el cual se rompe el tend\u00f3n, pero as\u00ed pasa con todas las personas&#8221;, concluy\u00f3.<\/p>\n","protected":false},"excerpt":{"rendered":"<p>Por Redacci\u00f3n QP La rehabilitaci\u00f3n comenzar\u00e1 en breve, aunque los tiempos de recuperaci\u00f3n depender\u00e1n del&#8230;<\/p>\n","protected":false},"author":2,"featured_media":129678,"comment_status":"open","ping_status":"open","sticky":false,"template":"","format":"standard","meta":{"_monsterinsights_skip_tracking":false,"_monsterinsights_sitenote_active":false,"_monsterinsights_sitenote_note":"","_monsterinsights_sitenote_category":0,"footnotes":""},"categories":[54],"tags":[],"class_list":["post-129677","post","type-post","status-publish","format-standard","has-post-thumbnail","hentry","category-deportes"],"yoast_head":"<!-- This site is optimized with the Yoast SEO plugin v27.3 - https:\/\/yoast.com\/product\/yoast-seo-wordpress\/ -->\n<title>Malag\u00f3n ya fue operado; ser\u00e1 baja hasta ocho meses y se pierde el Mundial -<\/title>\n<meta name=\"robots\" content=\"index, follow, max-snippet:-1, max-image-preview:large, max-video-preview:-1\" \/>\n<link rel=\"canonical\" href=\"https:\/\/quehacerpolitico.mx\/?p=129677\" \/>\n<meta property=\"og:locale\" content=\"es_MX\" \/>\n<meta property=\"og:type\" content=\"article\" \/>\n<meta property=\"og:title\" content=\"Malag\u00f3n ya fue operado; ser\u00e1 baja hasta ocho meses y se pierde el Mundial -\" \/>\n<meta property=\"og:description\" content=\"Por Redacci\u00f3n QP La rehabilitaci\u00f3n comenzar\u00e1 en breve, aunque los tiempos de recuperaci\u00f3n depender\u00e1n del...\" \/>\n<meta property=\"og:url\" content=\"https:\/\/quehacerpolitico.mx\/?p=129677\" \/>\n<meta property=\"article:published_time\" content=\"2026-03-13T00:25:24+00:00\" \/>\n<meta property=\"article:modified_time\" content=\"2026-03-13T00:25:28+00:00\" \/>\n<meta property=\"og:image\" content=\"http:\/\/quehacerpolitico.mx\/wp-content\/uploads\/2026\/03\/IMG_7227.jpeg\" \/>\n\t<meta property=\"og:image:width\" content=\"1280\" \/>\n\t<meta property=\"og:image:height\" content=\"720\" \/>\n\t<meta property=\"og:image:type\" content=\"image\/jpeg\" \/>\n<meta name=\"author\" content=\"Redacci\u00f3n QP\" \/>\n<meta name=\"twitter:card\" content=\"summary_large_image\" \/>\n<meta name=\"twitter:label1\" content=\"Escrito por\" \/>\n\t<meta name=\"twitter:data1\" content=\"Redacci\u00f3n QP\" \/>\n\t<meta name=\"twitter:label2\" content=\"Tiempo de lectura\" \/>\n\t<meta name=\"twitter:data2\" content=\"3 minutos\" \/>\n<script type=\"application\/ld+json\" class=\"yoast-schema-graph\">{\"@context\":\"https:\\\/\\\/schema.org\",\"@graph\":[{\"@type\":\"Article\",\"@id\":\"https:\\\/\\\/quehacerpolitico.mx\\\/?p=129677#article\",\"isPartOf\":{\"@id\":\"https:\\\/\\\/quehacerpolitico.mx\\\/?p=129677\"},\"author\":{\"name\":\"Redacci\u00f3n QP\",\"@id\":\"https:\\\/\\\/quehacerpolitico.mx\\\/#\\\/schema\\\/person\\\/496d8ad2d1d3f8036101dca7ee39e585\"},\"headline\":\"Malag\u00f3n ya fue operado; ser\u00e1 baja hasta ocho meses y se pierde el Mundial\",\"datePublished\":\"2026-03-13T00:25:24+00:00\",\"dateModified\":\"2026-03-13T00:25:28+00:00\",\"mainEntityOfPage\":{\"@id\":\"https:\\\/\\\/quehacerpolitico.mx\\\/?p=129677\"},\"wordCount\":596,\"commentCount\":0,\"image\":{\"@id\":\"https:\\\/\\\/quehacerpolitico.mx\\\/?p=129677#primaryimage\"},\"thumbnailUrl\":\"https:\\\/\\\/quehacerpolitico.mx\\\/wp-content\\\/uploads\\\/2026\\\/03\\\/IMG_7227.jpeg\",\"articleSection\":[\"Deportes\"],\"inLanguage\":\"es\",\"potentialAction\":[{\"@type\":\"CommentAction\",\"name\":\"Comment\",\"target\":[\"https:\\\/\\\/quehacerpolitico.mx\\\/?p=129677#respond\"]}]},{\"@type\":\"WebPage\",\"@id\":\"https:\\\/\\\/quehacerpolitico.mx\\\/?p=129677\",\"url\":\"https:\\\/\\\/quehacerpolitico.mx\\\/?p=129677\",\"name\":\"Malag\u00f3n ya fue operado; ser\u00e1 baja hasta ocho meses y se pierde el Mundial -\",\"isPartOf\":{\"@id\":\"https:\\\/\\\/quehacerpolitico.mx\\\/#website\"},\"primaryImageOfPage\":{\"@id\":\"https:\\\/\\\/quehacerpolitico.mx\\\/?p=129677#primaryimage\"},\"image\":{\"@id\":\"https:\\\/\\\/quehacerpolitico.mx\\\/?p=129677#primaryimage\"},\"thumbnailUrl\":\"https:\\\/\\\/quehacerpolitico.mx\\\/wp-content\\\/uploads\\\/2026\\\/03\\\/IMG_7227.jpeg\",\"datePublished\":\"2026-03-13T00:25:24+00:00\",\"dateModified\":\"2026-03-13T00:25:28+00:00\",\"author\":{\"@id\":\"https:\\\/\\\/quehacerpolitico.mx\\\/#\\\/schema\\\/person\\\/496d8ad2d1d3f8036101dca7ee39e585\"},\"breadcrumb\":{\"@id\":\"https:\\\/\\\/quehacerpolitico.mx\\\/?p=129677#breadcrumb\"},\"inLanguage\":\"es\",\"potentialAction\":[{\"@type\":\"ReadAction\",\"target\":[\"https:\\\/\\\/quehacerpolitico.mx\\\/?p=129677\"]}]},{\"@type\":\"ImageObject\",\"inLanguage\":\"es\",\"@id\":\"https:\\\/\\\/quehacerpolitico.mx\\\/?p=129677#primaryimage\",\"url\":\"https:\\\/\\\/quehacerpolitico.mx\\\/wp-content\\\/uploads\\\/2026\\\/03\\\/IMG_7227.jpeg\",\"contentUrl\":\"https:\\\/\\\/quehacerpolitico.mx\\\/wp-content\\\/uploads\\\/2026\\\/03\\\/IMG_7227.jpeg\",\"width\":1280,\"height\":720},{\"@type\":\"BreadcrumbList\",\"@id\":\"https:\\\/\\\/quehacerpolitico.mx\\\/?p=129677#breadcrumb\",\"itemListElement\":[{\"@type\":\"ListItem\",\"position\":1,\"name\":\"Inicio\",\"item\":\"https:\\\/\\\/quehacerpolitico.mx\\\/\"},{\"@type\":\"ListItem\",\"position\":2,\"name\":\"Malag\u00f3n ya fue operado; ser\u00e1 baja hasta ocho meses y se pierde el Mundial\"}]},{\"@type\":\"WebSite\",\"@id\":\"https:\\\/\\\/quehacerpolitico.mx\\\/#website\",\"url\":\"https:\\\/\\\/quehacerpolitico.mx\\\/\",\"name\":\"\",\"description\":\"\",\"potentialAction\":[{\"@type\":\"SearchAction\",\"target\":{\"@type\":\"EntryPoint\",\"urlTemplate\":\"https:\\\/\\\/quehacerpolitico.mx\\\/?s={search_term_string}\"},\"query-input\":{\"@type\":\"PropertyValueSpecification\",\"valueRequired\":true,\"valueName\":\"search_term_string\"}}],\"inLanguage\":\"es\"},{\"@type\":\"Person\",\"@id\":\"https:\\\/\\\/quehacerpolitico.mx\\\/#\\\/schema\\\/person\\\/496d8ad2d1d3f8036101dca7ee39e585\",\"name\":\"Redacci\u00f3n QP\",\"image\":{\"@type\":\"ImageObject\",\"inLanguage\":\"es\",\"@id\":\"https:\\\/\\\/secure.gravatar.com\\\/avatar\\\/c7164ed6fdec453195284ad24a5ae5b6e1eed2b848477fa2a4787ba9adf39a41?s=96&d=mm&r=g\",\"url\":\"https:\\\/\\\/secure.gravatar.com\\\/avatar\\\/c7164ed6fdec453195284ad24a5ae5b6e1eed2b848477fa2a4787ba9adf39a41?s=96&d=mm&r=g\",\"contentUrl\":\"https:\\\/\\\/secure.gravatar.com\\\/avatar\\\/c7164ed6fdec453195284ad24a5ae5b6e1eed2b848477fa2a4787ba9adf39a41?s=96&d=mm&r=g\",\"caption\":\"Redacci\u00f3n QP\"},\"url\":\"https:\\\/\\\/quehacerpolitico.mx\\\/?author=2\"}]}<\/script>\n<!-- \/ Yoast SEO plugin. -->","yoast_head_json":{"title":"Malag\u00f3n ya fue operado; ser\u00e1 baja hasta ocho meses y se pierde el Mundial -","robots":{"index":"index","follow":"follow","max-snippet":"max-snippet:-1","max-image-preview":"max-image-preview:large","max-video-preview":"max-video-preview:-1"},"canonical":"https:\/\/quehacerpolitico.mx\/?p=129677","og_locale":"es_MX","og_type":"article","og_title":"Malag\u00f3n ya fue operado; ser\u00e1 baja hasta ocho meses y se pierde el Mundial -","og_description":"Por Redacci\u00f3n QP La rehabilitaci\u00f3n comenzar\u00e1 en breve, aunque los tiempos de recuperaci\u00f3n depender\u00e1n del...","og_url":"https:\/\/quehacerpolitico.mx\/?p=129677","article_published_time":"2026-03-13T00:25:24+00:00","article_modified_time":"2026-03-13T00:25:28+00:00","og_image":[{"width":1280,"height":720,"url":"http:\/\/quehacerpolitico.mx\/wp-content\/uploads\/2026\/03\/IMG_7227.jpeg","type":"image\/jpeg"}],"author":"Redacci\u00f3n QP","twitter_card":"summary_large_image","twitter_misc":{"Escrito por":"Redacci\u00f3n QP","Tiempo de lectura":"3 minutos"},"schema":{"@context":"https:\/\/schema.org","@graph":[{"@type":"Article","@id":"https:\/\/quehacerpolitico.mx\/?p=129677#article","isPartOf":{"@id":"https:\/\/quehacerpolitico.mx\/?p=129677"},"author":{"name":"Redacci\u00f3n QP","@id":"https:\/\/quehacerpolitico.mx\/#\/schema\/person\/496d8ad2d1d3f8036101dca7ee39e585"},"headline":"Malag\u00f3n ya fue operado; ser\u00e1 baja hasta ocho meses y se pierde el Mundial","datePublished":"2026-03-13T00:25:24+00:00","dateModified":"2026-03-13T00:25:28+00:00","mainEntityOfPage":{"@id":"https:\/\/quehacerpolitico.mx\/?p=129677"},"wordCount":596,"commentCount":0,"image":{"@id":"https:\/\/quehacerpolitico.mx\/?p=129677#primaryimage"},"thumbnailUrl":"https:\/\/quehacerpolitico.mx\/wp-content\/uploads\/2026\/03\/IMG_7227.jpeg","articleSection":["Deportes"],"inLanguage":"es","potentialAction":[{"@type":"CommentAction","name":"Comment","target":["https:\/\/quehacerpolitico.mx\/?p=129677#respond"]}]},{"@type":"WebPage","@id":"https:\/\/quehacerpolitico.mx\/?p=129677","url":"https:\/\/quehacerpolitico.mx\/?p=129677","name":"Malag\u00f3n ya fue operado; ser\u00e1 baja hasta ocho meses y se pierde el Mundial -","isPartOf":{"@id":"https:\/\/quehacerpolitico.mx\/#website"},"primaryImageOfPage":{"@id":"https:\/\/quehacerpolitico.mx\/?p=129677#primaryimage"},"image":{"@id":"https:\/\/quehacerpolitico.mx\/?p=129677#primaryimage"},"thumbnailUrl":"https:\/\/quehacerpolitico.mx\/wp-content\/uploads\/2026\/03\/IMG_7227.jpeg","datePublished":"2026-03-13T00:25:24+00:00","dateModified":"2026-03-13T00:25:28+00:00","author":{"@id":"https:\/\/quehacerpolitico.mx\/#\/schema\/person\/496d8ad2d1d3f8036101dca7ee39e585"},"breadcrumb":{"@id":"https:\/\/quehacerpolitico.mx\/?p=129677#breadcrumb"},"inLanguage":"es","potentialAction":[{"@type":"ReadAction","target":["https:\/\/quehacerpolitico.mx\/?p=129677"]}]},{"@type":"ImageObject","inLanguage":"es","@id":"https:\/\/quehacerpolitico.mx\/?p=129677#primaryimage","url":"https:\/\/quehacerpolitico.mx\/wp-content\/uploads\/2026\/03\/IMG_7227.jpeg","contentUrl":"https:\/\/quehacerpolitico.mx\/wp-content\/uploads\/2026\/03\/IMG_7227.jpeg","width":1280,"height":720},{"@type":"BreadcrumbList","@id":"https:\/\/quehacerpolitico.mx\/?p=129677#breadcrumb","itemListElement":[{"@type":"ListItem","position":1,"name":"Inicio","item":"https:\/\/quehacerpolitico.mx\/"},{"@type":"ListItem","position":2,"name":"Malag\u00f3n ya fue operado; ser\u00e1 baja hasta ocho meses y se pierde el Mundial"}]},{"@type":"WebSite","@id":"https:\/\/quehacerpolitico.mx\/#website","url":"https:\/\/quehacerpolitico.mx\/","name":"","description":"","potentialAction":[{"@type":"SearchAction","target":{"@type":"EntryPoint","urlTemplate":"https:\/\/quehacerpolitico.mx\/?s={search_term_string}"},"query-input":{"@type":"PropertyValueSpecification","valueRequired":true,"valueName":"search_term_string"}}],"inLanguage":"es"},{"@type":"Person","@id":"https:\/\/quehacerpolitico.mx\/#\/schema\/person\/496d8ad2d1d3f8036101dca7ee39e585","name":"Redacci\u00f3n QP","image":{"@type":"ImageObject","inLanguage":"es","@id":"https:\/\/secure.gravatar.com\/avatar\/c7164ed6fdec453195284ad24a5ae5b6e1eed2b848477fa2a4787ba9adf39a41?s=96&d=mm&r=g","url":"https:\/\/secure.gravatar.com\/avatar\/c7164ed6fdec453195284ad24a5ae5b6e1eed2b848477fa2a4787ba9adf39a41?s=96&d=mm&r=g","contentUrl":"https:\/\/secure.gravatar.com\/avatar\/c7164ed6fdec453195284ad24a5ae5b6e1eed2b848477fa2a4787ba9adf39a41?s=96&d=mm&r=g","caption":"Redacci\u00f3n QP"},"url":"https:\/\/quehacerpolitico.mx\/?author=2"}]}},"featured_image_urls":{"full":["https:\/\/quehacerpolitico.mx\/wp-content\/uploads\/2026\/03\/IMG_7227.jpeg",1280,720,false],"thumbnail":["https:\/\/quehacerpolitico.mx\/wp-content\/uploads\/2026\/03\/IMG_7227-150x150.jpeg",150,150,true],"medium":["https:\/\/quehacerpolitico.mx\/wp-content\/uploads\/2026\/03\/IMG_7227-300x169.jpeg",300,169,true],"medium_large":["https:\/\/quehacerpolitico.mx\/wp-content\/uploads\/2026\/03\/IMG_7227-768x432.jpeg",640,360,true],"large":["https:\/\/quehacerpolitico.mx\/wp-content\/uploads\/2026\/03\/IMG_7227-1024x576.jpeg",640,360,true],"1536x1536":["https:\/\/quehacerpolitico.mx\/wp-content\/uploads\/2026\/03\/IMG_7227.jpeg",1280,720,false],"2048x2048":["https:\/\/quehacerpolitico.mx\/wp-content\/uploads\/2026\/03\/IMG_7227.jpeg",1280,720,false],"covernews-featured":["https:\/\/quehacerpolitico.mx\/wp-content\/uploads\/2026\/03\/IMG_7227-1024x576.jpeg",1024,576,true],"covernews-medium":["https:\/\/quehacerpolitico.mx\/wp-content\/uploads\/2026\/03\/IMG_7227-540x340.jpeg",540,340,true]},"author_info":{"display_name":"Redacci\u00f3n QP","author_link":"https:\/\/quehacerpolitico.mx\/?author=2"},"category_info":"<a href=\"https:\/\/quehacerpolitico.mx\/?cat=54\" rel=\"category\">Deportes<\/a>","tag_info":"Deportes","comment_count":"0","_links":{"self":[{"href":"https:\/\/quehacerpolitico.mx\/index.php?rest_route=\/wp\/v2\/posts\/129677","targetHints":{"allow":["GET"]}}],"collection":[{"href":"https:\/\/quehacerpolitico.mx\/index.php?rest_route=\/wp\/v2\/posts"}],"about":[{"href":"https:\/\/quehacerpolitico.mx\/index.php?rest_route=\/wp\/v2\/types\/post"}],"author":[{"embeddable":true,"href":"https:\/\/quehacerpolitico.mx\/index.php?rest_route=\/wp\/v2\/users\/2"}],"replies":[{"embeddable":true,"href":"https:\/\/quehacerpolitico.mx\/index.php?rest_route=%2Fwp%2Fv2%2Fcomments&post=129677"}],"version-history":[{"count":1,"href":"https:\/\/quehacerpolitico.mx\/index.php?rest_route=\/wp\/v2\/posts\/129677\/revisions"}],"predecessor-version":[{"id":129679,"href":"https:\/\/quehacerpolitico.mx\/index.php?rest_route=\/wp\/v2\/posts\/129677\/revisions\/129679"}],"wp:featuredmedia":[{"embeddable":true,"href":"https:\/\/quehacerpolitico.mx\/index.php?rest_route=\/wp\/v2\/media\/129678"}],"wp:attachment":[{"href":"https:\/\/quehacerpolitico.mx\/index.php?rest_route=%2Fwp%2Fv2%2Fmedia&parent=129677"}],"wp:term":[{"taxonomy":"category","embeddable":true,"href":"https:\/\/quehacerpolitico.mx\/index.php?rest_route=%2Fwp%2Fv2%2Fcategories&post=129677"},{"taxonomy":"post_tag","embeddable":true,"href":"https:\/\/quehacerpolitico.mx\/index.php?rest_route=%2Fwp%2Fv2%2Ftags&post=129677"}],"curies":[{"name":"wp","href":"https:\/\/api.w.org\/{rel}","templated":true}]}}