{"id":129669,"date":"2026-03-12T17:43:13","date_gmt":"2026-03-12T23:43:13","guid":{"rendered":"https:\/\/quehacerpolitico.mx\/?p=129669"},"modified":"2026-03-12T17:58:30","modified_gmt":"2026-03-12T23:58:30","slug":"checo-perez-apunta-a-los-primeros-puntos-de-cadillac-tras-debut-complicado","status":"publish","type":"post","link":"https:\/\/quehacerpolitico.mx\/?p=129669","title":{"rendered":"Checo P\u00e9rez apunta a los primeros puntos de Cadillac tras debut complicado"},"content":{"rendered":"\n<p>Por Redacci\u00f3n QP<\/p>\n\n\n\n<p>El piloto mexicano conf\u00eda en que el proyecto de su nuevo equipo pueda evolucionar con rapidez durante la temporada<\/p>\n\n\n\n<p>El piloto mexicano&nbsp;<strong>Sergio P\u00e9rez<\/strong>&nbsp;conf\u00eda en que el proyecto de Cadillac Formula 1 Team pueda evolucionar con rapidez durante la temporada y permita sumar sus primeras unidades antes del receso veraniego de la F1. Aunque el inicio ha sido complicado,&nbsp;<mark>el tapat\u00edo considera que los recursos y el desarrollo t\u00e9cnico del equipo pueden acortar la distancia con el resto de la parrilla<\/mark>&nbsp;en los pr\u00f3ximos meses.<\/p>\n\n\n\n<p>En el Gran Premio de Australia, ganado por George Russell,&nbsp;<strong>P\u00e9rez termin\u00f3 tres vueltas detr\u00e1s del l\u00edder<\/strong>; sin embargo, mantiene la expectativa de una mejora progresiva.<\/p>\n\n\n\n<figure class=\"wp-block-gallery has-nested-images columns-default is-cropped wp-block-gallery-1 is-layout-flex wp-block-gallery-is-layout-flex\">\n<figure class=\"wp-block-image size-large\"><img loading=\"lazy\" decoding=\"async\" width=\"474\" height=\"544\" data-id=\"129671\" src=\"https:\/\/quehacerpolitico.mx\/wp-content\/uploads\/2026\/03\/IMG_7223.jpeg\" alt=\"\" class=\"wp-image-129671\" srcset=\"https:\/\/quehacerpolitico.mx\/wp-content\/uploads\/2026\/03\/IMG_7223.jpeg 474w, https:\/\/quehacerpolitico.mx\/wp-content\/uploads\/2026\/03\/IMG_7223-261x300.jpeg 261w\" sizes=\"auto, (max-width: 474px) 100vw, 474px\" \/><\/figure>\n\n\n\n<figure class=\"wp-block-image size-large\"><img loading=\"lazy\" decoding=\"async\" width=\"474\" height=\"316\" data-id=\"129674\" src=\"https:\/\/quehacerpolitico.mx\/wp-content\/uploads\/2026\/03\/IMG_7224.jpeg\" alt=\"\" class=\"wp-image-129674\" srcset=\"https:\/\/quehacerpolitico.mx\/wp-content\/uploads\/2026\/03\/IMG_7224.jpeg 474w, https:\/\/quehacerpolitico.mx\/wp-content\/uploads\/2026\/03\/IMG_7224-300x200.jpeg 300w\" sizes=\"auto, (max-width: 474px) 100vw, 474px\" \/><\/figure>\n\n\n\n<figure class=\"wp-block-image size-large\"><img loading=\"lazy\" decoding=\"async\" width=\"474\" height=\"591\" data-id=\"129672\" src=\"https:\/\/quehacerpolitico.mx\/wp-content\/uploads\/2026\/03\/IMG_7225.jpeg\" alt=\"\" class=\"wp-image-129672\" srcset=\"https:\/\/quehacerpolitico.mx\/wp-content\/uploads\/2026\/03\/IMG_7225.jpeg 474w, https:\/\/quehacerpolitico.mx\/wp-content\/uploads\/2026\/03\/IMG_7225-241x300.jpeg 241w\" sizes=\"auto, (max-width: 474px) 100vw, 474px\" \/><\/figure>\n\n\n\n<figure class=\"wp-block-image size-large\"><img loading=\"lazy\" decoding=\"async\" width=\"474\" height=\"708\" data-id=\"129673\" src=\"https:\/\/quehacerpolitico.mx\/wp-content\/uploads\/2026\/03\/IMG_7226.jpeg\" alt=\"\" class=\"wp-image-129673\" srcset=\"https:\/\/quehacerpolitico.mx\/wp-content\/uploads\/2026\/03\/IMG_7226.jpeg 474w, https:\/\/quehacerpolitico.mx\/wp-content\/uploads\/2026\/03\/IMG_7226-201x300.jpeg 201w\" sizes=\"auto, (max-width: 474px) 100vw, 474px\" \/><\/figure>\n<\/figure>\n\n\n\n<p>\u201cSiempre supe que iba a ser un comienzo muy dif\u00edcil, pero al mismo tiempo siempre dije que no importa d\u00f3nde empecemos, sino cu\u00e1nto progreso seamos capaces de lograr en los pr\u00f3ximos meses. Porque, obviamente, como saben, en la F\u00f3rmula 1 no hay tiempo. Espero que para el par\u00f3n de verano ya hayamos podido sumar algunos puntos. Obviamente es una tarea grande con la brecha que tenemos actualmente\u201d, se\u00f1al\u00f3.<\/p>\n\n\n\n<p>Tras finalizar la carrera,&nbsp;<mark>el mexicano pidi\u00f3 al equipo dejar atr\u00e1s las celebraciones por haber completado su primera prueba en pista<\/mark>&nbsp;\u2014a diferencia del monoplaza de Valtteri Bottas, que no termin\u00f3\u2014 y enfocarse en reducir la diferencia con los rivales. P\u00e9rez reconoci\u00f3 que, aunque cruzar la meta fue positivo, el rendimiento del auto evidenci\u00f3 el limitado tiempo de preparaci\u00f3n antes de su debut en Melbourne.<\/p>\n\n\n\n<figure class=\"wp-block-embed is-type-rich is-provider-twitter wp-block-embed-twitter\"><div class=\"wp-block-embed__wrapper\">\n<blockquote class=\"twitter-tweet\" data-width=\"550\" data-dnt=\"true\"><p lang=\"es\" dir=\"ltr\">Declaraciones de Checo \ud83c\uddf2\ud83c\uddfd para <a href=\"https:\/\/twitter.com\/hashtag\/F1?src=hash&amp;ref_src=twsrc%5Etfw\">#F1<\/a>:<br><br> <a href=\"https:\/\/t.co\/aeBBT21Edc\">pic.twitter.com\/aeBBT21Edc<\/a><\/p>&mdash; Noticias Cadillac F1 (@CadillacargF1_) <a href=\"https:\/\/twitter.com\/CadillacargF1_\/status\/2032064068341617080?ref_src=twsrc%5Etfw\">March 12, 2026<\/a><\/blockquote><script async src=\"https:\/\/platform.twitter.com\/widgets.js\" charset=\"utf-8\"><\/script>\n<\/div><\/figure>\n\n\n\n<p><strong>El piloto tambi\u00e9n revel\u00f3 que el coche present\u00f3 problemas t\u00e9cnicos durante la competencia<\/strong>, principalmente vibraciones que afectaron su desempe\u00f1o desde el inicio.<\/p>\n\n\n\n<p>\u201cTuvimos muchas vibraciones durante la carrera. Creo que gran parte de nuestro rendimiento se vio afectado por la cantidad de vibraciones que tuve desde la vuelta uno. Todav\u00eda estoy temblando por el fin de semana. Fue en la primera y segunda tanda. En la tanda final mejor\u00f3 un poco, as\u00ed que de momento seguimos analizando qu\u00e9 pas\u00f3 ah\u00ed\u201d, explic\u00f3.<\/p>\n","protected":false},"excerpt":{"rendered":"<p>Por Redacci\u00f3n QP El piloto mexicano conf\u00eda en que el proyecto de su nuevo equipo&#8230;<\/p>\n","protected":false},"author":2,"featured_media":129670,"comment_status":"open","ping_status":"open","sticky":false,"template":"","format":"standard","meta":{"_monsterinsights_skip_tracking":false,"_monsterinsights_sitenote_active":false,"_monsterinsights_sitenote_note":"","_monsterinsights_sitenote_category":0,"footnotes":""},"categories":[54],"tags":[],"class_list":["post-129669","post","type-post","status-publish","format-standard","has-post-thumbnail","hentry","category-deportes"],"yoast_head":"<!-- This site is optimized with the Yoast SEO plugin v27.3 - https:\/\/yoast.com\/product\/yoast-seo-wordpress\/ -->\n<title>Checo P\u00e9rez apunta a los primeros puntos de Cadillac tras debut complicado -<\/title>\n<meta name=\"robots\" content=\"index, follow, max-snippet:-1, max-image-preview:large, max-video-preview:-1\" \/>\n<link rel=\"canonical\" href=\"https:\/\/quehacerpolitico.mx\/?p=129669\" \/>\n<meta property=\"og:locale\" content=\"es_MX\" \/>\n<meta property=\"og:type\" content=\"article\" \/>\n<meta property=\"og:title\" content=\"Checo P\u00e9rez apunta a los primeros puntos de Cadillac tras debut complicado -\" \/>\n<meta property=\"og:description\" content=\"Por Redacci\u00f3n QP El piloto mexicano conf\u00eda en que el proyecto de su nuevo equipo...\" \/>\n<meta property=\"og:url\" content=\"https:\/\/quehacerpolitico.mx\/?p=129669\" \/>\n<meta property=\"article:published_time\" content=\"2026-03-12T23:43:13+00:00\" \/>\n<meta property=\"article:modified_time\" content=\"2026-03-12T23:58:30+00:00\" \/>\n<meta property=\"og:image\" content=\"http:\/\/quehacerpolitico.mx\/wp-content\/uploads\/2026\/03\/IMG_7222.webp\" \/>\n\t<meta property=\"og:image:width\" content=\"1200\" \/>\n\t<meta property=\"og:image:height\" content=\"675\" \/>\n\t<meta property=\"og:image:type\" content=\"image\/webp\" \/>\n<meta name=\"author\" content=\"Redacci\u00f3n QP\" \/>\n<meta name=\"twitter:card\" content=\"summary_large_image\" \/>\n<meta name=\"twitter:label1\" content=\"Escrito por\" \/>\n\t<meta name=\"twitter:data1\" content=\"Redacci\u00f3n QP\" \/>\n\t<meta name=\"twitter:label2\" content=\"Tiempo de lectura\" \/>\n\t<meta name=\"twitter:data2\" content=\"3 minutos\" \/>\n<script type=\"application\/ld+json\" class=\"yoast-schema-graph\">{\"@context\":\"https:\\\/\\\/schema.org\",\"@graph\":[{\"@type\":\"Article\",\"@id\":\"https:\\\/\\\/quehacerpolitico.mx\\\/?p=129669#article\",\"isPartOf\":{\"@id\":\"https:\\\/\\\/quehacerpolitico.mx\\\/?p=129669\"},\"author\":{\"name\":\"Redacci\u00f3n QP\",\"@id\":\"https:\\\/\\\/quehacerpolitico.mx\\\/#\\\/schema\\\/person\\\/496d8ad2d1d3f8036101dca7ee39e585\"},\"headline\":\"Checo P\u00e9rez apunta a los primeros puntos de Cadillac tras debut complicado\",\"datePublished\":\"2026-03-12T23:43:13+00:00\",\"dateModified\":\"2026-03-12T23:58:30+00:00\",\"mainEntityOfPage\":{\"@id\":\"https:\\\/\\\/quehacerpolitico.mx\\\/?p=129669\"},\"wordCount\":377,\"commentCount\":0,\"image\":{\"@id\":\"https:\\\/\\\/quehacerpolitico.mx\\\/?p=129669#primaryimage\"},\"thumbnailUrl\":\"https:\\\/\\\/quehacerpolitico.mx\\\/wp-content\\\/uploads\\\/2026\\\/03\\\/IMG_7222.webp\",\"articleSection\":[\"Deportes\"],\"inLanguage\":\"es\",\"potentialAction\":[{\"@type\":\"CommentAction\",\"name\":\"Comment\",\"target\":[\"https:\\\/\\\/quehacerpolitico.mx\\\/?p=129669#respond\"]}]},{\"@type\":\"WebPage\",\"@id\":\"https:\\\/\\\/quehacerpolitico.mx\\\/?p=129669\",\"url\":\"https:\\\/\\\/quehacerpolitico.mx\\\/?p=129669\",\"name\":\"Checo P\u00e9rez apunta a los primeros puntos de Cadillac tras debut complicado -\",\"isPartOf\":{\"@id\":\"https:\\\/\\\/quehacerpolitico.mx\\\/#website\"},\"primaryImageOfPage\":{\"@id\":\"https:\\\/\\\/quehacerpolitico.mx\\\/?p=129669#primaryimage\"},\"image\":{\"@id\":\"https:\\\/\\\/quehacerpolitico.mx\\\/?p=129669#primaryimage\"},\"thumbnailUrl\":\"https:\\\/\\\/quehacerpolitico.mx\\\/wp-content\\\/uploads\\\/2026\\\/03\\\/IMG_7222.webp\",\"datePublished\":\"2026-03-12T23:43:13+00:00\",\"dateModified\":\"2026-03-12T23:58:30+00:00\",\"author\":{\"@id\":\"https:\\\/\\\/quehacerpolitico.mx\\\/#\\\/schema\\\/person\\\/496d8ad2d1d3f8036101dca7ee39e585\"},\"breadcrumb\":{\"@id\":\"https:\\\/\\\/quehacerpolitico.mx\\\/?p=129669#breadcrumb\"},\"inLanguage\":\"es\",\"potentialAction\":[{\"@type\":\"ReadAction\",\"target\":[\"https:\\\/\\\/quehacerpolitico.mx\\\/?p=129669\"]}]},{\"@type\":\"ImageObject\",\"inLanguage\":\"es\",\"@id\":\"https:\\\/\\\/quehacerpolitico.mx\\\/?p=129669#primaryimage\",\"url\":\"https:\\\/\\\/quehacerpolitico.mx\\\/wp-content\\\/uploads\\\/2026\\\/03\\\/IMG_7222.webp\",\"contentUrl\":\"https:\\\/\\\/quehacerpolitico.mx\\\/wp-content\\\/uploads\\\/2026\\\/03\\\/IMG_7222.webp\",\"width\":1200,\"height\":675},{\"@type\":\"BreadcrumbList\",\"@id\":\"https:\\\/\\\/quehacerpolitico.mx\\\/?p=129669#breadcrumb\",\"itemListElement\":[{\"@type\":\"ListItem\",\"position\":1,\"name\":\"Inicio\",\"item\":\"https:\\\/\\\/quehacerpolitico.mx\\\/\"},{\"@type\":\"ListItem\",\"position\":2,\"name\":\"Checo P\u00e9rez apunta a los primeros puntos de Cadillac tras debut complicado\"}]},{\"@type\":\"WebSite\",\"@id\":\"https:\\\/\\\/quehacerpolitico.mx\\\/#website\",\"url\":\"https:\\\/\\\/quehacerpolitico.mx\\\/\",\"name\":\"\",\"description\":\"\",\"potentialAction\":[{\"@type\":\"SearchAction\",\"target\":{\"@type\":\"EntryPoint\",\"urlTemplate\":\"https:\\\/\\\/quehacerpolitico.mx\\\/?s={search_term_string}\"},\"query-input\":{\"@type\":\"PropertyValueSpecification\",\"valueRequired\":true,\"valueName\":\"search_term_string\"}}],\"inLanguage\":\"es\"},{\"@type\":\"Person\",\"@id\":\"https:\\\/\\\/quehacerpolitico.mx\\\/#\\\/schema\\\/person\\\/496d8ad2d1d3f8036101dca7ee39e585\",\"name\":\"Redacci\u00f3n QP\",\"image\":{\"@type\":\"ImageObject\",\"inLanguage\":\"es\",\"@id\":\"https:\\\/\\\/secure.gravatar.com\\\/avatar\\\/c7164ed6fdec453195284ad24a5ae5b6e1eed2b848477fa2a4787ba9adf39a41?s=96&d=mm&r=g\",\"url\":\"https:\\\/\\\/secure.gravatar.com\\\/avatar\\\/c7164ed6fdec453195284ad24a5ae5b6e1eed2b848477fa2a4787ba9adf39a41?s=96&d=mm&r=g\",\"contentUrl\":\"https:\\\/\\\/secure.gravatar.com\\\/avatar\\\/c7164ed6fdec453195284ad24a5ae5b6e1eed2b848477fa2a4787ba9adf39a41?s=96&d=mm&r=g\",\"caption\":\"Redacci\u00f3n QP\"},\"url\":\"https:\\\/\\\/quehacerpolitico.mx\\\/?author=2\"}]}<\/script>\n<!-- \/ Yoast SEO plugin. -->","yoast_head_json":{"title":"Checo P\u00e9rez apunta a los primeros puntos de Cadillac tras debut complicado -","robots":{"index":"index","follow":"follow","max-snippet":"max-snippet:-1","max-image-preview":"max-image-preview:large","max-video-preview":"max-video-preview:-1"},"canonical":"https:\/\/quehacerpolitico.mx\/?p=129669","og_locale":"es_MX","og_type":"article","og_title":"Checo P\u00e9rez apunta a los primeros puntos de Cadillac tras debut complicado -","og_description":"Por Redacci\u00f3n QP El piloto mexicano conf\u00eda en que el proyecto de su nuevo equipo...","og_url":"https:\/\/quehacerpolitico.mx\/?p=129669","article_published_time":"2026-03-12T23:43:13+00:00","article_modified_time":"2026-03-12T23:58:30+00:00","og_image":[{"width":1200,"height":675,"url":"http:\/\/quehacerpolitico.mx\/wp-content\/uploads\/2026\/03\/IMG_7222.webp","type":"image\/webp"}],"author":"Redacci\u00f3n QP","twitter_card":"summary_large_image","twitter_misc":{"Escrito por":"Redacci\u00f3n QP","Tiempo de lectura":"3 minutos"},"schema":{"@context":"https:\/\/schema.org","@graph":[{"@type":"Article","@id":"https:\/\/quehacerpolitico.mx\/?p=129669#article","isPartOf":{"@id":"https:\/\/quehacerpolitico.mx\/?p=129669"},"author":{"name":"Redacci\u00f3n QP","@id":"https:\/\/quehacerpolitico.mx\/#\/schema\/person\/496d8ad2d1d3f8036101dca7ee39e585"},"headline":"Checo P\u00e9rez apunta a los primeros puntos de Cadillac tras debut complicado","datePublished":"2026-03-12T23:43:13+00:00","dateModified":"2026-03-12T23:58:30+00:00","mainEntityOfPage":{"@id":"https:\/\/quehacerpolitico.mx\/?p=129669"},"wordCount":377,"commentCount":0,"image":{"@id":"https:\/\/quehacerpolitico.mx\/?p=129669#primaryimage"},"thumbnailUrl":"https:\/\/quehacerpolitico.mx\/wp-content\/uploads\/2026\/03\/IMG_7222.webp","articleSection":["Deportes"],"inLanguage":"es","potentialAction":[{"@type":"CommentAction","name":"Comment","target":["https:\/\/quehacerpolitico.mx\/?p=129669#respond"]}]},{"@type":"WebPage","@id":"https:\/\/quehacerpolitico.mx\/?p=129669","url":"https:\/\/quehacerpolitico.mx\/?p=129669","name":"Checo P\u00e9rez apunta a los primeros puntos de Cadillac tras debut complicado -","isPartOf":{"@id":"https:\/\/quehacerpolitico.mx\/#website"},"primaryImageOfPage":{"@id":"https:\/\/quehacerpolitico.mx\/?p=129669#primaryimage"},"image":{"@id":"https:\/\/quehacerpolitico.mx\/?p=129669#primaryimage"},"thumbnailUrl":"https:\/\/quehacerpolitico.mx\/wp-content\/uploads\/2026\/03\/IMG_7222.webp","datePublished":"2026-03-12T23:43:13+00:00","dateModified":"2026-03-12T23:58:30+00:00","author":{"@id":"https:\/\/quehacerpolitico.mx\/#\/schema\/person\/496d8ad2d1d3f8036101dca7ee39e585"},"breadcrumb":{"@id":"https:\/\/quehacerpolitico.mx\/?p=129669#breadcrumb"},"inLanguage":"es","potentialAction":[{"@type":"ReadAction","target":["https:\/\/quehacerpolitico.mx\/?p=129669"]}]},{"@type":"ImageObject","inLanguage":"es","@id":"https:\/\/quehacerpolitico.mx\/?p=129669#primaryimage","url":"https:\/\/quehacerpolitico.mx\/wp-content\/uploads\/2026\/03\/IMG_7222.webp","contentUrl":"https:\/\/quehacerpolitico.mx\/wp-content\/uploads\/2026\/03\/IMG_7222.webp","width":1200,"height":675},{"@type":"BreadcrumbList","@id":"https:\/\/quehacerpolitico.mx\/?p=129669#breadcrumb","itemListElement":[{"@type":"ListItem","position":1,"name":"Inicio","item":"https:\/\/quehacerpolitico.mx\/"},{"@type":"ListItem","position":2,"name":"Checo P\u00e9rez apunta a los primeros puntos de Cadillac tras debut complicado"}]},{"@type":"WebSite","@id":"https:\/\/quehacerpolitico.mx\/#website","url":"https:\/\/quehacerpolitico.mx\/","name":"","description":"","potentialAction":[{"@type":"SearchAction","target":{"@type":"EntryPoint","urlTemplate":"https:\/\/quehacerpolitico.mx\/?s={search_term_string}"},"query-input":{"@type":"PropertyValueSpecification","valueRequired":true,"valueName":"search_term_string"}}],"inLanguage":"es"},{"@type":"Person","@id":"https:\/\/quehacerpolitico.mx\/#\/schema\/person\/496d8ad2d1d3f8036101dca7ee39e585","name":"Redacci\u00f3n QP","image":{"@type":"ImageObject","inLanguage":"es","@id":"https:\/\/secure.gravatar.com\/avatar\/c7164ed6fdec453195284ad24a5ae5b6e1eed2b848477fa2a4787ba9adf39a41?s=96&d=mm&r=g","url":"https:\/\/secure.gravatar.com\/avatar\/c7164ed6fdec453195284ad24a5ae5b6e1eed2b848477fa2a4787ba9adf39a41?s=96&d=mm&r=g","contentUrl":"https:\/\/secure.gravatar.com\/avatar\/c7164ed6fdec453195284ad24a5ae5b6e1eed2b848477fa2a4787ba9adf39a41?s=96&d=mm&r=g","caption":"Redacci\u00f3n QP"},"url":"https:\/\/quehacerpolitico.mx\/?author=2"}]}},"featured_image_urls":{"full":["https:\/\/quehacerpolitico.mx\/wp-content\/uploads\/2026\/03\/IMG_7222.webp",1200,675,false],"thumbnail":["https:\/\/quehacerpolitico.mx\/wp-content\/uploads\/2026\/03\/IMG_7222-150x150.webp",150,150,true],"medium":["https:\/\/quehacerpolitico.mx\/wp-content\/uploads\/2026\/03\/IMG_7222-300x169.webp",300,169,true],"medium_large":["https:\/\/quehacerpolitico.mx\/wp-content\/uploads\/2026\/03\/IMG_7222-768x432.webp",640,360,true],"large":["https:\/\/quehacerpolitico.mx\/wp-content\/uploads\/2026\/03\/IMG_7222-1024x576.webp",640,360,true],"1536x1536":["https:\/\/quehacerpolitico.mx\/wp-content\/uploads\/2026\/03\/IMG_7222.webp",1200,675,false],"2048x2048":["https:\/\/quehacerpolitico.mx\/wp-content\/uploads\/2026\/03\/IMG_7222.webp",1200,675,false],"covernews-featured":["https:\/\/quehacerpolitico.mx\/wp-content\/uploads\/2026\/03\/IMG_7222-1024x576.webp",1024,576,true],"covernews-medium":["https:\/\/quehacerpolitico.mx\/wp-content\/uploads\/2026\/03\/IMG_7222-540x340.webp",540,340,true]},"author_info":{"display_name":"Redacci\u00f3n QP","author_link":"https:\/\/quehacerpolitico.mx\/?author=2"},"category_info":"<a href=\"https:\/\/quehacerpolitico.mx\/?cat=54\" rel=\"category\">Deportes<\/a>","tag_info":"Deportes","comment_count":"0","_links":{"self":[{"href":"https:\/\/quehacerpolitico.mx\/index.php?rest_route=\/wp\/v2\/posts\/129669","targetHints":{"allow":["GET"]}}],"collection":[{"href":"https:\/\/quehacerpolitico.mx\/index.php?rest_route=\/wp\/v2\/posts"}],"about":[{"href":"https:\/\/quehacerpolitico.mx\/index.php?rest_route=\/wp\/v2\/types\/post"}],"author":[{"embeddable":true,"href":"https:\/\/quehacerpolitico.mx\/index.php?rest_route=\/wp\/v2\/users\/2"}],"replies":[{"embeddable":true,"href":"https:\/\/quehacerpolitico.mx\/index.php?rest_route=%2Fwp%2Fv2%2Fcomments&post=129669"}],"version-history":[{"count":2,"href":"https:\/\/quehacerpolitico.mx\/index.php?rest_route=\/wp\/v2\/posts\/129669\/revisions"}],"predecessor-version":[{"id":129676,"href":"https:\/\/quehacerpolitico.mx\/index.php?rest_route=\/wp\/v2\/posts\/129669\/revisions\/129676"}],"wp:featuredmedia":[{"embeddable":true,"href":"https:\/\/quehacerpolitico.mx\/index.php?rest_route=\/wp\/v2\/media\/129670"}],"wp:attachment":[{"href":"https:\/\/quehacerpolitico.mx\/index.php?rest_route=%2Fwp%2Fv2%2Fmedia&parent=129669"}],"wp:term":[{"taxonomy":"category","embeddable":true,"href":"https:\/\/quehacerpolitico.mx\/index.php?rest_route=%2Fwp%2Fv2%2Fcategories&post=129669"},{"taxonomy":"post_tag","embeddable":true,"href":"https:\/\/quehacerpolitico.mx\/index.php?rest_route=%2Fwp%2Fv2%2Ftags&post=129669"}],"curies":[{"name":"wp","href":"https:\/\/api.w.org\/{rel}","templated":true}]}}