{"id":129666,"date":"2026-03-12T16:56:56","date_gmt":"2026-03-12T22:56:56","guid":{"rendered":"https:\/\/quehacerpolitico.mx\/?p=129666"},"modified":"2026-03-12T16:57:00","modified_gmt":"2026-03-12T22:57:00","slug":"oribe-peralta-se-opone-a-convocatoria-de-alvaro-fidalgo-a-la-seleccion-mexicana-por-ser-naturalizado-lo-insultan-en-redes","status":"publish","type":"post","link":"https:\/\/quehacerpolitico.mx\/?p=129666","title":{"rendered":"Oribe Peralta se opone a convocatoria de \u00c1lvaro Fidalgo a la Selecci\u00f3n Mexicana por ser naturalizado: lo insultan en redes"},"content":{"rendered":"\n<p>Por Redacci\u00f3n QP<\/p>\n\n\n\n<p>Para el hist\u00f3rico futbolista mexicano, en mediacancha hay opciones de sobre para que Javier Aguirre elija sin recurrir al jugador del Betis.<\/p>\n\n\n\n<p>El exfutbolista&nbsp;<strong>Oribe Peralta<\/strong>&nbsp;desat\u00f3 pol\u00e9mica al manifestarse abiertamente&nbsp;<strong>en contra<\/strong>&nbsp;de que el&nbsp;<strong>mediocampista espa\u00f1ol naturalizado mexicano<\/strong>,&nbsp;<strong>\u00c1lvaro Fidalgo<\/strong>, sea llamado a la&nbsp;<strong>Selecci\u00f3n Nacional&nbsp;<\/strong>a unos meses del Mundial 2026.<\/p>\n\n\n\n<p>A juicio del exdelantero que gan\u00f3 la&nbsp;<strong>medalla de oro en los Juegos Ol\u00edmpicos de Londres 2012&nbsp;<\/strong>con el Tricolor, la posici\u00f3n en la que se desempe\u00f1a el hoy jugador del Betis est\u00e1 bien cubierta y Javier Aguirre tiene m\u00faltiples opciones para elegir.<\/p>\n\n\n\n<p>\u201c<strong>\u00c1lvaro es un gran jugador<\/strong>&nbsp;y todos los que est\u00e9n a gran nivel van a ser convocados\u2026 para m\u00ed en lo particular s<strong>i tienes a un naturalizado que pueda marcar diferencia abismal es justo que le quites el lugar a uno de ac\u00e1<\/strong>.<\/p>\n\n\n\n<p>\u201cAl final creo que en mediacancha tienes a<strong>&nbsp;Obed (Vargas)&nbsp;<\/strong>que est\u00e1 jugando en el Atl\u00e9tico (de Madrid), tienes a<strong>&nbsp;Gil Mora&nbsp;<\/strong>que s\u00e9 que est\u00e1 lesionado pero va a llegar bien al Mundial, tienes a los dos de Cruz Azul (<strong>Erik Lira y Carlos Rodr\u00edguez<\/strong>), entiendo que a Charly no le ha ido muy bien en Selecci\u00f3n, pero est\u00e1 jugando muy bien\u2026<\/p>\n\n\n\n<p>\u201cTambi\u00e9n tienes a<strong>&nbsp;Edson (\u00c1lvarez)&nbsp;<\/strong>que espero que llegue, tienes a&nbsp;<strong>Marcel (Ruiz),&nbsp;<\/strong>hay muchos jugadores en esa posici\u00f3n\u2026 Si \u00c1lvaro va ser\u00e1 de gran apoyo, pero&nbsp;<strong>si no va tampoco es que nos quedemos sin jugadores<\/strong>\u201d, dijo Peralta.<\/p>\n\n\n\n<p>Las declaraciones del hist\u00f3rico futbolista azteca desataron&nbsp;<strong>pol\u00e9mica<\/strong>&nbsp;y hasta provocaron que fuera&nbsp;<strong>insultado<\/strong>en redes sociales por su postura.<\/p>\n\n\n\n<p>\u201c\u00bfSigues, hijo de tu p&#8230; madre?\u201d, le escribi\u00f3 una usuaria que encontr\u00f3 respuesta del exfutbolista, pese al insulto.<\/p>\n\n\n\n<p>\u201c<strong>Se\u00f1orita, es s\u00f3lo mi opini\u00f3n&nbsp;<\/strong>y usted est\u00e1 en todo su derecho de estar de acuerdo con ella o no.&nbsp;Al final, yo no soy el director t\u00e9cnico de la selecci\u00f3n\u201d, contest\u00f3 Oribe.&nbsp;<\/p>\n\n\n\n<p>Otro seguidor le se\u00f1al\u00f3: \u201cEn una de esas hasta Fidalgo va a meter el gol del pase a 4tos de final y se va a quedar con el ojo cuadrado ese we (sic)\u201d&#8230;&nbsp;<\/p>\n\n\n\n<p>Peralta tambi\u00e9n le respondi\u00f3: \u201c<strong>Lo festejar\u00e9.&nbsp;Porque no es el jugador, es la selecci\u00f3n Nacional y deseo que llegue lo m\u00e1s lejos posible<\/strong>\u201d.&nbsp;<\/p>\n\n\n\n<p>En medio de la controversia,&nbsp;<strong>es un hecho que Fidalgo ser\u00e1 convocado para la pr\u00f3xima Fecha FIFA&nbsp;<\/strong>en la que M\u00e9xico se enfrentar\u00e1 el 28 de marzo a Portugal en la reapertura del Estadio Azteca, y el 31 a B\u00e9lgica en Estados Unidos.<\/p>\n","protected":false},"excerpt":{"rendered":"<p>Por Redacci\u00f3n QP Para el hist\u00f3rico futbolista mexicano, en mediacancha hay opciones de sobre para&#8230;<\/p>\n","protected":false},"author":2,"featured_media":129667,"comment_status":"open","ping_status":"open","sticky":false,"template":"","format":"standard","meta":{"_monsterinsights_skip_tracking":false,"_monsterinsights_sitenote_active":false,"_monsterinsights_sitenote_note":"","_monsterinsights_sitenote_category":0,"footnotes":""},"categories":[54],"tags":[],"class_list":["post-129666","post","type-post","status-publish","format-standard","has-post-thumbnail","hentry","category-deportes"],"yoast_head":"<!-- This site is optimized with the Yoast SEO plugin v27.3 - https:\/\/yoast.com\/product\/yoast-seo-wordpress\/ -->\n<title>Oribe Peralta se opone a convocatoria de \u00c1lvaro Fidalgo a la Selecci\u00f3n Mexicana por ser naturalizado: lo insultan en redes -<\/title>\n<meta name=\"robots\" content=\"index, follow, max-snippet:-1, max-image-preview:large, max-video-preview:-1\" \/>\n<link rel=\"canonical\" href=\"https:\/\/quehacerpolitico.mx\/?p=129666\" \/>\n<meta property=\"og:locale\" content=\"es_MX\" \/>\n<meta property=\"og:type\" content=\"article\" \/>\n<meta property=\"og:title\" content=\"Oribe Peralta se opone a convocatoria de \u00c1lvaro Fidalgo a la Selecci\u00f3n Mexicana por ser naturalizado: lo insultan en redes -\" \/>\n<meta property=\"og:description\" content=\"Por Redacci\u00f3n QP Para el hist\u00f3rico futbolista mexicano, en mediacancha hay opciones de sobre para...\" \/>\n<meta property=\"og:url\" content=\"https:\/\/quehacerpolitico.mx\/?p=129666\" \/>\n<meta property=\"article:published_time\" content=\"2026-03-12T22:56:56+00:00\" \/>\n<meta property=\"article:modified_time\" content=\"2026-03-12T22:57:00+00:00\" \/>\n<meta property=\"og:image\" content=\"http:\/\/quehacerpolitico.mx\/wp-content\/uploads\/2026\/03\/IMG_7221.jpeg\" \/>\n\t<meta property=\"og:image:width\" content=\"1081\" \/>\n\t<meta property=\"og:image:height\" content=\"666\" \/>\n\t<meta property=\"og:image:type\" content=\"image\/jpeg\" \/>\n<meta name=\"author\" content=\"Redacci\u00f3n QP\" \/>\n<meta name=\"twitter:card\" content=\"summary_large_image\" \/>\n<meta name=\"twitter:label1\" content=\"Escrito por\" \/>\n\t<meta name=\"twitter:data1\" content=\"Redacci\u00f3n QP\" \/>\n\t<meta name=\"twitter:label2\" content=\"Tiempo de lectura\" \/>\n\t<meta name=\"twitter:data2\" content=\"3 minutos\" \/>\n<script type=\"application\/ld+json\" class=\"yoast-schema-graph\">{\"@context\":\"https:\\\/\\\/schema.org\",\"@graph\":[{\"@type\":\"Article\",\"@id\":\"https:\\\/\\\/quehacerpolitico.mx\\\/?p=129666#article\",\"isPartOf\":{\"@id\":\"https:\\\/\\\/quehacerpolitico.mx\\\/?p=129666\"},\"author\":{\"name\":\"Redacci\u00f3n QP\",\"@id\":\"https:\\\/\\\/quehacerpolitico.mx\\\/#\\\/schema\\\/person\\\/496d8ad2d1d3f8036101dca7ee39e585\"},\"headline\":\"Oribe Peralta se opone a convocatoria de \u00c1lvaro Fidalgo a la Selecci\u00f3n Mexicana por ser naturalizado: lo insultan en redes\",\"datePublished\":\"2026-03-12T22:56:56+00:00\",\"dateModified\":\"2026-03-12T22:57:00+00:00\",\"mainEntityOfPage\":{\"@id\":\"https:\\\/\\\/quehacerpolitico.mx\\\/?p=129666\"},\"wordCount\":491,\"commentCount\":0,\"image\":{\"@id\":\"https:\\\/\\\/quehacerpolitico.mx\\\/?p=129666#primaryimage\"},\"thumbnailUrl\":\"https:\\\/\\\/quehacerpolitico.mx\\\/wp-content\\\/uploads\\\/2026\\\/03\\\/IMG_7221.jpeg\",\"articleSection\":[\"Deportes\"],\"inLanguage\":\"es\",\"potentialAction\":[{\"@type\":\"CommentAction\",\"name\":\"Comment\",\"target\":[\"https:\\\/\\\/quehacerpolitico.mx\\\/?p=129666#respond\"]}]},{\"@type\":\"WebPage\",\"@id\":\"https:\\\/\\\/quehacerpolitico.mx\\\/?p=129666\",\"url\":\"https:\\\/\\\/quehacerpolitico.mx\\\/?p=129666\",\"name\":\"Oribe Peralta se opone a convocatoria de \u00c1lvaro Fidalgo a la Selecci\u00f3n Mexicana por ser naturalizado: lo insultan en redes -\",\"isPartOf\":{\"@id\":\"https:\\\/\\\/quehacerpolitico.mx\\\/#website\"},\"primaryImageOfPage\":{\"@id\":\"https:\\\/\\\/quehacerpolitico.mx\\\/?p=129666#primaryimage\"},\"image\":{\"@id\":\"https:\\\/\\\/quehacerpolitico.mx\\\/?p=129666#primaryimage\"},\"thumbnailUrl\":\"https:\\\/\\\/quehacerpolitico.mx\\\/wp-content\\\/uploads\\\/2026\\\/03\\\/IMG_7221.jpeg\",\"datePublished\":\"2026-03-12T22:56:56+00:00\",\"dateModified\":\"2026-03-12T22:57:00+00:00\",\"author\":{\"@id\":\"https:\\\/\\\/quehacerpolitico.mx\\\/#\\\/schema\\\/person\\\/496d8ad2d1d3f8036101dca7ee39e585\"},\"breadcrumb\":{\"@id\":\"https:\\\/\\\/quehacerpolitico.mx\\\/?p=129666#breadcrumb\"},\"inLanguage\":\"es\",\"potentialAction\":[{\"@type\":\"ReadAction\",\"target\":[\"https:\\\/\\\/quehacerpolitico.mx\\\/?p=129666\"]}]},{\"@type\":\"ImageObject\",\"inLanguage\":\"es\",\"@id\":\"https:\\\/\\\/quehacerpolitico.mx\\\/?p=129666#primaryimage\",\"url\":\"https:\\\/\\\/quehacerpolitico.mx\\\/wp-content\\\/uploads\\\/2026\\\/03\\\/IMG_7221.jpeg\",\"contentUrl\":\"https:\\\/\\\/quehacerpolitico.mx\\\/wp-content\\\/uploads\\\/2026\\\/03\\\/IMG_7221.jpeg\",\"width\":1081,\"height\":666},{\"@type\":\"BreadcrumbList\",\"@id\":\"https:\\\/\\\/quehacerpolitico.mx\\\/?p=129666#breadcrumb\",\"itemListElement\":[{\"@type\":\"ListItem\",\"position\":1,\"name\":\"Inicio\",\"item\":\"https:\\\/\\\/quehacerpolitico.mx\\\/\"},{\"@type\":\"ListItem\",\"position\":2,\"name\":\"Oribe Peralta se opone a convocatoria de \u00c1lvaro Fidalgo a la Selecci\u00f3n Mexicana por ser naturalizado: lo insultan en redes\"}]},{\"@type\":\"WebSite\",\"@id\":\"https:\\\/\\\/quehacerpolitico.mx\\\/#website\",\"url\":\"https:\\\/\\\/quehacerpolitico.mx\\\/\",\"name\":\"\",\"description\":\"\",\"potentialAction\":[{\"@type\":\"SearchAction\",\"target\":{\"@type\":\"EntryPoint\",\"urlTemplate\":\"https:\\\/\\\/quehacerpolitico.mx\\\/?s={search_term_string}\"},\"query-input\":{\"@type\":\"PropertyValueSpecification\",\"valueRequired\":true,\"valueName\":\"search_term_string\"}}],\"inLanguage\":\"es\"},{\"@type\":\"Person\",\"@id\":\"https:\\\/\\\/quehacerpolitico.mx\\\/#\\\/schema\\\/person\\\/496d8ad2d1d3f8036101dca7ee39e585\",\"name\":\"Redacci\u00f3n QP\",\"image\":{\"@type\":\"ImageObject\",\"inLanguage\":\"es\",\"@id\":\"https:\\\/\\\/secure.gravatar.com\\\/avatar\\\/c7164ed6fdec453195284ad24a5ae5b6e1eed2b848477fa2a4787ba9adf39a41?s=96&d=mm&r=g\",\"url\":\"https:\\\/\\\/secure.gravatar.com\\\/avatar\\\/c7164ed6fdec453195284ad24a5ae5b6e1eed2b848477fa2a4787ba9adf39a41?s=96&d=mm&r=g\",\"contentUrl\":\"https:\\\/\\\/secure.gravatar.com\\\/avatar\\\/c7164ed6fdec453195284ad24a5ae5b6e1eed2b848477fa2a4787ba9adf39a41?s=96&d=mm&r=g\",\"caption\":\"Redacci\u00f3n QP\"},\"url\":\"https:\\\/\\\/quehacerpolitico.mx\\\/?author=2\"}]}<\/script>\n<!-- \/ Yoast SEO plugin. -->","yoast_head_json":{"title":"Oribe Peralta se opone a convocatoria de \u00c1lvaro Fidalgo a la Selecci\u00f3n Mexicana por ser naturalizado: lo insultan en redes -","robots":{"index":"index","follow":"follow","max-snippet":"max-snippet:-1","max-image-preview":"max-image-preview:large","max-video-preview":"max-video-preview:-1"},"canonical":"https:\/\/quehacerpolitico.mx\/?p=129666","og_locale":"es_MX","og_type":"article","og_title":"Oribe Peralta se opone a convocatoria de \u00c1lvaro Fidalgo a la Selecci\u00f3n Mexicana por ser naturalizado: lo insultan en redes -","og_description":"Por Redacci\u00f3n QP Para el hist\u00f3rico futbolista mexicano, en mediacancha hay opciones de sobre para...","og_url":"https:\/\/quehacerpolitico.mx\/?p=129666","article_published_time":"2026-03-12T22:56:56+00:00","article_modified_time":"2026-03-12T22:57:00+00:00","og_image":[{"width":1081,"height":666,"url":"http:\/\/quehacerpolitico.mx\/wp-content\/uploads\/2026\/03\/IMG_7221.jpeg","type":"image\/jpeg"}],"author":"Redacci\u00f3n QP","twitter_card":"summary_large_image","twitter_misc":{"Escrito por":"Redacci\u00f3n QP","Tiempo de lectura":"3 minutos"},"schema":{"@context":"https:\/\/schema.org","@graph":[{"@type":"Article","@id":"https:\/\/quehacerpolitico.mx\/?p=129666#article","isPartOf":{"@id":"https:\/\/quehacerpolitico.mx\/?p=129666"},"author":{"name":"Redacci\u00f3n QP","@id":"https:\/\/quehacerpolitico.mx\/#\/schema\/person\/496d8ad2d1d3f8036101dca7ee39e585"},"headline":"Oribe Peralta se opone a convocatoria de \u00c1lvaro Fidalgo a la Selecci\u00f3n Mexicana por ser naturalizado: lo insultan en redes","datePublished":"2026-03-12T22:56:56+00:00","dateModified":"2026-03-12T22:57:00+00:00","mainEntityOfPage":{"@id":"https:\/\/quehacerpolitico.mx\/?p=129666"},"wordCount":491,"commentCount":0,"image":{"@id":"https:\/\/quehacerpolitico.mx\/?p=129666#primaryimage"},"thumbnailUrl":"https:\/\/quehacerpolitico.mx\/wp-content\/uploads\/2026\/03\/IMG_7221.jpeg","articleSection":["Deportes"],"inLanguage":"es","potentialAction":[{"@type":"CommentAction","name":"Comment","target":["https:\/\/quehacerpolitico.mx\/?p=129666#respond"]}]},{"@type":"WebPage","@id":"https:\/\/quehacerpolitico.mx\/?p=129666","url":"https:\/\/quehacerpolitico.mx\/?p=129666","name":"Oribe Peralta se opone a convocatoria de \u00c1lvaro Fidalgo a la Selecci\u00f3n Mexicana por ser naturalizado: lo insultan en redes -","isPartOf":{"@id":"https:\/\/quehacerpolitico.mx\/#website"},"primaryImageOfPage":{"@id":"https:\/\/quehacerpolitico.mx\/?p=129666#primaryimage"},"image":{"@id":"https:\/\/quehacerpolitico.mx\/?p=129666#primaryimage"},"thumbnailUrl":"https:\/\/quehacerpolitico.mx\/wp-content\/uploads\/2026\/03\/IMG_7221.jpeg","datePublished":"2026-03-12T22:56:56+00:00","dateModified":"2026-03-12T22:57:00+00:00","author":{"@id":"https:\/\/quehacerpolitico.mx\/#\/schema\/person\/496d8ad2d1d3f8036101dca7ee39e585"},"breadcrumb":{"@id":"https:\/\/quehacerpolitico.mx\/?p=129666#breadcrumb"},"inLanguage":"es","potentialAction":[{"@type":"ReadAction","target":["https:\/\/quehacerpolitico.mx\/?p=129666"]}]},{"@type":"ImageObject","inLanguage":"es","@id":"https:\/\/quehacerpolitico.mx\/?p=129666#primaryimage","url":"https:\/\/quehacerpolitico.mx\/wp-content\/uploads\/2026\/03\/IMG_7221.jpeg","contentUrl":"https:\/\/quehacerpolitico.mx\/wp-content\/uploads\/2026\/03\/IMG_7221.jpeg","width":1081,"height":666},{"@type":"BreadcrumbList","@id":"https:\/\/quehacerpolitico.mx\/?p=129666#breadcrumb","itemListElement":[{"@type":"ListItem","position":1,"name":"Inicio","item":"https:\/\/quehacerpolitico.mx\/"},{"@type":"ListItem","position":2,"name":"Oribe Peralta se opone a convocatoria de \u00c1lvaro Fidalgo a la Selecci\u00f3n Mexicana por ser naturalizado: lo insultan en redes"}]},{"@type":"WebSite","@id":"https:\/\/quehacerpolitico.mx\/#website","url":"https:\/\/quehacerpolitico.mx\/","name":"","description":"","potentialAction":[{"@type":"SearchAction","target":{"@type":"EntryPoint","urlTemplate":"https:\/\/quehacerpolitico.mx\/?s={search_term_string}"},"query-input":{"@type":"PropertyValueSpecification","valueRequired":true,"valueName":"search_term_string"}}],"inLanguage":"es"},{"@type":"Person","@id":"https:\/\/quehacerpolitico.mx\/#\/schema\/person\/496d8ad2d1d3f8036101dca7ee39e585","name":"Redacci\u00f3n QP","image":{"@type":"ImageObject","inLanguage":"es","@id":"https:\/\/secure.gravatar.com\/avatar\/c7164ed6fdec453195284ad24a5ae5b6e1eed2b848477fa2a4787ba9adf39a41?s=96&d=mm&r=g","url":"https:\/\/secure.gravatar.com\/avatar\/c7164ed6fdec453195284ad24a5ae5b6e1eed2b848477fa2a4787ba9adf39a41?s=96&d=mm&r=g","contentUrl":"https:\/\/secure.gravatar.com\/avatar\/c7164ed6fdec453195284ad24a5ae5b6e1eed2b848477fa2a4787ba9adf39a41?s=96&d=mm&r=g","caption":"Redacci\u00f3n QP"},"url":"https:\/\/quehacerpolitico.mx\/?author=2"}]}},"featured_image_urls":{"full":["https:\/\/quehacerpolitico.mx\/wp-content\/uploads\/2026\/03\/IMG_7221.jpeg",1081,666,false],"thumbnail":["https:\/\/quehacerpolitico.mx\/wp-content\/uploads\/2026\/03\/IMG_7221-150x150.jpeg",150,150,true],"medium":["https:\/\/quehacerpolitico.mx\/wp-content\/uploads\/2026\/03\/IMG_7221-300x185.jpeg",300,185,true],"medium_large":["https:\/\/quehacerpolitico.mx\/wp-content\/uploads\/2026\/03\/IMG_7221-768x473.jpeg",640,394,true],"large":["https:\/\/quehacerpolitico.mx\/wp-content\/uploads\/2026\/03\/IMG_7221-1024x631.jpeg",640,394,true],"1536x1536":["https:\/\/quehacerpolitico.mx\/wp-content\/uploads\/2026\/03\/IMG_7221.jpeg",1081,666,false],"2048x2048":["https:\/\/quehacerpolitico.mx\/wp-content\/uploads\/2026\/03\/IMG_7221.jpeg",1081,666,false],"covernews-featured":["https:\/\/quehacerpolitico.mx\/wp-content\/uploads\/2026\/03\/IMG_7221-1024x631.jpeg",1024,631,true],"covernews-medium":["https:\/\/quehacerpolitico.mx\/wp-content\/uploads\/2026\/03\/IMG_7221-540x340.jpeg",540,340,true]},"author_info":{"display_name":"Redacci\u00f3n QP","author_link":"https:\/\/quehacerpolitico.mx\/?author=2"},"category_info":"<a href=\"https:\/\/quehacerpolitico.mx\/?cat=54\" rel=\"category\">Deportes<\/a>","tag_info":"Deportes","comment_count":"0","_links":{"self":[{"href":"https:\/\/quehacerpolitico.mx\/index.php?rest_route=\/wp\/v2\/posts\/129666","targetHints":{"allow":["GET"]}}],"collection":[{"href":"https:\/\/quehacerpolitico.mx\/index.php?rest_route=\/wp\/v2\/posts"}],"about":[{"href":"https:\/\/quehacerpolitico.mx\/index.php?rest_route=\/wp\/v2\/types\/post"}],"author":[{"embeddable":true,"href":"https:\/\/quehacerpolitico.mx\/index.php?rest_route=\/wp\/v2\/users\/2"}],"replies":[{"embeddable":true,"href":"https:\/\/quehacerpolitico.mx\/index.php?rest_route=%2Fwp%2Fv2%2Fcomments&post=129666"}],"version-history":[{"count":1,"href":"https:\/\/quehacerpolitico.mx\/index.php?rest_route=\/wp\/v2\/posts\/129666\/revisions"}],"predecessor-version":[{"id":129668,"href":"https:\/\/quehacerpolitico.mx\/index.php?rest_route=\/wp\/v2\/posts\/129666\/revisions\/129668"}],"wp:featuredmedia":[{"embeddable":true,"href":"https:\/\/quehacerpolitico.mx\/index.php?rest_route=\/wp\/v2\/media\/129667"}],"wp:attachment":[{"href":"https:\/\/quehacerpolitico.mx\/index.php?rest_route=%2Fwp%2Fv2%2Fmedia&parent=129666"}],"wp:term":[{"taxonomy":"category","embeddable":true,"href":"https:\/\/quehacerpolitico.mx\/index.php?rest_route=%2Fwp%2Fv2%2Fcategories&post=129666"},{"taxonomy":"post_tag","embeddable":true,"href":"https:\/\/quehacerpolitico.mx\/index.php?rest_route=%2Fwp%2Fv2%2Ftags&post=129666"}],"curies":[{"name":"wp","href":"https:\/\/api.w.org\/{rel}","templated":true}]}}