{"id":129662,"date":"2026-03-12T16:21:54","date_gmt":"2026-03-12T22:21:54","guid":{"rendered":"https:\/\/quehacerpolitico.mx\/?p=129662"},"modified":"2026-03-12T16:21:56","modified_gmt":"2026-03-12T22:21:56","slug":"confirman-la-segunda-parte-del-exito-animado-k-pop-demon-hunters","status":"publish","type":"post","link":"https:\/\/quehacerpolitico.mx\/?p=129662","title":{"rendered":"Confirman la segunda parte del \u00e9xito animado &#8220;K-pop Demon Hunters&#8221;"},"content":{"rendered":"\n<p>Por Redacci\u00f3n QP<\/p>\n\n\n\n<p>La secuela de la cinta, cuya canci\u00f3n &#8220;Golden&#8221; super\u00f3 los 100 millones de reproducciones semanales, ser\u00e1 nuevamente dirigida por Maggie Kang y Chris Appelhans<\/p>\n\n\n\n<p>Netflix confirm\u00f3 este jueves la producci\u00f3n de la&nbsp;<strong>secuela de &#8220;K-pop Demon Hunters&#8221;<\/strong>,&nbsp;expandiendo el universo de la pel\u00edcula animada m\u00e1s vista de la plataforma hasta ahora.<\/p>\n\n\n\n<p>La producci\u00f3n, todav\u00eda sin fecha de estreno, volver\u00e1 a correr a cargo de Maggie Kang y Chris Appelhans, mientras que&nbsp;<strong>Sony Pictures Animation<\/strong>se encargar\u00e1 de animar la historia de&nbsp;<strong>Rumi, Zoey y Mira.<\/strong><\/p>\n\n\n\n<p>Con &#8220;<strong>K-pop Demon Hunters<\/strong>&#8220;, &#8220;Maggie y Chris no s\u00f3lo llegaron al p\u00fablico, sino que despertaron una comunidad de seguidores global que trascendi\u00f3 idiomas, rompi\u00f3 la brecha generacional&nbsp;y a los g\u00e9neros m\u00fasicales&#8221;, indic\u00f3 en un comunicado la directora de&nbsp;<strong>contenido de Netflix<\/strong>, Bela Bajaria.<\/p>\n\n\n\n<figure class=\"wp-block-embed is-type-video is-provider-youtube wp-block-embed-youtube wp-embed-aspect-16-9 wp-has-aspect-ratio\"><div class=\"wp-block-embed__wrapper\">\n<iframe loading=\"lazy\" title=\"EJAE, Audrey Nuna and Rei Ami from KPop Demon Hunters: Golden | The Tonight Show\" width=\"640\" height=\"360\" src=\"https:\/\/www.youtube.com\/embed\/8y-ViyUk7Dk?feature=oembed\" frameborder=\"0\" allow=\"accelerometer; autoplay; clipboard-write; encrypted-media; gyroscope; picture-in-picture; web-share\" referrerpolicy=\"strict-origin-when-cross-origin\" allowfullscreen><\/iframe>\n<\/div><\/figure>\n\n\n\n<p>&#8220;Estamos sumamente orgullosos de profundizar nuestra colaboraci\u00f3n con ellos y, junto con nuestros socios de Sony Pictures Animation, construir este universo de maneras que sorprender\u00e1 y deleitar\u00e1 a los seguidores&#8221;, agreg\u00f3.<\/p>\n\n\n\n<p>La secuela del largometraje animado se confirma tras varios meses de especulaciones sobre una posible extensi\u00f3n del fen\u00f3meno de las&nbsp;<strong>Guerreras K-pop<\/strong>, que se ha convertido en un \u00e9xito en la plataforma, coron\u00e1ndose como la producci\u00f3n animada m\u00e1s vista de la historia.<\/p>\n\n\n\n<figure class=\"wp-block-gallery has-nested-images columns-default is-cropped wp-block-gallery-1 is-layout-flex wp-block-gallery-is-layout-flex\">\n<figure class=\"wp-block-image size-large\"><img loading=\"lazy\" decoding=\"async\" width=\"381\" height=\"524\" data-id=\"129664\" src=\"https:\/\/quehacerpolitico.mx\/wp-content\/uploads\/2026\/03\/IMG_7219.jpeg\" alt=\"\" class=\"wp-image-129664\" srcset=\"https:\/\/quehacerpolitico.mx\/wp-content\/uploads\/2026\/03\/IMG_7219.jpeg 381w, https:\/\/quehacerpolitico.mx\/wp-content\/uploads\/2026\/03\/IMG_7219-218x300.jpeg 218w\" sizes=\"auto, (max-width: 381px) 100vw, 381px\" \/><\/figure>\n<\/figure>\n\n\n\n<p>En un principio se hab\u00eda negado su continuaci\u00f3n debido a que la producci\u00f3n tardar\u00eda mucho tiempo.&nbsp;<\/p>\n\n\n\n<p>&#8220;Estos personajes son como una familia para nosotros; su mundo se ha convertido en nuestro segundo hogar. Nos entusiasma escribir su pr\u00f3ximo cap\u00edtulo, desafiarlos y verlos evolucionar, y seguir ampliando los l\u00edmites de la integraci\u00f3n entre la m\u00fasica, la animaci\u00f3n y la historia&#8221;, dijo Appelhans.<\/p>\n\n\n\n<p>La pel\u00edcula sobre un<strong>\u00a0grupo femenino de K-pop<\/strong>, que persigue demonios mientras equilibran sus vidas bajo los focos del esp\u00e9ctaculo, ha consolidado a la\u00a0<strong>industria del k-pop\u00a0<\/strong>como un fen\u00f3meno cultural global que va mucho m\u00e1s all\u00e1 de la m\u00fasica.<\/p>\n\n\n\n<figure class=\"wp-block-embed is-type-video is-provider-youtube wp-block-embed-youtube wp-embed-aspect-16-9 wp-has-aspect-ratio\"><div class=\"wp-block-embed__wrapper\">\n<iframe loading=\"lazy\" title=\"[KPop Demon Hunters In Public] \u201cGolden\u201d - HUNTR\/X Dance Performance By B-Wild From Vietnam | Netflix\" width=\"640\" height=\"360\" src=\"https:\/\/www.youtube.com\/embed\/BSlfQWpCFco?feature=oembed\" frameborder=\"0\" allow=\"accelerometer; autoplay; clipboard-write; encrypted-media; gyroscope; picture-in-picture; web-share\" referrerpolicy=\"strict-origin-when-cross-origin\" allowfullscreen><\/iframe>\n<\/div><\/figure>\n\n\n\n<p>La canci\u00f3n &#8220;<strong>Golden<\/strong>&#8220;, del grupo ficticio del filme&nbsp;<strong>HUNTR\/X<\/strong>, super\u00f3 los 100 millones de reproducciones semanales en todo el mundo por primera vez, seg\u00fan&nbsp;<em>Billboard.<\/em><\/p>\n\n\n\n<p>Tambi\u00e9n el tema principal, interpretado por las protagonistas al final de la cinta, coron\u00f3 en la primera semana de agosto la lista Billboard Global 200 con 113.4 millones de reproducciones, un aumento del 15% frente a la semana anterior y superando \u00e9xitos como &#8220;Ordinary&#8221; de Alex Warren o&nbsp;<strong>&#8220;Jump&#8221;&nbsp;de BLACKPINK.<\/strong><\/p>\n\n\n\n<p>&#8220;Como cineasta coreana, me siento inmensamente orgullosa de que el p\u00fablico quiera m\u00e1s de esta historia y de nuestros personajes coreanos. Hay much\u00edsimo m\u00e1s en este mundo que hemos creado y estoy emocionada de mostr\u00e1rselo. Esto es s\u00f3lo el principio&#8221;, afirm\u00f3 Kang.&nbsp;<\/p>\n","protected":false},"excerpt":{"rendered":"<p>Por Redacci\u00f3n QP La secuela de la cinta, cuya canci\u00f3n &#8220;Golden&#8221; super\u00f3 los 100 millones&#8230;<\/p>\n","protected":false},"author":2,"featured_media":129663,"comment_status":"open","ping_status":"open","sticky":false,"template":"","format":"standard","meta":{"_monsterinsights_skip_tracking":false,"_monsterinsights_sitenote_active":false,"_monsterinsights_sitenote_note":"","_monsterinsights_sitenote_category":0,"footnotes":""},"categories":[58],"tags":[],"class_list":["post-129662","post","type-post","status-publish","format-standard","has-post-thumbnail","hentry","category-cultura"],"yoast_head":"<!-- This site is optimized with the Yoast SEO plugin v27.3 - https:\/\/yoast.com\/product\/yoast-seo-wordpress\/ -->\n<title>Confirman la segunda parte del \u00e9xito animado &quot;K-pop Demon Hunters&quot; -<\/title>\n<meta name=\"robots\" content=\"index, follow, max-snippet:-1, max-image-preview:large, max-video-preview:-1\" \/>\n<link rel=\"canonical\" href=\"https:\/\/quehacerpolitico.mx\/?p=129662\" \/>\n<meta property=\"og:locale\" content=\"es_MX\" \/>\n<meta property=\"og:type\" content=\"article\" \/>\n<meta property=\"og:title\" content=\"Confirman la segunda parte del \u00e9xito animado &quot;K-pop Demon Hunters&quot; -\" \/>\n<meta property=\"og:description\" content=\"Por Redacci\u00f3n QP La secuela de la cinta, cuya canci\u00f3n &#8220;Golden&#8221; super\u00f3 los 100 millones...\" \/>\n<meta property=\"og:url\" content=\"https:\/\/quehacerpolitico.mx\/?p=129662\" \/>\n<meta property=\"article:published_time\" content=\"2026-03-12T22:21:54+00:00\" \/>\n<meta property=\"article:modified_time\" content=\"2026-03-12T22:21:56+00:00\" \/>\n<meta property=\"og:image\" content=\"http:\/\/quehacerpolitico.mx\/wp-content\/uploads\/2026\/03\/IMG_7218-scaled.webp\" \/>\n\t<meta property=\"og:image:width\" content=\"2560\" \/>\n\t<meta property=\"og:image:height\" content=\"1709\" \/>\n\t<meta property=\"og:image:type\" content=\"image\/webp\" \/>\n<meta name=\"author\" content=\"Redacci\u00f3n QP\" \/>\n<meta name=\"twitter:card\" content=\"summary_large_image\" \/>\n<meta name=\"twitter:label1\" content=\"Escrito por\" \/>\n\t<meta name=\"twitter:data1\" content=\"Redacci\u00f3n QP\" \/>\n\t<meta name=\"twitter:label2\" content=\"Tiempo de lectura\" \/>\n\t<meta name=\"twitter:data2\" content=\"3 minutos\" \/>\n<script type=\"application\/ld+json\" class=\"yoast-schema-graph\">{\"@context\":\"https:\\\/\\\/schema.org\",\"@graph\":[{\"@type\":\"Article\",\"@id\":\"https:\\\/\\\/quehacerpolitico.mx\\\/?p=129662#article\",\"isPartOf\":{\"@id\":\"https:\\\/\\\/quehacerpolitico.mx\\\/?p=129662\"},\"author\":{\"name\":\"Redacci\u00f3n QP\",\"@id\":\"https:\\\/\\\/quehacerpolitico.mx\\\/#\\\/schema\\\/person\\\/496d8ad2d1d3f8036101dca7ee39e585\"},\"headline\":\"Confirman la segunda parte del \u00e9xito animado &#8220;K-pop Demon Hunters&#8221;\",\"datePublished\":\"2026-03-12T22:21:54+00:00\",\"dateModified\":\"2026-03-12T22:21:56+00:00\",\"mainEntityOfPage\":{\"@id\":\"https:\\\/\\\/quehacerpolitico.mx\\\/?p=129662\"},\"wordCount\":501,\"commentCount\":0,\"image\":{\"@id\":\"https:\\\/\\\/quehacerpolitico.mx\\\/?p=129662#primaryimage\"},\"thumbnailUrl\":\"https:\\\/\\\/quehacerpolitico.mx\\\/wp-content\\\/uploads\\\/2026\\\/03\\\/IMG_7218-scaled.webp\",\"articleSection\":[\"Cultura y Entretenimiento\"],\"inLanguage\":\"es\",\"potentialAction\":[{\"@type\":\"CommentAction\",\"name\":\"Comment\",\"target\":[\"https:\\\/\\\/quehacerpolitico.mx\\\/?p=129662#respond\"]}]},{\"@type\":\"WebPage\",\"@id\":\"https:\\\/\\\/quehacerpolitico.mx\\\/?p=129662\",\"url\":\"https:\\\/\\\/quehacerpolitico.mx\\\/?p=129662\",\"name\":\"Confirman la segunda parte del \u00e9xito animado \\\"K-pop Demon Hunters\\\" -\",\"isPartOf\":{\"@id\":\"https:\\\/\\\/quehacerpolitico.mx\\\/#website\"},\"primaryImageOfPage\":{\"@id\":\"https:\\\/\\\/quehacerpolitico.mx\\\/?p=129662#primaryimage\"},\"image\":{\"@id\":\"https:\\\/\\\/quehacerpolitico.mx\\\/?p=129662#primaryimage\"},\"thumbnailUrl\":\"https:\\\/\\\/quehacerpolitico.mx\\\/wp-content\\\/uploads\\\/2026\\\/03\\\/IMG_7218-scaled.webp\",\"datePublished\":\"2026-03-12T22:21:54+00:00\",\"dateModified\":\"2026-03-12T22:21:56+00:00\",\"author\":{\"@id\":\"https:\\\/\\\/quehacerpolitico.mx\\\/#\\\/schema\\\/person\\\/496d8ad2d1d3f8036101dca7ee39e585\"},\"breadcrumb\":{\"@id\":\"https:\\\/\\\/quehacerpolitico.mx\\\/?p=129662#breadcrumb\"},\"inLanguage\":\"es\",\"potentialAction\":[{\"@type\":\"ReadAction\",\"target\":[\"https:\\\/\\\/quehacerpolitico.mx\\\/?p=129662\"]}]},{\"@type\":\"ImageObject\",\"inLanguage\":\"es\",\"@id\":\"https:\\\/\\\/quehacerpolitico.mx\\\/?p=129662#primaryimage\",\"url\":\"https:\\\/\\\/quehacerpolitico.mx\\\/wp-content\\\/uploads\\\/2026\\\/03\\\/IMG_7218-scaled.webp\",\"contentUrl\":\"https:\\\/\\\/quehacerpolitico.mx\\\/wp-content\\\/uploads\\\/2026\\\/03\\\/IMG_7218-scaled.webp\",\"width\":2560,\"height\":1709},{\"@type\":\"BreadcrumbList\",\"@id\":\"https:\\\/\\\/quehacerpolitico.mx\\\/?p=129662#breadcrumb\",\"itemListElement\":[{\"@type\":\"ListItem\",\"position\":1,\"name\":\"Inicio\",\"item\":\"https:\\\/\\\/quehacerpolitico.mx\\\/\"},{\"@type\":\"ListItem\",\"position\":2,\"name\":\"Confirman la segunda parte del \u00e9xito animado &#8220;K-pop Demon Hunters&#8221;\"}]},{\"@type\":\"WebSite\",\"@id\":\"https:\\\/\\\/quehacerpolitico.mx\\\/#website\",\"url\":\"https:\\\/\\\/quehacerpolitico.mx\\\/\",\"name\":\"\",\"description\":\"\",\"potentialAction\":[{\"@type\":\"SearchAction\",\"target\":{\"@type\":\"EntryPoint\",\"urlTemplate\":\"https:\\\/\\\/quehacerpolitico.mx\\\/?s={search_term_string}\"},\"query-input\":{\"@type\":\"PropertyValueSpecification\",\"valueRequired\":true,\"valueName\":\"search_term_string\"}}],\"inLanguage\":\"es\"},{\"@type\":\"Person\",\"@id\":\"https:\\\/\\\/quehacerpolitico.mx\\\/#\\\/schema\\\/person\\\/496d8ad2d1d3f8036101dca7ee39e585\",\"name\":\"Redacci\u00f3n QP\",\"image\":{\"@type\":\"ImageObject\",\"inLanguage\":\"es\",\"@id\":\"https:\\\/\\\/secure.gravatar.com\\\/avatar\\\/c7164ed6fdec453195284ad24a5ae5b6e1eed2b848477fa2a4787ba9adf39a41?s=96&d=mm&r=g\",\"url\":\"https:\\\/\\\/secure.gravatar.com\\\/avatar\\\/c7164ed6fdec453195284ad24a5ae5b6e1eed2b848477fa2a4787ba9adf39a41?s=96&d=mm&r=g\",\"contentUrl\":\"https:\\\/\\\/secure.gravatar.com\\\/avatar\\\/c7164ed6fdec453195284ad24a5ae5b6e1eed2b848477fa2a4787ba9adf39a41?s=96&d=mm&r=g\",\"caption\":\"Redacci\u00f3n QP\"},\"url\":\"https:\\\/\\\/quehacerpolitico.mx\\\/?author=2\"}]}<\/script>\n<!-- \/ Yoast SEO plugin. -->","yoast_head_json":{"title":"Confirman la segunda parte del \u00e9xito animado \"K-pop Demon Hunters\" -","robots":{"index":"index","follow":"follow","max-snippet":"max-snippet:-1","max-image-preview":"max-image-preview:large","max-video-preview":"max-video-preview:-1"},"canonical":"https:\/\/quehacerpolitico.mx\/?p=129662","og_locale":"es_MX","og_type":"article","og_title":"Confirman la segunda parte del \u00e9xito animado \"K-pop Demon Hunters\" -","og_description":"Por Redacci\u00f3n QP La secuela de la cinta, cuya canci\u00f3n &#8220;Golden&#8221; super\u00f3 los 100 millones...","og_url":"https:\/\/quehacerpolitico.mx\/?p=129662","article_published_time":"2026-03-12T22:21:54+00:00","article_modified_time":"2026-03-12T22:21:56+00:00","og_image":[{"width":2560,"height":1709,"url":"http:\/\/quehacerpolitico.mx\/wp-content\/uploads\/2026\/03\/IMG_7218-scaled.webp","type":"image\/webp"}],"author":"Redacci\u00f3n QP","twitter_card":"summary_large_image","twitter_misc":{"Escrito por":"Redacci\u00f3n QP","Tiempo de lectura":"3 minutos"},"schema":{"@context":"https:\/\/schema.org","@graph":[{"@type":"Article","@id":"https:\/\/quehacerpolitico.mx\/?p=129662#article","isPartOf":{"@id":"https:\/\/quehacerpolitico.mx\/?p=129662"},"author":{"name":"Redacci\u00f3n QP","@id":"https:\/\/quehacerpolitico.mx\/#\/schema\/person\/496d8ad2d1d3f8036101dca7ee39e585"},"headline":"Confirman la segunda parte del \u00e9xito animado &#8220;K-pop Demon Hunters&#8221;","datePublished":"2026-03-12T22:21:54+00:00","dateModified":"2026-03-12T22:21:56+00:00","mainEntityOfPage":{"@id":"https:\/\/quehacerpolitico.mx\/?p=129662"},"wordCount":501,"commentCount":0,"image":{"@id":"https:\/\/quehacerpolitico.mx\/?p=129662#primaryimage"},"thumbnailUrl":"https:\/\/quehacerpolitico.mx\/wp-content\/uploads\/2026\/03\/IMG_7218-scaled.webp","articleSection":["Cultura y Entretenimiento"],"inLanguage":"es","potentialAction":[{"@type":"CommentAction","name":"Comment","target":["https:\/\/quehacerpolitico.mx\/?p=129662#respond"]}]},{"@type":"WebPage","@id":"https:\/\/quehacerpolitico.mx\/?p=129662","url":"https:\/\/quehacerpolitico.mx\/?p=129662","name":"Confirman la segunda parte del \u00e9xito animado \"K-pop Demon Hunters\" -","isPartOf":{"@id":"https:\/\/quehacerpolitico.mx\/#website"},"primaryImageOfPage":{"@id":"https:\/\/quehacerpolitico.mx\/?p=129662#primaryimage"},"image":{"@id":"https:\/\/quehacerpolitico.mx\/?p=129662#primaryimage"},"thumbnailUrl":"https:\/\/quehacerpolitico.mx\/wp-content\/uploads\/2026\/03\/IMG_7218-scaled.webp","datePublished":"2026-03-12T22:21:54+00:00","dateModified":"2026-03-12T22:21:56+00:00","author":{"@id":"https:\/\/quehacerpolitico.mx\/#\/schema\/person\/496d8ad2d1d3f8036101dca7ee39e585"},"breadcrumb":{"@id":"https:\/\/quehacerpolitico.mx\/?p=129662#breadcrumb"},"inLanguage":"es","potentialAction":[{"@type":"ReadAction","target":["https:\/\/quehacerpolitico.mx\/?p=129662"]}]},{"@type":"ImageObject","inLanguage":"es","@id":"https:\/\/quehacerpolitico.mx\/?p=129662#primaryimage","url":"https:\/\/quehacerpolitico.mx\/wp-content\/uploads\/2026\/03\/IMG_7218-scaled.webp","contentUrl":"https:\/\/quehacerpolitico.mx\/wp-content\/uploads\/2026\/03\/IMG_7218-scaled.webp","width":2560,"height":1709},{"@type":"BreadcrumbList","@id":"https:\/\/quehacerpolitico.mx\/?p=129662#breadcrumb","itemListElement":[{"@type":"ListItem","position":1,"name":"Inicio","item":"https:\/\/quehacerpolitico.mx\/"},{"@type":"ListItem","position":2,"name":"Confirman la segunda parte del \u00e9xito animado &#8220;K-pop Demon Hunters&#8221;"}]},{"@type":"WebSite","@id":"https:\/\/quehacerpolitico.mx\/#website","url":"https:\/\/quehacerpolitico.mx\/","name":"","description":"","potentialAction":[{"@type":"SearchAction","target":{"@type":"EntryPoint","urlTemplate":"https:\/\/quehacerpolitico.mx\/?s={search_term_string}"},"query-input":{"@type":"PropertyValueSpecification","valueRequired":true,"valueName":"search_term_string"}}],"inLanguage":"es"},{"@type":"Person","@id":"https:\/\/quehacerpolitico.mx\/#\/schema\/person\/496d8ad2d1d3f8036101dca7ee39e585","name":"Redacci\u00f3n QP","image":{"@type":"ImageObject","inLanguage":"es","@id":"https:\/\/secure.gravatar.com\/avatar\/c7164ed6fdec453195284ad24a5ae5b6e1eed2b848477fa2a4787ba9adf39a41?s=96&d=mm&r=g","url":"https:\/\/secure.gravatar.com\/avatar\/c7164ed6fdec453195284ad24a5ae5b6e1eed2b848477fa2a4787ba9adf39a41?s=96&d=mm&r=g","contentUrl":"https:\/\/secure.gravatar.com\/avatar\/c7164ed6fdec453195284ad24a5ae5b6e1eed2b848477fa2a4787ba9adf39a41?s=96&d=mm&r=g","caption":"Redacci\u00f3n QP"},"url":"https:\/\/quehacerpolitico.mx\/?author=2"}]}},"featured_image_urls":{"full":["https:\/\/quehacerpolitico.mx\/wp-content\/uploads\/2026\/03\/IMG_7218-scaled.webp",2560,1709,false],"thumbnail":["https:\/\/quehacerpolitico.mx\/wp-content\/uploads\/2026\/03\/IMG_7218-scaled.webp",150,100,false],"medium":["https:\/\/quehacerpolitico.mx\/wp-content\/uploads\/2026\/03\/IMG_7218-scaled.webp",300,200,false],"medium_large":["https:\/\/quehacerpolitico.mx\/wp-content\/uploads\/2026\/03\/IMG_7218-scaled.webp",640,427,false],"large":["https:\/\/quehacerpolitico.mx\/wp-content\/uploads\/2026\/03\/IMG_7218-scaled.webp",640,427,false],"1536x1536":["https:\/\/quehacerpolitico.mx\/wp-content\/uploads\/2026\/03\/IMG_7218-scaled.webp",1536,1025,false],"2048x2048":["https:\/\/quehacerpolitico.mx\/wp-content\/uploads\/2026\/03\/IMG_7218-scaled.webp",2048,1367,false],"covernews-featured":["https:\/\/quehacerpolitico.mx\/wp-content\/uploads\/2026\/03\/IMG_7218-scaled.webp",1024,684,false],"covernews-medium":["https:\/\/quehacerpolitico.mx\/wp-content\/uploads\/2026\/03\/IMG_7218-scaled.webp",509,340,false]},"author_info":{"display_name":"Redacci\u00f3n QP","author_link":"https:\/\/quehacerpolitico.mx\/?author=2"},"category_info":"<a href=\"https:\/\/quehacerpolitico.mx\/?cat=58\" rel=\"category\">Cultura y Entretenimiento<\/a>","tag_info":"Cultura y Entretenimiento","comment_count":"0","_links":{"self":[{"href":"https:\/\/quehacerpolitico.mx\/index.php?rest_route=\/wp\/v2\/posts\/129662","targetHints":{"allow":["GET"]}}],"collection":[{"href":"https:\/\/quehacerpolitico.mx\/index.php?rest_route=\/wp\/v2\/posts"}],"about":[{"href":"https:\/\/quehacerpolitico.mx\/index.php?rest_route=\/wp\/v2\/types\/post"}],"author":[{"embeddable":true,"href":"https:\/\/quehacerpolitico.mx\/index.php?rest_route=\/wp\/v2\/users\/2"}],"replies":[{"embeddable":true,"href":"https:\/\/quehacerpolitico.mx\/index.php?rest_route=%2Fwp%2Fv2%2Fcomments&post=129662"}],"version-history":[{"count":1,"href":"https:\/\/quehacerpolitico.mx\/index.php?rest_route=\/wp\/v2\/posts\/129662\/revisions"}],"predecessor-version":[{"id":129665,"href":"https:\/\/quehacerpolitico.mx\/index.php?rest_route=\/wp\/v2\/posts\/129662\/revisions\/129665"}],"wp:featuredmedia":[{"embeddable":true,"href":"https:\/\/quehacerpolitico.mx\/index.php?rest_route=\/wp\/v2\/media\/129663"}],"wp:attachment":[{"href":"https:\/\/quehacerpolitico.mx\/index.php?rest_route=%2Fwp%2Fv2%2Fmedia&parent=129662"}],"wp:term":[{"taxonomy":"category","embeddable":true,"href":"https:\/\/quehacerpolitico.mx\/index.php?rest_route=%2Fwp%2Fv2%2Fcategories&post=129662"},{"taxonomy":"post_tag","embeddable":true,"href":"https:\/\/quehacerpolitico.mx\/index.php?rest_route=%2Fwp%2Fv2%2Ftags&post=129662"}],"curies":[{"name":"wp","href":"https:\/\/api.w.org\/{rel}","templated":true}]}}