{"id":129659,"date":"2026-03-12T14:27:22","date_gmt":"2026-03-12T20:27:22","guid":{"rendered":"https:\/\/quehacerpolitico.mx\/?p=129659"},"modified":"2026-03-12T14:27:27","modified_gmt":"2026-03-12T20:27:27","slug":"a-partir-de-este-jueves-12-de-marzo-el-grupo-aeroportuario-marina-llevara-a-cabo-operativos-para-inhibir-el-servicio-de-taxis-por-aplicacion-en-el-aeropuerto-intern","status":"publish","type":"post","link":"https:\/\/quehacerpolitico.mx\/?p=129659","title":{"rendered":"A partir de este jueves 12 de marzo, el Grupo Aeroportuario Marina llevar\u00e1 a cabo\u00a0operativos\u00a0para\u00a0inhibir\u00a0el servicio de\u00a0taxis por aplicaci\u00f3n\u00a0en el\u00a0Aeropuerto Internacional de la Ciudad de M\u00e9xico\u00a0(AICM)"},"content":{"rendered":"\n<p>Por Redacci\u00f3n QP<\/p>\n\n\n\n<p>La Guardia Nacional encabezar\u00e1 los operativos en el AICM para inhibir a los taxis por aplicaci\u00f3n, medida que afirma Uber, va contra una resoluci\u00f3n judicial<\/p>\n\n\n\n<p>A partir de este jueves 12 de marzo, el Grupo Aeroportuario Marina llevar\u00e1 a cabo&nbsp;<strong>operativos<\/strong>&nbsp;para&nbsp;<strong>inhibir<\/strong>&nbsp;el servicio de&nbsp;<strong>taxis por aplicaci\u00f3n<\/strong>&nbsp;en el&nbsp;<strong>Aeropuerto Internacional de la Ciudad de M\u00e9xico<\/strong>&nbsp;(AICM).<\/p>\n\n\n\n<figure class=\"wp-block-embed is-type-rich is-provider-twitter wp-block-embed-twitter\"><div class=\"wp-block-embed__wrapper\">\n<blockquote class=\"twitter-tweet\" data-width=\"550\" data-dnt=\"true\"><p lang=\"es\" dir=\"ltr\">\u26a0\ufe0f La Guardia Nacional inicia operativos en el AICM para evitar operen plataformas como Uber y Didi<a href=\"https:\/\/t.co\/FYlYloiTMj\">pic.twitter.com\/FYlYloiTMj<\/a><\/p>&mdash; Manuel Lopez San Martin (@MLopezSanMartin) <a href=\"https:\/\/twitter.com\/MLopezSanMartin\/status\/2032129490361409740?ref_src=twsrc%5Etfw\">March 12, 2026<\/a><\/blockquote><script async src=\"https:\/\/platform.twitter.com\/widgets.js\" charset=\"utf-8\"><\/script>\n<\/div><\/figure>\n\n\n\n<p>El director general del AICM, el&nbsp;<strong>almirante Juan Jos\u00e9 Padilla Olmos<\/strong>, detall\u00f3 en&nbsp;<a href=\"https:\/\/www.youtube.com\/watch?v=c_6QZehsH1U\" target=\"_blank\" rel=\"noreferrer noopener\">entrevista<\/a>&nbsp;con&nbsp;<strong>Joaqu\u00edn L\u00f3pez-D\u00f3riga<\/strong>&nbsp;que los operativos estar\u00e1n a cargo de la&nbsp;<strong>Guardia Nacional<\/strong>.<\/p>\n\n\n\n<p>Nos va a apoyar la Guardia Nacional y con c\u00e1maras de inteligencia artificial se van a detectar veh\u00edculos que van m\u00e1s de dos o tres veces al aeropuerto\u201d, expuso.<\/p>\n\n\n\n<p>El retiro de conductores por aplicaci\u00f3n se llevar\u00e1 a cabo en estricto apego a la legalidad y con el objetivo de garantizar la seguridad de las personas usuarias.<\/p>\n\n\n\n<h2 class=\"wp-block-heading\">&nbsp;\u00bfPor qu\u00e9 no pueden operar los taxis por aplicaci\u00f3n en el AICM?<\/h2>\n\n\n\n<p>Los&nbsp;<strong>taxis por aplicaci\u00f3n<\/strong>&nbsp;son considerados&nbsp;<strong>servicios irregulares<\/strong>&nbsp;de transportaci\u00f3n terrestre, con lo que no pueden operar en el&nbsp;<strong>AICM<\/strong>&nbsp;al tratarse de una zona federal.<\/p>\n\n\n\n<p><strong>Carlos Lobera<\/strong>, asesor de taxistas concesionados, precis\u00f3 que la molestia con la prestaci\u00f3n de servicios como Uber y Didi reside en que ellos no pagan prestaciones ni cumplen con los reglamentos establecidos para operar en zonas federales como los aeropuertos.<\/p>\n\n\n\n<figure class=\"wp-block-embed is-type-rich is-provider-twitter wp-block-embed-twitter\"><div class=\"wp-block-embed__wrapper\">\n<blockquote class=\"twitter-tweet\" data-width=\"550\" data-dnt=\"true\"><p lang=\"es\" dir=\"ltr\">Guardia Nacional amaga a conductores de Uber y Didi en el AICM<br><br>\u201cHoy son amonestaciones verbales; a partir de ma\u00f1ana nos van a retirar tarjeta de circulaci\u00f3n o el veh\u00edculo\u201d<a href=\"https:\/\/t.co\/FKoyvpaY0g\">pic.twitter.com\/FKoyvpaY0g<\/a><\/p>&mdash; Manuel Lopez San Martin (@MLopezSanMartin) <a href=\"https:\/\/twitter.com\/MLopezSanMartin\/status\/2032139396888002721?ref_src=twsrc%5Etfw\">March 12, 2026<\/a><\/blockquote><script async src=\"https:\/\/platform.twitter.com\/widgets.js\" charset=\"utf-8\"><\/script>\n<\/div><\/figure>\n\n\n\n<p>No estamos negados a la competencia de los veh\u00edculos por aplicaci\u00f3n, siempre y cuando se cumpla con lo que la ley establece\u201d, dijo en&nbsp;entrevista&nbsp;para&nbsp;<em>Radio F\u00f3rmula<\/em>.<\/p>\n\n\n\n<p>Advirti\u00f3 que ante la falta de respuesta por parte de autoridades aeroportuarias, se prepara extender los bloqueos a los aeropuertos de todo el pa\u00eds, con lo que \u201cno va a ser un d\u00eda de campo la inauguraci\u00f3n del Mundial\u201d.<\/p>\n\n\n\n<h2 class=\"wp-block-heading\">&nbsp;Uber advierte sanciones por operativos en AICM<\/h2>\n\n\n\n<p>La compa\u00f1\u00eda de transporte por aplicaci\u00f3n&nbsp;<strong>Uber<\/strong>&nbsp;advirti\u00f3 que la&nbsp;<strong>Guardia Nacional<\/strong>&nbsp;podr\u00eda hacerse acreedora a&nbsp;<strong>sanciones<\/strong>&nbsp;en caso de&nbsp;<strong>impedir<\/strong>&nbsp;el&nbsp;<strong>libre tr\u00e1nsito<\/strong>&nbsp;y&nbsp;<strong>empleo<\/strong>de sus&nbsp;<strong>conductores<\/strong>.<\/p>\n\n\n\n<p>Mediante un comunicado, record\u00f3 que en 2025 la jueza decimotercera de Distrito en Materia Administrativa instruy\u00f3 el cumplimiento de la&nbsp;<strong>suspensi\u00f3n definitiva<\/strong>respecto del&nbsp;<strong>juicio de amparo<\/strong>&nbsp;1202\/2025.<\/p>\n\n\n\n<p>De proceder con multas y confiscaciones de veh\u00edculos a los conductores de&nbsp;<strong>Uber<\/strong>&nbsp;que recojan o dejen pasaje en el&nbsp;<strong>AICM<\/strong>, la&nbsp;<strong>Guardia Nacional<\/strong>&nbsp;podr\u00eda ser&nbsp;<strong>sancionada<\/strong> conforme al art\u00edculo 262 de la&nbsp;<strong>Ley de Amparo<\/strong>, que dice:<\/p>\n\n\n\n<p>Art\u00edculo 262. Se impondr\u00e1 pena de tres a nueve a\u00f1os de prisi\u00f3n, multa de cincuenta a quinientos d\u00edas, destituci\u00f3n e inhabilitaci\u00f3n de tres a nueve a\u00f1os para desempe\u00f1ar otro cargo, empleo o comisi\u00f3n p\u00fablicos, a la persona servidora p\u00fablica que con el car\u00e1cter de autoridad responsable o vinculada al cumplimiento en el juicio de amparo o en el incidente de suspensi\u00f3n:<br>[\u2026] III. No obedezca un auto de suspensi\u00f3n debidamente notificado, independientemente de cualquier otro delito en que incurra.\u201d<\/p>\n\n\n\n<p>Uber sostuvo asimismo que no es una plataforma irregular y reiter\u00f3 su disposici\u00f3n al di\u00e1logo para la modernizaci\u00f3n de la legislaci\u00f3n vigente que permita su integraci\u00f3n al ecosistema de movilidad en aeropuertos.<\/p>\n\n\n\n<figure class=\"wp-block-image\"><a href=\"https:\/\/lopezdoriga.com\/wp-content\/uploads\/2026\/03\/comunicado-de-uber-sobre-operativos-en-el-aicm.jpg\" data-src=\"https:\/\/lopezdoriga.com\/wp-content\/uploads\/2026\/03\/comunicado-de-uber-sobre-operativos-en-el-aicm.jpg\" data-thumb=\"https:\/\/lopezdoriga.com\/wp-content\/uploads\/2026\/03\/comunicado-de-uber-sobre-operativos-en-el-aicm.jpg\" class=\"ml-lightbox-enabled\"><img decoding=\"async\" src=\"https:\/\/lopezdoriga.com\/wp-content\/uploads\/2026\/03\/comunicado-de-uber-sobre-operativos-en-el-aicm.jpg\" alt=\"Inician operativos en AICM contra taxis por aplicaci\u00f3n - comunicado-de-uber-sobre-operativos-en-el-aicm\" class=\"wp-image-1772729\" title=\"\"\/><\/a><\/figure>\n","protected":false},"excerpt":{"rendered":"<p>Por Redacci\u00f3n QP La Guardia Nacional encabezar\u00e1 los operativos en el AICM para inhibir a&#8230;<\/p>\n","protected":false},"author":2,"featured_media":129660,"comment_status":"open","ping_status":"open","sticky":false,"template":"","format":"standard","meta":{"_monsterinsights_skip_tracking":false,"_monsterinsights_sitenote_active":false,"_monsterinsights_sitenote_note":"","_monsterinsights_sitenote_category":0,"footnotes":""},"categories":[55],"tags":[],"class_list":["post-129659","post","type-post","status-publish","format-standard","has-post-thumbnail","hentry","category-cdmx"],"yoast_head":"<!-- This site is optimized with the Yoast SEO plugin v27.3 - https:\/\/yoast.com\/product\/yoast-seo-wordpress\/ -->\n<title>A partir de este jueves 12 de marzo, el Grupo Aeroportuario Marina llevar\u00e1 a cabo\u00a0operativos\u00a0para\u00a0inhibir\u00a0el servicio de\u00a0taxis por aplicaci\u00f3n\u00a0en el\u00a0Aeropuerto Internacional de la Ciudad de M\u00e9xico\u00a0(AICM) -<\/title>\n<meta name=\"robots\" content=\"index, follow, max-snippet:-1, max-image-preview:large, max-video-preview:-1\" \/>\n<link rel=\"canonical\" href=\"https:\/\/quehacerpolitico.mx\/?p=129659\" \/>\n<meta property=\"og:locale\" content=\"es_MX\" \/>\n<meta property=\"og:type\" content=\"article\" \/>\n<meta property=\"og:title\" content=\"A partir de este jueves 12 de marzo, el Grupo Aeroportuario Marina llevar\u00e1 a cabo\u00a0operativos\u00a0para\u00a0inhibir\u00a0el servicio de\u00a0taxis por aplicaci\u00f3n\u00a0en el\u00a0Aeropuerto Internacional de la Ciudad de M\u00e9xico\u00a0(AICM) -\" \/>\n<meta property=\"og:description\" content=\"Por Redacci\u00f3n QP La Guardia Nacional encabezar\u00e1 los operativos en el AICM para inhibir a...\" \/>\n<meta property=\"og:url\" content=\"https:\/\/quehacerpolitico.mx\/?p=129659\" \/>\n<meta property=\"article:published_time\" content=\"2026-03-12T20:27:22+00:00\" \/>\n<meta property=\"article:modified_time\" content=\"2026-03-12T20:27:27+00:00\" \/>\n<meta property=\"og:image\" content=\"http:\/\/quehacerpolitico.mx\/wp-content\/uploads\/2026\/03\/IMG_7215.jpeg\" \/>\n\t<meta property=\"og:image:width\" content=\"1170\" \/>\n\t<meta property=\"og:image:height\" content=\"637\" \/>\n\t<meta property=\"og:image:type\" content=\"image\/jpeg\" \/>\n<meta name=\"author\" content=\"Redacci\u00f3n QP\" \/>\n<meta name=\"twitter:card\" content=\"summary_large_image\" \/>\n<meta name=\"twitter:label1\" content=\"Escrito por\" \/>\n\t<meta name=\"twitter:data1\" content=\"Redacci\u00f3n QP\" \/>\n\t<meta name=\"twitter:label2\" content=\"Tiempo de lectura\" \/>\n\t<meta name=\"twitter:data2\" content=\"3 minutos\" \/>\n<script type=\"application\/ld+json\" class=\"yoast-schema-graph\">{\"@context\":\"https:\\\/\\\/schema.org\",\"@graph\":[{\"@type\":\"Article\",\"@id\":\"https:\\\/\\\/quehacerpolitico.mx\\\/?p=129659#article\",\"isPartOf\":{\"@id\":\"https:\\\/\\\/quehacerpolitico.mx\\\/?p=129659\"},\"author\":{\"name\":\"Redacci\u00f3n QP\",\"@id\":\"https:\\\/\\\/quehacerpolitico.mx\\\/#\\\/schema\\\/person\\\/496d8ad2d1d3f8036101dca7ee39e585\"},\"headline\":\"A partir de este jueves 12 de marzo, el Grupo Aeroportuario Marina llevar\u00e1 a cabo\u00a0operativos\u00a0para\u00a0inhibir\u00a0el servicio de\u00a0taxis por aplicaci\u00f3n\u00a0en el\u00a0Aeropuerto Internacional de la Ciudad de M\u00e9xico\u00a0(AICM)\",\"datePublished\":\"2026-03-12T20:27:22+00:00\",\"dateModified\":\"2026-03-12T20:27:27+00:00\",\"mainEntityOfPage\":{\"@id\":\"https:\\\/\\\/quehacerpolitico.mx\\\/?p=129659\"},\"wordCount\":640,\"commentCount\":0,\"image\":{\"@id\":\"https:\\\/\\\/quehacerpolitico.mx\\\/?p=129659#primaryimage\"},\"thumbnailUrl\":\"https:\\\/\\\/quehacerpolitico.mx\\\/wp-content\\\/uploads\\\/2026\\\/03\\\/IMG_7215.jpeg\",\"articleSection\":[\"CDMX\"],\"inLanguage\":\"es\",\"potentialAction\":[{\"@type\":\"CommentAction\",\"name\":\"Comment\",\"target\":[\"https:\\\/\\\/quehacerpolitico.mx\\\/?p=129659#respond\"]}]},{\"@type\":\"WebPage\",\"@id\":\"https:\\\/\\\/quehacerpolitico.mx\\\/?p=129659\",\"url\":\"https:\\\/\\\/quehacerpolitico.mx\\\/?p=129659\",\"name\":\"A partir de este jueves 12 de marzo, el Grupo Aeroportuario Marina llevar\u00e1 a cabo\u00a0operativos\u00a0para\u00a0inhibir\u00a0el servicio de\u00a0taxis por aplicaci\u00f3n\u00a0en el\u00a0Aeropuerto Internacional de la Ciudad de M\u00e9xico\u00a0(AICM) -\",\"isPartOf\":{\"@id\":\"https:\\\/\\\/quehacerpolitico.mx\\\/#website\"},\"primaryImageOfPage\":{\"@id\":\"https:\\\/\\\/quehacerpolitico.mx\\\/?p=129659#primaryimage\"},\"image\":{\"@id\":\"https:\\\/\\\/quehacerpolitico.mx\\\/?p=129659#primaryimage\"},\"thumbnailUrl\":\"https:\\\/\\\/quehacerpolitico.mx\\\/wp-content\\\/uploads\\\/2026\\\/03\\\/IMG_7215.jpeg\",\"datePublished\":\"2026-03-12T20:27:22+00:00\",\"dateModified\":\"2026-03-12T20:27:27+00:00\",\"author\":{\"@id\":\"https:\\\/\\\/quehacerpolitico.mx\\\/#\\\/schema\\\/person\\\/496d8ad2d1d3f8036101dca7ee39e585\"},\"breadcrumb\":{\"@id\":\"https:\\\/\\\/quehacerpolitico.mx\\\/?p=129659#breadcrumb\"},\"inLanguage\":\"es\",\"potentialAction\":[{\"@type\":\"ReadAction\",\"target\":[\"https:\\\/\\\/quehacerpolitico.mx\\\/?p=129659\"]}]},{\"@type\":\"ImageObject\",\"inLanguage\":\"es\",\"@id\":\"https:\\\/\\\/quehacerpolitico.mx\\\/?p=129659#primaryimage\",\"url\":\"https:\\\/\\\/quehacerpolitico.mx\\\/wp-content\\\/uploads\\\/2026\\\/03\\\/IMG_7215.jpeg\",\"contentUrl\":\"https:\\\/\\\/quehacerpolitico.mx\\\/wp-content\\\/uploads\\\/2026\\\/03\\\/IMG_7215.jpeg\",\"width\":1170,\"height\":637,\"caption\":\"Screenshot\"},{\"@type\":\"BreadcrumbList\",\"@id\":\"https:\\\/\\\/quehacerpolitico.mx\\\/?p=129659#breadcrumb\",\"itemListElement\":[{\"@type\":\"ListItem\",\"position\":1,\"name\":\"Inicio\",\"item\":\"https:\\\/\\\/quehacerpolitico.mx\\\/\"},{\"@type\":\"ListItem\",\"position\":2,\"name\":\"A partir de este jueves 12 de marzo, el Grupo Aeroportuario Marina llevar\u00e1 a cabo\u00a0operativos\u00a0para\u00a0inhibir\u00a0el servicio de\u00a0taxis por aplicaci\u00f3n\u00a0en el\u00a0Aeropuerto Internacional de la Ciudad de M\u00e9xico\u00a0(AICM)\"}]},{\"@type\":\"WebSite\",\"@id\":\"https:\\\/\\\/quehacerpolitico.mx\\\/#website\",\"url\":\"https:\\\/\\\/quehacerpolitico.mx\\\/\",\"name\":\"\",\"description\":\"\",\"potentialAction\":[{\"@type\":\"SearchAction\",\"target\":{\"@type\":\"EntryPoint\",\"urlTemplate\":\"https:\\\/\\\/quehacerpolitico.mx\\\/?s={search_term_string}\"},\"query-input\":{\"@type\":\"PropertyValueSpecification\",\"valueRequired\":true,\"valueName\":\"search_term_string\"}}],\"inLanguage\":\"es\"},{\"@type\":\"Person\",\"@id\":\"https:\\\/\\\/quehacerpolitico.mx\\\/#\\\/schema\\\/person\\\/496d8ad2d1d3f8036101dca7ee39e585\",\"name\":\"Redacci\u00f3n QP\",\"image\":{\"@type\":\"ImageObject\",\"inLanguage\":\"es\",\"@id\":\"https:\\\/\\\/secure.gravatar.com\\\/avatar\\\/c7164ed6fdec453195284ad24a5ae5b6e1eed2b848477fa2a4787ba9adf39a41?s=96&d=mm&r=g\",\"url\":\"https:\\\/\\\/secure.gravatar.com\\\/avatar\\\/c7164ed6fdec453195284ad24a5ae5b6e1eed2b848477fa2a4787ba9adf39a41?s=96&d=mm&r=g\",\"contentUrl\":\"https:\\\/\\\/secure.gravatar.com\\\/avatar\\\/c7164ed6fdec453195284ad24a5ae5b6e1eed2b848477fa2a4787ba9adf39a41?s=96&d=mm&r=g\",\"caption\":\"Redacci\u00f3n QP\"},\"url\":\"https:\\\/\\\/quehacerpolitico.mx\\\/?author=2\"}]}<\/script>\n<!-- \/ Yoast SEO plugin. -->","yoast_head_json":{"title":"A partir de este jueves 12 de marzo, el Grupo Aeroportuario Marina llevar\u00e1 a cabo\u00a0operativos\u00a0para\u00a0inhibir\u00a0el servicio de\u00a0taxis por aplicaci\u00f3n\u00a0en el\u00a0Aeropuerto Internacional de la Ciudad de M\u00e9xico\u00a0(AICM) -","robots":{"index":"index","follow":"follow","max-snippet":"max-snippet:-1","max-image-preview":"max-image-preview:large","max-video-preview":"max-video-preview:-1"},"canonical":"https:\/\/quehacerpolitico.mx\/?p=129659","og_locale":"es_MX","og_type":"article","og_title":"A partir de este jueves 12 de marzo, el Grupo Aeroportuario Marina llevar\u00e1 a cabo\u00a0operativos\u00a0para\u00a0inhibir\u00a0el servicio de\u00a0taxis por aplicaci\u00f3n\u00a0en el\u00a0Aeropuerto Internacional de la Ciudad de M\u00e9xico\u00a0(AICM) -","og_description":"Por Redacci\u00f3n QP La Guardia Nacional encabezar\u00e1 los operativos en el AICM para inhibir a...","og_url":"https:\/\/quehacerpolitico.mx\/?p=129659","article_published_time":"2026-03-12T20:27:22+00:00","article_modified_time":"2026-03-12T20:27:27+00:00","og_image":[{"width":1170,"height":637,"url":"http:\/\/quehacerpolitico.mx\/wp-content\/uploads\/2026\/03\/IMG_7215.jpeg","type":"image\/jpeg"}],"author":"Redacci\u00f3n QP","twitter_card":"summary_large_image","twitter_misc":{"Escrito por":"Redacci\u00f3n QP","Tiempo de lectura":"3 minutos"},"schema":{"@context":"https:\/\/schema.org","@graph":[{"@type":"Article","@id":"https:\/\/quehacerpolitico.mx\/?p=129659#article","isPartOf":{"@id":"https:\/\/quehacerpolitico.mx\/?p=129659"},"author":{"name":"Redacci\u00f3n QP","@id":"https:\/\/quehacerpolitico.mx\/#\/schema\/person\/496d8ad2d1d3f8036101dca7ee39e585"},"headline":"A partir de este jueves 12 de marzo, el Grupo Aeroportuario Marina llevar\u00e1 a cabo\u00a0operativos\u00a0para\u00a0inhibir\u00a0el servicio de\u00a0taxis por aplicaci\u00f3n\u00a0en el\u00a0Aeropuerto Internacional de la Ciudad de M\u00e9xico\u00a0(AICM)","datePublished":"2026-03-12T20:27:22+00:00","dateModified":"2026-03-12T20:27:27+00:00","mainEntityOfPage":{"@id":"https:\/\/quehacerpolitico.mx\/?p=129659"},"wordCount":640,"commentCount":0,"image":{"@id":"https:\/\/quehacerpolitico.mx\/?p=129659#primaryimage"},"thumbnailUrl":"https:\/\/quehacerpolitico.mx\/wp-content\/uploads\/2026\/03\/IMG_7215.jpeg","articleSection":["CDMX"],"inLanguage":"es","potentialAction":[{"@type":"CommentAction","name":"Comment","target":["https:\/\/quehacerpolitico.mx\/?p=129659#respond"]}]},{"@type":"WebPage","@id":"https:\/\/quehacerpolitico.mx\/?p=129659","url":"https:\/\/quehacerpolitico.mx\/?p=129659","name":"A partir de este jueves 12 de marzo, el Grupo Aeroportuario Marina llevar\u00e1 a cabo\u00a0operativos\u00a0para\u00a0inhibir\u00a0el servicio de\u00a0taxis por aplicaci\u00f3n\u00a0en el\u00a0Aeropuerto Internacional de la Ciudad de M\u00e9xico\u00a0(AICM) -","isPartOf":{"@id":"https:\/\/quehacerpolitico.mx\/#website"},"primaryImageOfPage":{"@id":"https:\/\/quehacerpolitico.mx\/?p=129659#primaryimage"},"image":{"@id":"https:\/\/quehacerpolitico.mx\/?p=129659#primaryimage"},"thumbnailUrl":"https:\/\/quehacerpolitico.mx\/wp-content\/uploads\/2026\/03\/IMG_7215.jpeg","datePublished":"2026-03-12T20:27:22+00:00","dateModified":"2026-03-12T20:27:27+00:00","author":{"@id":"https:\/\/quehacerpolitico.mx\/#\/schema\/person\/496d8ad2d1d3f8036101dca7ee39e585"},"breadcrumb":{"@id":"https:\/\/quehacerpolitico.mx\/?p=129659#breadcrumb"},"inLanguage":"es","potentialAction":[{"@type":"ReadAction","target":["https:\/\/quehacerpolitico.mx\/?p=129659"]}]},{"@type":"ImageObject","inLanguage":"es","@id":"https:\/\/quehacerpolitico.mx\/?p=129659#primaryimage","url":"https:\/\/quehacerpolitico.mx\/wp-content\/uploads\/2026\/03\/IMG_7215.jpeg","contentUrl":"https:\/\/quehacerpolitico.mx\/wp-content\/uploads\/2026\/03\/IMG_7215.jpeg","width":1170,"height":637,"caption":"Screenshot"},{"@type":"BreadcrumbList","@id":"https:\/\/quehacerpolitico.mx\/?p=129659#breadcrumb","itemListElement":[{"@type":"ListItem","position":1,"name":"Inicio","item":"https:\/\/quehacerpolitico.mx\/"},{"@type":"ListItem","position":2,"name":"A partir de este jueves 12 de marzo, el Grupo Aeroportuario Marina llevar\u00e1 a cabo\u00a0operativos\u00a0para\u00a0inhibir\u00a0el servicio de\u00a0taxis por aplicaci\u00f3n\u00a0en el\u00a0Aeropuerto Internacional de la Ciudad de M\u00e9xico\u00a0(AICM)"}]},{"@type":"WebSite","@id":"https:\/\/quehacerpolitico.mx\/#website","url":"https:\/\/quehacerpolitico.mx\/","name":"","description":"","potentialAction":[{"@type":"SearchAction","target":{"@type":"EntryPoint","urlTemplate":"https:\/\/quehacerpolitico.mx\/?s={search_term_string}"},"query-input":{"@type":"PropertyValueSpecification","valueRequired":true,"valueName":"search_term_string"}}],"inLanguage":"es"},{"@type":"Person","@id":"https:\/\/quehacerpolitico.mx\/#\/schema\/person\/496d8ad2d1d3f8036101dca7ee39e585","name":"Redacci\u00f3n QP","image":{"@type":"ImageObject","inLanguage":"es","@id":"https:\/\/secure.gravatar.com\/avatar\/c7164ed6fdec453195284ad24a5ae5b6e1eed2b848477fa2a4787ba9adf39a41?s=96&d=mm&r=g","url":"https:\/\/secure.gravatar.com\/avatar\/c7164ed6fdec453195284ad24a5ae5b6e1eed2b848477fa2a4787ba9adf39a41?s=96&d=mm&r=g","contentUrl":"https:\/\/secure.gravatar.com\/avatar\/c7164ed6fdec453195284ad24a5ae5b6e1eed2b848477fa2a4787ba9adf39a41?s=96&d=mm&r=g","caption":"Redacci\u00f3n QP"},"url":"https:\/\/quehacerpolitico.mx\/?author=2"}]}},"featured_image_urls":{"full":["https:\/\/quehacerpolitico.mx\/wp-content\/uploads\/2026\/03\/IMG_7215.jpeg",1170,637,false],"thumbnail":["https:\/\/quehacerpolitico.mx\/wp-content\/uploads\/2026\/03\/IMG_7215-150x150.jpeg",150,150,true],"medium":["https:\/\/quehacerpolitico.mx\/wp-content\/uploads\/2026\/03\/IMG_7215-300x163.jpeg",300,163,true],"medium_large":["https:\/\/quehacerpolitico.mx\/wp-content\/uploads\/2026\/03\/IMG_7215-768x418.jpeg",640,348,true],"large":["https:\/\/quehacerpolitico.mx\/wp-content\/uploads\/2026\/03\/IMG_7215-1024x558.jpeg",640,349,true],"1536x1536":["https:\/\/quehacerpolitico.mx\/wp-content\/uploads\/2026\/03\/IMG_7215.jpeg",1170,637,false],"2048x2048":["https:\/\/quehacerpolitico.mx\/wp-content\/uploads\/2026\/03\/IMG_7215.jpeg",1170,637,false],"covernews-featured":["https:\/\/quehacerpolitico.mx\/wp-content\/uploads\/2026\/03\/IMG_7215-1024x558.jpeg",1024,558,true],"covernews-medium":["https:\/\/quehacerpolitico.mx\/wp-content\/uploads\/2026\/03\/IMG_7215-540x340.jpeg",540,340,true]},"author_info":{"display_name":"Redacci\u00f3n QP","author_link":"https:\/\/quehacerpolitico.mx\/?author=2"},"category_info":"<a href=\"https:\/\/quehacerpolitico.mx\/?cat=55\" rel=\"category\">CDMX<\/a>","tag_info":"CDMX","comment_count":"0","_links":{"self":[{"href":"https:\/\/quehacerpolitico.mx\/index.php?rest_route=\/wp\/v2\/posts\/129659","targetHints":{"allow":["GET"]}}],"collection":[{"href":"https:\/\/quehacerpolitico.mx\/index.php?rest_route=\/wp\/v2\/posts"}],"about":[{"href":"https:\/\/quehacerpolitico.mx\/index.php?rest_route=\/wp\/v2\/types\/post"}],"author":[{"embeddable":true,"href":"https:\/\/quehacerpolitico.mx\/index.php?rest_route=\/wp\/v2\/users\/2"}],"replies":[{"embeddable":true,"href":"https:\/\/quehacerpolitico.mx\/index.php?rest_route=%2Fwp%2Fv2%2Fcomments&post=129659"}],"version-history":[{"count":1,"href":"https:\/\/quehacerpolitico.mx\/index.php?rest_route=\/wp\/v2\/posts\/129659\/revisions"}],"predecessor-version":[{"id":129661,"href":"https:\/\/quehacerpolitico.mx\/index.php?rest_route=\/wp\/v2\/posts\/129659\/revisions\/129661"}],"wp:featuredmedia":[{"embeddable":true,"href":"https:\/\/quehacerpolitico.mx\/index.php?rest_route=\/wp\/v2\/media\/129660"}],"wp:attachment":[{"href":"https:\/\/quehacerpolitico.mx\/index.php?rest_route=%2Fwp%2Fv2%2Fmedia&parent=129659"}],"wp:term":[{"taxonomy":"category","embeddable":true,"href":"https:\/\/quehacerpolitico.mx\/index.php?rest_route=%2Fwp%2Fv2%2Fcategories&post=129659"},{"taxonomy":"post_tag","embeddable":true,"href":"https:\/\/quehacerpolitico.mx\/index.php?rest_route=%2Fwp%2Fv2%2Ftags&post=129659"}],"curies":[{"name":"wp","href":"https:\/\/api.w.org\/{rel}","templated":true}]}}