{"id":129651,"date":"2026-03-12T12:56:30","date_gmt":"2026-03-12T18:56:30","guid":{"rendered":"https:\/\/quehacerpolitico.mx\/?p=129651"},"modified":"2026-03-12T12:56:34","modified_gmt":"2026-03-12T18:56:34","slug":"premio-pritzker-2026-para-el-chileno-smiljan-radic-clarke-por-su-arquitectura-con-presencia-emocional","status":"publish","type":"post","link":"https:\/\/quehacerpolitico.mx\/?p=129651","title":{"rendered":"Premio Pritzker 2026 para el chileno Smiljan Radic Clarke por su arquitectura con &#8220;presencia emocional&#8221;"},"content":{"rendered":"\n<p>Por Redacci\u00f3n QP<\/p>\n\n\n\n<p>El jurado consider\u00f3 darle el reconocimiento porque sus obras de apariencia fr\u00e1gil e inacabada &#8220;proporcionan un refugio estructurado, optimista y discretamente alegre&#8221;<\/p>\n\n\n\n<p>Por la &#8220;originalidad radical&#8221; de su obra, &#8220;vinculada a la experimentaci\u00f3n material y la memoria cultural&#8221;, el arquitecto chileno&nbsp;<strong>Smiljan Radic Clarke es el ganador del Premio Pritzker 2026<\/strong>, seg\u00fan anunci\u00f3 este jueves la organizaci\u00f3n del galard\u00f3n, considerado el &#8220;Nobel de la arquitectura&#8221;.&nbsp;<\/p>\n\n\n\n<p>La obra de Smiljan Radic Clarke tiene un&nbsp;<strong>fuerte componente filos\u00f3fico y art\u00edstico<\/strong>. &#8220;Las ideas habitan las cosas. Siempre he intentado crear entornos donde otros puedan descubrir ideas emergentes&#8221;, se\u00f1ala el galardonado en el comunicado que anunci\u00f3 el fallo.<\/p>\n\n\n\n<figure class=\"wp-block-embed is-type-video is-provider-youtube wp-block-embed-youtube wp-embed-aspect-9-16 wp-has-aspect-ratio\"><div class=\"wp-block-embed__wrapper\">\n<iframe loading=\"lazy\" title=\"Smiljan Radi\u0107 blurs  architecture and sculpture. Architecture Icons \u2013 Series 52\" width=\"540\" height=\"960\" src=\"https:\/\/www.youtube.com\/embed\/pLDc9XEjaxk?feature=oembed\" frameborder=\"0\" allow=\"accelerometer; autoplay; clipboard-write; encrypted-media; gyroscope; picture-in-picture; web-share\" referrerpolicy=\"strict-origin-when-cross-origin\" allowfullscreen><\/iframe>\n<\/div><\/figure>\n\n\n\n<p>El jurado destaca la complejidad de las obras del arquitecto chileno, que se sit\u00faan en &#8220;una encrucijada entre\u00a0<strong>la incertidumbre, la experimentaci\u00f3n material y la memoria cultural<\/strong>&#8221; y que no tienen un signo distintivo, nunca se repite, sino que permite que cada edificio emerja a partir de las condiciones particulares de su ubicaci\u00f3n y destino.<\/p>\n\n\n\n<h2 class=\"wp-block-heading\">Entre la fragilidad y la estructura optimista&nbsp;<\/h2>\n\n\n\n<p>&#8220;Smiljan Radic privilegia la fragilidad frente a cualquier afirmaci\u00f3n injustificada de certeza. Sus edificios parecen temporales, inestables o deliberadamente inacabados \u2014casi a punto de desaparecer\u2014, y sin embargo&nbsp;<strong>proporcionan un refugio estructurado, optimista y discretamente alegre<\/strong>, que abraza la vulnerabilidad como una condici\u00f3n intr\u00ednseca de la experiencia vivida&#8221;, se\u00f1ala el fallo.<\/p>\n\n\n\n<p>El laureado por su parte&nbsp;<strong>reflexiona sobre la misi\u00f3n de la arquitectura hoy en d\u00eda<\/strong>: &#8220;La arquitectura existe entre formas grandes, masivas y duraderas, estructuras que permanecen bajo el sol durante siglos, esperando nuestra visita, y construcciones m\u00e1s peque\u00f1as y fr\u00e1giles ef\u00edmeras como la vida de una mosca, a menudo sin un destino claro bajo la luz convencional&#8221;, se\u00f1ala.<\/p>\n\n\n\n<figure class=\"wp-block-image\"><img decoding=\"async\" src=\"https:\/\/latinus.us\/u\/fotografias\/m\/2026\/3\/12\/f768x400-141522_185425_5050.jpg\" alt=\"\"\/><figcaption class=\"wp-element-caption\">El Serpentine Gallery Pavilion (2014, Londres, Reino Unido) es una de sus obras que transmite fragilidad y optimismo. Cr\u00e9dito: EFE<\/figcaption><\/figure>\n\n\n\n<p>&#8220;Dentro de esta tensi\u00f3n entre tiempos dispares \u2014a\u00f1ade\u2014, nos esforzamos por crear experiencias que&nbsp;<strong>transmitan presencia emocional<\/strong>, animando a las personas a detenerse y reconsiderar un mundo que a menudo pasa ante ellas con indiferencia&#8221;.<\/p>\n\n\n\n<p>El jurado reconoce la dificultad de reproducir &#8220;las cualidades de su obra arquitect\u00f3nica en lenguaje hablado&#8221; porque sus dise\u00f1os trabajan &#8220;con dimensiones de la experiencia, que son inmediatamente palpables&nbsp;<strong>pero escapan a la verbalizaci\u00f3n<\/strong>&#8220;.<\/p>\n\n\n\n<h2 class=\"wp-block-heading\">Biograf\u00eda y obras<\/h2>\n\n\n\n<p>Smiljan Radic Clarke naci\u00f3 en 1965 en Santiago de Chile y estudi\u00f3 en la Pontificia Universidad Cat\u00f3lica de Chile y en el Istituto Universitario di Architettura de Venecia.&nbsp;<\/p>\n\n\n\n<p>Durante sus a\u00f1os universitarios conoci\u00f3 a la escultora Marcela Correa, con quien se cas\u00f3 y&nbsp;<strong>juntos dise\u00f1aron su primera obra<\/strong>, &#8220;Casa Chica&#8221;&nbsp;un edificio de 24 metros cuadrados construido a mano en la cordillera de los Andes.&nbsp;&nbsp;<\/p>\n\n\n\n<p><strong>Entre sus obras m\u00e1s importantes<\/strong>&nbsp;se encuentran el Pabell\u00f3n Serpentine Gallery (Londres, 2014), compuesto por una carcasa transl\u00facida de fibra de vidrio apoyada en enormes piedras, o el Teatro Regional del B\u00edo-B\u00edo (Concepci\u00f3n, Chile, 2018), un edificio con una envoltura semitransl\u00facida dise\u00f1ada para modular la luz y la ac\u00fastica.&nbsp;<\/p>\n\n\n\n<p>Tambi\u00e9n ha firmado el edificio Nave, un centro de creaci\u00f3n en Santiago de Chile;&nbsp;la ampliaci\u00f3n del Museo de Arte Precolombino en Chile;&nbsp;la Casa para el Poema del \u00c1ngulo Recto, en Vilches, Chile;&nbsp;las Bodegas Vi\u00f1a VIK, y el edificio del Restaurante Mestizo, tambi\u00e9n en Chile.&nbsp;<\/p>\n\n\n\n<figure class=\"wp-block-image\"><img decoding=\"async\" src=\"https:\/\/latinus.us\/u\/fotografias\/m\/2026\/3\/12\/f768x400-141520_185423_7067.jpg\" alt=\"\"\/><figcaption class=\"wp-element-caption\">Restaurante Mestizo, en Santiago de Chile. Cr\u00e9dito: EFE<\/figcaption><\/figure>\n\n\n\n<p>En 2017 estableci\u00f3 la&nbsp;<strong>Fundaci\u00f3n de Arquitectura Fr\u00e1gil en Santiago<\/strong>, promoviendo la investigaci\u00f3n experimental y la pr\u00e1ctica colectiva, que cuenta con una exposici\u00f3n actualmente en el Museo de Bellas Artes de Chile.&nbsp;<\/p>\n\n\n\n<p>Radic mantiene un estudio en Santiago de Chile, donde contin\u00faa desarrollando una arquitectura &#8220;profundamente personal y&nbsp;<strong>atenta a la experiencia humana<\/strong>&#8220;, se\u00f1ala el comunicado del Premio Pritzker. Actualmente tiene proyectos en Albania, Espa\u00f1a, Suiza y Reino Unido.&nbsp;&nbsp;<\/p>\n\n\n\n<p>Su obra ha recibido numerosos reconocimientos internacionales, como el Oris Award, el Arnold W. Brunner Memorial Prize y el Gran Premio de la Bienal Panamericana de Arquitectura de Quito, y ha sido exhibida en museos y galer\u00edas de Jap\u00f3n, Estados Unidos, Austria, Italia y Chile.&nbsp;&nbsp;<\/p>\n\n\n\n<p>El jurado del Premio Pritzker de Arquitectura 2026 estuvo presidido por el arquitecto chileno Alejandro Aravena, laureado del Pritzker en 2016, y cont\u00f3 con la participaci\u00f3n de expertos como en arquitectura como Barry Bergdoll, Deborah Berke, Stephen Breyer, Andr\u00e9 Aranha Corr\u00eaa do Lago; la arquitecta y laureada del Pritzker 2021 Anne Lacaton; Hashim Sarkis; y la ganadora del Pritzker 2010 Kazuyo Sejima.<\/p>\n\n\n\n<p>Con informaci\u00f3n de EFE<\/p>\n\n\n\n<p><\/p>\n","protected":false},"excerpt":{"rendered":"<p>Por Redacci\u00f3n QP El jurado consider\u00f3 darle el reconocimiento porque sus obras de apariencia fr\u00e1gil&#8230;<\/p>\n","protected":false},"author":2,"featured_media":129652,"comment_status":"open","ping_status":"open","sticky":false,"template":"","format":"standard","meta":{"_monsterinsights_skip_tracking":false,"_monsterinsights_sitenote_active":false,"_monsterinsights_sitenote_note":"","_monsterinsights_sitenote_category":0,"footnotes":""},"categories":[58],"tags":[],"class_list":["post-129651","post","type-post","status-publish","format-standard","has-post-thumbnail","hentry","category-cultura"],"yoast_head":"<!-- This site is optimized with the Yoast SEO plugin v27.3 - https:\/\/yoast.com\/product\/yoast-seo-wordpress\/ -->\n<title>Premio Pritzker 2026 para el chileno Smiljan Radic Clarke por su arquitectura con &quot;presencia emocional&quot; -<\/title>\n<meta name=\"robots\" content=\"index, follow, max-snippet:-1, max-image-preview:large, max-video-preview:-1\" \/>\n<link rel=\"canonical\" href=\"https:\/\/quehacerpolitico.mx\/?p=129651\" \/>\n<meta property=\"og:locale\" content=\"es_MX\" \/>\n<meta property=\"og:type\" content=\"article\" \/>\n<meta property=\"og:title\" content=\"Premio Pritzker 2026 para el chileno Smiljan Radic Clarke por su arquitectura con &quot;presencia emocional&quot; -\" \/>\n<meta property=\"og:description\" content=\"Por Redacci\u00f3n QP El jurado consider\u00f3 darle el reconocimiento porque sus obras de apariencia fr\u00e1gil...\" \/>\n<meta property=\"og:url\" content=\"https:\/\/quehacerpolitico.mx\/?p=129651\" \/>\n<meta property=\"article:published_time\" content=\"2026-03-12T18:56:30+00:00\" \/>\n<meta property=\"article:modified_time\" content=\"2026-03-12T18:56:34+00:00\" \/>\n<meta property=\"og:image\" content=\"http:\/\/quehacerpolitico.mx\/wp-content\/uploads\/2026\/03\/IMG_7209.jpeg\" \/>\n\t<meta property=\"og:image:width\" content=\"1200\" \/>\n\t<meta property=\"og:image:height\" content=\"799\" \/>\n\t<meta property=\"og:image:type\" content=\"image\/jpeg\" \/>\n<meta name=\"author\" content=\"Redacci\u00f3n QP\" \/>\n<meta name=\"twitter:card\" content=\"summary_large_image\" \/>\n<meta name=\"twitter:label1\" content=\"Escrito por\" \/>\n\t<meta name=\"twitter:data1\" content=\"Redacci\u00f3n QP\" \/>\n\t<meta name=\"twitter:label2\" content=\"Tiempo de lectura\" \/>\n\t<meta name=\"twitter:data2\" content=\"4 minutos\" \/>\n<script type=\"application\/ld+json\" class=\"yoast-schema-graph\">{\"@context\":\"https:\\\/\\\/schema.org\",\"@graph\":[{\"@type\":\"Article\",\"@id\":\"https:\\\/\\\/quehacerpolitico.mx\\\/?p=129651#article\",\"isPartOf\":{\"@id\":\"https:\\\/\\\/quehacerpolitico.mx\\\/?p=129651\"},\"author\":{\"name\":\"Redacci\u00f3n QP\",\"@id\":\"https:\\\/\\\/quehacerpolitico.mx\\\/#\\\/schema\\\/person\\\/496d8ad2d1d3f8036101dca7ee39e585\"},\"headline\":\"Premio Pritzker 2026 para el chileno Smiljan Radic Clarke por su arquitectura con &#8220;presencia emocional&#8221;\",\"datePublished\":\"2026-03-12T18:56:30+00:00\",\"dateModified\":\"2026-03-12T18:56:34+00:00\",\"mainEntityOfPage\":{\"@id\":\"https:\\\/\\\/quehacerpolitico.mx\\\/?p=129651\"},\"wordCount\":820,\"commentCount\":0,\"image\":{\"@id\":\"https:\\\/\\\/quehacerpolitico.mx\\\/?p=129651#primaryimage\"},\"thumbnailUrl\":\"https:\\\/\\\/quehacerpolitico.mx\\\/wp-content\\\/uploads\\\/2026\\\/03\\\/IMG_7209.jpeg\",\"articleSection\":[\"Cultura y Entretenimiento\"],\"inLanguage\":\"es\",\"potentialAction\":[{\"@type\":\"CommentAction\",\"name\":\"Comment\",\"target\":[\"https:\\\/\\\/quehacerpolitico.mx\\\/?p=129651#respond\"]}]},{\"@type\":\"WebPage\",\"@id\":\"https:\\\/\\\/quehacerpolitico.mx\\\/?p=129651\",\"url\":\"https:\\\/\\\/quehacerpolitico.mx\\\/?p=129651\",\"name\":\"Premio Pritzker 2026 para el chileno Smiljan Radic Clarke por su arquitectura con \\\"presencia emocional\\\" -\",\"isPartOf\":{\"@id\":\"https:\\\/\\\/quehacerpolitico.mx\\\/#website\"},\"primaryImageOfPage\":{\"@id\":\"https:\\\/\\\/quehacerpolitico.mx\\\/?p=129651#primaryimage\"},\"image\":{\"@id\":\"https:\\\/\\\/quehacerpolitico.mx\\\/?p=129651#primaryimage\"},\"thumbnailUrl\":\"https:\\\/\\\/quehacerpolitico.mx\\\/wp-content\\\/uploads\\\/2026\\\/03\\\/IMG_7209.jpeg\",\"datePublished\":\"2026-03-12T18:56:30+00:00\",\"dateModified\":\"2026-03-12T18:56:34+00:00\",\"author\":{\"@id\":\"https:\\\/\\\/quehacerpolitico.mx\\\/#\\\/schema\\\/person\\\/496d8ad2d1d3f8036101dca7ee39e585\"},\"breadcrumb\":{\"@id\":\"https:\\\/\\\/quehacerpolitico.mx\\\/?p=129651#breadcrumb\"},\"inLanguage\":\"es\",\"potentialAction\":[{\"@type\":\"ReadAction\",\"target\":[\"https:\\\/\\\/quehacerpolitico.mx\\\/?p=129651\"]}]},{\"@type\":\"ImageObject\",\"inLanguage\":\"es\",\"@id\":\"https:\\\/\\\/quehacerpolitico.mx\\\/?p=129651#primaryimage\",\"url\":\"https:\\\/\\\/quehacerpolitico.mx\\\/wp-content\\\/uploads\\\/2026\\\/03\\\/IMG_7209.jpeg\",\"contentUrl\":\"https:\\\/\\\/quehacerpolitico.mx\\\/wp-content\\\/uploads\\\/2026\\\/03\\\/IMG_7209.jpeg\",\"width\":1200,\"height\":799},{\"@type\":\"BreadcrumbList\",\"@id\":\"https:\\\/\\\/quehacerpolitico.mx\\\/?p=129651#breadcrumb\",\"itemListElement\":[{\"@type\":\"ListItem\",\"position\":1,\"name\":\"Inicio\",\"item\":\"https:\\\/\\\/quehacerpolitico.mx\\\/\"},{\"@type\":\"ListItem\",\"position\":2,\"name\":\"Premio Pritzker 2026 para el chileno Smiljan Radic Clarke por su arquitectura con &#8220;presencia emocional&#8221;\"}]},{\"@type\":\"WebSite\",\"@id\":\"https:\\\/\\\/quehacerpolitico.mx\\\/#website\",\"url\":\"https:\\\/\\\/quehacerpolitico.mx\\\/\",\"name\":\"\",\"description\":\"\",\"potentialAction\":[{\"@type\":\"SearchAction\",\"target\":{\"@type\":\"EntryPoint\",\"urlTemplate\":\"https:\\\/\\\/quehacerpolitico.mx\\\/?s={search_term_string}\"},\"query-input\":{\"@type\":\"PropertyValueSpecification\",\"valueRequired\":true,\"valueName\":\"search_term_string\"}}],\"inLanguage\":\"es\"},{\"@type\":\"Person\",\"@id\":\"https:\\\/\\\/quehacerpolitico.mx\\\/#\\\/schema\\\/person\\\/496d8ad2d1d3f8036101dca7ee39e585\",\"name\":\"Redacci\u00f3n QP\",\"image\":{\"@type\":\"ImageObject\",\"inLanguage\":\"es\",\"@id\":\"https:\\\/\\\/secure.gravatar.com\\\/avatar\\\/c7164ed6fdec453195284ad24a5ae5b6e1eed2b848477fa2a4787ba9adf39a41?s=96&d=mm&r=g\",\"url\":\"https:\\\/\\\/secure.gravatar.com\\\/avatar\\\/c7164ed6fdec453195284ad24a5ae5b6e1eed2b848477fa2a4787ba9adf39a41?s=96&d=mm&r=g\",\"contentUrl\":\"https:\\\/\\\/secure.gravatar.com\\\/avatar\\\/c7164ed6fdec453195284ad24a5ae5b6e1eed2b848477fa2a4787ba9adf39a41?s=96&d=mm&r=g\",\"caption\":\"Redacci\u00f3n QP\"},\"url\":\"https:\\\/\\\/quehacerpolitico.mx\\\/?author=2\"}]}<\/script>\n<!-- \/ Yoast SEO plugin. -->","yoast_head_json":{"title":"Premio Pritzker 2026 para el chileno Smiljan Radic Clarke por su arquitectura con \"presencia emocional\" -","robots":{"index":"index","follow":"follow","max-snippet":"max-snippet:-1","max-image-preview":"max-image-preview:large","max-video-preview":"max-video-preview:-1"},"canonical":"https:\/\/quehacerpolitico.mx\/?p=129651","og_locale":"es_MX","og_type":"article","og_title":"Premio Pritzker 2026 para el chileno Smiljan Radic Clarke por su arquitectura con \"presencia emocional\" -","og_description":"Por Redacci\u00f3n QP El jurado consider\u00f3 darle el reconocimiento porque sus obras de apariencia fr\u00e1gil...","og_url":"https:\/\/quehacerpolitico.mx\/?p=129651","article_published_time":"2026-03-12T18:56:30+00:00","article_modified_time":"2026-03-12T18:56:34+00:00","og_image":[{"width":1200,"height":799,"url":"http:\/\/quehacerpolitico.mx\/wp-content\/uploads\/2026\/03\/IMG_7209.jpeg","type":"image\/jpeg"}],"author":"Redacci\u00f3n QP","twitter_card":"summary_large_image","twitter_misc":{"Escrito por":"Redacci\u00f3n QP","Tiempo de lectura":"4 minutos"},"schema":{"@context":"https:\/\/schema.org","@graph":[{"@type":"Article","@id":"https:\/\/quehacerpolitico.mx\/?p=129651#article","isPartOf":{"@id":"https:\/\/quehacerpolitico.mx\/?p=129651"},"author":{"name":"Redacci\u00f3n QP","@id":"https:\/\/quehacerpolitico.mx\/#\/schema\/person\/496d8ad2d1d3f8036101dca7ee39e585"},"headline":"Premio Pritzker 2026 para el chileno Smiljan Radic Clarke por su arquitectura con &#8220;presencia emocional&#8221;","datePublished":"2026-03-12T18:56:30+00:00","dateModified":"2026-03-12T18:56:34+00:00","mainEntityOfPage":{"@id":"https:\/\/quehacerpolitico.mx\/?p=129651"},"wordCount":820,"commentCount":0,"image":{"@id":"https:\/\/quehacerpolitico.mx\/?p=129651#primaryimage"},"thumbnailUrl":"https:\/\/quehacerpolitico.mx\/wp-content\/uploads\/2026\/03\/IMG_7209.jpeg","articleSection":["Cultura y Entretenimiento"],"inLanguage":"es","potentialAction":[{"@type":"CommentAction","name":"Comment","target":["https:\/\/quehacerpolitico.mx\/?p=129651#respond"]}]},{"@type":"WebPage","@id":"https:\/\/quehacerpolitico.mx\/?p=129651","url":"https:\/\/quehacerpolitico.mx\/?p=129651","name":"Premio Pritzker 2026 para el chileno Smiljan Radic Clarke por su arquitectura con \"presencia emocional\" -","isPartOf":{"@id":"https:\/\/quehacerpolitico.mx\/#website"},"primaryImageOfPage":{"@id":"https:\/\/quehacerpolitico.mx\/?p=129651#primaryimage"},"image":{"@id":"https:\/\/quehacerpolitico.mx\/?p=129651#primaryimage"},"thumbnailUrl":"https:\/\/quehacerpolitico.mx\/wp-content\/uploads\/2026\/03\/IMG_7209.jpeg","datePublished":"2026-03-12T18:56:30+00:00","dateModified":"2026-03-12T18:56:34+00:00","author":{"@id":"https:\/\/quehacerpolitico.mx\/#\/schema\/person\/496d8ad2d1d3f8036101dca7ee39e585"},"breadcrumb":{"@id":"https:\/\/quehacerpolitico.mx\/?p=129651#breadcrumb"},"inLanguage":"es","potentialAction":[{"@type":"ReadAction","target":["https:\/\/quehacerpolitico.mx\/?p=129651"]}]},{"@type":"ImageObject","inLanguage":"es","@id":"https:\/\/quehacerpolitico.mx\/?p=129651#primaryimage","url":"https:\/\/quehacerpolitico.mx\/wp-content\/uploads\/2026\/03\/IMG_7209.jpeg","contentUrl":"https:\/\/quehacerpolitico.mx\/wp-content\/uploads\/2026\/03\/IMG_7209.jpeg","width":1200,"height":799},{"@type":"BreadcrumbList","@id":"https:\/\/quehacerpolitico.mx\/?p=129651#breadcrumb","itemListElement":[{"@type":"ListItem","position":1,"name":"Inicio","item":"https:\/\/quehacerpolitico.mx\/"},{"@type":"ListItem","position":2,"name":"Premio Pritzker 2026 para el chileno Smiljan Radic Clarke por su arquitectura con &#8220;presencia emocional&#8221;"}]},{"@type":"WebSite","@id":"https:\/\/quehacerpolitico.mx\/#website","url":"https:\/\/quehacerpolitico.mx\/","name":"","description":"","potentialAction":[{"@type":"SearchAction","target":{"@type":"EntryPoint","urlTemplate":"https:\/\/quehacerpolitico.mx\/?s={search_term_string}"},"query-input":{"@type":"PropertyValueSpecification","valueRequired":true,"valueName":"search_term_string"}}],"inLanguage":"es"},{"@type":"Person","@id":"https:\/\/quehacerpolitico.mx\/#\/schema\/person\/496d8ad2d1d3f8036101dca7ee39e585","name":"Redacci\u00f3n QP","image":{"@type":"ImageObject","inLanguage":"es","@id":"https:\/\/secure.gravatar.com\/avatar\/c7164ed6fdec453195284ad24a5ae5b6e1eed2b848477fa2a4787ba9adf39a41?s=96&d=mm&r=g","url":"https:\/\/secure.gravatar.com\/avatar\/c7164ed6fdec453195284ad24a5ae5b6e1eed2b848477fa2a4787ba9adf39a41?s=96&d=mm&r=g","contentUrl":"https:\/\/secure.gravatar.com\/avatar\/c7164ed6fdec453195284ad24a5ae5b6e1eed2b848477fa2a4787ba9adf39a41?s=96&d=mm&r=g","caption":"Redacci\u00f3n QP"},"url":"https:\/\/quehacerpolitico.mx\/?author=2"}]}},"featured_image_urls":{"full":["https:\/\/quehacerpolitico.mx\/wp-content\/uploads\/2026\/03\/IMG_7209.jpeg",1200,799,false],"thumbnail":["https:\/\/quehacerpolitico.mx\/wp-content\/uploads\/2026\/03\/IMG_7209-150x150.jpeg",150,150,true],"medium":["https:\/\/quehacerpolitico.mx\/wp-content\/uploads\/2026\/03\/IMG_7209-300x200.jpeg",300,200,true],"medium_large":["https:\/\/quehacerpolitico.mx\/wp-content\/uploads\/2026\/03\/IMG_7209-768x511.jpeg",640,426,true],"large":["https:\/\/quehacerpolitico.mx\/wp-content\/uploads\/2026\/03\/IMG_7209-1024x682.jpeg",640,426,true],"1536x1536":["https:\/\/quehacerpolitico.mx\/wp-content\/uploads\/2026\/03\/IMG_7209.jpeg",1200,799,false],"2048x2048":["https:\/\/quehacerpolitico.mx\/wp-content\/uploads\/2026\/03\/IMG_7209.jpeg",1200,799,false],"covernews-featured":["https:\/\/quehacerpolitico.mx\/wp-content\/uploads\/2026\/03\/IMG_7209-1024x682.jpeg",1024,682,true],"covernews-medium":["https:\/\/quehacerpolitico.mx\/wp-content\/uploads\/2026\/03\/IMG_7209-540x340.jpeg",540,340,true]},"author_info":{"display_name":"Redacci\u00f3n QP","author_link":"https:\/\/quehacerpolitico.mx\/?author=2"},"category_info":"<a href=\"https:\/\/quehacerpolitico.mx\/?cat=58\" rel=\"category\">Cultura y Entretenimiento<\/a>","tag_info":"Cultura y Entretenimiento","comment_count":"0","_links":{"self":[{"href":"https:\/\/quehacerpolitico.mx\/index.php?rest_route=\/wp\/v2\/posts\/129651","targetHints":{"allow":["GET"]}}],"collection":[{"href":"https:\/\/quehacerpolitico.mx\/index.php?rest_route=\/wp\/v2\/posts"}],"about":[{"href":"https:\/\/quehacerpolitico.mx\/index.php?rest_route=\/wp\/v2\/types\/post"}],"author":[{"embeddable":true,"href":"https:\/\/quehacerpolitico.mx\/index.php?rest_route=\/wp\/v2\/users\/2"}],"replies":[{"embeddable":true,"href":"https:\/\/quehacerpolitico.mx\/index.php?rest_route=%2Fwp%2Fv2%2Fcomments&post=129651"}],"version-history":[{"count":1,"href":"https:\/\/quehacerpolitico.mx\/index.php?rest_route=\/wp\/v2\/posts\/129651\/revisions"}],"predecessor-version":[{"id":129653,"href":"https:\/\/quehacerpolitico.mx\/index.php?rest_route=\/wp\/v2\/posts\/129651\/revisions\/129653"}],"wp:featuredmedia":[{"embeddable":true,"href":"https:\/\/quehacerpolitico.mx\/index.php?rest_route=\/wp\/v2\/media\/129652"}],"wp:attachment":[{"href":"https:\/\/quehacerpolitico.mx\/index.php?rest_route=%2Fwp%2Fv2%2Fmedia&parent=129651"}],"wp:term":[{"taxonomy":"category","embeddable":true,"href":"https:\/\/quehacerpolitico.mx\/index.php?rest_route=%2Fwp%2Fv2%2Fcategories&post=129651"},{"taxonomy":"post_tag","embeddable":true,"href":"https:\/\/quehacerpolitico.mx\/index.php?rest_route=%2Fwp%2Fv2%2Ftags&post=129651"}],"curies":[{"name":"wp","href":"https:\/\/api.w.org\/{rel}","templated":true}]}}