{"id":129644,"date":"2026-03-12T11:20:13","date_gmt":"2026-03-12T17:20:13","guid":{"rendered":"https:\/\/quehacerpolitico.mx\/?p=129644"},"modified":"2026-03-12T11:20:16","modified_gmt":"2026-03-12T17:20:16","slug":"son-investigaciones-de-meses-sheinbaum-niega-haber-dado-una-orden-para-detener-a-el-mencho","status":"publish","type":"post","link":"https:\/\/quehacerpolitico.mx\/?p=129644","title":{"rendered":"\u201cSon investigaciones de meses\u201d: Sheinbaum niega haber dado una orden para detener a \u201cEl Mencho\u201d"},"content":{"rendered":"\n<p>Por Redacci\u00f3n QP<\/p>\n\n\n\n<p>La mandataria se\u00f1al\u00f3 que el operativo obedece a las \u00f3rdenes de aprehensi\u00f3n que se ten\u00edan en contra del l\u00edder del CJNG y neg\u00f3 que de la noche a la ma\u00f1ana alguien hubiera dicho &#8220;ah\u00ed est\u00e1, vayan por \u00e9l&#8221;<\/p>\n\n\n\n<p>La presidenta\u00a0<strong>Claudia Sheinbaum<\/strong>\u00a0neg\u00f3 este jueves haber dado una\u00a0orden para emprender la operaci\u00f3n en contra de Nemesio Oseguera<strong>, &#8220;El Mencho&#8221;\u00a0<\/strong>y l\u00edder del C\u00e1rtel Nueva Generaci\u00f3n (CJNG).<\/p>\n\n\n\n<figure class=\"wp-block-embed is-type-rich is-provider-twitter wp-block-embed-twitter\"><div class=\"wp-block-embed__wrapper\">\n<blockquote class=\"twitter-tweet\" data-width=\"550\" data-dnt=\"true\"><p lang=\"es\" dir=\"ltr\">\ud83d\udea8La presidenta Claudia Sheinbaum neg\u00f3 haber instruido la detenci\u00f3n de \u201cEl Mencho\u201d, dijo que fue resultado de la orden de aprehensi\u00f3n de un juez. \ud83d\udc47 <a href=\"https:\/\/t.co\/ptHIhXJE7a\">pic.twitter.com\/ptHIhXJE7a<\/a><\/p>&mdash; Azucena Uresti (@azucenau) <a href=\"https:\/\/twitter.com\/azucenau\/status\/2032122674797756622?ref_src=twsrc%5Etfw\">March 12, 2026<\/a><\/blockquote><script async src=\"https:\/\/platform.twitter.com\/widgets.js\" charset=\"utf-8\"><\/script>\n<\/div><\/figure>\n\n\n\n<p>La mandataria afirm\u00f3 que el operativo<strong> obedece\u00a0a las \u00f3rdenes de aprehensi\u00f3n<\/strong> que emiti\u00f3 un juez previamente en contra del narcotraficante y admiti\u00f3 que el proceso en su contra fue distinto al que se sigue cuando se trata de un &#8220;delincuente menor&#8221;.<\/p>\n\n\n\n<p>&#8220;No,\u00a0<strong>no es un asunto de qui\u00e9n da la orden<\/strong>\u00a0(&#8230;) participa la Secretar\u00eda de la Defensa Nacional, pero no es que alguien haya dado la orden &#8216;ahora detengan a este&#8217;, no. Es parte de nuestro sistema jur\u00eddico&#8221;, coment\u00f3.\u00a0<\/p>\n\n\n\n<p>Sheinbaum afirm\u00f3 que en el pasado, durante la &#8220;guerra contra el narco&#8221;,\u2014Genaro Garc\u00eda Luna o Felipe Calder\u00f3n\u2014daban &#8220;\u00f3rdenes de ejecuci\u00f3n&#8221;.<\/p>\n","protected":false},"excerpt":{"rendered":"<p>Por Redacci\u00f3n QP La mandataria se\u00f1al\u00f3 que el operativo obedece a las \u00f3rdenes de aprehensi\u00f3n&#8230;<\/p>\n","protected":false},"author":2,"featured_media":129646,"comment_status":"open","ping_status":"open","sticky":false,"template":"","format":"standard","meta":{"_monsterinsights_skip_tracking":false,"_monsterinsights_sitenote_active":false,"_monsterinsights_sitenote_note":"","_monsterinsights_sitenote_category":0,"footnotes":""},"categories":[280,2],"tags":[],"class_list":["post-129644","post","type-post","status-publish","format-standard","has-post-thumbnail","hentry","category-nacionales","category-noticias"],"yoast_head":"<!-- This site is optimized with the Yoast SEO plugin v27.3 - https:\/\/yoast.com\/product\/yoast-seo-wordpress\/ -->\n<title>\u201cSon investigaciones de meses\u201d: Sheinbaum niega haber dado una orden para detener a \u201cEl Mencho\u201d -<\/title>\n<meta name=\"robots\" content=\"index, follow, max-snippet:-1, max-image-preview:large, max-video-preview:-1\" \/>\n<link rel=\"canonical\" href=\"https:\/\/quehacerpolitico.mx\/?p=129644\" \/>\n<meta property=\"og:locale\" content=\"es_MX\" \/>\n<meta property=\"og:type\" content=\"article\" \/>\n<meta property=\"og:title\" content=\"\u201cSon investigaciones de meses\u201d: Sheinbaum niega haber dado una orden para detener a \u201cEl Mencho\u201d -\" \/>\n<meta property=\"og:description\" content=\"Por Redacci\u00f3n QP La mandataria se\u00f1al\u00f3 que el operativo obedece a las \u00f3rdenes de aprehensi\u00f3n...\" \/>\n<meta property=\"og:url\" content=\"https:\/\/quehacerpolitico.mx\/?p=129644\" \/>\n<meta property=\"article:published_time\" content=\"2026-03-12T17:20:13+00:00\" \/>\n<meta property=\"article:modified_time\" content=\"2026-03-12T17:20:16+00:00\" \/>\n<meta property=\"og:image\" content=\"http:\/\/quehacerpolitico.mx\/wp-content\/uploads\/2026\/03\/IMG_7206.jpeg\" \/>\n\t<meta property=\"og:image:width\" content=\"1170\" \/>\n\t<meta property=\"og:image:height\" content=\"640\" \/>\n\t<meta property=\"og:image:type\" content=\"image\/jpeg\" \/>\n<meta name=\"author\" content=\"Redacci\u00f3n QP\" \/>\n<meta name=\"twitter:card\" content=\"summary_large_image\" \/>\n<meta name=\"twitter:label1\" content=\"Escrito por\" \/>\n\t<meta name=\"twitter:data1\" content=\"Redacci\u00f3n QP\" \/>\n\t<meta name=\"twitter:label2\" content=\"Tiempo de lectura\" \/>\n\t<meta name=\"twitter:data2\" content=\"1 minuto\" \/>\n<script type=\"application\/ld+json\" class=\"yoast-schema-graph\">{\"@context\":\"https:\\\/\\\/schema.org\",\"@graph\":[{\"@type\":\"Article\",\"@id\":\"https:\\\/\\\/quehacerpolitico.mx\\\/?p=129644#article\",\"isPartOf\":{\"@id\":\"https:\\\/\\\/quehacerpolitico.mx\\\/?p=129644\"},\"author\":{\"name\":\"Redacci\u00f3n QP\",\"@id\":\"https:\\\/\\\/quehacerpolitico.mx\\\/#\\\/schema\\\/person\\\/496d8ad2d1d3f8036101dca7ee39e585\"},\"headline\":\"\u201cSon investigaciones de meses\u201d: Sheinbaum niega haber dado una orden para detener a \u201cEl Mencho\u201d\",\"datePublished\":\"2026-03-12T17:20:13+00:00\",\"dateModified\":\"2026-03-12T17:20:16+00:00\",\"mainEntityOfPage\":{\"@id\":\"https:\\\/\\\/quehacerpolitico.mx\\\/?p=129644\"},\"wordCount\":210,\"commentCount\":0,\"image\":{\"@id\":\"https:\\\/\\\/quehacerpolitico.mx\\\/?p=129644#primaryimage\"},\"thumbnailUrl\":\"https:\\\/\\\/quehacerpolitico.mx\\\/wp-content\\\/uploads\\\/2026\\\/03\\\/IMG_7206.jpeg\",\"articleSection\":[\"Nacionales\",\"Noticias\"],\"inLanguage\":\"es\",\"potentialAction\":[{\"@type\":\"CommentAction\",\"name\":\"Comment\",\"target\":[\"https:\\\/\\\/quehacerpolitico.mx\\\/?p=129644#respond\"]}]},{\"@type\":\"WebPage\",\"@id\":\"https:\\\/\\\/quehacerpolitico.mx\\\/?p=129644\",\"url\":\"https:\\\/\\\/quehacerpolitico.mx\\\/?p=129644\",\"name\":\"\u201cSon investigaciones de meses\u201d: Sheinbaum niega haber dado una orden para detener a \u201cEl Mencho\u201d -\",\"isPartOf\":{\"@id\":\"https:\\\/\\\/quehacerpolitico.mx\\\/#website\"},\"primaryImageOfPage\":{\"@id\":\"https:\\\/\\\/quehacerpolitico.mx\\\/?p=129644#primaryimage\"},\"image\":{\"@id\":\"https:\\\/\\\/quehacerpolitico.mx\\\/?p=129644#primaryimage\"},\"thumbnailUrl\":\"https:\\\/\\\/quehacerpolitico.mx\\\/wp-content\\\/uploads\\\/2026\\\/03\\\/IMG_7206.jpeg\",\"datePublished\":\"2026-03-12T17:20:13+00:00\",\"dateModified\":\"2026-03-12T17:20:16+00:00\",\"author\":{\"@id\":\"https:\\\/\\\/quehacerpolitico.mx\\\/#\\\/schema\\\/person\\\/496d8ad2d1d3f8036101dca7ee39e585\"},\"breadcrumb\":{\"@id\":\"https:\\\/\\\/quehacerpolitico.mx\\\/?p=129644#breadcrumb\"},\"inLanguage\":\"es\",\"potentialAction\":[{\"@type\":\"ReadAction\",\"target\":[\"https:\\\/\\\/quehacerpolitico.mx\\\/?p=129644\"]}]},{\"@type\":\"ImageObject\",\"inLanguage\":\"es\",\"@id\":\"https:\\\/\\\/quehacerpolitico.mx\\\/?p=129644#primaryimage\",\"url\":\"https:\\\/\\\/quehacerpolitico.mx\\\/wp-content\\\/uploads\\\/2026\\\/03\\\/IMG_7206.jpeg\",\"contentUrl\":\"https:\\\/\\\/quehacerpolitico.mx\\\/wp-content\\\/uploads\\\/2026\\\/03\\\/IMG_7206.jpeg\",\"width\":1170,\"height\":640,\"caption\":\"Screenshot\"},{\"@type\":\"BreadcrumbList\",\"@id\":\"https:\\\/\\\/quehacerpolitico.mx\\\/?p=129644#breadcrumb\",\"itemListElement\":[{\"@type\":\"ListItem\",\"position\":1,\"name\":\"Inicio\",\"item\":\"https:\\\/\\\/quehacerpolitico.mx\\\/\"},{\"@type\":\"ListItem\",\"position\":2,\"name\":\"\u201cSon investigaciones de meses\u201d: Sheinbaum niega haber dado una orden para detener a \u201cEl Mencho\u201d\"}]},{\"@type\":\"WebSite\",\"@id\":\"https:\\\/\\\/quehacerpolitico.mx\\\/#website\",\"url\":\"https:\\\/\\\/quehacerpolitico.mx\\\/\",\"name\":\"\",\"description\":\"\",\"potentialAction\":[{\"@type\":\"SearchAction\",\"target\":{\"@type\":\"EntryPoint\",\"urlTemplate\":\"https:\\\/\\\/quehacerpolitico.mx\\\/?s={search_term_string}\"},\"query-input\":{\"@type\":\"PropertyValueSpecification\",\"valueRequired\":true,\"valueName\":\"search_term_string\"}}],\"inLanguage\":\"es\"},{\"@type\":\"Person\",\"@id\":\"https:\\\/\\\/quehacerpolitico.mx\\\/#\\\/schema\\\/person\\\/496d8ad2d1d3f8036101dca7ee39e585\",\"name\":\"Redacci\u00f3n QP\",\"image\":{\"@type\":\"ImageObject\",\"inLanguage\":\"es\",\"@id\":\"https:\\\/\\\/secure.gravatar.com\\\/avatar\\\/c7164ed6fdec453195284ad24a5ae5b6e1eed2b848477fa2a4787ba9adf39a41?s=96&d=mm&r=g\",\"url\":\"https:\\\/\\\/secure.gravatar.com\\\/avatar\\\/c7164ed6fdec453195284ad24a5ae5b6e1eed2b848477fa2a4787ba9adf39a41?s=96&d=mm&r=g\",\"contentUrl\":\"https:\\\/\\\/secure.gravatar.com\\\/avatar\\\/c7164ed6fdec453195284ad24a5ae5b6e1eed2b848477fa2a4787ba9adf39a41?s=96&d=mm&r=g\",\"caption\":\"Redacci\u00f3n QP\"},\"url\":\"https:\\\/\\\/quehacerpolitico.mx\\\/?author=2\"}]}<\/script>\n<!-- \/ Yoast SEO plugin. -->","yoast_head_json":{"title":"\u201cSon investigaciones de meses\u201d: Sheinbaum niega haber dado una orden para detener a \u201cEl Mencho\u201d -","robots":{"index":"index","follow":"follow","max-snippet":"max-snippet:-1","max-image-preview":"max-image-preview:large","max-video-preview":"max-video-preview:-1"},"canonical":"https:\/\/quehacerpolitico.mx\/?p=129644","og_locale":"es_MX","og_type":"article","og_title":"\u201cSon investigaciones de meses\u201d: Sheinbaum niega haber dado una orden para detener a \u201cEl Mencho\u201d -","og_description":"Por Redacci\u00f3n QP La mandataria se\u00f1al\u00f3 que el operativo obedece a las \u00f3rdenes de aprehensi\u00f3n...","og_url":"https:\/\/quehacerpolitico.mx\/?p=129644","article_published_time":"2026-03-12T17:20:13+00:00","article_modified_time":"2026-03-12T17:20:16+00:00","og_image":[{"width":1170,"height":640,"url":"http:\/\/quehacerpolitico.mx\/wp-content\/uploads\/2026\/03\/IMG_7206.jpeg","type":"image\/jpeg"}],"author":"Redacci\u00f3n QP","twitter_card":"summary_large_image","twitter_misc":{"Escrito por":"Redacci\u00f3n QP","Tiempo de lectura":"1 minuto"},"schema":{"@context":"https:\/\/schema.org","@graph":[{"@type":"Article","@id":"https:\/\/quehacerpolitico.mx\/?p=129644#article","isPartOf":{"@id":"https:\/\/quehacerpolitico.mx\/?p=129644"},"author":{"name":"Redacci\u00f3n QP","@id":"https:\/\/quehacerpolitico.mx\/#\/schema\/person\/496d8ad2d1d3f8036101dca7ee39e585"},"headline":"\u201cSon investigaciones de meses\u201d: Sheinbaum niega haber dado una orden para detener a \u201cEl Mencho\u201d","datePublished":"2026-03-12T17:20:13+00:00","dateModified":"2026-03-12T17:20:16+00:00","mainEntityOfPage":{"@id":"https:\/\/quehacerpolitico.mx\/?p=129644"},"wordCount":210,"commentCount":0,"image":{"@id":"https:\/\/quehacerpolitico.mx\/?p=129644#primaryimage"},"thumbnailUrl":"https:\/\/quehacerpolitico.mx\/wp-content\/uploads\/2026\/03\/IMG_7206.jpeg","articleSection":["Nacionales","Noticias"],"inLanguage":"es","potentialAction":[{"@type":"CommentAction","name":"Comment","target":["https:\/\/quehacerpolitico.mx\/?p=129644#respond"]}]},{"@type":"WebPage","@id":"https:\/\/quehacerpolitico.mx\/?p=129644","url":"https:\/\/quehacerpolitico.mx\/?p=129644","name":"\u201cSon investigaciones de meses\u201d: Sheinbaum niega haber dado una orden para detener a \u201cEl Mencho\u201d -","isPartOf":{"@id":"https:\/\/quehacerpolitico.mx\/#website"},"primaryImageOfPage":{"@id":"https:\/\/quehacerpolitico.mx\/?p=129644#primaryimage"},"image":{"@id":"https:\/\/quehacerpolitico.mx\/?p=129644#primaryimage"},"thumbnailUrl":"https:\/\/quehacerpolitico.mx\/wp-content\/uploads\/2026\/03\/IMG_7206.jpeg","datePublished":"2026-03-12T17:20:13+00:00","dateModified":"2026-03-12T17:20:16+00:00","author":{"@id":"https:\/\/quehacerpolitico.mx\/#\/schema\/person\/496d8ad2d1d3f8036101dca7ee39e585"},"breadcrumb":{"@id":"https:\/\/quehacerpolitico.mx\/?p=129644#breadcrumb"},"inLanguage":"es","potentialAction":[{"@type":"ReadAction","target":["https:\/\/quehacerpolitico.mx\/?p=129644"]}]},{"@type":"ImageObject","inLanguage":"es","@id":"https:\/\/quehacerpolitico.mx\/?p=129644#primaryimage","url":"https:\/\/quehacerpolitico.mx\/wp-content\/uploads\/2026\/03\/IMG_7206.jpeg","contentUrl":"https:\/\/quehacerpolitico.mx\/wp-content\/uploads\/2026\/03\/IMG_7206.jpeg","width":1170,"height":640,"caption":"Screenshot"},{"@type":"BreadcrumbList","@id":"https:\/\/quehacerpolitico.mx\/?p=129644#breadcrumb","itemListElement":[{"@type":"ListItem","position":1,"name":"Inicio","item":"https:\/\/quehacerpolitico.mx\/"},{"@type":"ListItem","position":2,"name":"\u201cSon investigaciones de meses\u201d: Sheinbaum niega haber dado una orden para detener a \u201cEl Mencho\u201d"}]},{"@type":"WebSite","@id":"https:\/\/quehacerpolitico.mx\/#website","url":"https:\/\/quehacerpolitico.mx\/","name":"","description":"","potentialAction":[{"@type":"SearchAction","target":{"@type":"EntryPoint","urlTemplate":"https:\/\/quehacerpolitico.mx\/?s={search_term_string}"},"query-input":{"@type":"PropertyValueSpecification","valueRequired":true,"valueName":"search_term_string"}}],"inLanguage":"es"},{"@type":"Person","@id":"https:\/\/quehacerpolitico.mx\/#\/schema\/person\/496d8ad2d1d3f8036101dca7ee39e585","name":"Redacci\u00f3n QP","image":{"@type":"ImageObject","inLanguage":"es","@id":"https:\/\/secure.gravatar.com\/avatar\/c7164ed6fdec453195284ad24a5ae5b6e1eed2b848477fa2a4787ba9adf39a41?s=96&d=mm&r=g","url":"https:\/\/secure.gravatar.com\/avatar\/c7164ed6fdec453195284ad24a5ae5b6e1eed2b848477fa2a4787ba9adf39a41?s=96&d=mm&r=g","contentUrl":"https:\/\/secure.gravatar.com\/avatar\/c7164ed6fdec453195284ad24a5ae5b6e1eed2b848477fa2a4787ba9adf39a41?s=96&d=mm&r=g","caption":"Redacci\u00f3n QP"},"url":"https:\/\/quehacerpolitico.mx\/?author=2"}]}},"featured_image_urls":{"full":["https:\/\/quehacerpolitico.mx\/wp-content\/uploads\/2026\/03\/IMG_7206.jpeg",1170,640,false],"thumbnail":["https:\/\/quehacerpolitico.mx\/wp-content\/uploads\/2026\/03\/IMG_7206-150x150.jpeg",150,150,true],"medium":["https:\/\/quehacerpolitico.mx\/wp-content\/uploads\/2026\/03\/IMG_7206-300x164.jpeg",300,164,true],"medium_large":["https:\/\/quehacerpolitico.mx\/wp-content\/uploads\/2026\/03\/IMG_7206-768x420.jpeg",640,350,true],"large":["https:\/\/quehacerpolitico.mx\/wp-content\/uploads\/2026\/03\/IMG_7206-1024x560.jpeg",640,350,true],"1536x1536":["https:\/\/quehacerpolitico.mx\/wp-content\/uploads\/2026\/03\/IMG_7206.jpeg",1170,640,false],"2048x2048":["https:\/\/quehacerpolitico.mx\/wp-content\/uploads\/2026\/03\/IMG_7206.jpeg",1170,640,false],"covernews-featured":["https:\/\/quehacerpolitico.mx\/wp-content\/uploads\/2026\/03\/IMG_7206-1024x560.jpeg",1024,560,true],"covernews-medium":["https:\/\/quehacerpolitico.mx\/wp-content\/uploads\/2026\/03\/IMG_7206-540x340.jpeg",540,340,true]},"author_info":{"display_name":"Redacci\u00f3n QP","author_link":"https:\/\/quehacerpolitico.mx\/?author=2"},"category_info":"<a href=\"https:\/\/quehacerpolitico.mx\/?cat=280\" rel=\"category\">Nacionales<\/a> <a href=\"https:\/\/quehacerpolitico.mx\/?cat=2\" rel=\"category\">Noticias<\/a>","tag_info":"Noticias","comment_count":"0","_links":{"self":[{"href":"https:\/\/quehacerpolitico.mx\/index.php?rest_route=\/wp\/v2\/posts\/129644","targetHints":{"allow":["GET"]}}],"collection":[{"href":"https:\/\/quehacerpolitico.mx\/index.php?rest_route=\/wp\/v2\/posts"}],"about":[{"href":"https:\/\/quehacerpolitico.mx\/index.php?rest_route=\/wp\/v2\/types\/post"}],"author":[{"embeddable":true,"href":"https:\/\/quehacerpolitico.mx\/index.php?rest_route=\/wp\/v2\/users\/2"}],"replies":[{"embeddable":true,"href":"https:\/\/quehacerpolitico.mx\/index.php?rest_route=%2Fwp%2Fv2%2Fcomments&post=129644"}],"version-history":[{"count":1,"href":"https:\/\/quehacerpolitico.mx\/index.php?rest_route=\/wp\/v2\/posts\/129644\/revisions"}],"predecessor-version":[{"id":129647,"href":"https:\/\/quehacerpolitico.mx\/index.php?rest_route=\/wp\/v2\/posts\/129644\/revisions\/129647"}],"wp:featuredmedia":[{"embeddable":true,"href":"https:\/\/quehacerpolitico.mx\/index.php?rest_route=\/wp\/v2\/media\/129646"}],"wp:attachment":[{"href":"https:\/\/quehacerpolitico.mx\/index.php?rest_route=%2Fwp%2Fv2%2Fmedia&parent=129644"}],"wp:term":[{"taxonomy":"category","embeddable":true,"href":"https:\/\/quehacerpolitico.mx\/index.php?rest_route=%2Fwp%2Fv2%2Fcategories&post=129644"},{"taxonomy":"post_tag","embeddable":true,"href":"https:\/\/quehacerpolitico.mx\/index.php?rest_route=%2Fwp%2Fv2%2Ftags&post=129644"}],"curies":[{"name":"wp","href":"https:\/\/api.w.org\/{rel}","templated":true}]}}